{"id":539,"date":"2018-01-18T12:07:50","date_gmt":"2018-01-18T11:07:50","guid":{"rendered":"http:\/\/wp.kristdemokraterna.se\/jkpg\/?p=539"},"modified":"2018-04-05T21:39:19","modified_gmt":"2018-04-05T19:39:19","slug":"kommunlistan-for-valet-2018","status":"publish","type":"post","link":"https:\/\/wp.kristdemokraterna.se\/jkpg\/kommunlistan-for-valet-2018\/","title":{"rendered":"Kommunlistan f\u00f6r valet 2018"},"content":{"rendered":"<p>(P\u00e5 bilden har vi top 5, Fr\u00e5n v\u00e4nser, Gabriella L\u00f6nn, Margareta Str\u00f6mberg, Andreas Sturesson, Cecilia Attefall och Bj\u00f6rn Engvall)<\/p>\n<p>H\u00e4r \u00e4r alla namnen p\u00e5 listan<\/p>\n<ol>\n<li>Andreas Sturesson, 44 \u00e5r. Kommunalr\u00e5d. Gr\u00e4nna<\/li>\n<li>Cecilia Attefall, 50 \u00e5r, projektledare. Sk\u00e4nkeberg<\/li>\n<li>Margareta Str\u00f6mberg, 73 \u00e5r. Internationell samordnare, G:a R\u00e5sl\u00e4tt.<\/li>\n<li>Bj\u00f6rn Engvall, 57\u00e5r. Aff\u00e4rsutvecklingschef, Huskvarna<\/li>\n<li>Gabriella L\u00f6nn, 25 \u00e5r, socionom. Ekhagen<\/li>\n<li>Emil Qvarnstr\u00f6m, 27 \u00e5r, Restaurangchef, Ljungarum<\/li>\n<li>Anders Hulusj\u00f6, 70 \u00e5r, Ekonomir\u00e5dgivare, Tenhult<\/li>\n<li>Helen Krogell, 50 \u00e5r, H\u00f6gskoleingenj\u00f6r, Torpa<\/li>\n<li>Carl Cunningham, 51 \u00e5r, ombudsman. Hovsl\u00e4tt<\/li>\n<li>Susanne Wism\u00e9n, 52 \u00e5r, studiev\u00e4gledare, B\u00e4ckalyckan<\/li>\n<li>Ola Nilsson, 49 \u00e5r, Bokf\u00f6rl\u00e4ggare, Bankeryd<\/li>\n<li>Karin Hannus, 63 \u00e5r, specialpedagog. Rosenlund<\/li>\n<li>Simon L\u00f6fgren, 32 \u00e5r, samordnare, Kettilstorp<\/li>\n<li>Eva Str\u00e5th, 65 \u00e5r, sjukgymnast, V\u00e4ttersn\u00e4s<\/li>\n<li>Albin Bj\u00f6rhag, 24 \u00e5r, H\u00f6gskoleingenj\u00f6r, Kristinedal<\/li>\n<li>Hanns Boris, 39 \u00e5r, It-tekniker, Hisingstorp<\/li>\n<li>Maria J\u00e4rviken, 50 \u00e5r, f\u00f6retagare, B\u00e4ckalyckan<\/li>\n<li>Simon Attefall, 20 \u00e5r, student, Sk\u00e4nkeberg<\/li>\n<li>Sarmad Yousif, 39 \u00e5r, ekonom, \u00d6xnehaga<\/li>\n<li>Haykanush Vardanyan, 37 \u00e5r, HR, Ekhagen<\/li>\n<li>Olof Landgren, 35 \u00e5r, statsvetare, J\u00f6nk\u00f6ping centrum<\/li>\n<li>Pernilla Freij, 45 \u00e5r, IT-administrat\u00f6r, Ljungarum<\/li>\n<li>Bj\u00f6rn Deichmann, 48 \u00e5r, Egenf\u00f6retagare, Huskvarna<\/li>\n<li>Gunborg Nygren, 68 \u00e5r, senior. Barnarp<\/li>\n<li>Tomas Tyngel, 52 \u00e5r, f\u00f6retagare, Bankeryd<\/li>\n<li>Merahi Ahferom, 34 \u00e5r, Arbetskonsulent, R\u00e5sl\u00e4tt<\/li>\n<li>Stefan Bomberg, 55 \u00e5r, fris\u00f6r\/modeskribent, J\u00f6nk\u00f6ping centrum<\/li>\n<li>Werner Hilliges, 62 \u00e5r, innovationsr\u00e5dgivare, Bottnaryd<\/li>\n<li>Gia Syraka, 49 \u00e5r, personalchef, \u00d6xnehaga<\/li>\n<li>Hillevi Lindstr\u00f6m, 51 \u00e5r, personalchef, Sk\u00e4nkeberg<\/li>\n<li>Patrik L\u00e4germo, 52 \u00e5r, aff\u00e4rsenhetschef, Hovsl\u00e4tt<\/li>\n<li>Ulla Gunnevik Sandstedt, 66 \u00e5r, socialarbetare, Ljungarum<\/li>\n<li>Emanuel Foglander, 29 \u00e5r, IT-supportchef, Torpa<\/li>\n<li>Erik Arnalid, 43 \u00e5r, aff\u00e4rschef, Torpa<\/li>\n<li>Eva Berntsson, 53 \u00e5r, sjuksk\u00f6terska, Taberg<\/li>\n<li>G\u00f6ran Undevall, 63 \u00e5r, pastor, Norrahammar<\/li>\n<li>G\u00f6ran Enell, 69 \u00e5r, lantbrukare, Lekeryd<\/li>\n<li>Susanne Agerbring, 52 \u00e5r, verksamhetsutvecklare, Bankeryd<\/li>\n<li>David H\u00f6gberg, 32 \u00e5r, programmerare, R\u00e5sl\u00e4tt<\/li>\n<li>Sarah Skager\u00f6, 45 \u00e5r, f\u00f6rskoleklassl\u00e4rare, Mariebo<\/li>\n<li>Mattias Oscarsson, 43 \u00e5r, s\u00e4ljare, Bankeryd<\/li>\n<li>Camilla Brinkmann, 51 \u00e5r, socionom, Angerdshestra<\/li>\n<li>Kjell Olsson, 72 \u00e5r, fd rektor. Hovsl\u00e4tt<\/li>\n<li>Astrid Johansson, 75 \u00e5r, fd l\u00e4rare, Bymarken<\/li>\n<li>Erik Lag\u00e4rde, 65 \u00e5r, kriminalinspekt\u00f6r, Tenhult<\/li>\n<li>Elisabeth Englund, 55 \u00e5r, sjuksk\u00f6terska, Gr\u00e4nna<\/li>\n<li>Ercan Atasayar, 50 \u00e5r, elevassistent, R\u00e5sl\u00e4tt<\/li>\n<li>Mariam Harutunyan, 29 \u00e5r, barnsk\u00f6tare, Taberg<\/li>\n<li>Jonas Lind, 50 \u00e5r, \u00f6verl\u00e4kare, Bankeryd<\/li>\n<li>Ewa Nilsson, 62 \u00e5r, l\u00f6neadministrat\u00f6r, Sk\u00e4rstad<\/li>\n<li>Lennart Edlund, 74 \u00e5r, senior, M\u00e5nsarp<\/li>\n<li>Sara Duveskog, 42 \u00e5r, barnsjuksk\u00f6terska, V\u00e4ttersn\u00e4s<\/li>\n<li>Joakim G\u00f6ransson, 51 \u00e5r, s\u00e4ljare. B\u00e4ckalyckan<\/li>\n<li>Ellen Brengesj\u00f6, 21 \u00e5r, student. K\u00e5lg\u00e5rden.<\/li>\n<li>Roland Malmberg, 66 \u00e5r, boutredare, \u00d6lmstad<\/li>\n<li>Ida Samuelsson, 32 \u00e5r, sjuksk\u00f6terska Taberg<\/li>\n<li>Nils-Erik Emme, 72 \u00e5r senior. J\u00f6nk\u00f6ping centrum.<\/li>\n<li>Annika Ekstrand, 49 \u00e5r, redovisningsassistent, Huskvarna<\/li>\n<li>Mats Grennborg, 57 \u00e5r, l\u00e4rare. Barnarp<\/li>\n<li>Olof Darelid, 69 \u00e5r, senior, Huskvarna<\/li>\n<li>Maria \u00d6zmen, 53 \u00e5r, f\u00f6retagare, Odensj\u00f6<\/li>\n<li>Hannes M\u00e5rtensson, 26 \u00e5r, Student, J\u00f6nk\u00f6ping<\/li>\n<li>Curt Ankarberg, 81 \u00e5r, senior, Huskvarna<\/li>\n<li>Mia Frisk, 48 \u00e5r, regionr\u00e5d. Tenhult<\/li>\n<\/ol>\n","protected":false},"excerpt":{"rendered":"<p>(P\u00e5 bilden har vi top 5, Fr\u00e5n v\u00e4nser, Gabriella L\u00f6nn, Margareta Str\u00f6mberg, Andreas Sturesson, Cecilia Attefall och Bj\u00f6rn Engvall) H\u00e4r \u00e4r alla namnen p\u00e5 listan Andreas Sturesson, 44 \u00e5r. Kommunalr\u00e5d. Gr\u00e4nna Cecilia Attefall, 50 \u00e5r, projektledare. Sk\u00e4nkeberg Margareta Str\u00f6mberg, 73 \u00e5r. Internationell samordnare, G:a R\u00e5sl\u00e4tt. Bj\u00f6rn Engvall, 57\u00e5r. Aff\u00e4rsutvecklingschef, Huskvarna Gabriella L\u00f6nn, 25 \u00e5r, socionom. <a class=\"read-more-link\" href=\"https:\/\/wp.kristdemokraterna.se\/jkpg\/kommunlistan-for-valet-2018\/\">Read More<\/a><\/p>\n","protected":false},"author":745,"featured_media":540,"comment_status":"closed","ping_status":"closed","sticky":false,"template":"","format":"standard","meta":{"_acf_changed":false,"footnotes":""},"categories":[4,1],"tags":[],"class_list":["post-539","post","type-post","status-publish","format-standard","hentry","category-i-kommunen","category-okategoriserade"],"acf":[],"yoast_head":"<!-- This site is optimized with the Yoast SEO plugin v27.4 - https:\/\/yoast.com\/product\/yoast-seo-wordpress\/ -->\n<title>Kommunlistan f\u00f6r valet 2018 - J\u00f6nk\u00f6pings kommun<\/title>\n<meta name=\"robots\" content=\"index, follow, max-snippet:-1, max-image-preview:large, max-video-preview:-1\" \/>\n<link rel=\"canonical\" href=\"https:\/\/wp.kristdemokraterna.se\/jkpg\/kommunlistan-for-valet-2018\/\" \/>\n<meta property=\"og:locale\" content=\"sv_SE\" \/>\n<meta property=\"og:type\" content=\"article\" \/>\n<meta property=\"og:title\" content=\"Kommunlistan f\u00f6r valet 2018 - J\u00f6nk\u00f6pings kommun\" \/>\n<meta property=\"og:description\" content=\"(P\u00e5 bilden har vi top 5, Fr\u00e5n v\u00e4nser, Gabriella L\u00f6nn, Margareta Str\u00f6mberg, Andreas Sturesson, Cecilia Attefall och Bj\u00f6rn Engvall) H\u00e4r \u00e4r alla namnen p\u00e5 listan Andreas Sturesson, 44 \u00e5r. Kommunalr\u00e5d. Gr\u00e4nna Cecilia Attefall, 50 \u00e5r, projektledare. Sk\u00e4nkeberg Margareta Str\u00f6mberg, 73 \u00e5r. Internationell samordnare, G:a R\u00e5sl\u00e4tt. Bj\u00f6rn Engvall, 57\u00e5r. Aff\u00e4rsutvecklingschef, Huskvarna Gabriella L\u00f6nn, 25 \u00e5r, socionom. Read More\" \/>\n<meta property=\"og:url\" content=\"https:\/\/wp.kristdemokraterna.se\/jkpg\/kommunlistan-for-valet-2018\/\" \/>\n<meta property=\"og:site_name\" content=\"J\u00f6nk\u00f6pings kommun\" \/>\n<meta property=\"article:published_time\" content=\"2018-01-18T11:07:50+00:00\" \/>\n<meta property=\"article:modified_time\" content=\"2018-04-05T19:39:19+00:00\" \/>\n<meta property=\"og:image\" content=\"https:\/\/i0.wp.com\/wp.kristdemokraterna.se\/jkpg\/files\/2018\/01\/fullsizeoutput_121a-e1521651175163.jpeg?fit=1869%2C1929&ssl=1\" \/>\n\t<meta property=\"og:image:width\" content=\"1869\" \/>\n\t<meta property=\"og:image:height\" content=\"1929\" \/>\n\t<meta property=\"og:image:type\" content=\"image\/jpeg\" \/>\n<meta name=\"author\" content=\"jkpg\" \/>\n<meta name=\"twitter:card\" content=\"summary_large_image\" \/>\n<meta name=\"twitter:label1\" content=\"Skriven av\" \/>\n\t<meta name=\"twitter:data1\" content=\"jkpg\" \/>\n\t<meta name=\"twitter:label2\" content=\"Ber\u00e4knad l\u00e4stid\" \/>\n\t<meta name=\"twitter:data2\" content=\"2 minuter\" \/>\n<script type=\"application\/ld+json\" class=\"yoast-schema-graph\">{\"@context\":\"https:\\\/\\\/schema.org\",\"@graph\":[{\"@type\":\"Article\",\"@id\":\"https:\\\/\\\/wp.kristdemokraterna.se\\\/jkpg\\\/kommunlistan-for-valet-2018\\\/#article\",\"isPartOf\":{\"@id\":\"https:\\\/\\\/wp.kristdemokraterna.se\\\/jkpg\\\/kommunlistan-for-valet-2018\\\/\"},\"author\":{\"name\":\"jkpg\",\"@id\":\"https:\\\/\\\/wp.kristdemokraterna.se\\\/jkpg\\\/#\\\/schema\\\/person\\\/683f29858a90c2b1bf3c07354412b2d7\"},\"headline\":\"Kommunlistan f\u00f6r valet 2018\",\"datePublished\":\"2018-01-18T11:07:50+00:00\",\"dateModified\":\"2018-04-05T19:39:19+00:00\",\"mainEntityOfPage\":{\"@id\":\"https:\\\/\\\/wp.kristdemokraterna.se\\\/jkpg\\\/kommunlistan-for-valet-2018\\\/\"},\"wordCount\":452,\"image\":{\"@id\":\"https:\\\/\\\/wp.kristdemokraterna.se\\\/jkpg\\\/kommunlistan-for-valet-2018\\\/#primaryimage\"},\"thumbnailUrl\":\"https:\\\/\\\/wp.kristdemokraterna.se\\\/jkpg\\\/files\\\/2018\\\/01\\\/fullsizeoutput_121a-e1521651175163.jpeg\",\"articleSection\":[\"I Kommunen\"],\"inLanguage\":\"sv-SE\"},{\"@type\":\"WebPage\",\"@id\":\"https:\\\/\\\/wp.kristdemokraterna.se\\\/jkpg\\\/kommunlistan-for-valet-2018\\\/\",\"url\":\"https:\\\/\\\/wp.kristdemokraterna.se\\\/jkpg\\\/kommunlistan-for-valet-2018\\\/\",\"name\":\"Kommunlistan f\u00f6r valet 2018 - J\u00f6nk\u00f6pings kommun\",\"isPartOf\":{\"@id\":\"https:\\\/\\\/wp.kristdemokraterna.se\\\/jkpg\\\/#website\"},\"primaryImageOfPage\":{\"@id\":\"https:\\\/\\\/wp.kristdemokraterna.se\\\/jkpg\\\/kommunlistan-for-valet-2018\\\/#primaryimage\"},\"image\":{\"@id\":\"https:\\\/\\\/wp.kristdemokraterna.se\\\/jkpg\\\/kommunlistan-for-valet-2018\\\/#primaryimage\"},\"thumbnailUrl\":\"https:\\\/\\\/wp.kristdemokraterna.se\\\/jkpg\\\/files\\\/2018\\\/01\\\/fullsizeoutput_121a-e1521651175163.jpeg\",\"datePublished\":\"2018-01-18T11:07:50+00:00\",\"dateModified\":\"2018-04-05T19:39:19+00:00\",\"author\":{\"@id\":\"https:\\\/\\\/wp.kristdemokraterna.se\\\/jkpg\\\/#\\\/schema\\\/person\\\/683f29858a90c2b1bf3c07354412b2d7\"},\"breadcrumb\":{\"@id\":\"https:\\\/\\\/wp.kristdemokraterna.se\\\/jkpg\\\/kommunlistan-for-valet-2018\\\/#breadcrumb\"},\"inLanguage\":\"sv-SE\",\"potentialAction\":[{\"@type\":\"ReadAction\",\"target\":[\"https:\\\/\\\/wp.kristdemokraterna.se\\\/jkpg\\\/kommunlistan-for-valet-2018\\\/\"]}]},{\"@type\":\"ImageObject\",\"inLanguage\":\"sv-SE\",\"@id\":\"https:\\\/\\\/wp.kristdemokraterna.se\\\/jkpg\\\/kommunlistan-for-valet-2018\\\/#primaryimage\",\"url\":\"https:\\\/\\\/wp.kristdemokraterna.se\\\/jkpg\\\/files\\\/2018\\\/01\\\/fullsizeoutput_121a-e1521651175163.jpeg\",\"contentUrl\":\"https:\\\/\\\/wp.kristdemokraterna.se\\\/jkpg\\\/files\\\/2018\\\/01\\\/fullsizeoutput_121a-e1521651175163.jpeg\",\"width\":1869,\"height\":1929},{\"@type\":\"BreadcrumbList\",\"@id\":\"https:\\\/\\\/wp.kristdemokraterna.se\\\/jkpg\\\/kommunlistan-for-valet-2018\\\/#breadcrumb\",\"itemListElement\":[{\"@type\":\"ListItem\",\"position\":1,\"name\":\"Hem\",\"item\":\"https:\\\/\\\/wp.kristdemokraterna.se\\\/jkpg\\\/\"},{\"@type\":\"ListItem\",\"position\":2,\"name\":\"Kommunlistan f\u00f6r valet 2018\"}]},{\"@type\":\"WebSite\",\"@id\":\"https:\\\/\\\/wp.kristdemokraterna.se\\\/jkpg\\\/#website\",\"url\":\"https:\\\/\\\/wp.kristdemokraterna.se\\\/jkpg\\\/\",\"name\":\"J\u00f6nk\u00f6pings kommun\",\"description\":\"F\u00f6r familjen och f\u00f6retagsamheten!\",\"inLanguage\":\"sv-SE\"},{\"@type\":\"Person\",\"@id\":\"https:\\\/\\\/wp.kristdemokraterna.se\\\/jkpg\\\/#\\\/schema\\\/person\\\/683f29858a90c2b1bf3c07354412b2d7\",\"name\":\"jkpg\",\"image\":{\"@type\":\"ImageObject\",\"inLanguage\":\"sv-SE\",\"@id\":\"https:\\\/\\\/secure.gravatar.com\\\/avatar\\\/18dae91c173a04141564ac4aee68bee1eb5786cb86b8bf427c7b2c23d83dd251?s=96&d=mm&r=g\",\"url\":\"https:\\\/\\\/secure.gravatar.com\\\/avatar\\\/18dae91c173a04141564ac4aee68bee1eb5786cb86b8bf427c7b2c23d83dd251?s=96&d=mm&r=g\",\"contentUrl\":\"https:\\\/\\\/secure.gravatar.com\\\/avatar\\\/18dae91c173a04141564ac4aee68bee1eb5786cb86b8bf427c7b2c23d83dd251?s=96&d=mm&r=g\",\"caption\":\"jkpg\"},\"url\":\"https:\\\/\\\/wp.kristdemokraterna.se\\\/jkpg\\\/author\\\/jkpg\\\/\"}]}<\/script>\n<!-- \/ Yoast SEO plugin. -->","yoast_head_json":{"title":"Kommunlistan f\u00f6r valet 2018 - J\u00f6nk\u00f6pings kommun","robots":{"index":"index","follow":"follow","max-snippet":"max-snippet:-1","max-image-preview":"max-image-preview:large","max-video-preview":"max-video-preview:-1"},"canonical":"https:\/\/wp.kristdemokraterna.se\/jkpg\/kommunlistan-for-valet-2018\/","og_locale":"sv_SE","og_type":"article","og_title":"Kommunlistan f\u00f6r valet 2018 - J\u00f6nk\u00f6pings kommun","og_description":"(P\u00e5 bilden har vi top 5, Fr\u00e5n v\u00e4nser, Gabriella L\u00f6nn, Margareta Str\u00f6mberg, Andreas Sturesson, Cecilia Attefall och Bj\u00f6rn Engvall) H\u00e4r \u00e4r alla namnen p\u00e5 listan Andreas Sturesson, 44 \u00e5r. Kommunalr\u00e5d. Gr\u00e4nna Cecilia Attefall, 50 \u00e5r, projektledare. Sk\u00e4nkeberg Margareta Str\u00f6mberg, 73 \u00e5r. Internationell samordnare, G:a R\u00e5sl\u00e4tt. Bj\u00f6rn Engvall, 57\u00e5r. Aff\u00e4rsutvecklingschef, Huskvarna Gabriella L\u00f6nn, 25 \u00e5r, socionom. Read More","og_url":"https:\/\/wp.kristdemokraterna.se\/jkpg\/kommunlistan-for-valet-2018\/","og_site_name":"J\u00f6nk\u00f6pings kommun","article_published_time":"2018-01-18T11:07:50+00:00","article_modified_time":"2018-04-05T19:39:19+00:00","og_image":[{"width":1869,"height":1929,"url":"https:\/\/i0.wp.com\/wp.kristdemokraterna.se\/jkpg\/files\/2018\/01\/fullsizeoutput_121a-e1521651175163.jpeg?fit=1869%2C1929&ssl=1","type":"image\/jpeg"}],"author":"jkpg","twitter_card":"summary_large_image","twitter_misc":{"Skriven av":"jkpg","Ber\u00e4knad l\u00e4stid":"2 minuter"},"schema":{"@context":"https:\/\/schema.org","@graph":[{"@type":"Article","@id":"https:\/\/wp.kristdemokraterna.se\/jkpg\/kommunlistan-for-valet-2018\/#article","isPartOf":{"@id":"https:\/\/wp.kristdemokraterna.se\/jkpg\/kommunlistan-for-valet-2018\/"},"author":{"name":"jkpg","@id":"https:\/\/wp.kristdemokraterna.se\/jkpg\/#\/schema\/person\/683f29858a90c2b1bf3c07354412b2d7"},"headline":"Kommunlistan f\u00f6r valet 2018","datePublished":"2018-01-18T11:07:50+00:00","dateModified":"2018-04-05T19:39:19+00:00","mainEntityOfPage":{"@id":"https:\/\/wp.kristdemokraterna.se\/jkpg\/kommunlistan-for-valet-2018\/"},"wordCount":452,"image":{"@id":"https:\/\/wp.kristdemokraterna.se\/jkpg\/kommunlistan-for-valet-2018\/#primaryimage"},"thumbnailUrl":"https:\/\/wp.kristdemokraterna.se\/jkpg\/files\/2018\/01\/fullsizeoutput_121a-e1521651175163.jpeg","articleSection":["I Kommunen"],"inLanguage":"sv-SE"},{"@type":"WebPage","@id":"https:\/\/wp.kristdemokraterna.se\/jkpg\/kommunlistan-for-valet-2018\/","url":"https:\/\/wp.kristdemokraterna.se\/jkpg\/kommunlistan-for-valet-2018\/","name":"Kommunlistan f\u00f6r valet 2018 - J\u00f6nk\u00f6pings kommun","isPartOf":{"@id":"https:\/\/wp.kristdemokraterna.se\/jkpg\/#website"},"primaryImageOfPage":{"@id":"https:\/\/wp.kristdemokraterna.se\/jkpg\/kommunlistan-for-valet-2018\/#primaryimage"},"image":{"@id":"https:\/\/wp.kristdemokraterna.se\/jkpg\/kommunlistan-for-valet-2018\/#primaryimage"},"thumbnailUrl":"https:\/\/wp.kristdemokraterna.se\/jkpg\/files\/2018\/01\/fullsizeoutput_121a-e1521651175163.jpeg","datePublished":"2018-01-18T11:07:50+00:00","dateModified":"2018-04-05T19:39:19+00:00","author":{"@id":"https:\/\/wp.kristdemokraterna.se\/jkpg\/#\/schema\/person\/683f29858a90c2b1bf3c07354412b2d7"},"breadcrumb":{"@id":"https:\/\/wp.kristdemokraterna.se\/jkpg\/kommunlistan-for-valet-2018\/#breadcrumb"},"inLanguage":"sv-SE","potentialAction":[{"@type":"ReadAction","target":["https:\/\/wp.kristdemokraterna.se\/jkpg\/kommunlistan-for-valet-2018\/"]}]},{"@type":"ImageObject","inLanguage":"sv-SE","@id":"https:\/\/wp.kristdemokraterna.se\/jkpg\/kommunlistan-for-valet-2018\/#primaryimage","url":"https:\/\/wp.kristdemokraterna.se\/jkpg\/files\/2018\/01\/fullsizeoutput_121a-e1521651175163.jpeg","contentUrl":"https:\/\/wp.kristdemokraterna.se\/jkpg\/files\/2018\/01\/fullsizeoutput_121a-e1521651175163.jpeg","width":1869,"height":1929},{"@type":"BreadcrumbList","@id":"https:\/\/wp.kristdemokraterna.se\/jkpg\/kommunlistan-for-valet-2018\/#breadcrumb","itemListElement":[{"@type":"ListItem","position":1,"name":"Hem","item":"https:\/\/wp.kristdemokraterna.se\/jkpg\/"},{"@type":"ListItem","position":2,"name":"Kommunlistan f\u00f6r valet 2018"}]},{"@type":"WebSite","@id":"https:\/\/wp.kristdemokraterna.se\/jkpg\/#website","url":"https:\/\/wp.kristdemokraterna.se\/jkpg\/","name":"J\u00f6nk\u00f6pings kommun","description":"F\u00f6r familjen och f\u00f6retagsamheten!","inLanguage":"sv-SE"},{"@type":"Person","@id":"https:\/\/wp.kristdemokraterna.se\/jkpg\/#\/schema\/person\/683f29858a90c2b1bf3c07354412b2d7","name":"jkpg","image":{"@type":"ImageObject","inLanguage":"sv-SE","@id":"https:\/\/secure.gravatar.com\/avatar\/18dae91c173a04141564ac4aee68bee1eb5786cb86b8bf427c7b2c23d83dd251?s=96&d=mm&r=g","url":"https:\/\/secure.gravatar.com\/avatar\/18dae91c173a04141564ac4aee68bee1eb5786cb86b8bf427c7b2c23d83dd251?s=96&d=mm&r=g","contentUrl":"https:\/\/secure.gravatar.com\/avatar\/18dae91c173a04141564ac4aee68bee1eb5786cb86b8bf427c7b2c23d83dd251?s=96&d=mm&r=g","caption":"jkpg"},"url":"https:\/\/wp.kristdemokraterna.se\/jkpg\/author\/jkpg\/"}]}},"_links":{"self":[{"href":"https:\/\/wp.kristdemokraterna.se\/jkpg\/wp-json\/wp\/v2\/posts\/539","targetHints":{"allow":["GET"]}}],"collection":[{"href":"https:\/\/wp.kristdemokraterna.se\/jkpg\/wp-json\/wp\/v2\/posts"}],"about":[{"href":"https:\/\/wp.kristdemokraterna.se\/jkpg\/wp-json\/wp\/v2\/types\/post"}],"author":[{"embeddable":true,"href":"https:\/\/wp.kristdemokraterna.se\/jkpg\/wp-json\/wp\/v2\/users\/745"}],"replies":[{"embeddable":true,"href":"https:\/\/wp.kristdemokraterna.se\/jkpg\/wp-json\/wp\/v2\/comments?post=539"}],"version-history":[{"count":6,"href":"https:\/\/wp.kristdemokraterna.se\/jkpg\/wp-json\/wp\/v2\/posts\/539\/revisions"}],"predecessor-version":[{"id":715,"href":"https:\/\/wp.kristdemokraterna.se\/jkpg\/wp-json\/wp\/v2\/posts\/539\/revisions\/715"}],"wp:featuredmedia":[{"embeddable":true,"href":"https:\/\/wp.kristdemokraterna.se\/jkpg\/wp-json\/wp\/v2\/media\/540"}],"wp:attachment":[{"href":"https:\/\/wp.kristdemokraterna.se\/jkpg\/wp-json\/wp\/v2\/media?parent=539"}],"wp:term":[{"taxonomy":"category","embeddable":true,"href":"https:\/\/wp.kristdemokraterna.se\/jkpg\/wp-json\/wp\/v2\/categories?post=539"},{"taxonomy":"post_tag","embeddable":true,"href":"https:\/\/wp.kristdemokraterna.se\/jkpg\/wp-json\/wp\/v2\/tags?post=539"}],"curies":[{"name":"wp","href":"https:\/\/api.w.org\/{rel}","templated":true}]}}