{"id":750,"date":"2018-05-04T11:27:28","date_gmt":"2018-05-04T09:27:28","guid":{"rendered":"http:\/\/wp.kristdemokraterna.se\/jkpg\/?p=750"},"modified":"2018-08-01T11:29:23","modified_gmt":"2018-08-01T09:29:23","slug":"arbete-dag-1-for-nyanlanda-i-jonkoping","status":"publish","type":"post","link":"https:\/\/wp.kristdemokraterna.se\/jkpg\/arbete-dag-1-for-nyanlanda-i-jonkoping\/","title":{"rendered":"Arbete dag 1 f\u00f6r nyanl\u00e4nda i J\u00f6nk\u00f6ping"},"content":{"rendered":"<p>Att arbeta \u00e4r viktigt f\u00f6r en god integration. D\u00e4rf\u00f6r ser vi nu till att alla nyanl\u00e4nda som anvisas till J\u00f6nk\u00f6ping direkt kommer i arbete. D\u00e4rigenom kan vi undvika passivitet och samtidigt ge de nyanl\u00e4nda m\u00f6jligheter att knyta nya kontakter och tr\u00e4na spr\u00e5ket.<\/p>\n<p>\u2013 Vi vill se till att m\u00e4nniskor kommer i arbete s\u00e5 fort som m\u00f6jligt, s\u00e4ger Andreas Sturesson (KD), kommunalr\u00e5d.<\/p>\n<p>Knyta kontakter<\/p>\n<p>\u2013 Arbetet g\u00f6r att de tr\u00e4ffar m\u00e4nniskor, f\u00e5r en m\u00f6jlighet att tr\u00e4na spr\u00e5ket och knyta kontakter. De allra flesta jobben idag f\u00f6rmedlas via kontakter och inte Arbetsf\u00f6rmedlingen, s\u00e4ger Andreas Sturesson (Kommunalr\u00e5d, KD).<\/p>\n<p>&nbsp;<\/p>\n<p>&nbsp;<\/p>\n","protected":false},"excerpt":{"rendered":"<p>Att arbeta \u00e4r viktigt f\u00f6r en god integration. D\u00e4rf\u00f6r ser vi nu till att alla nyanl\u00e4nda som anvisas till J\u00f6nk\u00f6ping direkt kommer i arbete. D\u00e4rigenom kan vi undvika passivitet och samtidigt ge de nyanl\u00e4nda m\u00f6jligheter att knyta nya kontakter och tr\u00e4na spr\u00e5ket. \u2013 Vi vill se till att m\u00e4nniskor kommer i arbete s\u00e5 fort som <a class=\"read-more-link\" href=\"https:\/\/wp.kristdemokraterna.se\/jkpg\/arbete-dag-1-for-nyanlanda-i-jonkoping\/\">Read More<\/a><\/p>\n","protected":false},"author":745,"featured_media":0,"comment_status":"closed","ping_status":"closed","sticky":false,"template":"","format":"standard","meta":{"_acf_changed":false,"footnotes":""},"categories":[4,3],"tags":[],"class_list":["post-750","post","type-post","status-publish","format-standard","hentry","category-i-kommunen","category-var-politik"],"acf":[],"yoast_head":"<!-- This site is optimized with the Yoast SEO plugin v27.4 - https:\/\/yoast.com\/product\/yoast-seo-wordpress\/ -->\n<title>Arbete dag 1 f\u00f6r nyanl\u00e4nda i J\u00f6nk\u00f6ping - J\u00f6nk\u00f6pings kommun<\/title>\n<meta name=\"robots\" content=\"index, follow, max-snippet:-1, max-image-preview:large, max-video-preview:-1\" \/>\n<link rel=\"canonical\" href=\"https:\/\/wp.kristdemokraterna.se\/jkpg\/arbete-dag-1-for-nyanlanda-i-jonkoping\/\" \/>\n<meta property=\"og:locale\" content=\"sv_SE\" \/>\n<meta property=\"og:type\" content=\"article\" \/>\n<meta property=\"og:title\" content=\"Arbete dag 1 f\u00f6r nyanl\u00e4nda i J\u00f6nk\u00f6ping - J\u00f6nk\u00f6pings kommun\" \/>\n<meta property=\"og:description\" content=\"Att arbeta \u00e4r viktigt f\u00f6r en god integration. D\u00e4rf\u00f6r ser vi nu till att alla nyanl\u00e4nda som anvisas till J\u00f6nk\u00f6ping direkt kommer i arbete. D\u00e4rigenom kan vi undvika passivitet och samtidigt ge de nyanl\u00e4nda m\u00f6jligheter att knyta nya kontakter och tr\u00e4na spr\u00e5ket. \u2013 Vi vill se till att m\u00e4nniskor kommer i arbete s\u00e5 fort som Read More\" \/>\n<meta property=\"og:url\" content=\"https:\/\/wp.kristdemokraterna.se\/jkpg\/arbete-dag-1-for-nyanlanda-i-jonkoping\/\" \/>\n<meta property=\"og:site_name\" content=\"J\u00f6nk\u00f6pings kommun\" \/>\n<meta property=\"article:published_time\" content=\"2018-05-04T09:27:28+00:00\" \/>\n<meta property=\"article:modified_time\" content=\"2018-08-01T09:29:23+00:00\" \/>\n<meta name=\"author\" content=\"jkpg\" \/>\n<meta name=\"twitter:card\" content=\"summary_large_image\" \/>\n<meta name=\"twitter:label1\" content=\"Skriven av\" \/>\n\t<meta name=\"twitter:data1\" content=\"jkpg\" \/>\n\t<meta name=\"twitter:label2\" content=\"Ber\u00e4knad l\u00e4stid\" \/>\n\t<meta name=\"twitter:data2\" content=\"1 minut\" \/>\n<script type=\"application\/ld+json\" class=\"yoast-schema-graph\">{\"@context\":\"https:\\\/\\\/schema.org\",\"@graph\":[{\"@type\":\"Article\",\"@id\":\"https:\\\/\\\/wp.kristdemokraterna.se\\\/jkpg\\\/arbete-dag-1-for-nyanlanda-i-jonkoping\\\/#article\",\"isPartOf\":{\"@id\":\"https:\\\/\\\/wp.kristdemokraterna.se\\\/jkpg\\\/arbete-dag-1-for-nyanlanda-i-jonkoping\\\/\"},\"author\":{\"name\":\"jkpg\",\"@id\":\"https:\\\/\\\/wp.kristdemokraterna.se\\\/jkpg\\\/#\\\/schema\\\/person\\\/683f29858a90c2b1bf3c07354412b2d7\"},\"headline\":\"Arbete dag 1 f\u00f6r nyanl\u00e4nda i J\u00f6nk\u00f6ping\",\"datePublished\":\"2018-05-04T09:27:28+00:00\",\"dateModified\":\"2018-08-01T09:29:23+00:00\",\"mainEntityOfPage\":{\"@id\":\"https:\\\/\\\/wp.kristdemokraterna.se\\\/jkpg\\\/arbete-dag-1-for-nyanlanda-i-jonkoping\\\/\"},\"wordCount\":131,\"articleSection\":[\"I Kommunen\",\"V\u00e5r politik\"],\"inLanguage\":\"sv-SE\"},{\"@type\":\"WebPage\",\"@id\":\"https:\\\/\\\/wp.kristdemokraterna.se\\\/jkpg\\\/arbete-dag-1-for-nyanlanda-i-jonkoping\\\/\",\"url\":\"https:\\\/\\\/wp.kristdemokraterna.se\\\/jkpg\\\/arbete-dag-1-for-nyanlanda-i-jonkoping\\\/\",\"name\":\"Arbete dag 1 f\u00f6r nyanl\u00e4nda i J\u00f6nk\u00f6ping - J\u00f6nk\u00f6pings kommun\",\"isPartOf\":{\"@id\":\"https:\\\/\\\/wp.kristdemokraterna.se\\\/jkpg\\\/#website\"},\"datePublished\":\"2018-05-04T09:27:28+00:00\",\"dateModified\":\"2018-08-01T09:29:23+00:00\",\"author\":{\"@id\":\"https:\\\/\\\/wp.kristdemokraterna.se\\\/jkpg\\\/#\\\/schema\\\/person\\\/683f29858a90c2b1bf3c07354412b2d7\"},\"breadcrumb\":{\"@id\":\"https:\\\/\\\/wp.kristdemokraterna.se\\\/jkpg\\\/arbete-dag-1-for-nyanlanda-i-jonkoping\\\/#breadcrumb\"},\"inLanguage\":\"sv-SE\",\"potentialAction\":[{\"@type\":\"ReadAction\",\"target\":[\"https:\\\/\\\/wp.kristdemokraterna.se\\\/jkpg\\\/arbete-dag-1-for-nyanlanda-i-jonkoping\\\/\"]}]},{\"@type\":\"BreadcrumbList\",\"@id\":\"https:\\\/\\\/wp.kristdemokraterna.se\\\/jkpg\\\/arbete-dag-1-for-nyanlanda-i-jonkoping\\\/#breadcrumb\",\"itemListElement\":[{\"@type\":\"ListItem\",\"position\":1,\"name\":\"Hem\",\"item\":\"https:\\\/\\\/wp.kristdemokraterna.se\\\/jkpg\\\/\"},{\"@type\":\"ListItem\",\"position\":2,\"name\":\"Arbete dag 1 f\u00f6r nyanl\u00e4nda i J\u00f6nk\u00f6ping\"}]},{\"@type\":\"WebSite\",\"@id\":\"https:\\\/\\\/wp.kristdemokraterna.se\\\/jkpg\\\/#website\",\"url\":\"https:\\\/\\\/wp.kristdemokraterna.se\\\/jkpg\\\/\",\"name\":\"J\u00f6nk\u00f6pings kommun\",\"description\":\"F\u00f6r familjen och f\u00f6retagsamheten!\",\"inLanguage\":\"sv-SE\"},{\"@type\":\"Person\",\"@id\":\"https:\\\/\\\/wp.kristdemokraterna.se\\\/jkpg\\\/#\\\/schema\\\/person\\\/683f29858a90c2b1bf3c07354412b2d7\",\"name\":\"jkpg\",\"image\":{\"@type\":\"ImageObject\",\"inLanguage\":\"sv-SE\",\"@id\":\"https:\\\/\\\/secure.gravatar.com\\\/avatar\\\/18dae91c173a04141564ac4aee68bee1eb5786cb86b8bf427c7b2c23d83dd251?s=96&d=mm&r=g\",\"url\":\"https:\\\/\\\/secure.gravatar.com\\\/avatar\\\/18dae91c173a04141564ac4aee68bee1eb5786cb86b8bf427c7b2c23d83dd251?s=96&d=mm&r=g\",\"contentUrl\":\"https:\\\/\\\/secure.gravatar.com\\\/avatar\\\/18dae91c173a04141564ac4aee68bee1eb5786cb86b8bf427c7b2c23d83dd251?s=96&d=mm&r=g\",\"caption\":\"jkpg\"},\"url\":\"https:\\\/\\\/wp.kristdemokraterna.se\\\/jkpg\\\/author\\\/jkpg\\\/\"}]}<\/script>\n<!-- \/ Yoast SEO plugin. -->","yoast_head_json":{"title":"Arbete dag 1 f\u00f6r nyanl\u00e4nda i J\u00f6nk\u00f6ping - J\u00f6nk\u00f6pings kommun","robots":{"index":"index","follow":"follow","max-snippet":"max-snippet:-1","max-image-preview":"max-image-preview:large","max-video-preview":"max-video-preview:-1"},"canonical":"https:\/\/wp.kristdemokraterna.se\/jkpg\/arbete-dag-1-for-nyanlanda-i-jonkoping\/","og_locale":"sv_SE","og_type":"article","og_title":"Arbete dag 1 f\u00f6r nyanl\u00e4nda i J\u00f6nk\u00f6ping - J\u00f6nk\u00f6pings kommun","og_description":"Att arbeta \u00e4r viktigt f\u00f6r en god integration. D\u00e4rf\u00f6r ser vi nu till att alla nyanl\u00e4nda som anvisas till J\u00f6nk\u00f6ping direkt kommer i arbete. D\u00e4rigenom kan vi undvika passivitet och samtidigt ge de nyanl\u00e4nda m\u00f6jligheter att knyta nya kontakter och tr\u00e4na spr\u00e5ket. \u2013 Vi vill se till att m\u00e4nniskor kommer i arbete s\u00e5 fort som Read More","og_url":"https:\/\/wp.kristdemokraterna.se\/jkpg\/arbete-dag-1-for-nyanlanda-i-jonkoping\/","og_site_name":"J\u00f6nk\u00f6pings kommun","article_published_time":"2018-05-04T09:27:28+00:00","article_modified_time":"2018-08-01T09:29:23+00:00","author":"jkpg","twitter_card":"summary_large_image","twitter_misc":{"Skriven av":"jkpg","Ber\u00e4knad l\u00e4stid":"1 minut"},"schema":{"@context":"https:\/\/schema.org","@graph":[{"@type":"Article","@id":"https:\/\/wp.kristdemokraterna.se\/jkpg\/arbete-dag-1-for-nyanlanda-i-jonkoping\/#article","isPartOf":{"@id":"https:\/\/wp.kristdemokraterna.se\/jkpg\/arbete-dag-1-for-nyanlanda-i-jonkoping\/"},"author":{"name":"jkpg","@id":"https:\/\/wp.kristdemokraterna.se\/jkpg\/#\/schema\/person\/683f29858a90c2b1bf3c07354412b2d7"},"headline":"Arbete dag 1 f\u00f6r nyanl\u00e4nda i J\u00f6nk\u00f6ping","datePublished":"2018-05-04T09:27:28+00:00","dateModified":"2018-08-01T09:29:23+00:00","mainEntityOfPage":{"@id":"https:\/\/wp.kristdemokraterna.se\/jkpg\/arbete-dag-1-for-nyanlanda-i-jonkoping\/"},"wordCount":131,"articleSection":["I Kommunen","V\u00e5r politik"],"inLanguage":"sv-SE"},{"@type":"WebPage","@id":"https:\/\/wp.kristdemokraterna.se\/jkpg\/arbete-dag-1-for-nyanlanda-i-jonkoping\/","url":"https:\/\/wp.kristdemokraterna.se\/jkpg\/arbete-dag-1-for-nyanlanda-i-jonkoping\/","name":"Arbete dag 1 f\u00f6r nyanl\u00e4nda i J\u00f6nk\u00f6ping - J\u00f6nk\u00f6pings kommun","isPartOf":{"@id":"https:\/\/wp.kristdemokraterna.se\/jkpg\/#website"},"datePublished":"2018-05-04T09:27:28+00:00","dateModified":"2018-08-01T09:29:23+00:00","author":{"@id":"https:\/\/wp.kristdemokraterna.se\/jkpg\/#\/schema\/person\/683f29858a90c2b1bf3c07354412b2d7"},"breadcrumb":{"@id":"https:\/\/wp.kristdemokraterna.se\/jkpg\/arbete-dag-1-for-nyanlanda-i-jonkoping\/#breadcrumb"},"inLanguage":"sv-SE","potentialAction":[{"@type":"ReadAction","target":["https:\/\/wp.kristdemokraterna.se\/jkpg\/arbete-dag-1-for-nyanlanda-i-jonkoping\/"]}]},{"@type":"BreadcrumbList","@id":"https:\/\/wp.kristdemokraterna.se\/jkpg\/arbete-dag-1-for-nyanlanda-i-jonkoping\/#breadcrumb","itemListElement":[{"@type":"ListItem","position":1,"name":"Hem","item":"https:\/\/wp.kristdemokraterna.se\/jkpg\/"},{"@type":"ListItem","position":2,"name":"Arbete dag 1 f\u00f6r nyanl\u00e4nda i J\u00f6nk\u00f6ping"}]},{"@type":"WebSite","@id":"https:\/\/wp.kristdemokraterna.se\/jkpg\/#website","url":"https:\/\/wp.kristdemokraterna.se\/jkpg\/","name":"J\u00f6nk\u00f6pings kommun","description":"F\u00f6r familjen och f\u00f6retagsamheten!","inLanguage":"sv-SE"},{"@type":"Person","@id":"https:\/\/wp.kristdemokraterna.se\/jkpg\/#\/schema\/person\/683f29858a90c2b1bf3c07354412b2d7","name":"jkpg","image":{"@type":"ImageObject","inLanguage":"sv-SE","@id":"https:\/\/secure.gravatar.com\/avatar\/18dae91c173a04141564ac4aee68bee1eb5786cb86b8bf427c7b2c23d83dd251?s=96&d=mm&r=g","url":"https:\/\/secure.gravatar.com\/avatar\/18dae91c173a04141564ac4aee68bee1eb5786cb86b8bf427c7b2c23d83dd251?s=96&d=mm&r=g","contentUrl":"https:\/\/secure.gravatar.com\/avatar\/18dae91c173a04141564ac4aee68bee1eb5786cb86b8bf427c7b2c23d83dd251?s=96&d=mm&r=g","caption":"jkpg"},"url":"https:\/\/wp.kristdemokraterna.se\/jkpg\/author\/jkpg\/"}]}},"_links":{"self":[{"href":"https:\/\/wp.kristdemokraterna.se\/jkpg\/wp-json\/wp\/v2\/posts\/750","targetHints":{"allow":["GET"]}}],"collection":[{"href":"https:\/\/wp.kristdemokraterna.se\/jkpg\/wp-json\/wp\/v2\/posts"}],"about":[{"href":"https:\/\/wp.kristdemokraterna.se\/jkpg\/wp-json\/wp\/v2\/types\/post"}],"author":[{"embeddable":true,"href":"https:\/\/wp.kristdemokraterna.se\/jkpg\/wp-json\/wp\/v2\/users\/745"}],"replies":[{"embeddable":true,"href":"https:\/\/wp.kristdemokraterna.se\/jkpg\/wp-json\/wp\/v2\/comments?post=750"}],"version-history":[{"count":2,"href":"https:\/\/wp.kristdemokraterna.se\/jkpg\/wp-json\/wp\/v2\/posts\/750\/revisions"}],"predecessor-version":[{"id":837,"href":"https:\/\/wp.kristdemokraterna.se\/jkpg\/wp-json\/wp\/v2\/posts\/750\/revisions\/837"}],"wp:attachment":[{"href":"https:\/\/wp.kristdemokraterna.se\/jkpg\/wp-json\/wp\/v2\/media?parent=750"}],"wp:term":[{"taxonomy":"category","embeddable":true,"href":"https:\/\/wp.kristdemokraterna.se\/jkpg\/wp-json\/wp\/v2\/categories?post=750"},{"taxonomy":"post_tag","embeddable":true,"href":"https:\/\/wp.kristdemokraterna.se\/jkpg\/wp-json\/wp\/v2\/tags?post=750"}],"curies":[{"name":"wp","href":"https:\/\/api.w.org\/{rel}","templated":true}]}}