{"id":838,"date":"2018-08-05T11:30:25","date_gmt":"2018-08-05T09:30:25","guid":{"rendered":"http:\/\/wp.kristdemokraterna.se\/jkpg\/?p=838"},"modified":"2018-08-01T11:33:07","modified_gmt":"2018-08-01T09:33:07","slug":"utan-bilen-stannar-jonkoping","status":"publish","type":"post","link":"https:\/\/wp.kristdemokraterna.se\/jkpg\/utan-bilen-stannar-jonkoping\/","title":{"rendered":"Utan bilen stannar J\u00f6nk\u00f6ping"},"content":{"rendered":"<p>Kristdemokraterna vill satsa p\u00e5 en levande landsbygd i J\u00f6nk\u00f6pings l\u00e4n. Vi menar att man m\u00e5ste sluta subventionera elcyklar till konsulter i Stockholm p\u00e5 bekostnad av barnfamiljer som \u00e4r beroende av bilen, vilka varje \u00e5r f\u00e5tt h\u00f6gre bensinskatt med regeringens MP-styrda politik. Det g\u00e5r inte att ta cykel eller tunnelbana \u00f6ver allt i Sverige, som de tycks tro. &#8211;\u00a0Utan bilen stannar J\u00f6nk\u00f6ping<\/p>\n","protected":false},"excerpt":{"rendered":"<p>Kristdemokraterna vill satsa p\u00e5 en levande landsbygd i J\u00f6nk\u00f6pings l\u00e4n. Vi menar att man m\u00e5ste sluta subventionera elcyklar till konsulter i Stockholm p\u00e5 bekostnad av barnfamiljer som \u00e4r beroende av bilen, vilka varje \u00e5r f\u00e5tt h\u00f6gre bensinskatt med regeringens MP-styrda politik. Det g\u00e5r inte att ta cykel eller tunnelbana \u00f6ver allt i Sverige, som de <a class=\"read-more-link\" href=\"https:\/\/wp.kristdemokraterna.se\/jkpg\/utan-bilen-stannar-jonkoping\/\">Read More<\/a><\/p>\n","protected":false},"author":745,"featured_media":0,"comment_status":"closed","ping_status":"closed","sticky":false,"template":"","format":"standard","meta":{"_acf_changed":false,"footnotes":""},"categories":[4,5,10,3],"tags":[],"class_list":["post-838","post","type-post","status-publish","format-standard","hentry","category-i-kommunen","category-i-regionen","category-i-riksdagen","category-var-politik"],"acf":[],"yoast_head":"<!-- This site is optimized with the Yoast SEO plugin v27.4 - https:\/\/yoast.com\/product\/yoast-seo-wordpress\/ -->\n<title>Utan bilen stannar J\u00f6nk\u00f6ping - J\u00f6nk\u00f6pings kommun<\/title>\n<meta name=\"robots\" content=\"index, follow, max-snippet:-1, max-image-preview:large, max-video-preview:-1\" \/>\n<link rel=\"canonical\" href=\"https:\/\/wp.kristdemokraterna.se\/jkpg\/utan-bilen-stannar-jonkoping\/\" \/>\n<meta property=\"og:locale\" content=\"sv_SE\" \/>\n<meta property=\"og:type\" content=\"article\" \/>\n<meta property=\"og:title\" content=\"Utan bilen stannar J\u00f6nk\u00f6ping - J\u00f6nk\u00f6pings kommun\" \/>\n<meta property=\"og:description\" content=\"Kristdemokraterna vill satsa p\u00e5 en levande landsbygd i J\u00f6nk\u00f6pings l\u00e4n. Vi menar att man m\u00e5ste sluta subventionera elcyklar till konsulter i Stockholm p\u00e5 bekostnad av barnfamiljer som \u00e4r beroende av bilen, vilka varje \u00e5r f\u00e5tt h\u00f6gre bensinskatt med regeringens MP-styrda politik. Det g\u00e5r inte att ta cykel eller tunnelbana \u00f6ver allt i Sverige, som de Read More\" \/>\n<meta property=\"og:url\" content=\"https:\/\/wp.kristdemokraterna.se\/jkpg\/utan-bilen-stannar-jonkoping\/\" \/>\n<meta property=\"og:site_name\" content=\"J\u00f6nk\u00f6pings kommun\" \/>\n<meta property=\"article:published_time\" content=\"2018-08-05T09:30:25+00:00\" \/>\n<meta name=\"author\" content=\"jkpg\" \/>\n<meta name=\"twitter:card\" content=\"summary_large_image\" \/>\n<meta name=\"twitter:label1\" content=\"Skriven av\" \/>\n\t<meta name=\"twitter:data1\" content=\"jkpg\" \/>\n<script type=\"application\/ld+json\" class=\"yoast-schema-graph\">{\"@context\":\"https:\\\/\\\/schema.org\",\"@graph\":[{\"@type\":\"Article\",\"@id\":\"https:\\\/\\\/wp.kristdemokraterna.se\\\/jkpg\\\/utan-bilen-stannar-jonkoping\\\/#article\",\"isPartOf\":{\"@id\":\"https:\\\/\\\/wp.kristdemokraterna.se\\\/jkpg\\\/utan-bilen-stannar-jonkoping\\\/\"},\"author\":{\"name\":\"jkpg\",\"@id\":\"https:\\\/\\\/wp.kristdemokraterna.se\\\/jkpg\\\/#\\\/schema\\\/person\\\/683f29858a90c2b1bf3c07354412b2d7\"},\"headline\":\"Utan bilen stannar J\u00f6nk\u00f6ping\",\"datePublished\":\"2018-08-05T09:30:25+00:00\",\"mainEntityOfPage\":{\"@id\":\"https:\\\/\\\/wp.kristdemokraterna.se\\\/jkpg\\\/utan-bilen-stannar-jonkoping\\\/\"},\"wordCount\":77,\"articleSection\":[\"I Kommunen\",\"I Regionen\",\"I Riksdagen\",\"V\u00e5r politik\"],\"inLanguage\":\"sv-SE\"},{\"@type\":\"WebPage\",\"@id\":\"https:\\\/\\\/wp.kristdemokraterna.se\\\/jkpg\\\/utan-bilen-stannar-jonkoping\\\/\",\"url\":\"https:\\\/\\\/wp.kristdemokraterna.se\\\/jkpg\\\/utan-bilen-stannar-jonkoping\\\/\",\"name\":\"Utan bilen stannar J\u00f6nk\u00f6ping - J\u00f6nk\u00f6pings kommun\",\"isPartOf\":{\"@id\":\"https:\\\/\\\/wp.kristdemokraterna.se\\\/jkpg\\\/#website\"},\"datePublished\":\"2018-08-05T09:30:25+00:00\",\"author\":{\"@id\":\"https:\\\/\\\/wp.kristdemokraterna.se\\\/jkpg\\\/#\\\/schema\\\/person\\\/683f29858a90c2b1bf3c07354412b2d7\"},\"breadcrumb\":{\"@id\":\"https:\\\/\\\/wp.kristdemokraterna.se\\\/jkpg\\\/utan-bilen-stannar-jonkoping\\\/#breadcrumb\"},\"inLanguage\":\"sv-SE\",\"potentialAction\":[{\"@type\":\"ReadAction\",\"target\":[\"https:\\\/\\\/wp.kristdemokraterna.se\\\/jkpg\\\/utan-bilen-stannar-jonkoping\\\/\"]}]},{\"@type\":\"BreadcrumbList\",\"@id\":\"https:\\\/\\\/wp.kristdemokraterna.se\\\/jkpg\\\/utan-bilen-stannar-jonkoping\\\/#breadcrumb\",\"itemListElement\":[{\"@type\":\"ListItem\",\"position\":1,\"name\":\"Hem\",\"item\":\"https:\\\/\\\/wp.kristdemokraterna.se\\\/jkpg\\\/\"},{\"@type\":\"ListItem\",\"position\":2,\"name\":\"Utan bilen stannar J\u00f6nk\u00f6ping\"}]},{\"@type\":\"WebSite\",\"@id\":\"https:\\\/\\\/wp.kristdemokraterna.se\\\/jkpg\\\/#website\",\"url\":\"https:\\\/\\\/wp.kristdemokraterna.se\\\/jkpg\\\/\",\"name\":\"J\u00f6nk\u00f6pings kommun\",\"description\":\"F\u00f6r familjen och f\u00f6retagsamheten!\",\"inLanguage\":\"sv-SE\"},{\"@type\":\"Person\",\"@id\":\"https:\\\/\\\/wp.kristdemokraterna.se\\\/jkpg\\\/#\\\/schema\\\/person\\\/683f29858a90c2b1bf3c07354412b2d7\",\"name\":\"jkpg\",\"image\":{\"@type\":\"ImageObject\",\"inLanguage\":\"sv-SE\",\"@id\":\"https:\\\/\\\/secure.gravatar.com\\\/avatar\\\/18dae91c173a04141564ac4aee68bee1eb5786cb86b8bf427c7b2c23d83dd251?s=96&d=mm&r=g\",\"url\":\"https:\\\/\\\/secure.gravatar.com\\\/avatar\\\/18dae91c173a04141564ac4aee68bee1eb5786cb86b8bf427c7b2c23d83dd251?s=96&d=mm&r=g\",\"contentUrl\":\"https:\\\/\\\/secure.gravatar.com\\\/avatar\\\/18dae91c173a04141564ac4aee68bee1eb5786cb86b8bf427c7b2c23d83dd251?s=96&d=mm&r=g\",\"caption\":\"jkpg\"},\"url\":\"https:\\\/\\\/wp.kristdemokraterna.se\\\/jkpg\\\/author\\\/jkpg\\\/\"}]}<\/script>\n<!-- \/ Yoast SEO plugin. -->","yoast_head_json":{"title":"Utan bilen stannar J\u00f6nk\u00f6ping - J\u00f6nk\u00f6pings kommun","robots":{"index":"index","follow":"follow","max-snippet":"max-snippet:-1","max-image-preview":"max-image-preview:large","max-video-preview":"max-video-preview:-1"},"canonical":"https:\/\/wp.kristdemokraterna.se\/jkpg\/utan-bilen-stannar-jonkoping\/","og_locale":"sv_SE","og_type":"article","og_title":"Utan bilen stannar J\u00f6nk\u00f6ping - J\u00f6nk\u00f6pings kommun","og_description":"Kristdemokraterna vill satsa p\u00e5 en levande landsbygd i J\u00f6nk\u00f6pings l\u00e4n. Vi menar att man m\u00e5ste sluta subventionera elcyklar till konsulter i Stockholm p\u00e5 bekostnad av barnfamiljer som \u00e4r beroende av bilen, vilka varje \u00e5r f\u00e5tt h\u00f6gre bensinskatt med regeringens MP-styrda politik. Det g\u00e5r inte att ta cykel eller tunnelbana \u00f6ver allt i Sverige, som de Read More","og_url":"https:\/\/wp.kristdemokraterna.se\/jkpg\/utan-bilen-stannar-jonkoping\/","og_site_name":"J\u00f6nk\u00f6pings kommun","article_published_time":"2018-08-05T09:30:25+00:00","author":"jkpg","twitter_card":"summary_large_image","twitter_misc":{"Skriven av":"jkpg"},"schema":{"@context":"https:\/\/schema.org","@graph":[{"@type":"Article","@id":"https:\/\/wp.kristdemokraterna.se\/jkpg\/utan-bilen-stannar-jonkoping\/#article","isPartOf":{"@id":"https:\/\/wp.kristdemokraterna.se\/jkpg\/utan-bilen-stannar-jonkoping\/"},"author":{"name":"jkpg","@id":"https:\/\/wp.kristdemokraterna.se\/jkpg\/#\/schema\/person\/683f29858a90c2b1bf3c07354412b2d7"},"headline":"Utan bilen stannar J\u00f6nk\u00f6ping","datePublished":"2018-08-05T09:30:25+00:00","mainEntityOfPage":{"@id":"https:\/\/wp.kristdemokraterna.se\/jkpg\/utan-bilen-stannar-jonkoping\/"},"wordCount":77,"articleSection":["I Kommunen","I Regionen","I Riksdagen","V\u00e5r politik"],"inLanguage":"sv-SE"},{"@type":"WebPage","@id":"https:\/\/wp.kristdemokraterna.se\/jkpg\/utan-bilen-stannar-jonkoping\/","url":"https:\/\/wp.kristdemokraterna.se\/jkpg\/utan-bilen-stannar-jonkoping\/","name":"Utan bilen stannar J\u00f6nk\u00f6ping - J\u00f6nk\u00f6pings kommun","isPartOf":{"@id":"https:\/\/wp.kristdemokraterna.se\/jkpg\/#website"},"datePublished":"2018-08-05T09:30:25+00:00","author":{"@id":"https:\/\/wp.kristdemokraterna.se\/jkpg\/#\/schema\/person\/683f29858a90c2b1bf3c07354412b2d7"},"breadcrumb":{"@id":"https:\/\/wp.kristdemokraterna.se\/jkpg\/utan-bilen-stannar-jonkoping\/#breadcrumb"},"inLanguage":"sv-SE","potentialAction":[{"@type":"ReadAction","target":["https:\/\/wp.kristdemokraterna.se\/jkpg\/utan-bilen-stannar-jonkoping\/"]}]},{"@type":"BreadcrumbList","@id":"https:\/\/wp.kristdemokraterna.se\/jkpg\/utan-bilen-stannar-jonkoping\/#breadcrumb","itemListElement":[{"@type":"ListItem","position":1,"name":"Hem","item":"https:\/\/wp.kristdemokraterna.se\/jkpg\/"},{"@type":"ListItem","position":2,"name":"Utan bilen stannar J\u00f6nk\u00f6ping"}]},{"@type":"WebSite","@id":"https:\/\/wp.kristdemokraterna.se\/jkpg\/#website","url":"https:\/\/wp.kristdemokraterna.se\/jkpg\/","name":"J\u00f6nk\u00f6pings kommun","description":"F\u00f6r familjen och f\u00f6retagsamheten!","inLanguage":"sv-SE"},{"@type":"Person","@id":"https:\/\/wp.kristdemokraterna.se\/jkpg\/#\/schema\/person\/683f29858a90c2b1bf3c07354412b2d7","name":"jkpg","image":{"@type":"ImageObject","inLanguage":"sv-SE","@id":"https:\/\/secure.gravatar.com\/avatar\/18dae91c173a04141564ac4aee68bee1eb5786cb86b8bf427c7b2c23d83dd251?s=96&d=mm&r=g","url":"https:\/\/secure.gravatar.com\/avatar\/18dae91c173a04141564ac4aee68bee1eb5786cb86b8bf427c7b2c23d83dd251?s=96&d=mm&r=g","contentUrl":"https:\/\/secure.gravatar.com\/avatar\/18dae91c173a04141564ac4aee68bee1eb5786cb86b8bf427c7b2c23d83dd251?s=96&d=mm&r=g","caption":"jkpg"},"url":"https:\/\/wp.kristdemokraterna.se\/jkpg\/author\/jkpg\/"}]}},"_links":{"self":[{"href":"https:\/\/wp.kristdemokraterna.se\/jkpg\/wp-json\/wp\/v2\/posts\/838","targetHints":{"allow":["GET"]}}],"collection":[{"href":"https:\/\/wp.kristdemokraterna.se\/jkpg\/wp-json\/wp\/v2\/posts"}],"about":[{"href":"https:\/\/wp.kristdemokraterna.se\/jkpg\/wp-json\/wp\/v2\/types\/post"}],"author":[{"embeddable":true,"href":"https:\/\/wp.kristdemokraterna.se\/jkpg\/wp-json\/wp\/v2\/users\/745"}],"replies":[{"embeddable":true,"href":"https:\/\/wp.kristdemokraterna.se\/jkpg\/wp-json\/wp\/v2\/comments?post=838"}],"version-history":[{"count":1,"href":"https:\/\/wp.kristdemokraterna.se\/jkpg\/wp-json\/wp\/v2\/posts\/838\/revisions"}],"predecessor-version":[{"id":840,"href":"https:\/\/wp.kristdemokraterna.se\/jkpg\/wp-json\/wp\/v2\/posts\/838\/revisions\/840"}],"wp:attachment":[{"href":"https:\/\/wp.kristdemokraterna.se\/jkpg\/wp-json\/wp\/v2\/media?parent=838"}],"wp:term":[{"taxonomy":"category","embeddable":true,"href":"https:\/\/wp.kristdemokraterna.se\/jkpg\/wp-json\/wp\/v2\/categories?post=838"},{"taxonomy":"post_tag","embeddable":true,"href":"https:\/\/wp.kristdemokraterna.se\/jkpg\/wp-json\/wp\/v2\/tags?post=838"}],"curies":[{"name":"wp","href":"https:\/\/api.w.org\/{rel}","templated":true}]}}