{"id":858,"date":"2018-08-09T15:46:32","date_gmt":"2018-08-09T13:46:32","guid":{"rendered":"http:\/\/wp.kristdemokraterna.se\/jkpg\/?p=858"},"modified":"2020-01-13T13:11:41","modified_gmt":"2020-01-13T12:11:41","slug":"alf-svensson-manniskovardet-har-inget-pris","status":"publish","type":"post","link":"https:\/\/wp.kristdemokraterna.se\/jkpg\/alf-svensson-manniskovardet-har-inget-pris\/","title":{"rendered":"Alf Svensson: M\u00e4nniskov\u00e4rdet har inget pris"},"content":{"rendered":"<div class=\"di_article-lead\">\n<h3>P\u00e5 sistone har debatten handlar mer om kostnader f\u00f6r flyktingstr\u00f6mmen och mindre om v\u00e5r tillfredsst\u00e4llelse \u00f6ver att f\u00e5 r\u00e4dda m\u00e4nniskor till ett tryggare liv. V\u00e5r civilisations framtid fordrar sina v\u00e4rderingar, de kristna. Backa inte fr\u00e5n dessa.<\/h3>\n<\/div>\n<section class=\"di_article-body clearfix\">\n<div class=\"di_article_ad-block\"><\/div>\n<div class=\"di_article_text-block\">\n<p>P\u00e5 den europeiska kontinenten kan man mycket v\u00e4l, om samtalet inte enbart handlar om v\u00e4der och vind, f\u00e5 fr\u00e5gan: \u00c4r du kristen, jude eller muslim? N\u00e5gon v\u00e4rdegrund f\u00f6rv\u00e4ntas man ha. Men i v\u00e5rt lilla land verkar det ju numera faktiskt som om rikets f\u00f6retr\u00e4dare tycker man ska svara: Ingenting.<\/p>\n<p>Detta \u00e4r till dels kyrkors och samfunds fel, menar jag. Man har inte entydigt strukit under att v\u00e5r civilisation, v\u00e5r demokrati, har sina djupaste och starkaste r\u00f6tter i kristendomen.<\/p>\n<p>Du kan tro vad du vill om att Jesus \u00e4r Guds son f\u00f6dd av Maria. Men du kan inte tro vad du vill om att kristendomen p\u00e5verkat oss och i m\u00e5ngt och mycket gett oss v\u00e5ra viktigaste v\u00e4rderingar, fundamentet f\u00f6r humanism och medm\u00e4nsklighet. Det vore att f\u00f6rneka verkligheten.<\/p>\n<p>Det ordas allt oftare i den politiska debatten om \u201dv\u00e5r svenska demokrati\u201d, som om vi uppfunnit den. L\u00e5t oss f\u00f6r allt i v\u00e4rlden g\u00f6ra vad vi m\u00e4ktar f\u00f6r att v\u00e4rna och sl\u00e5 vakt om demokratin, men den \u00e4r n\u00e5got vida mer och djupare \u00e4n valr\u00f6relser och flerpartisystem.<\/p>\n<p>Dess v\u00e4rden och v\u00e4rderingar \u00e4r universella.<\/p>\n<p>Maja Hagerman skriver i sin Augustprisbel\u00f6nta bok Sp\u00e5ren av kungens m\u00e4n: \u201dN\u00e4r kristendomen kom f\u00f6rde den ocks\u00e5 med sig mycket annat som blivit s\u00e5 sj\u00e4lvklart att det knappt g\u00e5r att urskilja l\u00e4ngre. Som detta att en m\u00e4nniska inte kan \u00e4ga eller s\u00e4lja en annan.\u201d<\/p>\n<p>Det \u00e4r m\u00e4nniskov\u00e4rdet det handlar om. Om varje individs okr\u00e4nkbarhet. Om varje individs lika v\u00e4rde.<\/p>\n<p>Det f\u00f6runderliga \u00e4r att vi m\u00e4nniskor, historien visar detta, ofta \u00e4r f\u00f6rblindade n\u00e4r det g\u00e4ller att se vad som h\u00e4nder i nuet. Insikten kommer f\u00f6r sent. D\u00e5 n\u00e4r historiker g\u00f6r oss uppm\u00e4rksamma. Men det \u00e4r nu det finns risk f\u00f6r att vi klyver respekten f\u00f6r m\u00e4nniskov\u00e4rdet i en \u201dvi-del\u201d och en \u201ddom-del\u201d. Klyvningen sker aldrig dramatiskt men det handlar om att se sprickbildningen.<\/p>\n<p>Det \u00e4r sj\u00e4lvfallet inte s\u00e5 \u00e5r 2018 att n\u00e5got parti skulle acceptera att m\u00e4nniskor \u00e4gs eller s\u00e4ljs. Men det \u00e4r ganska vanligt att det s\u00e4tts prislappar. P\u00e5 vissa grupper. P\u00e5 vissa nationaliteter. Det \u00e4r givet att man ska ber\u00e4kna kostnaden men inte alltid f\u00f6r att slippa utgiften utan ocks\u00e5 f\u00f6r att se till s\u00e5 man klarar av den.<\/p>\n<p>Debatten har p\u00e5 sistone handlat mer om de kostnader och bekymmer som flyktingstr\u00f6mmen skapar, mindre om den tillfredsst\u00e4llelse som borde f\u00e5nga oss n\u00e4r familjer, inst\u00e4ngda i ruinh\u00f6gar och rasmassor, r\u00e4ddas till ett tryggare liv.<\/p>\n<\/div>\n<div class=\"di_article_ad-block\"><\/div>\n<div class=\"di_article_text-block\">\n<p>Samma tillfredsst\u00e4llelse kanske, som n\u00e4r de thail\u00e4ndska fotbollspojkarna till slut kom ur sin inst\u00e4ngdhet i grottan?<\/p>\n<p>Den unkna nationalismen leder till ett tr\u00e5ngsinne, d\u00e5 allt handlar om oss och v\u00e5rt. Detta skapar en v\u00e4rldsfr\u00e5nv\u00e4ndhet och en verklighetsflykt som p\u00e5 sikt, tror jag, blir f\u00f6r\u00f6dande.<\/p>\n<p>Sverige kan aldrig mer leva isolerat. Svensk ekonomi, det m\u00e5 l\u00e5ta hur det vill under valr\u00f6relsens sista m\u00e5nad, m\u00e5ste leva med inte mot. Vi \u00e4r gr\u00e4nsl\u00f6st \u2013 just i ordets egentliga betydelse \u2013 beroende av v\u00e5r omv\u00e4rld. Vi kan p\u00e5verka, men vi m\u00e5ste allt vara s\u00e5 kloka s\u00e5 att vi tar skeden i vacker hand, om vi ska f\u00e5 leva i ett framtida v\u00e4lf\u00e4rdssamh\u00e4lle. Och inneh\u00e5llet p\u00e5 de dukade borden \u00e4r i allra h\u00f6gsta grad internationellt.<\/p>\n<p>Jimmie \u00c5kesson och SD vill tydligtvis att Sverige ska l\u00e4mna EU. Jonas Sj\u00f6stedt och han \u00e4r i detta avseende \u00f6verens.<\/p>\n<\/div>\n<div class=\"di_article_text-block\">\n<p>EU \u00e4r i grunden ett substantiellt fredsf\u00f6rdrag.<\/p>\n<p>Nationalismen och de in\u00e5tv\u00e4nda maktambitionerna i alla dess vanvettiga former, nazism, fascism, kommunism, hade lagt Europa i ruiner. Och det v\u00e4rsta av allt torde ha varit att respekten f\u00f6r m\u00e4nniskov\u00e4rdet var krossat och m\u00e4nniskor satt inpyrda i l\u00f6gn och f\u00f6rnedring.<\/p>\n<p>D\u00e5 b\u00f6rjar tre kristdemokrater bygga gemenskaper utifr\u00e5n de v\u00e4rderingar som nu beh\u00f6ver en ren\u00e4ssans. Konrad Adenauer, Robert Schuman och Alcide De Gasperi v\u00e5gade ta itu med det om\u00e4tbara hat och den misstro som skapats mellan nationer. Det var utrikespolitik det! Det var r\u00e4ddningen f\u00f6r Europas morgondag.<\/p>\n<p>Och m\u00e5tte de krafter som nu vill indela nationers befolkningar i A- och B-lag h\u00e5llas tillbaka och s\u00e5 snart som m\u00f6jligt f\u00e5 l\u00e4mna scenen.<\/p>\n<p>Vi har alla sv\u00e5rt f\u00f6r att leva upp till ideal och principer, men vi \u00e4r v\u00e4l \u00e4nd\u00e5 s\u00e5 lyh\u00f6rda s\u00e5 vi h\u00f6r viljeinriktningar och l\u00e4gger m\u00e4rke till vart\u00e5t politiker vill.<\/p>\n<\/div>\n<div class=\"di_article_ad-block\"><\/div>\n<div class=\"di_article_text-block\">\n<p>Fram\u00e5t, s\u00e4ger v\u00e4l alla, \u00e4ven de som drar oss bak\u00e5t mot isolering och internationellt svek.<\/p>\n<\/div>\n<div class=\"di_article_text-block\">\n<p>Men v\u00e5r civilisations framtid fordrar sina v\u00e4rden och v\u00e4rderingar, de kristna. Backa inte bort fr\u00e5n dessa.<\/p>\n<p><em><strong>Alf Svensson, tidigare partiledare (KD)<\/strong><\/em><\/p>\n<\/div>\n<\/section>\n<p>Publicerat i di:\u00a0https:\/\/www.di.se\/debatt\/alf-svensson-manniskovardet-har-inget-pris\/<\/p>\n<p>&nbsp;<\/p>\n","protected":false},"excerpt":{"rendered":"<p>P\u00e5 sistone har debatten handlar mer om kostnader f\u00f6r flyktingstr\u00f6mmen och mindre om v\u00e5r tillfredsst\u00e4llelse \u00f6ver att f\u00e5 r\u00e4dda m\u00e4nniskor till ett tryggare liv. V\u00e5r civilisations framtid fordrar sina v\u00e4rderingar, de kristna. Backa inte fr\u00e5n dessa. P\u00e5 den europeiska kontinenten kan man mycket v\u00e4l, om samtalet inte enbart handlar om v\u00e4der och vind, f\u00e5 fr\u00e5gan: <a class=\"read-more-link\" href=\"https:\/\/wp.kristdemokraterna.se\/jkpg\/alf-svensson-manniskovardet-har-inget-pris\/\">Read More<\/a><\/p>\n","protected":false},"author":745,"featured_media":0,"comment_status":"closed","ping_status":"closed","sticky":false,"template":"","format":"standard","meta":{"_acf_changed":false,"footnotes":""},"categories":[4,5,10,3],"tags":[],"class_list":["post-858","post","type-post","status-publish","format-standard","hentry","category-i-kommunen","category-i-regionen","category-i-riksdagen","category-var-politik"],"acf":[],"yoast_head":"<!-- This site is optimized with the Yoast SEO plugin v27.4 - https:\/\/yoast.com\/product\/yoast-seo-wordpress\/ -->\n<title>Alf Svensson: M\u00e4nniskov\u00e4rdet har inget pris - J\u00f6nk\u00f6pings kommun<\/title>\n<meta name=\"robots\" content=\"index, follow, max-snippet:-1, max-image-preview:large, max-video-preview:-1\" \/>\n<link rel=\"canonical\" href=\"https:\/\/wp.kristdemokraterna.se\/jkpg\/alf-svensson-manniskovardet-har-inget-pris\/\" \/>\n<meta property=\"og:locale\" content=\"sv_SE\" \/>\n<meta property=\"og:type\" content=\"article\" \/>\n<meta property=\"og:title\" content=\"Alf Svensson: M\u00e4nniskov\u00e4rdet har inget pris - J\u00f6nk\u00f6pings kommun\" \/>\n<meta property=\"og:description\" content=\"P\u00e5 sistone har debatten handlar mer om kostnader f\u00f6r flyktingstr\u00f6mmen och mindre om v\u00e5r tillfredsst\u00e4llelse \u00f6ver att f\u00e5 r\u00e4dda m\u00e4nniskor till ett tryggare liv. V\u00e5r civilisations framtid fordrar sina v\u00e4rderingar, de kristna. Backa inte fr\u00e5n dessa. P\u00e5 den europeiska kontinenten kan man mycket v\u00e4l, om samtalet inte enbart handlar om v\u00e4der och vind, f\u00e5 fr\u00e5gan: Read More\" \/>\n<meta property=\"og:url\" content=\"https:\/\/wp.kristdemokraterna.se\/jkpg\/alf-svensson-manniskovardet-har-inget-pris\/\" \/>\n<meta property=\"og:site_name\" content=\"J\u00f6nk\u00f6pings kommun\" \/>\n<meta property=\"article:published_time\" content=\"2018-08-09T13:46:32+00:00\" \/>\n<meta property=\"article:modified_time\" content=\"2020-01-13T12:11:41+00:00\" \/>\n<meta name=\"author\" content=\"jkpg\" \/>\n<meta name=\"twitter:card\" content=\"summary_large_image\" \/>\n<meta name=\"twitter:label1\" content=\"Skriven av\" \/>\n\t<meta name=\"twitter:data1\" content=\"jkpg\" \/>\n\t<meta name=\"twitter:label2\" content=\"Ber\u00e4knad l\u00e4stid\" \/>\n\t<meta name=\"twitter:data2\" content=\"5 minuter\" \/>\n<script type=\"application\/ld+json\" class=\"yoast-schema-graph\">{\"@context\":\"https:\\\/\\\/schema.org\",\"@graph\":[{\"@type\":\"Article\",\"@id\":\"https:\\\/\\\/wp.kristdemokraterna.se\\\/jkpg\\\/alf-svensson-manniskovardet-har-inget-pris\\\/#article\",\"isPartOf\":{\"@id\":\"https:\\\/\\\/wp.kristdemokraterna.se\\\/jkpg\\\/alf-svensson-manniskovardet-har-inget-pris\\\/\"},\"author\":{\"name\":\"jkpg\",\"@id\":\"https:\\\/\\\/wp.kristdemokraterna.se\\\/jkpg\\\/#\\\/schema\\\/person\\\/683f29858a90c2b1bf3c07354412b2d7\"},\"headline\":\"Alf Svensson: M\u00e4nniskov\u00e4rdet har inget pris\",\"datePublished\":\"2018-08-09T13:46:32+00:00\",\"dateModified\":\"2020-01-13T12:11:41+00:00\",\"mainEntityOfPage\":{\"@id\":\"https:\\\/\\\/wp.kristdemokraterna.se\\\/jkpg\\\/alf-svensson-manniskovardet-har-inget-pris\\\/\"},\"wordCount\":919,\"articleSection\":[\"I Kommunen\",\"I Regionen\",\"I Riksdagen\",\"V\u00e5r politik\"],\"inLanguage\":\"sv-SE\"},{\"@type\":\"WebPage\",\"@id\":\"https:\\\/\\\/wp.kristdemokraterna.se\\\/jkpg\\\/alf-svensson-manniskovardet-har-inget-pris\\\/\",\"url\":\"https:\\\/\\\/wp.kristdemokraterna.se\\\/jkpg\\\/alf-svensson-manniskovardet-har-inget-pris\\\/\",\"name\":\"Alf Svensson: M\u00e4nniskov\u00e4rdet har inget pris - J\u00f6nk\u00f6pings kommun\",\"isPartOf\":{\"@id\":\"https:\\\/\\\/wp.kristdemokraterna.se\\\/jkpg\\\/#website\"},\"datePublished\":\"2018-08-09T13:46:32+00:00\",\"dateModified\":\"2020-01-13T12:11:41+00:00\",\"author\":{\"@id\":\"https:\\\/\\\/wp.kristdemokraterna.se\\\/jkpg\\\/#\\\/schema\\\/person\\\/683f29858a90c2b1bf3c07354412b2d7\"},\"breadcrumb\":{\"@id\":\"https:\\\/\\\/wp.kristdemokraterna.se\\\/jkpg\\\/alf-svensson-manniskovardet-har-inget-pris\\\/#breadcrumb\"},\"inLanguage\":\"sv-SE\",\"potentialAction\":[{\"@type\":\"ReadAction\",\"target\":[\"https:\\\/\\\/wp.kristdemokraterna.se\\\/jkpg\\\/alf-svensson-manniskovardet-har-inget-pris\\\/\"]}]},{\"@type\":\"BreadcrumbList\",\"@id\":\"https:\\\/\\\/wp.kristdemokraterna.se\\\/jkpg\\\/alf-svensson-manniskovardet-har-inget-pris\\\/#breadcrumb\",\"itemListElement\":[{\"@type\":\"ListItem\",\"position\":1,\"name\":\"Hem\",\"item\":\"https:\\\/\\\/wp.kristdemokraterna.se\\\/jkpg\\\/\"},{\"@type\":\"ListItem\",\"position\":2,\"name\":\"Alf Svensson: M\u00e4nniskov\u00e4rdet har inget pris\"}]},{\"@type\":\"WebSite\",\"@id\":\"https:\\\/\\\/wp.kristdemokraterna.se\\\/jkpg\\\/#website\",\"url\":\"https:\\\/\\\/wp.kristdemokraterna.se\\\/jkpg\\\/\",\"name\":\"J\u00f6nk\u00f6pings kommun\",\"description\":\"F\u00f6r familjen och f\u00f6retagsamheten!\",\"inLanguage\":\"sv-SE\"},{\"@type\":\"Person\",\"@id\":\"https:\\\/\\\/wp.kristdemokraterna.se\\\/jkpg\\\/#\\\/schema\\\/person\\\/683f29858a90c2b1bf3c07354412b2d7\",\"name\":\"jkpg\",\"image\":{\"@type\":\"ImageObject\",\"inLanguage\":\"sv-SE\",\"@id\":\"https:\\\/\\\/secure.gravatar.com\\\/avatar\\\/18dae91c173a04141564ac4aee68bee1eb5786cb86b8bf427c7b2c23d83dd251?s=96&d=mm&r=g\",\"url\":\"https:\\\/\\\/secure.gravatar.com\\\/avatar\\\/18dae91c173a04141564ac4aee68bee1eb5786cb86b8bf427c7b2c23d83dd251?s=96&d=mm&r=g\",\"contentUrl\":\"https:\\\/\\\/secure.gravatar.com\\\/avatar\\\/18dae91c173a04141564ac4aee68bee1eb5786cb86b8bf427c7b2c23d83dd251?s=96&d=mm&r=g\",\"caption\":\"jkpg\"},\"url\":\"https:\\\/\\\/wp.kristdemokraterna.se\\\/jkpg\\\/author\\\/jkpg\\\/\"}]}<\/script>\n<!-- \/ Yoast SEO plugin. -->","yoast_head_json":{"title":"Alf Svensson: M\u00e4nniskov\u00e4rdet har inget pris - J\u00f6nk\u00f6pings kommun","robots":{"index":"index","follow":"follow","max-snippet":"max-snippet:-1","max-image-preview":"max-image-preview:large","max-video-preview":"max-video-preview:-1"},"canonical":"https:\/\/wp.kristdemokraterna.se\/jkpg\/alf-svensson-manniskovardet-har-inget-pris\/","og_locale":"sv_SE","og_type":"article","og_title":"Alf Svensson: M\u00e4nniskov\u00e4rdet har inget pris - J\u00f6nk\u00f6pings kommun","og_description":"P\u00e5 sistone har debatten handlar mer om kostnader f\u00f6r flyktingstr\u00f6mmen och mindre om v\u00e5r tillfredsst\u00e4llelse \u00f6ver att f\u00e5 r\u00e4dda m\u00e4nniskor till ett tryggare liv. V\u00e5r civilisations framtid fordrar sina v\u00e4rderingar, de kristna. Backa inte fr\u00e5n dessa. P\u00e5 den europeiska kontinenten kan man mycket v\u00e4l, om samtalet inte enbart handlar om v\u00e4der och vind, f\u00e5 fr\u00e5gan: Read More","og_url":"https:\/\/wp.kristdemokraterna.se\/jkpg\/alf-svensson-manniskovardet-har-inget-pris\/","og_site_name":"J\u00f6nk\u00f6pings kommun","article_published_time":"2018-08-09T13:46:32+00:00","article_modified_time":"2020-01-13T12:11:41+00:00","author":"jkpg","twitter_card":"summary_large_image","twitter_misc":{"Skriven av":"jkpg","Ber\u00e4knad l\u00e4stid":"5 minuter"},"schema":{"@context":"https:\/\/schema.org","@graph":[{"@type":"Article","@id":"https:\/\/wp.kristdemokraterna.se\/jkpg\/alf-svensson-manniskovardet-har-inget-pris\/#article","isPartOf":{"@id":"https:\/\/wp.kristdemokraterna.se\/jkpg\/alf-svensson-manniskovardet-har-inget-pris\/"},"author":{"name":"jkpg","@id":"https:\/\/wp.kristdemokraterna.se\/jkpg\/#\/schema\/person\/683f29858a90c2b1bf3c07354412b2d7"},"headline":"Alf Svensson: M\u00e4nniskov\u00e4rdet har inget pris","datePublished":"2018-08-09T13:46:32+00:00","dateModified":"2020-01-13T12:11:41+00:00","mainEntityOfPage":{"@id":"https:\/\/wp.kristdemokraterna.se\/jkpg\/alf-svensson-manniskovardet-har-inget-pris\/"},"wordCount":919,"articleSection":["I Kommunen","I Regionen","I Riksdagen","V\u00e5r politik"],"inLanguage":"sv-SE"},{"@type":"WebPage","@id":"https:\/\/wp.kristdemokraterna.se\/jkpg\/alf-svensson-manniskovardet-har-inget-pris\/","url":"https:\/\/wp.kristdemokraterna.se\/jkpg\/alf-svensson-manniskovardet-har-inget-pris\/","name":"Alf Svensson: M\u00e4nniskov\u00e4rdet har inget pris - J\u00f6nk\u00f6pings kommun","isPartOf":{"@id":"https:\/\/wp.kristdemokraterna.se\/jkpg\/#website"},"datePublished":"2018-08-09T13:46:32+00:00","dateModified":"2020-01-13T12:11:41+00:00","author":{"@id":"https:\/\/wp.kristdemokraterna.se\/jkpg\/#\/schema\/person\/683f29858a90c2b1bf3c07354412b2d7"},"breadcrumb":{"@id":"https:\/\/wp.kristdemokraterna.se\/jkpg\/alf-svensson-manniskovardet-har-inget-pris\/#breadcrumb"},"inLanguage":"sv-SE","potentialAction":[{"@type":"ReadAction","target":["https:\/\/wp.kristdemokraterna.se\/jkpg\/alf-svensson-manniskovardet-har-inget-pris\/"]}]},{"@type":"BreadcrumbList","@id":"https:\/\/wp.kristdemokraterna.se\/jkpg\/alf-svensson-manniskovardet-har-inget-pris\/#breadcrumb","itemListElement":[{"@type":"ListItem","position":1,"name":"Hem","item":"https:\/\/wp.kristdemokraterna.se\/jkpg\/"},{"@type":"ListItem","position":2,"name":"Alf Svensson: M\u00e4nniskov\u00e4rdet har inget pris"}]},{"@type":"WebSite","@id":"https:\/\/wp.kristdemokraterna.se\/jkpg\/#website","url":"https:\/\/wp.kristdemokraterna.se\/jkpg\/","name":"J\u00f6nk\u00f6pings kommun","description":"F\u00f6r familjen och f\u00f6retagsamheten!","inLanguage":"sv-SE"},{"@type":"Person","@id":"https:\/\/wp.kristdemokraterna.se\/jkpg\/#\/schema\/person\/683f29858a90c2b1bf3c07354412b2d7","name":"jkpg","image":{"@type":"ImageObject","inLanguage":"sv-SE","@id":"https:\/\/secure.gravatar.com\/avatar\/18dae91c173a04141564ac4aee68bee1eb5786cb86b8bf427c7b2c23d83dd251?s=96&d=mm&r=g","url":"https:\/\/secure.gravatar.com\/avatar\/18dae91c173a04141564ac4aee68bee1eb5786cb86b8bf427c7b2c23d83dd251?s=96&d=mm&r=g","contentUrl":"https:\/\/secure.gravatar.com\/avatar\/18dae91c173a04141564ac4aee68bee1eb5786cb86b8bf427c7b2c23d83dd251?s=96&d=mm&r=g","caption":"jkpg"},"url":"https:\/\/wp.kristdemokraterna.se\/jkpg\/author\/jkpg\/"}]}},"_links":{"self":[{"href":"https:\/\/wp.kristdemokraterna.se\/jkpg\/wp-json\/wp\/v2\/posts\/858","targetHints":{"allow":["GET"]}}],"collection":[{"href":"https:\/\/wp.kristdemokraterna.se\/jkpg\/wp-json\/wp\/v2\/posts"}],"about":[{"href":"https:\/\/wp.kristdemokraterna.se\/jkpg\/wp-json\/wp\/v2\/types\/post"}],"author":[{"embeddable":true,"href":"https:\/\/wp.kristdemokraterna.se\/jkpg\/wp-json\/wp\/v2\/users\/745"}],"replies":[{"embeddable":true,"href":"https:\/\/wp.kristdemokraterna.se\/jkpg\/wp-json\/wp\/v2\/comments?post=858"}],"version-history":[{"count":3,"href":"https:\/\/wp.kristdemokraterna.se\/jkpg\/wp-json\/wp\/v2\/posts\/858\/revisions"}],"predecessor-version":[{"id":887,"href":"https:\/\/wp.kristdemokraterna.se\/jkpg\/wp-json\/wp\/v2\/posts\/858\/revisions\/887"}],"wp:attachment":[{"href":"https:\/\/wp.kristdemokraterna.se\/jkpg\/wp-json\/wp\/v2\/media?parent=858"}],"wp:term":[{"taxonomy":"category","embeddable":true,"href":"https:\/\/wp.kristdemokraterna.se\/jkpg\/wp-json\/wp\/v2\/categories?post=858"},{"taxonomy":"post_tag","embeddable":true,"href":"https:\/\/wp.kristdemokraterna.se\/jkpg\/wp-json\/wp\/v2\/tags?post=858"}],"curies":[{"name":"wp","href":"https:\/\/api.w.org\/{rel}","templated":true}]}}