{"id":987,"date":"2020-09-04T12:45:45","date_gmt":"2020-09-04T10:45:45","guid":{"rendered":"http:\/\/wp.kristdemokraterna.se\/jkpg\/?p=987"},"modified":"2020-09-04T12:45:45","modified_gmt":"2020-09-04T10:45:45","slug":"en-politik-som-tar-oss-genom-krisen","status":"publish","type":"post","link":"https:\/\/wp.kristdemokraterna.se\/jkpg\/en-politik-som-tar-oss-genom-krisen\/","title":{"rendered":"En politik som tar oss genom krisen"},"content":{"rendered":"<p>Sverige g\u00e5r igenom en av de st\u00f6rsta kriserna i modern tid. En sjukdomskris och en ekonomisk kris. Idag har Kristdemokraterna presenterat en budget f\u00f6r att ta Sverige genom krisen.<\/p>\n<p>Det \u00e4r stora satsningar p\u00e5 personal i v\u00e5rd och omsorg som beh\u00f6ver fler kollegor och b\u00e4ttre villkor. Satsningar som skyddar jobben och v\u00e4rnar svenska f\u00f6retag som riskerar att g\u00e5 under. Det \u00e4r en budget som st\u00f6ttar civilsamh\u00e4llet och f\u00f6reningsverige som g\u00f6r stora insatser under r\u00e5dande kris.<\/p>\n<p>Kristdemokraternas budget inneh\u00e5ller bland annat:<\/p>\n<ul>\n<li>5 miljarder i tillskott f\u00f6r att f\u00f6rhindra varsel inom v\u00e5rd och omsorg under p\u00e5g\u00e5ende kris<\/li>\n<li>Omvandling av timanst\u00e4llningar till fasta anst\u00e4llningar i \u00e4ldreomsorgen<\/li>\n<li>Kostnadsst\u00f6d f\u00f6r fasta kostnader f\u00f6r f\u00f6retag som f\u00f6rlorat \u00f6ver 40 % i oms\u00e4ttning<\/li>\n<li>S\u00e4nkt arbetsgivaravgift i tre s\u00e4rskilt utsatta branscher: restaurang, hotell och detaljhandel<\/li>\n<li>H\u00f6jt g\u00e5voskatteavdrag s\u00e5 givare kan ge st\u00f6rre belopp<\/li>\n<li>Int\u00e4ktst\u00f6d &amp; statliga l\u00e5negarantier f\u00f6r organisationer i civilsamh\u00e4llet<\/li>\n<\/ul>\n<p>L\u00e4s budgeten i sin helhet <a href=\"https:\/\/kd.nu\/kd_varmotion_2020.pdf\">h\u00e4r<\/a>.<\/p>\n","protected":false},"excerpt":{"rendered":"<p>Sverige g\u00e5r igenom en av de st\u00f6rsta kriserna i modern tid. En sjukdomskris och en ekonomisk kris. Idag har Kristdemokraterna presenterat en budget f\u00f6r att ta Sverige genom krisen. Det \u00e4r stora satsningar p\u00e5 personal i v\u00e5rd och omsorg som beh\u00f6ver fler kollegor och b\u00e4ttre villkor. Satsningar som skyddar jobben och v\u00e4rnar svenska f\u00f6retag som <a class=\"read-more-link\" href=\"https:\/\/wp.kristdemokraterna.se\/jkpg\/en-politik-som-tar-oss-genom-krisen\/\">Read More<\/a><\/p>\n","protected":false},"author":895,"featured_media":0,"comment_status":"closed","ping_status":"closed","sticky":false,"template":"","format":"standard","meta":{"_acf_changed":false,"footnotes":""},"categories":[10,3],"tags":[],"class_list":["post-987","post","type-post","status-publish","format-standard","hentry","category-i-riksdagen","category-var-politik"],"acf":[],"yoast_head":"<!-- This site is optimized with the Yoast SEO plugin v27.4 - https:\/\/yoast.com\/product\/yoast-seo-wordpress\/ -->\n<title>En politik som tar oss genom krisen - J\u00f6nk\u00f6pings kommun<\/title>\n<meta name=\"robots\" content=\"index, follow, max-snippet:-1, max-image-preview:large, max-video-preview:-1\" \/>\n<link rel=\"canonical\" href=\"https:\/\/wp.kristdemokraterna.se\/jkpg\/en-politik-som-tar-oss-genom-krisen\/\" \/>\n<meta property=\"og:locale\" content=\"sv_SE\" \/>\n<meta property=\"og:type\" content=\"article\" \/>\n<meta property=\"og:title\" content=\"En politik som tar oss genom krisen - J\u00f6nk\u00f6pings kommun\" \/>\n<meta property=\"og:description\" content=\"Sverige g\u00e5r igenom en av de st\u00f6rsta kriserna i modern tid. En sjukdomskris och en ekonomisk kris. Idag har Kristdemokraterna presenterat en budget f\u00f6r att ta Sverige genom krisen. Det \u00e4r stora satsningar p\u00e5 personal i v\u00e5rd och omsorg som beh\u00f6ver fler kollegor och b\u00e4ttre villkor. Satsningar som skyddar jobben och v\u00e4rnar svenska f\u00f6retag som Read More\" \/>\n<meta property=\"og:url\" content=\"https:\/\/wp.kristdemokraterna.se\/jkpg\/en-politik-som-tar-oss-genom-krisen\/\" \/>\n<meta property=\"og:site_name\" content=\"J\u00f6nk\u00f6pings kommun\" \/>\n<meta property=\"article:published_time\" content=\"2020-09-04T10:45:45+00:00\" \/>\n<meta name=\"author\" content=\"Ombudsman\" \/>\n<meta name=\"twitter:card\" content=\"summary_large_image\" \/>\n<meta name=\"twitter:label1\" content=\"Skriven av\" \/>\n\t<meta name=\"twitter:data1\" content=\"Ombudsman\" \/>\n\t<meta name=\"twitter:label2\" content=\"Ber\u00e4knad l\u00e4stid\" \/>\n\t<meta name=\"twitter:data2\" content=\"1 minut\" \/>\n<script type=\"application\/ld+json\" class=\"yoast-schema-graph\">{\"@context\":\"https:\\\/\\\/schema.org\",\"@graph\":[{\"@type\":\"Article\",\"@id\":\"https:\\\/\\\/wp.kristdemokraterna.se\\\/jkpg\\\/en-politik-som-tar-oss-genom-krisen\\\/#article\",\"isPartOf\":{\"@id\":\"https:\\\/\\\/wp.kristdemokraterna.se\\\/jkpg\\\/en-politik-som-tar-oss-genom-krisen\\\/\"},\"author\":{\"name\":\"Ombudsman\",\"@id\":\"https:\\\/\\\/wp.kristdemokraterna.se\\\/jkpg\\\/#\\\/schema\\\/person\\\/3d118357d9ae6c07ef96d211c7737d64\"},\"headline\":\"En politik som tar oss genom krisen\",\"datePublished\":\"2020-09-04T10:45:45+00:00\",\"mainEntityOfPage\":{\"@id\":\"https:\\\/\\\/wp.kristdemokraterna.se\\\/jkpg\\\/en-politik-som-tar-oss-genom-krisen\\\/\"},\"wordCount\":192,\"articleSection\":[\"I Riksdagen\",\"V\u00e5r politik\"],\"inLanguage\":\"sv-SE\"},{\"@type\":\"WebPage\",\"@id\":\"https:\\\/\\\/wp.kristdemokraterna.se\\\/jkpg\\\/en-politik-som-tar-oss-genom-krisen\\\/\",\"url\":\"https:\\\/\\\/wp.kristdemokraterna.se\\\/jkpg\\\/en-politik-som-tar-oss-genom-krisen\\\/\",\"name\":\"En politik som tar oss genom krisen - J\u00f6nk\u00f6pings kommun\",\"isPartOf\":{\"@id\":\"https:\\\/\\\/wp.kristdemokraterna.se\\\/jkpg\\\/#website\"},\"datePublished\":\"2020-09-04T10:45:45+00:00\",\"author\":{\"@id\":\"https:\\\/\\\/wp.kristdemokraterna.se\\\/jkpg\\\/#\\\/schema\\\/person\\\/3d118357d9ae6c07ef96d211c7737d64\"},\"breadcrumb\":{\"@id\":\"https:\\\/\\\/wp.kristdemokraterna.se\\\/jkpg\\\/en-politik-som-tar-oss-genom-krisen\\\/#breadcrumb\"},\"inLanguage\":\"sv-SE\",\"potentialAction\":[{\"@type\":\"ReadAction\",\"target\":[\"https:\\\/\\\/wp.kristdemokraterna.se\\\/jkpg\\\/en-politik-som-tar-oss-genom-krisen\\\/\"]}]},{\"@type\":\"BreadcrumbList\",\"@id\":\"https:\\\/\\\/wp.kristdemokraterna.se\\\/jkpg\\\/en-politik-som-tar-oss-genom-krisen\\\/#breadcrumb\",\"itemListElement\":[{\"@type\":\"ListItem\",\"position\":1,\"name\":\"Hem\",\"item\":\"https:\\\/\\\/wp.kristdemokraterna.se\\\/jkpg\\\/\"},{\"@type\":\"ListItem\",\"position\":2,\"name\":\"En politik som tar oss genom krisen\"}]},{\"@type\":\"WebSite\",\"@id\":\"https:\\\/\\\/wp.kristdemokraterna.se\\\/jkpg\\\/#website\",\"url\":\"https:\\\/\\\/wp.kristdemokraterna.se\\\/jkpg\\\/\",\"name\":\"J\u00f6nk\u00f6pings kommun\",\"description\":\"F\u00f6r familjen och f\u00f6retagsamheten!\",\"inLanguage\":\"sv-SE\"},{\"@type\":\"Person\",\"@id\":\"https:\\\/\\\/wp.kristdemokraterna.se\\\/jkpg\\\/#\\\/schema\\\/person\\\/3d118357d9ae6c07ef96d211c7737d64\",\"name\":\"Ombudsman\",\"image\":{\"@type\":\"ImageObject\",\"inLanguage\":\"sv-SE\",\"@id\":\"https:\\\/\\\/secure.gravatar.com\\\/avatar\\\/2df310d6c5d618cc1e0f351f07bacf998ec912dee3b82eab3b724ae7a26b4bf5?s=96&d=mm&r=g\",\"url\":\"https:\\\/\\\/secure.gravatar.com\\\/avatar\\\/2df310d6c5d618cc1e0f351f07bacf998ec912dee3b82eab3b724ae7a26b4bf5?s=96&d=mm&r=g\",\"contentUrl\":\"https:\\\/\\\/secure.gravatar.com\\\/avatar\\\/2df310d6c5d618cc1e0f351f07bacf998ec912dee3b82eab3b724ae7a26b4bf5?s=96&d=mm&r=g\",\"caption\":\"Ombudsman\"},\"url\":\"https:\\\/\\\/wp.kristdemokraterna.se\\\/jkpg\\\/author\\\/antonvahlstrom\\\/\"}]}<\/script>\n<!-- \/ Yoast SEO plugin. -->","yoast_head_json":{"title":"En politik som tar oss genom krisen - J\u00f6nk\u00f6pings kommun","robots":{"index":"index","follow":"follow","max-snippet":"max-snippet:-1","max-image-preview":"max-image-preview:large","max-video-preview":"max-video-preview:-1"},"canonical":"https:\/\/wp.kristdemokraterna.se\/jkpg\/en-politik-som-tar-oss-genom-krisen\/","og_locale":"sv_SE","og_type":"article","og_title":"En politik som tar oss genom krisen - J\u00f6nk\u00f6pings kommun","og_description":"Sverige g\u00e5r igenom en av de st\u00f6rsta kriserna i modern tid. En sjukdomskris och en ekonomisk kris. Idag har Kristdemokraterna presenterat en budget f\u00f6r att ta Sverige genom krisen. Det \u00e4r stora satsningar p\u00e5 personal i v\u00e5rd och omsorg som beh\u00f6ver fler kollegor och b\u00e4ttre villkor. Satsningar som skyddar jobben och v\u00e4rnar svenska f\u00f6retag som Read More","og_url":"https:\/\/wp.kristdemokraterna.se\/jkpg\/en-politik-som-tar-oss-genom-krisen\/","og_site_name":"J\u00f6nk\u00f6pings kommun","article_published_time":"2020-09-04T10:45:45+00:00","author":"Ombudsman","twitter_card":"summary_large_image","twitter_misc":{"Skriven av":"Ombudsman","Ber\u00e4knad l\u00e4stid":"1 minut"},"schema":{"@context":"https:\/\/schema.org","@graph":[{"@type":"Article","@id":"https:\/\/wp.kristdemokraterna.se\/jkpg\/en-politik-som-tar-oss-genom-krisen\/#article","isPartOf":{"@id":"https:\/\/wp.kristdemokraterna.se\/jkpg\/en-politik-som-tar-oss-genom-krisen\/"},"author":{"name":"Ombudsman","@id":"https:\/\/wp.kristdemokraterna.se\/jkpg\/#\/schema\/person\/3d118357d9ae6c07ef96d211c7737d64"},"headline":"En politik som tar oss genom krisen","datePublished":"2020-09-04T10:45:45+00:00","mainEntityOfPage":{"@id":"https:\/\/wp.kristdemokraterna.se\/jkpg\/en-politik-som-tar-oss-genom-krisen\/"},"wordCount":192,"articleSection":["I Riksdagen","V\u00e5r politik"],"inLanguage":"sv-SE"},{"@type":"WebPage","@id":"https:\/\/wp.kristdemokraterna.se\/jkpg\/en-politik-som-tar-oss-genom-krisen\/","url":"https:\/\/wp.kristdemokraterna.se\/jkpg\/en-politik-som-tar-oss-genom-krisen\/","name":"En politik som tar oss genom krisen - J\u00f6nk\u00f6pings kommun","isPartOf":{"@id":"https:\/\/wp.kristdemokraterna.se\/jkpg\/#website"},"datePublished":"2020-09-04T10:45:45+00:00","author":{"@id":"https:\/\/wp.kristdemokraterna.se\/jkpg\/#\/schema\/person\/3d118357d9ae6c07ef96d211c7737d64"},"breadcrumb":{"@id":"https:\/\/wp.kristdemokraterna.se\/jkpg\/en-politik-som-tar-oss-genom-krisen\/#breadcrumb"},"inLanguage":"sv-SE","potentialAction":[{"@type":"ReadAction","target":["https:\/\/wp.kristdemokraterna.se\/jkpg\/en-politik-som-tar-oss-genom-krisen\/"]}]},{"@type":"BreadcrumbList","@id":"https:\/\/wp.kristdemokraterna.se\/jkpg\/en-politik-som-tar-oss-genom-krisen\/#breadcrumb","itemListElement":[{"@type":"ListItem","position":1,"name":"Hem","item":"https:\/\/wp.kristdemokraterna.se\/jkpg\/"},{"@type":"ListItem","position":2,"name":"En politik som tar oss genom krisen"}]},{"@type":"WebSite","@id":"https:\/\/wp.kristdemokraterna.se\/jkpg\/#website","url":"https:\/\/wp.kristdemokraterna.se\/jkpg\/","name":"J\u00f6nk\u00f6pings kommun","description":"F\u00f6r familjen och f\u00f6retagsamheten!","inLanguage":"sv-SE"},{"@type":"Person","@id":"https:\/\/wp.kristdemokraterna.se\/jkpg\/#\/schema\/person\/3d118357d9ae6c07ef96d211c7737d64","name":"Ombudsman","image":{"@type":"ImageObject","inLanguage":"sv-SE","@id":"https:\/\/secure.gravatar.com\/avatar\/2df310d6c5d618cc1e0f351f07bacf998ec912dee3b82eab3b724ae7a26b4bf5?s=96&d=mm&r=g","url":"https:\/\/secure.gravatar.com\/avatar\/2df310d6c5d618cc1e0f351f07bacf998ec912dee3b82eab3b724ae7a26b4bf5?s=96&d=mm&r=g","contentUrl":"https:\/\/secure.gravatar.com\/avatar\/2df310d6c5d618cc1e0f351f07bacf998ec912dee3b82eab3b724ae7a26b4bf5?s=96&d=mm&r=g","caption":"Ombudsman"},"url":"https:\/\/wp.kristdemokraterna.se\/jkpg\/author\/antonvahlstrom\/"}]}},"_links":{"self":[{"href":"https:\/\/wp.kristdemokraterna.se\/jkpg\/wp-json\/wp\/v2\/posts\/987","targetHints":{"allow":["GET"]}}],"collection":[{"href":"https:\/\/wp.kristdemokraterna.se\/jkpg\/wp-json\/wp\/v2\/posts"}],"about":[{"href":"https:\/\/wp.kristdemokraterna.se\/jkpg\/wp-json\/wp\/v2\/types\/post"}],"author":[{"embeddable":true,"href":"https:\/\/wp.kristdemokraterna.se\/jkpg\/wp-json\/wp\/v2\/users\/895"}],"replies":[{"embeddable":true,"href":"https:\/\/wp.kristdemokraterna.se\/jkpg\/wp-json\/wp\/v2\/comments?post=987"}],"version-history":[{"count":1,"href":"https:\/\/wp.kristdemokraterna.se\/jkpg\/wp-json\/wp\/v2\/posts\/987\/revisions"}],"predecessor-version":[{"id":988,"href":"https:\/\/wp.kristdemokraterna.se\/jkpg\/wp-json\/wp\/v2\/posts\/987\/revisions\/988"}],"wp:attachment":[{"href":"https:\/\/wp.kristdemokraterna.se\/jkpg\/wp-json\/wp\/v2\/media?parent=987"}],"wp:term":[{"taxonomy":"category","embeddable":true,"href":"https:\/\/wp.kristdemokraterna.se\/jkpg\/wp-json\/wp\/v2\/categories?post=987"},{"taxonomy":"post_tag","embeddable":true,"href":"https:\/\/wp.kristdemokraterna.se\/jkpg\/wp-json\/wp\/v2\/tags?post=987"}],"curies":[{"name":"wp","href":"https:\/\/api.w.org\/{rel}","templated":true}]}}