{"id":1366,"date":"2019-03-22T21:27:34","date_gmt":"2019-03-22T20:27:34","guid":{"rendered":"http:\/\/wp.kristdemokraterna.se\/jonkoping\/?p=1366"},"modified":"2019-03-22T21:35:19","modified_gmt":"2019-03-22T20:35:19","slug":"kristdemokraternas-forhallningssatt-i-en-ny-parlamentarisk-situation","status":"publish","type":"post","link":"https:\/\/wp.kristdemokraterna.se\/jonkoping\/kristdemokraternas-forhallningssatt-i-en-ny-parlamentarisk-situation\/","title":{"rendered":"Kristdemokraternas f\u00f6rh\u00e5llningss\u00e4tt i en ny parlamentarisk situation"},"content":{"rendered":"<p><a href=\"http:\/\/wp.kristdemokraterna.se\/jonkoping\/files\/2019\/03\/ebt-parlamentariskt-forhalln.satt.jpg\"><img loading=\"lazy\" decoding=\"async\" class=\"alignnone size-full wp-image-1371\" src=\"http:\/\/wp.kristdemokraterna.se\/jonkoping\/files\/2019\/03\/ebt-parlamentariskt-forhalln.satt.jpg\" alt=\"\" width=\"537\" height=\"401\" srcset=\"https:\/\/wp.kristdemokraterna.se\/jonkoping\/files\/2019\/03\/ebt-parlamentariskt-forhalln.satt.jpg 537w, https:\/\/wp.kristdemokraterna.se\/jonkoping\/files\/2019\/03\/ebt-parlamentariskt-forhalln.satt-300x224.jpg 300w, https:\/\/wp.kristdemokraterna.se\/jonkoping\/files\/2019\/03\/ebt-parlamentariskt-forhalln.satt-268x200.jpg 268w, https:\/\/wp.kristdemokraterna.se\/jonkoping\/files\/2019\/03\/ebt-parlamentariskt-forhalln.satt-370x276.jpg 370w, https:\/\/wp.kristdemokraterna.se\/jonkoping\/files\/2019\/03\/ebt-parlamentariskt-forhalln.satt-450x336.jpg 450w, https:\/\/wp.kristdemokraterna.se\/jonkoping\/files\/2019\/03\/ebt-parlamentariskt-forhalln.satt-280x209.jpg 280w, https:\/\/wp.kristdemokraterna.se\/jonkoping\/files\/2019\/03\/ebt-parlamentariskt-forhalln.satt-340x254.jpg 340w, https:\/\/wp.kristdemokraterna.se\/jonkoping\/files\/2019\/03\/ebt-parlamentariskt-forhalln.satt-200x149.jpg 200w, https:\/\/wp.kristdemokraterna.se\/jonkoping\/files\/2019\/03\/ebt-parlamentariskt-forhalln.satt-75x56.jpg 75w\" sizes=\"auto, (max-width: 537px) 100vw, 537px\" \/><\/a><\/p>\n<p>Foto: Kristdemokraterna<\/p>\n<p align=\"left\"><strong>Den 11 Januari f\u00f6r\u00e4ndrades Sverige politiska landskap i grunden. Alliansen, det samarbetsprojekt mellan Moderaterna, Centerpartiet, Liberalerna och Kristdemokraterna som funnits sedan 2004 och som regerade landet mellan 2006 och 2014,avvecklades. I tomrummet som uppst\u00e5tt efter Alliansen har vi kristdemokrater tvingats att t\u00e4nka i nya banor.<\/strong><\/p>\n<p>Hur kan vi n\u00e5 b\u00e4sta m\u00f6jliga genomslag f\u00f6r kristdemokratisk politik och d\u00e4rmed b\u00e4st f\u00f6retr\u00e4da de 409 478 v\u00e4ljare som r\u00f6stade p\u00e5 oss? Hur kan vi b\u00e4st f\u00f6rs\u00e4kra b\u00e5de dem och de uppskattningsvis 20<span style=\"color: #111111\"><span style=\"font-size: medium\">0 <\/span><\/span><span style=\"color: #111111\"><span style=\"font-size: medium\">000 v\u00e4ljare som kommit \u00f6ver till oss efter valet, om att vi alltid kommer att g\u00f6ra allt f\u00f6r att f\u00e5 igenom den politik de r\u00f6star p\u00e5?<br \/>\n<\/span><\/span><\/p>\n<p align=\"left\"><span style=\"font-family: Times New Roman, serif\"><span style=\"color: #111111\"><span style=\"font-family: Open Sans, arial, sans-serif\"><span style=\"font-size: medium\">F\u00f6r v\u00e5r del g\u00e4ller nu f\u00f6ljande. Med Moderaterna har vi ett aktivt och n\u00e4ra samarbete. Med Centerpartiet och Liberalerna hoppas vi i framtiden kunna regera i koalition eller genom organiserat budgetsamarbete. Med Socialdemokraterna, Sverigedemokraterna, V\u00e4nsterpartiet och Milj\u00f6partiet \u00e4r vi beredda att diskutera enskilda sakfr\u00e5gor n\u00e4rhelst det \u00e4r meningsfullt att g\u00f6ra s\u00e5.<\/span><\/span><\/span><\/span><\/p>\n<p><span style=\"color: #111111\"><span style=\"font-family: Open Sans, arial, sans-serif\"><span style=\"font-size: medium\">Det exakta beslut som v\u00e5r partistyrelse har fattat utg\u00e5r fr\u00e5n att vi:<\/span><\/span><\/span><\/p>\n<p align=\"left\"><span style=\"color: #111111\"><span style=\"color: #808000\">\u2714\ufe0f<\/span> <span style=\"font-family: Open Sans, arial, sans-serif\"><span style=\"font-size: medium\">I alla l\u00e4gen st\u00e5r upp f\u00f6r kristdemokratiska v\u00e4rderingar och s\u00f6ker st\u00f6d f\u00f6r v\u00e5ra politiska f\u00f6rslag.<\/span><\/span><\/span><\/p>\n<p align=\"left\"><span style=\"color: #111111\"> \u2714\ufe0f <span style=\"font-family: Open Sans, arial, sans-serif\"><span style=\"font-size: medium\">Har ett n\u00e4ra samarbete med Moderata Samlingspartiet<\/span><\/span><\/span><\/p>\n<p align=\"left\"><span style=\"color: #111111\">\u2714\ufe0f <span style=\"font-family: Open Sans, arial, sans-serif\"><span style=\"font-size: medium\">\u00d6nskar \u2013 n\u00e4r s\u00e5 \u00e4r m\u00f6jligt \u2013 \u00e5terskapa ett n\u00e4ra samarbete \u00e4ven med Centerpartiet och Liberalerna samt att \u00e5ter bilda regering med dessa tre partier.<br \/>\n<\/span><\/span><\/span><\/p>\n<p align=\"left\"><span style=\"color: #111111\">\u2714\ufe0f <span style=\"font-family: Open Sans, arial, sans-serif\"><span style=\"font-size: medium\">kan samtala med samtliga riksdagspartier i syfte att n\u00e5 samsyn i enskilda sakpolitiska fr\u00e5gor d\u00e4r det finns f\u00f6ruts\u00e4ttningar f\u00f6r att st\u00e4rka st\u00f6det f\u00f6r den politik vi st\u00e5r f\u00f6r.<\/span><\/span><\/span><\/p>\n<p>&nbsp;<\/p>\n<p align=\"left\"><span style=\"color: #111111\"><span style=\"font-family: Open Sans, arial, sans-serif\"><span style=\"font-size: medium\">V\u00e5rt f\u00f6rh\u00e5llningss\u00e4tt inneb\u00e4r inte:<\/span><\/span><\/span><\/p>\n<p align=\"left\"><span style=\"color: #111111\">\u2714\ufe0f <span style=\"font-family: Open Sans, arial, sans-serif\"><span style=\"font-size: medium\">Vi inr\u00e4ttar oss inte i n\u00e5got nytt block.<br \/>\n<\/span><\/span><\/span><\/p>\n<p align=\"left\"><span style=\"color: #111111\">\u2714\ufe0f <span style=\"font-family: Open Sans, arial, sans-serif\"><span style=\"font-size: medium\">Vi kommer inte att acceptera kompromisser som strider mot v\u00e5ra kristdemokratiska grundv\u00e4rderingar.<\/span><\/span><\/span><\/p>\n<p align=\"left\"><span style=\"color: #111111\">\u2714\ufe0f <span style=\"font-family: Open Sans, arial, sans-serif\"><span style=\"font-size: medium\">Vi garanterar inte att vi slutf\u00f6r en f\u00f6rhandling som p\u00e5b\u00f6rjats. Varje f\u00f6rhandlingsrum har en d\u00f6rr som man kan g\u00e5 ut genom.<\/span><\/span><\/span><\/p>\n<p>&nbsp;<\/p>\n<p align=\"left\"><span style=\"color: #111111\"><span style=\"font-family: Open Sans, arial, sans-serif\"><span style=\"font-size: medium\">Eftersom vi \u00e4r trygga och djupt rotade i v\u00e5ra egna v\u00e4rderingar har vi inga sk\u00e4l att frukta andras, \u00e4ven om vi m\u00e5 ogilla dem. Vi vet var kristdemokratins gr\u00e4nser g\u00e5r och vi kommer aldrig att \u00f6vertr\u00e4da dem.<\/span><\/span><\/span><\/p>\n<p align=\"left\"><span style=\"color: #111111\"><span style=\"font-family: Open Sans, arial, sans-serif\"><span style=\"font-size: medium\">\u00a0<\/span><\/span><\/span><\/p>\n<p align=\"left\"><span style=\"color: #111111\"><span style=\"font-family: Open Sans, arial, sans-serif\"><span style=\"font-size: medium\">\u00a0<\/span><\/span><\/span><\/p>\n<p>&nbsp;<\/p>\n","protected":false},"excerpt":{"rendered":"<p>Foto: Kristdemokraterna Den 11 Januari f\u00f6r\u00e4ndrades Sverige politiska landskap i grunden. Alliansen, det samarbetsprojekt mellan Moderaterna, Centerpartiet, Liberalerna och Kristdemokraterna som funnits sedan 2004 och som regerade landet mellan 2006 och 2014,avvecklades. I tomrummet som uppst\u00e5tt efter Alliansen har vi kristdemokrater tvingats att t\u00e4nka i nya banor. Hur kan vi n\u00e5 b\u00e4sta m\u00f6jliga genomslag f\u00f6r <a class=\"read-more-link\" href=\"https:\/\/wp.kristdemokraterna.se\/jonkoping\/kristdemokraternas-forhallningssatt-i-en-ny-parlamentarisk-situation\/\">L\u00e4s mer<\/a><\/p>\n","protected":false},"author":34,"featured_media":0,"comment_status":"closed","ping_status":"closed","sticky":false,"template":"","format":"standard","meta":{"_acf_changed":false,"footnotes":""},"categories":[14,10,1,3],"tags":[],"class_list":["post-1366","post","type-post","status-publish","format-standard","hentry","category-i-riksdagen","category-nyheter","category-okategoriserade","category-var-politik"],"acf":[],"yoast_head":"<!-- This site is optimized with the Yoast SEO plugin v27.4 - https:\/\/yoast.com\/product\/yoast-seo-wordpress\/ -->\n<title>Kristdemokraternas f\u00f6rh\u00e5llningss\u00e4tt i en ny parlamentarisk situation - Kristdemokraterna J\u00f6nk\u00f6pings kommundelsf\u00f6rening<\/title>\n<meta name=\"robots\" content=\"index, follow, max-snippet:-1, max-image-preview:large, max-video-preview:-1\" \/>\n<link rel=\"canonical\" href=\"https:\/\/wp.kristdemokraterna.se\/jonkoping\/kristdemokraternas-forhallningssatt-i-en-ny-parlamentarisk-situation\/\" \/>\n<meta property=\"og:locale\" content=\"sv_SE\" \/>\n<meta property=\"og:type\" content=\"article\" \/>\n<meta property=\"og:title\" content=\"Kristdemokraternas f\u00f6rh\u00e5llningss\u00e4tt i en ny parlamentarisk situation - Kristdemokraterna J\u00f6nk\u00f6pings kommundelsf\u00f6rening\" \/>\n<meta property=\"og:description\" content=\"Foto: Kristdemokraterna Den 11 Januari f\u00f6r\u00e4ndrades Sverige politiska landskap i grunden. Alliansen, det samarbetsprojekt mellan Moderaterna, Centerpartiet, Liberalerna och Kristdemokraterna som funnits sedan 2004 och som regerade landet mellan 2006 och 2014,avvecklades. I tomrummet som uppst\u00e5tt efter Alliansen har vi kristdemokrater tvingats att t\u00e4nka i nya banor. Hur kan vi n\u00e5 b\u00e4sta m\u00f6jliga genomslag f\u00f6r L\u00e4s mer\" \/>\n<meta property=\"og:url\" content=\"https:\/\/wp.kristdemokraterna.se\/jonkoping\/kristdemokraternas-forhallningssatt-i-en-ny-parlamentarisk-situation\/\" \/>\n<meta property=\"og:site_name\" content=\"Kristdemokraterna J\u00f6nk\u00f6pings kommundelsf\u00f6rening\" \/>\n<meta property=\"article:published_time\" content=\"2019-03-22T20:27:34+00:00\" \/>\n<meta property=\"article:modified_time\" content=\"2019-03-22T20:35:19+00:00\" \/>\n<meta property=\"og:image\" content=\"http:\/\/wp.kristdemokraterna.se\/jonkoping\/files\/2019\/03\/ebt-parlamentariskt-forhalln.satt.jpg\" \/>\n<meta name=\"author\" content=\"jonkoping\" \/>\n<meta name=\"twitter:card\" content=\"summary_large_image\" \/>\n<meta name=\"twitter:label1\" content=\"Skriven av\" \/>\n\t<meta name=\"twitter:data1\" content=\"jonkoping\" \/>\n\t<meta name=\"twitter:label2\" content=\"Ber\u00e4knad l\u00e4stid\" \/>\n\t<meta name=\"twitter:data2\" content=\"2 minuter\" \/>\n<script type=\"application\/ld+json\" class=\"yoast-schema-graph\">{\"@context\":\"https:\\\/\\\/schema.org\",\"@graph\":[{\"@type\":\"Article\",\"@id\":\"https:\\\/\\\/wp.kristdemokraterna.se\\\/jonkoping\\\/kristdemokraternas-forhallningssatt-i-en-ny-parlamentarisk-situation\\\/#article\",\"isPartOf\":{\"@id\":\"https:\\\/\\\/wp.kristdemokraterna.se\\\/jonkoping\\\/kristdemokraternas-forhallningssatt-i-en-ny-parlamentarisk-situation\\\/\"},\"author\":{\"name\":\"jonkoping\",\"@id\":\"https:\\\/\\\/wp.kristdemokraterna.se\\\/jonkoping\\\/#\\\/schema\\\/person\\\/3a54de2cd9101ec8c6fb0d195c17e7bf\"},\"headline\":\"Kristdemokraternas f\u00f6rh\u00e5llningss\u00e4tt i en ny parlamentarisk situation\",\"datePublished\":\"2019-03-22T20:27:34+00:00\",\"dateModified\":\"2019-03-22T20:35:19+00:00\",\"mainEntityOfPage\":{\"@id\":\"https:\\\/\\\/wp.kristdemokraterna.se\\\/jonkoping\\\/kristdemokraternas-forhallningssatt-i-en-ny-parlamentarisk-situation\\\/\"},\"wordCount\":408,\"image\":{\"@id\":\"https:\\\/\\\/wp.kristdemokraterna.se\\\/jonkoping\\\/kristdemokraternas-forhallningssatt-i-en-ny-parlamentarisk-situation\\\/#primaryimage\"},\"thumbnailUrl\":\"http:\\\/\\\/wp.kristdemokraterna.se\\\/jonkoping\\\/files\\\/2019\\\/03\\\/ebt-parlamentariskt-forhalln.satt.jpg\",\"articleSection\":{\"0\":\"I riksdagen\",\"1\":\"Nyheter\",\"3\":\"V\u00e5r politik\"},\"inLanguage\":\"sv-SE\"},{\"@type\":\"WebPage\",\"@id\":\"https:\\\/\\\/wp.kristdemokraterna.se\\\/jonkoping\\\/kristdemokraternas-forhallningssatt-i-en-ny-parlamentarisk-situation\\\/\",\"url\":\"https:\\\/\\\/wp.kristdemokraterna.se\\\/jonkoping\\\/kristdemokraternas-forhallningssatt-i-en-ny-parlamentarisk-situation\\\/\",\"name\":\"Kristdemokraternas f\u00f6rh\u00e5llningss\u00e4tt i en ny parlamentarisk situation - Kristdemokraterna J\u00f6nk\u00f6pings kommundelsf\u00f6rening\",\"isPartOf\":{\"@id\":\"https:\\\/\\\/wp.kristdemokraterna.se\\\/jonkoping\\\/#website\"},\"primaryImageOfPage\":{\"@id\":\"https:\\\/\\\/wp.kristdemokraterna.se\\\/jonkoping\\\/kristdemokraternas-forhallningssatt-i-en-ny-parlamentarisk-situation\\\/#primaryimage\"},\"image\":{\"@id\":\"https:\\\/\\\/wp.kristdemokraterna.se\\\/jonkoping\\\/kristdemokraternas-forhallningssatt-i-en-ny-parlamentarisk-situation\\\/#primaryimage\"},\"thumbnailUrl\":\"http:\\\/\\\/wp.kristdemokraterna.se\\\/jonkoping\\\/files\\\/2019\\\/03\\\/ebt-parlamentariskt-forhalln.satt.jpg\",\"datePublished\":\"2019-03-22T20:27:34+00:00\",\"dateModified\":\"2019-03-22T20:35:19+00:00\",\"author\":{\"@id\":\"https:\\\/\\\/wp.kristdemokraterna.se\\\/jonkoping\\\/#\\\/schema\\\/person\\\/3a54de2cd9101ec8c6fb0d195c17e7bf\"},\"breadcrumb\":{\"@id\":\"https:\\\/\\\/wp.kristdemokraterna.se\\\/jonkoping\\\/kristdemokraternas-forhallningssatt-i-en-ny-parlamentarisk-situation\\\/#breadcrumb\"},\"inLanguage\":\"sv-SE\",\"potentialAction\":[{\"@type\":\"ReadAction\",\"target\":[\"https:\\\/\\\/wp.kristdemokraterna.se\\\/jonkoping\\\/kristdemokraternas-forhallningssatt-i-en-ny-parlamentarisk-situation\\\/\"]}]},{\"@type\":\"ImageObject\",\"inLanguage\":\"sv-SE\",\"@id\":\"https:\\\/\\\/wp.kristdemokraterna.se\\\/jonkoping\\\/kristdemokraternas-forhallningssatt-i-en-ny-parlamentarisk-situation\\\/#primaryimage\",\"url\":\"https:\\\/\\\/wp.kristdemokraterna.se\\\/jonkoping\\\/files\\\/2019\\\/03\\\/ebt-parlamentariskt-forhalln.satt.jpg\",\"contentUrl\":\"https:\\\/\\\/wp.kristdemokraterna.se\\\/jonkoping\\\/files\\\/2019\\\/03\\\/ebt-parlamentariskt-forhalln.satt.jpg\",\"width\":537,\"height\":401},{\"@type\":\"BreadcrumbList\",\"@id\":\"https:\\\/\\\/wp.kristdemokraterna.se\\\/jonkoping\\\/kristdemokraternas-forhallningssatt-i-en-ny-parlamentarisk-situation\\\/#breadcrumb\",\"itemListElement\":[{\"@type\":\"ListItem\",\"position\":1,\"name\":\"Hem\",\"item\":\"https:\\\/\\\/wp.kristdemokraterna.se\\\/jonkoping\\\/\"},{\"@type\":\"ListItem\",\"position\":2,\"name\":\"Kristdemokraternas f\u00f6rh\u00e5llningss\u00e4tt i en ny parlamentarisk situation\"}]},{\"@type\":\"WebSite\",\"@id\":\"https:\\\/\\\/wp.kristdemokraterna.se\\\/jonkoping\\\/#website\",\"url\":\"https:\\\/\\\/wp.kristdemokraterna.se\\\/jonkoping\\\/\",\"name\":\"Kristdemokraterna J\u00f6nk\u00f6pings kommundelsf\u00f6rening\",\"description\":\"Kristdemokraterna J\u00f6nk\u00f6pings kommundelsf\u00f6rening\",\"inLanguage\":\"sv-SE\"},{\"@type\":\"Person\",\"@id\":\"https:\\\/\\\/wp.kristdemokraterna.se\\\/jonkoping\\\/#\\\/schema\\\/person\\\/3a54de2cd9101ec8c6fb0d195c17e7bf\",\"name\":\"jonkoping\",\"image\":{\"@type\":\"ImageObject\",\"inLanguage\":\"sv-SE\",\"@id\":\"https:\\\/\\\/secure.gravatar.com\\\/avatar\\\/42d2f3b3a9f67a1a59712854095601e4c10b062bee75aa856c3bfd6501538ab6?s=96&d=mm&r=g\",\"url\":\"https:\\\/\\\/secure.gravatar.com\\\/avatar\\\/42d2f3b3a9f67a1a59712854095601e4c10b062bee75aa856c3bfd6501538ab6?s=96&d=mm&r=g\",\"contentUrl\":\"https:\\\/\\\/secure.gravatar.com\\\/avatar\\\/42d2f3b3a9f67a1a59712854095601e4c10b062bee75aa856c3bfd6501538ab6?s=96&d=mm&r=g\",\"caption\":\"jonkoping\"},\"url\":\"https:\\\/\\\/wp.kristdemokraterna.se\\\/jonkoping\\\/author\\\/jonkoping\\\/\"}]}<\/script>\n<!-- \/ Yoast SEO plugin. -->","yoast_head_json":{"title":"Kristdemokraternas f\u00f6rh\u00e5llningss\u00e4tt i en ny parlamentarisk situation - Kristdemokraterna J\u00f6nk\u00f6pings kommundelsf\u00f6rening","robots":{"index":"index","follow":"follow","max-snippet":"max-snippet:-1","max-image-preview":"max-image-preview:large","max-video-preview":"max-video-preview:-1"},"canonical":"https:\/\/wp.kristdemokraterna.se\/jonkoping\/kristdemokraternas-forhallningssatt-i-en-ny-parlamentarisk-situation\/","og_locale":"sv_SE","og_type":"article","og_title":"Kristdemokraternas f\u00f6rh\u00e5llningss\u00e4tt i en ny parlamentarisk situation - Kristdemokraterna J\u00f6nk\u00f6pings kommundelsf\u00f6rening","og_description":"Foto: Kristdemokraterna Den 11 Januari f\u00f6r\u00e4ndrades Sverige politiska landskap i grunden. Alliansen, det samarbetsprojekt mellan Moderaterna, Centerpartiet, Liberalerna och Kristdemokraterna som funnits sedan 2004 och som regerade landet mellan 2006 och 2014,avvecklades. I tomrummet som uppst\u00e5tt efter Alliansen har vi kristdemokrater tvingats att t\u00e4nka i nya banor. Hur kan vi n\u00e5 b\u00e4sta m\u00f6jliga genomslag f\u00f6r L\u00e4s mer","og_url":"https:\/\/wp.kristdemokraterna.se\/jonkoping\/kristdemokraternas-forhallningssatt-i-en-ny-parlamentarisk-situation\/","og_site_name":"Kristdemokraterna J\u00f6nk\u00f6pings kommundelsf\u00f6rening","article_published_time":"2019-03-22T20:27:34+00:00","article_modified_time":"2019-03-22T20:35:19+00:00","og_image":[{"url":"http:\/\/wp.kristdemokraterna.se\/jonkoping\/files\/2019\/03\/ebt-parlamentariskt-forhalln.satt.jpg","type":"","width":"","height":""}],"author":"jonkoping","twitter_card":"summary_large_image","twitter_misc":{"Skriven av":"jonkoping","Ber\u00e4knad l\u00e4stid":"2 minuter"},"schema":{"@context":"https:\/\/schema.org","@graph":[{"@type":"Article","@id":"https:\/\/wp.kristdemokraterna.se\/jonkoping\/kristdemokraternas-forhallningssatt-i-en-ny-parlamentarisk-situation\/#article","isPartOf":{"@id":"https:\/\/wp.kristdemokraterna.se\/jonkoping\/kristdemokraternas-forhallningssatt-i-en-ny-parlamentarisk-situation\/"},"author":{"name":"jonkoping","@id":"https:\/\/wp.kristdemokraterna.se\/jonkoping\/#\/schema\/person\/3a54de2cd9101ec8c6fb0d195c17e7bf"},"headline":"Kristdemokraternas f\u00f6rh\u00e5llningss\u00e4tt i en ny parlamentarisk situation","datePublished":"2019-03-22T20:27:34+00:00","dateModified":"2019-03-22T20:35:19+00:00","mainEntityOfPage":{"@id":"https:\/\/wp.kristdemokraterna.se\/jonkoping\/kristdemokraternas-forhallningssatt-i-en-ny-parlamentarisk-situation\/"},"wordCount":408,"image":{"@id":"https:\/\/wp.kristdemokraterna.se\/jonkoping\/kristdemokraternas-forhallningssatt-i-en-ny-parlamentarisk-situation\/#primaryimage"},"thumbnailUrl":"http:\/\/wp.kristdemokraterna.se\/jonkoping\/files\/2019\/03\/ebt-parlamentariskt-forhalln.satt.jpg","articleSection":{"0":"I riksdagen","1":"Nyheter","3":"V\u00e5r politik"},"inLanguage":"sv-SE"},{"@type":"WebPage","@id":"https:\/\/wp.kristdemokraterna.se\/jonkoping\/kristdemokraternas-forhallningssatt-i-en-ny-parlamentarisk-situation\/","url":"https:\/\/wp.kristdemokraterna.se\/jonkoping\/kristdemokraternas-forhallningssatt-i-en-ny-parlamentarisk-situation\/","name":"Kristdemokraternas f\u00f6rh\u00e5llningss\u00e4tt i en ny parlamentarisk situation - Kristdemokraterna J\u00f6nk\u00f6pings kommundelsf\u00f6rening","isPartOf":{"@id":"https:\/\/wp.kristdemokraterna.se\/jonkoping\/#website"},"primaryImageOfPage":{"@id":"https:\/\/wp.kristdemokraterna.se\/jonkoping\/kristdemokraternas-forhallningssatt-i-en-ny-parlamentarisk-situation\/#primaryimage"},"image":{"@id":"https:\/\/wp.kristdemokraterna.se\/jonkoping\/kristdemokraternas-forhallningssatt-i-en-ny-parlamentarisk-situation\/#primaryimage"},"thumbnailUrl":"http:\/\/wp.kristdemokraterna.se\/jonkoping\/files\/2019\/03\/ebt-parlamentariskt-forhalln.satt.jpg","datePublished":"2019-03-22T20:27:34+00:00","dateModified":"2019-03-22T20:35:19+00:00","author":{"@id":"https:\/\/wp.kristdemokraterna.se\/jonkoping\/#\/schema\/person\/3a54de2cd9101ec8c6fb0d195c17e7bf"},"breadcrumb":{"@id":"https:\/\/wp.kristdemokraterna.se\/jonkoping\/kristdemokraternas-forhallningssatt-i-en-ny-parlamentarisk-situation\/#breadcrumb"},"inLanguage":"sv-SE","potentialAction":[{"@type":"ReadAction","target":["https:\/\/wp.kristdemokraterna.se\/jonkoping\/kristdemokraternas-forhallningssatt-i-en-ny-parlamentarisk-situation\/"]}]},{"@type":"ImageObject","inLanguage":"sv-SE","@id":"https:\/\/wp.kristdemokraterna.se\/jonkoping\/kristdemokraternas-forhallningssatt-i-en-ny-parlamentarisk-situation\/#primaryimage","url":"https:\/\/wp.kristdemokraterna.se\/jonkoping\/files\/2019\/03\/ebt-parlamentariskt-forhalln.satt.jpg","contentUrl":"https:\/\/wp.kristdemokraterna.se\/jonkoping\/files\/2019\/03\/ebt-parlamentariskt-forhalln.satt.jpg","width":537,"height":401},{"@type":"BreadcrumbList","@id":"https:\/\/wp.kristdemokraterna.se\/jonkoping\/kristdemokraternas-forhallningssatt-i-en-ny-parlamentarisk-situation\/#breadcrumb","itemListElement":[{"@type":"ListItem","position":1,"name":"Hem","item":"https:\/\/wp.kristdemokraterna.se\/jonkoping\/"},{"@type":"ListItem","position":2,"name":"Kristdemokraternas f\u00f6rh\u00e5llningss\u00e4tt i en ny parlamentarisk situation"}]},{"@type":"WebSite","@id":"https:\/\/wp.kristdemokraterna.se\/jonkoping\/#website","url":"https:\/\/wp.kristdemokraterna.se\/jonkoping\/","name":"Kristdemokraterna J\u00f6nk\u00f6pings kommundelsf\u00f6rening","description":"Kristdemokraterna J\u00f6nk\u00f6pings kommundelsf\u00f6rening","inLanguage":"sv-SE"},{"@type":"Person","@id":"https:\/\/wp.kristdemokraterna.se\/jonkoping\/#\/schema\/person\/3a54de2cd9101ec8c6fb0d195c17e7bf","name":"jonkoping","image":{"@type":"ImageObject","inLanguage":"sv-SE","@id":"https:\/\/secure.gravatar.com\/avatar\/42d2f3b3a9f67a1a59712854095601e4c10b062bee75aa856c3bfd6501538ab6?s=96&d=mm&r=g","url":"https:\/\/secure.gravatar.com\/avatar\/42d2f3b3a9f67a1a59712854095601e4c10b062bee75aa856c3bfd6501538ab6?s=96&d=mm&r=g","contentUrl":"https:\/\/secure.gravatar.com\/avatar\/42d2f3b3a9f67a1a59712854095601e4c10b062bee75aa856c3bfd6501538ab6?s=96&d=mm&r=g","caption":"jonkoping"},"url":"https:\/\/wp.kristdemokraterna.se\/jonkoping\/author\/jonkoping\/"}]}},"_links":{"self":[{"href":"https:\/\/wp.kristdemokraterna.se\/jonkoping\/wp-json\/wp\/v2\/posts\/1366","targetHints":{"allow":["GET"]}}],"collection":[{"href":"https:\/\/wp.kristdemokraterna.se\/jonkoping\/wp-json\/wp\/v2\/posts"}],"about":[{"href":"https:\/\/wp.kristdemokraterna.se\/jonkoping\/wp-json\/wp\/v2\/types\/post"}],"author":[{"embeddable":true,"href":"https:\/\/wp.kristdemokraterna.se\/jonkoping\/wp-json\/wp\/v2\/users\/34"}],"replies":[{"embeddable":true,"href":"https:\/\/wp.kristdemokraterna.se\/jonkoping\/wp-json\/wp\/v2\/comments?post=1366"}],"version-history":[{"count":7,"href":"https:\/\/wp.kristdemokraterna.se\/jonkoping\/wp-json\/wp\/v2\/posts\/1366\/revisions"}],"predecessor-version":[{"id":1375,"href":"https:\/\/wp.kristdemokraterna.se\/jonkoping\/wp-json\/wp\/v2\/posts\/1366\/revisions\/1375"}],"wp:attachment":[{"href":"https:\/\/wp.kristdemokraterna.se\/jonkoping\/wp-json\/wp\/v2\/media?parent=1366"}],"wp:term":[{"taxonomy":"category","embeddable":true,"href":"https:\/\/wp.kristdemokraterna.se\/jonkoping\/wp-json\/wp\/v2\/categories?post=1366"},{"taxonomy":"post_tag","embeddable":true,"href":"https:\/\/wp.kristdemokraterna.se\/jonkoping\/wp-json\/wp\/v2\/tags?post=1366"}],"curies":[{"name":"wp","href":"https:\/\/api.w.org\/{rel}","templated":true}]}}