{"id":192,"date":"2013-09-07T10:02:20","date_gmt":"2013-09-07T08:02:20","guid":{"rendered":"http:\/\/wp.kristdemokraterna.se\/kalmarlan\/?p=192"},"modified":"2013-09-13T20:20:39","modified_gmt":"2013-09-13T18:20:39","slug":"goran-hagglund-besokte-lanet","status":"publish","type":"post","link":"https:\/\/wp.kristdemokraterna.se\/kalmarlan\/goran-hagglund-besokte-lanet\/","title":{"rendered":"G\u00f6ran H\u00e4gglund bes\u00f6kte f\u00f6rskolan Floran i Nybro"},"content":{"rendered":"<p><a href=\"http:\/\/wp.kristdemokraterna.se\/kalmarlan\/files\/2013\/09\/20130907-100250.jpg\"><img decoding=\"async\" class=\"alignnone size-full\" alt=\"20130907-100250.jpg\" src=\"http:\/\/wp.kristdemokraterna.se\/kalmarlan\/files\/2013\/09\/20130907-100250.jpg\" \/><\/a><br \/>\nIg\u00e5r bes\u00f6kte G\u00f6ran H\u00e4gglund f\u00f6rskolan Floran i Nybro. Som tidningen \u00d6stran uttrycker s\u00e5 gick det snabbt f\u00f6r G\u00f6ran att g\u00e5 fr\u00e5n socialminister till social minister n\u00e4r de unga killarna utmanade honom p\u00e5 fotbollsplanen och leken var snabbt ig\u00e5ng. Bes\u00f6ket p\u00e5 f\u00f6rskolan \u00e4r ett led i de budgetf\u00f6rhandlingar som nu p\u00e5g\u00e5r d\u00e4r en av de viktiga fr\u00e5gorna f\u00f6r oss Kristdemokrater \u00e4r minskade barngrupper i f\u00f6rskolan.<!--more-->F\u00f6r att finansiera denna satsning f\u00f6resl\u00e5r vi en justering av maxtaxan med 100 kr f\u00f6r det f\u00f6rsta barnet, 67 kr f\u00f6r andra och 33 kr f\u00f6r det tredje. F\u00f6r varje krona som f\u00f6r\u00e4ldrarna skjuter till l\u00e4gger staten 2 kronor och kommunerna 1 krona. Det skulle ge oss 1,4 miljarder att anv\u00e4nda f\u00f6r att komma en bit p\u00e5 v\u00e4g i arbetet med att minska barngrupperna. Med tanke p\u00e5 att maxtaxan legat still i snart tio s\u00e5 tror vi att m\u00e5nga f\u00f6r\u00e4ldrar g\u00e4rna \u00e4r med och bidrar till denna investering som direkt bidrar till en f\u00f6rb\u00e4ttring av kvaliteten i f\u00f6rskolan. Som G\u00f6ran sj\u00e4lv uttryckte det: -Vi m\u00f6ter fler f\u00f6r\u00e4ldrar som \u00e4r oroliga f\u00f6r barngruppernas storlek \u00e4n en n\u00e5got justerad maxtaxa. En av pedagogerna, Ann-Marie Karlsson bekr\u00e4ftar att milj\u00f6n \u00e4r stressig f\u00f6r s\u00e5v\u00e4l barn som personal och att det finns ett stort behov av mindre barngrupper.<\/p>\n","protected":false},"excerpt":{"rendered":"<p>Ig\u00e5r bes\u00f6kte G\u00f6ran H\u00e4gglund f\u00f6rskolan Floran i Nybro. Som tidningen \u00d6stran uttrycker s\u00e5 gick det snabbt f\u00f6r G\u00f6ran att g\u00e5 fr\u00e5n socialminister till social minister n\u00e4r de unga killarna utmanade honom p\u00e5 fotbollsplanen och leken var snabbt ig\u00e5ng. Bes\u00f6ket p\u00e5 f\u00f6rskolan \u00e4r ett led i de budgetf\u00f6rhandlingar som nu p\u00e5g\u00e5r d\u00e4r en av de viktiga <a class=\"read-more-link\" href=\"https:\/\/wp.kristdemokraterna.se\/kalmarlan\/goran-hagglund-besokte-lanet\/\">Read More<\/a><\/p>\n","protected":false},"author":417,"featured_media":0,"comment_status":"open","ping_status":"open","sticky":false,"template":"","format":"standard","meta":{"_acf_changed":false,"footnotes":""},"categories":[1],"tags":[],"class_list":["post-192","post","type-post","status-publish","format-standard","hentry","category-okategoriserade"],"acf":[],"yoast_head":"<!-- This site is optimized with the Yoast SEO plugin v27.4 - https:\/\/yoast.com\/product\/yoast-seo-wordpress\/ -->\n<title>G\u00f6ran H\u00e4gglund bes\u00f6kte f\u00f6rskolan Floran i Nybro - i Kalmar l\u00e4n<\/title>\n<meta name=\"robots\" content=\"index, follow, max-snippet:-1, max-image-preview:large, max-video-preview:-1\" \/>\n<link rel=\"canonical\" href=\"https:\/\/wp.kristdemokraterna.se\/kalmarlan\/goran-hagglund-besokte-lanet\/\" \/>\n<meta property=\"og:locale\" content=\"sv_SE\" \/>\n<meta property=\"og:type\" content=\"article\" \/>\n<meta property=\"og:title\" content=\"G\u00f6ran H\u00e4gglund bes\u00f6kte f\u00f6rskolan Floran i Nybro - i Kalmar l\u00e4n\" \/>\n<meta property=\"og:description\" content=\"Ig\u00e5r bes\u00f6kte G\u00f6ran H\u00e4gglund f\u00f6rskolan Floran i Nybro. Som tidningen \u00d6stran uttrycker s\u00e5 gick det snabbt f\u00f6r G\u00f6ran att g\u00e5 fr\u00e5n socialminister till social minister n\u00e4r de unga killarna utmanade honom p\u00e5 fotbollsplanen och leken var snabbt ig\u00e5ng. Bes\u00f6ket p\u00e5 f\u00f6rskolan \u00e4r ett led i de budgetf\u00f6rhandlingar som nu p\u00e5g\u00e5r d\u00e4r en av de viktiga Read More\" \/>\n<meta property=\"og:url\" content=\"https:\/\/wp.kristdemokraterna.se\/kalmarlan\/goran-hagglund-besokte-lanet\/\" \/>\n<meta property=\"og:site_name\" content=\"i Kalmar l\u00e4n\" \/>\n<meta property=\"article:published_time\" content=\"2013-09-07T08:02:20+00:00\" \/>\n<meta property=\"article:modified_time\" content=\"2013-09-13T18:20:39+00:00\" \/>\n<meta property=\"og:image\" content=\"http:\/\/wp.kristdemokraterna.se\/kalmarlan\/files\/2013\/09\/20130907-100250.jpg\" \/>\n<meta name=\"author\" content=\"kalmarlan\" \/>\n<meta name=\"twitter:card\" content=\"summary_large_image\" \/>\n<meta name=\"twitter:label1\" content=\"Skriven av\" \/>\n\t<meta name=\"twitter:data1\" content=\"kalmarlan\" \/>\n\t<meta name=\"twitter:label2\" content=\"Ber\u00e4knad l\u00e4stid\" \/>\n\t<meta name=\"twitter:data2\" content=\"1 minut\" \/>\n<script type=\"application\/ld+json\" class=\"yoast-schema-graph\">{\"@context\":\"https:\\\/\\\/schema.org\",\"@graph\":[{\"@type\":\"Article\",\"@id\":\"https:\\\/\\\/wp.kristdemokraterna.se\\\/kalmarlan\\\/goran-hagglund-besokte-lanet\\\/#article\",\"isPartOf\":{\"@id\":\"https:\\\/\\\/wp.kristdemokraterna.se\\\/kalmarlan\\\/goran-hagglund-besokte-lanet\\\/\"},\"author\":{\"name\":\"kalmarlan\",\"@id\":\"https:\\\/\\\/wp.kristdemokraterna.se\\\/kalmarlan\\\/#\\\/schema\\\/person\\\/a1856739934bf9c6a11fb258646ea2a5\"},\"headline\":\"G\u00f6ran H\u00e4gglund bes\u00f6kte f\u00f6rskolan Floran i Nybro\",\"datePublished\":\"2013-09-07T08:02:20+00:00\",\"dateModified\":\"2013-09-13T18:20:39+00:00\",\"mainEntityOfPage\":{\"@id\":\"https:\\\/\\\/wp.kristdemokraterna.se\\\/kalmarlan\\\/goran-hagglund-besokte-lanet\\\/\"},\"wordCount\":264,\"commentCount\":0,\"image\":{\"@id\":\"https:\\\/\\\/wp.kristdemokraterna.se\\\/kalmarlan\\\/goran-hagglund-besokte-lanet\\\/#primaryimage\"},\"thumbnailUrl\":\"http:\\\/\\\/wp.kristdemokraterna.se\\\/kalmarlan\\\/files\\\/2013\\\/09\\\/20130907-100250.jpg\",\"inLanguage\":\"sv-SE\"},{\"@type\":\"WebPage\",\"@id\":\"https:\\\/\\\/wp.kristdemokraterna.se\\\/kalmarlan\\\/goran-hagglund-besokte-lanet\\\/\",\"url\":\"https:\\\/\\\/wp.kristdemokraterna.se\\\/kalmarlan\\\/goran-hagglund-besokte-lanet\\\/\",\"name\":\"G\u00f6ran H\u00e4gglund bes\u00f6kte f\u00f6rskolan Floran i Nybro - i Kalmar l\u00e4n\",\"isPartOf\":{\"@id\":\"https:\\\/\\\/wp.kristdemokraterna.se\\\/kalmarlan\\\/#website\"},\"primaryImageOfPage\":{\"@id\":\"https:\\\/\\\/wp.kristdemokraterna.se\\\/kalmarlan\\\/goran-hagglund-besokte-lanet\\\/#primaryimage\"},\"image\":{\"@id\":\"https:\\\/\\\/wp.kristdemokraterna.se\\\/kalmarlan\\\/goran-hagglund-besokte-lanet\\\/#primaryimage\"},\"thumbnailUrl\":\"http:\\\/\\\/wp.kristdemokraterna.se\\\/kalmarlan\\\/files\\\/2013\\\/09\\\/20130907-100250.jpg\",\"datePublished\":\"2013-09-07T08:02:20+00:00\",\"dateModified\":\"2013-09-13T18:20:39+00:00\",\"author\":{\"@id\":\"https:\\\/\\\/wp.kristdemokraterna.se\\\/kalmarlan\\\/#\\\/schema\\\/person\\\/a1856739934bf9c6a11fb258646ea2a5\"},\"breadcrumb\":{\"@id\":\"https:\\\/\\\/wp.kristdemokraterna.se\\\/kalmarlan\\\/goran-hagglund-besokte-lanet\\\/#breadcrumb\"},\"inLanguage\":\"sv-SE\",\"potentialAction\":[{\"@type\":\"ReadAction\",\"target\":[\"https:\\\/\\\/wp.kristdemokraterna.se\\\/kalmarlan\\\/goran-hagglund-besokte-lanet\\\/\"]}]},{\"@type\":\"ImageObject\",\"inLanguage\":\"sv-SE\",\"@id\":\"https:\\\/\\\/wp.kristdemokraterna.se\\\/kalmarlan\\\/goran-hagglund-besokte-lanet\\\/#primaryimage\",\"url\":\"https:\\\/\\\/wp.kristdemokraterna.se\\\/kalmarlan\\\/files\\\/2013\\\/09\\\/20130907-100250.jpg\",\"contentUrl\":\"https:\\\/\\\/wp.kristdemokraterna.se\\\/kalmarlan\\\/files\\\/2013\\\/09\\\/20130907-100250.jpg\",\"width\":540,\"height\":540},{\"@type\":\"BreadcrumbList\",\"@id\":\"https:\\\/\\\/wp.kristdemokraterna.se\\\/kalmarlan\\\/goran-hagglund-besokte-lanet\\\/#breadcrumb\",\"itemListElement\":[{\"@type\":\"ListItem\",\"position\":1,\"name\":\"Hem\",\"item\":\"https:\\\/\\\/wp.kristdemokraterna.se\\\/kalmarlan\\\/\"},{\"@type\":\"ListItem\",\"position\":2,\"name\":\"G\u00f6ran H\u00e4gglund bes\u00f6kte f\u00f6rskolan Floran i Nybro\"}]},{\"@type\":\"WebSite\",\"@id\":\"https:\\\/\\\/wp.kristdemokraterna.se\\\/kalmarlan\\\/#website\",\"url\":\"https:\\\/\\\/wp.kristdemokraterna.se\\\/kalmarlan\\\/\",\"name\":\"i Kalmar l\u00e4n\",\"description\":\"\",\"inLanguage\":\"sv-SE\"},{\"@type\":\"Person\",\"@id\":\"https:\\\/\\\/wp.kristdemokraterna.se\\\/kalmarlan\\\/#\\\/schema\\\/person\\\/a1856739934bf9c6a11fb258646ea2a5\",\"name\":\"kalmarlan\",\"image\":{\"@type\":\"ImageObject\",\"inLanguage\":\"sv-SE\",\"@id\":\"https:\\\/\\\/secure.gravatar.com\\\/avatar\\\/ef1f7dcd1b21be34f0f3e58a032955c2de43794b20090a23118cd0e2a8964e6e?s=96&r=g\",\"url\":\"https:\\\/\\\/secure.gravatar.com\\\/avatar\\\/ef1f7dcd1b21be34f0f3e58a032955c2de43794b20090a23118cd0e2a8964e6e?s=96&r=g\",\"contentUrl\":\"https:\\\/\\\/secure.gravatar.com\\\/avatar\\\/ef1f7dcd1b21be34f0f3e58a032955c2de43794b20090a23118cd0e2a8964e6e?s=96&r=g\",\"caption\":\"kalmarlan\"},\"url\":\"https:\\\/\\\/wp.kristdemokraterna.se\\\/kalmarlan\\\/author\\\/kalmarlan\\\/\"}]}<\/script>\n<!-- \/ Yoast SEO plugin. -->","yoast_head_json":{"title":"G\u00f6ran H\u00e4gglund bes\u00f6kte f\u00f6rskolan Floran i Nybro - i Kalmar l\u00e4n","robots":{"index":"index","follow":"follow","max-snippet":"max-snippet:-1","max-image-preview":"max-image-preview:large","max-video-preview":"max-video-preview:-1"},"canonical":"https:\/\/wp.kristdemokraterna.se\/kalmarlan\/goran-hagglund-besokte-lanet\/","og_locale":"sv_SE","og_type":"article","og_title":"G\u00f6ran H\u00e4gglund bes\u00f6kte f\u00f6rskolan Floran i Nybro - i Kalmar l\u00e4n","og_description":"Ig\u00e5r bes\u00f6kte G\u00f6ran H\u00e4gglund f\u00f6rskolan Floran i Nybro. Som tidningen \u00d6stran uttrycker s\u00e5 gick det snabbt f\u00f6r G\u00f6ran att g\u00e5 fr\u00e5n socialminister till social minister n\u00e4r de unga killarna utmanade honom p\u00e5 fotbollsplanen och leken var snabbt ig\u00e5ng. Bes\u00f6ket p\u00e5 f\u00f6rskolan \u00e4r ett led i de budgetf\u00f6rhandlingar som nu p\u00e5g\u00e5r d\u00e4r en av de viktiga Read More","og_url":"https:\/\/wp.kristdemokraterna.se\/kalmarlan\/goran-hagglund-besokte-lanet\/","og_site_name":"i Kalmar l\u00e4n","article_published_time":"2013-09-07T08:02:20+00:00","article_modified_time":"2013-09-13T18:20:39+00:00","og_image":[{"url":"http:\/\/wp.kristdemokraterna.se\/kalmarlan\/files\/2013\/09\/20130907-100250.jpg","type":"","width":"","height":""}],"author":"kalmarlan","twitter_card":"summary_large_image","twitter_misc":{"Skriven av":"kalmarlan","Ber\u00e4knad l\u00e4stid":"1 minut"},"schema":{"@context":"https:\/\/schema.org","@graph":[{"@type":"Article","@id":"https:\/\/wp.kristdemokraterna.se\/kalmarlan\/goran-hagglund-besokte-lanet\/#article","isPartOf":{"@id":"https:\/\/wp.kristdemokraterna.se\/kalmarlan\/goran-hagglund-besokte-lanet\/"},"author":{"name":"kalmarlan","@id":"https:\/\/wp.kristdemokraterna.se\/kalmarlan\/#\/schema\/person\/a1856739934bf9c6a11fb258646ea2a5"},"headline":"G\u00f6ran H\u00e4gglund bes\u00f6kte f\u00f6rskolan Floran i Nybro","datePublished":"2013-09-07T08:02:20+00:00","dateModified":"2013-09-13T18:20:39+00:00","mainEntityOfPage":{"@id":"https:\/\/wp.kristdemokraterna.se\/kalmarlan\/goran-hagglund-besokte-lanet\/"},"wordCount":264,"commentCount":0,"image":{"@id":"https:\/\/wp.kristdemokraterna.se\/kalmarlan\/goran-hagglund-besokte-lanet\/#primaryimage"},"thumbnailUrl":"http:\/\/wp.kristdemokraterna.se\/kalmarlan\/files\/2013\/09\/20130907-100250.jpg","inLanguage":"sv-SE"},{"@type":"WebPage","@id":"https:\/\/wp.kristdemokraterna.se\/kalmarlan\/goran-hagglund-besokte-lanet\/","url":"https:\/\/wp.kristdemokraterna.se\/kalmarlan\/goran-hagglund-besokte-lanet\/","name":"G\u00f6ran H\u00e4gglund bes\u00f6kte f\u00f6rskolan Floran i Nybro - i Kalmar l\u00e4n","isPartOf":{"@id":"https:\/\/wp.kristdemokraterna.se\/kalmarlan\/#website"},"primaryImageOfPage":{"@id":"https:\/\/wp.kristdemokraterna.se\/kalmarlan\/goran-hagglund-besokte-lanet\/#primaryimage"},"image":{"@id":"https:\/\/wp.kristdemokraterna.se\/kalmarlan\/goran-hagglund-besokte-lanet\/#primaryimage"},"thumbnailUrl":"http:\/\/wp.kristdemokraterna.se\/kalmarlan\/files\/2013\/09\/20130907-100250.jpg","datePublished":"2013-09-07T08:02:20+00:00","dateModified":"2013-09-13T18:20:39+00:00","author":{"@id":"https:\/\/wp.kristdemokraterna.se\/kalmarlan\/#\/schema\/person\/a1856739934bf9c6a11fb258646ea2a5"},"breadcrumb":{"@id":"https:\/\/wp.kristdemokraterna.se\/kalmarlan\/goran-hagglund-besokte-lanet\/#breadcrumb"},"inLanguage":"sv-SE","potentialAction":[{"@type":"ReadAction","target":["https:\/\/wp.kristdemokraterna.se\/kalmarlan\/goran-hagglund-besokte-lanet\/"]}]},{"@type":"ImageObject","inLanguage":"sv-SE","@id":"https:\/\/wp.kristdemokraterna.se\/kalmarlan\/goran-hagglund-besokte-lanet\/#primaryimage","url":"https:\/\/wp.kristdemokraterna.se\/kalmarlan\/files\/2013\/09\/20130907-100250.jpg","contentUrl":"https:\/\/wp.kristdemokraterna.se\/kalmarlan\/files\/2013\/09\/20130907-100250.jpg","width":540,"height":540},{"@type":"BreadcrumbList","@id":"https:\/\/wp.kristdemokraterna.se\/kalmarlan\/goran-hagglund-besokte-lanet\/#breadcrumb","itemListElement":[{"@type":"ListItem","position":1,"name":"Hem","item":"https:\/\/wp.kristdemokraterna.se\/kalmarlan\/"},{"@type":"ListItem","position":2,"name":"G\u00f6ran H\u00e4gglund bes\u00f6kte f\u00f6rskolan Floran i Nybro"}]},{"@type":"WebSite","@id":"https:\/\/wp.kristdemokraterna.se\/kalmarlan\/#website","url":"https:\/\/wp.kristdemokraterna.se\/kalmarlan\/","name":"i Kalmar l\u00e4n","description":"","inLanguage":"sv-SE"},{"@type":"Person","@id":"https:\/\/wp.kristdemokraterna.se\/kalmarlan\/#\/schema\/person\/a1856739934bf9c6a11fb258646ea2a5","name":"kalmarlan","image":{"@type":"ImageObject","inLanguage":"sv-SE","@id":"https:\/\/secure.gravatar.com\/avatar\/ef1f7dcd1b21be34f0f3e58a032955c2de43794b20090a23118cd0e2a8964e6e?s=96&r=g","url":"https:\/\/secure.gravatar.com\/avatar\/ef1f7dcd1b21be34f0f3e58a032955c2de43794b20090a23118cd0e2a8964e6e?s=96&r=g","contentUrl":"https:\/\/secure.gravatar.com\/avatar\/ef1f7dcd1b21be34f0f3e58a032955c2de43794b20090a23118cd0e2a8964e6e?s=96&r=g","caption":"kalmarlan"},"url":"https:\/\/wp.kristdemokraterna.se\/kalmarlan\/author\/kalmarlan\/"}]}},"_links":{"self":[{"href":"https:\/\/wp.kristdemokraterna.se\/kalmarlan\/wp-json\/wp\/v2\/posts\/192","targetHints":{"allow":["GET"]}}],"collection":[{"href":"https:\/\/wp.kristdemokraterna.se\/kalmarlan\/wp-json\/wp\/v2\/posts"}],"about":[{"href":"https:\/\/wp.kristdemokraterna.se\/kalmarlan\/wp-json\/wp\/v2\/types\/post"}],"author":[{"embeddable":true,"href":"https:\/\/wp.kristdemokraterna.se\/kalmarlan\/wp-json\/wp\/v2\/users\/417"}],"replies":[{"embeddable":true,"href":"https:\/\/wp.kristdemokraterna.se\/kalmarlan\/wp-json\/wp\/v2\/comments?post=192"}],"version-history":[{"count":7,"href":"https:\/\/wp.kristdemokraterna.se\/kalmarlan\/wp-json\/wp\/v2\/posts\/192\/revisions"}],"predecessor-version":[{"id":209,"href":"https:\/\/wp.kristdemokraterna.se\/kalmarlan\/wp-json\/wp\/v2\/posts\/192\/revisions\/209"}],"wp:attachment":[{"href":"https:\/\/wp.kristdemokraterna.se\/kalmarlan\/wp-json\/wp\/v2\/media?parent=192"}],"wp:term":[{"taxonomy":"category","embeddable":true,"href":"https:\/\/wp.kristdemokraterna.se\/kalmarlan\/wp-json\/wp\/v2\/categories?post=192"},{"taxonomy":"post_tag","embeddable":true,"href":"https:\/\/wp.kristdemokraterna.se\/kalmarlan\/wp-json\/wp\/v2\/tags?post=192"}],"curies":[{"name":"wp","href":"https:\/\/api.w.org\/{rel}","templated":true}]}}