{"id":226,"date":"2013-09-17T18:02:52","date_gmt":"2013-09-17T16:02:52","guid":{"rendered":"http:\/\/wp.kristdemokraterna.se\/kalmarlan\/?p=226"},"modified":"2013-09-17T18:08:24","modified_gmt":"2013-09-17T16:08:24","slug":"226","status":"publish","type":"post","link":"https:\/\/wp.kristdemokraterna.se\/kalmarlan\/226\/","title":{"rendered":"F\u00f6rsta motionen har klart fokus p\u00e5 barn och ungas uppv\u00e4xt"},"content":{"rendered":"<p><a href=\"http:\/\/wp.kristdemokraterna.se\/kalmarlan\/files\/2013\/09\/20130917-180247.jpg\"><img decoding=\"async\" src=\"http:\/\/wp.kristdemokraterna.se\/kalmarlan\/files\/2013\/09\/20130917-180247.jpg\" alt=\"20130917-180247.jpg\" class=\"alignnone size-full\" \/><\/a><br \/>\nI dag l\u00e4mnar Kristdemokraterna in sin f\u00f6rsta riksdagsmotion \u2013 &#8221;Tid f\u00f6r familjen&#8221;. Minska barngruppernas storlek, \u00f6ka antalet f\u00f6r\u00e4ldradagar, l\u00e5t f\u00f6r\u00e4ldrarna sj\u00e4lva best\u00e4mma fritt \u00f6ver dagarna \u00e4r n\u00e5gra av kraven.<\/p>\n<p>\u2013 Detta \u00e4r en tydlig signal om var vi vill att det politiska fokus ska ligga. Barn och ungas uppv\u00e4xt kommer att vara en hj\u00e4rtefr\u00e5ga f\u00f6r Kristdemokraterna fr\u00e5n och med nu och fram till den 14 september 2014, s\u00e4ger vice gruppledare Anders Andersson (KD) som undertecknar denna motion.<\/p>\n","protected":false},"excerpt":{"rendered":"<p>I dag l\u00e4mnar Kristdemokraterna in sin f\u00f6rsta riksdagsmotion \u2013 &#8221;Tid f\u00f6r familjen&#8221;. Minska barngruppernas storlek, \u00f6ka antalet f\u00f6r\u00e4ldradagar, l\u00e5t f\u00f6r\u00e4ldrarna sj\u00e4lva best\u00e4mma fritt \u00f6ver dagarna \u00e4r n\u00e5gra av kraven. \u2013 Detta \u00e4r en tydlig signal om var vi vill att det politiska fokus ska ligga. Barn och ungas uppv\u00e4xt kommer att vara en hj\u00e4rtefr\u00e5ga f\u00f6r <a class=\"read-more-link\" href=\"https:\/\/wp.kristdemokraterna.se\/kalmarlan\/226\/\">Read More<\/a><\/p>\n","protected":false},"author":417,"featured_media":0,"comment_status":"open","ping_status":"open","sticky":false,"template":"","format":"standard","meta":{"_acf_changed":false,"footnotes":""},"categories":[1],"tags":[],"class_list":["post-226","post","type-post","status-publish","format-standard","hentry","category-okategoriserade"],"acf":[],"yoast_head":"<!-- This site is optimized with the Yoast SEO plugin v27.4 - https:\/\/yoast.com\/product\/yoast-seo-wordpress\/ -->\n<title>F\u00f6rsta motionen har klart fokus p\u00e5 barn och ungas uppv\u00e4xt - i Kalmar l\u00e4n<\/title>\n<meta name=\"robots\" content=\"index, follow, max-snippet:-1, max-image-preview:large, max-video-preview:-1\" \/>\n<link rel=\"canonical\" href=\"https:\/\/wp.kristdemokraterna.se\/kalmarlan\/226\/\" \/>\n<meta property=\"og:locale\" content=\"sv_SE\" \/>\n<meta property=\"og:type\" content=\"article\" \/>\n<meta property=\"og:title\" content=\"F\u00f6rsta motionen har klart fokus p\u00e5 barn och ungas uppv\u00e4xt - i Kalmar l\u00e4n\" \/>\n<meta property=\"og:description\" content=\"I dag l\u00e4mnar Kristdemokraterna in sin f\u00f6rsta riksdagsmotion \u2013 &#8221;Tid f\u00f6r familjen&#8221;. Minska barngruppernas storlek, \u00f6ka antalet f\u00f6r\u00e4ldradagar, l\u00e5t f\u00f6r\u00e4ldrarna sj\u00e4lva best\u00e4mma fritt \u00f6ver dagarna \u00e4r n\u00e5gra av kraven. \u2013 Detta \u00e4r en tydlig signal om var vi vill att det politiska fokus ska ligga. Barn och ungas uppv\u00e4xt kommer att vara en hj\u00e4rtefr\u00e5ga f\u00f6r Read More\" \/>\n<meta property=\"og:url\" content=\"https:\/\/wp.kristdemokraterna.se\/kalmarlan\/226\/\" \/>\n<meta property=\"og:site_name\" content=\"i Kalmar l\u00e4n\" \/>\n<meta property=\"article:published_time\" content=\"2013-09-17T16:02:52+00:00\" \/>\n<meta property=\"article:modified_time\" content=\"2013-09-17T16:08:24+00:00\" \/>\n<meta property=\"og:image\" content=\"http:\/\/wp.kristdemokraterna.se\/kalmarlan\/files\/2013\/09\/20130917-180247.jpg\" \/>\n<meta name=\"author\" content=\"kalmarlan\" \/>\n<meta name=\"twitter:card\" content=\"summary_large_image\" \/>\n<meta name=\"twitter:label1\" content=\"Skriven av\" \/>\n\t<meta name=\"twitter:data1\" content=\"kalmarlan\" \/>\n<script type=\"application\/ld+json\" class=\"yoast-schema-graph\">{\"@context\":\"https:\\\/\\\/schema.org\",\"@graph\":[{\"@type\":\"Article\",\"@id\":\"https:\\\/\\\/wp.kristdemokraterna.se\\\/kalmarlan\\\/226\\\/#article\",\"isPartOf\":{\"@id\":\"https:\\\/\\\/wp.kristdemokraterna.se\\\/kalmarlan\\\/226\\\/\"},\"author\":{\"name\":\"kalmarlan\",\"@id\":\"https:\\\/\\\/wp.kristdemokraterna.se\\\/kalmarlan\\\/#\\\/schema\\\/person\\\/a1856739934bf9c6a11fb258646ea2a5\"},\"headline\":\"F\u00f6rsta motionen har klart fokus p\u00e5 barn och ungas uppv\u00e4xt\",\"datePublished\":\"2013-09-17T16:02:52+00:00\",\"dateModified\":\"2013-09-17T16:08:24+00:00\",\"mainEntityOfPage\":{\"@id\":\"https:\\\/\\\/wp.kristdemokraterna.se\\\/kalmarlan\\\/226\\\/\"},\"wordCount\":102,\"commentCount\":0,\"image\":{\"@id\":\"https:\\\/\\\/wp.kristdemokraterna.se\\\/kalmarlan\\\/226\\\/#primaryimage\"},\"thumbnailUrl\":\"http:\\\/\\\/wp.kristdemokraterna.se\\\/kalmarlan\\\/files\\\/2013\\\/09\\\/20130917-180247.jpg\",\"inLanguage\":\"sv-SE\"},{\"@type\":\"WebPage\",\"@id\":\"https:\\\/\\\/wp.kristdemokraterna.se\\\/kalmarlan\\\/226\\\/\",\"url\":\"https:\\\/\\\/wp.kristdemokraterna.se\\\/kalmarlan\\\/226\\\/\",\"name\":\"F\u00f6rsta motionen har klart fokus p\u00e5 barn och ungas uppv\u00e4xt - i Kalmar l\u00e4n\",\"isPartOf\":{\"@id\":\"https:\\\/\\\/wp.kristdemokraterna.se\\\/kalmarlan\\\/#website\"},\"primaryImageOfPage\":{\"@id\":\"https:\\\/\\\/wp.kristdemokraterna.se\\\/kalmarlan\\\/226\\\/#primaryimage\"},\"image\":{\"@id\":\"https:\\\/\\\/wp.kristdemokraterna.se\\\/kalmarlan\\\/226\\\/#primaryimage\"},\"thumbnailUrl\":\"http:\\\/\\\/wp.kristdemokraterna.se\\\/kalmarlan\\\/files\\\/2013\\\/09\\\/20130917-180247.jpg\",\"datePublished\":\"2013-09-17T16:02:52+00:00\",\"dateModified\":\"2013-09-17T16:08:24+00:00\",\"author\":{\"@id\":\"https:\\\/\\\/wp.kristdemokraterna.se\\\/kalmarlan\\\/#\\\/schema\\\/person\\\/a1856739934bf9c6a11fb258646ea2a5\"},\"breadcrumb\":{\"@id\":\"https:\\\/\\\/wp.kristdemokraterna.se\\\/kalmarlan\\\/226\\\/#breadcrumb\"},\"inLanguage\":\"sv-SE\",\"potentialAction\":[{\"@type\":\"ReadAction\",\"target\":[\"https:\\\/\\\/wp.kristdemokraterna.se\\\/kalmarlan\\\/226\\\/\"]}]},{\"@type\":\"ImageObject\",\"inLanguage\":\"sv-SE\",\"@id\":\"https:\\\/\\\/wp.kristdemokraterna.se\\\/kalmarlan\\\/226\\\/#primaryimage\",\"url\":\"https:\\\/\\\/wp.kristdemokraterna.se\\\/kalmarlan\\\/files\\\/2013\\\/09\\\/20130917-180247.jpg\",\"contentUrl\":\"https:\\\/\\\/wp.kristdemokraterna.se\\\/kalmarlan\\\/files\\\/2013\\\/09\\\/20130917-180247.jpg\",\"width\":580,\"height\":200},{\"@type\":\"BreadcrumbList\",\"@id\":\"https:\\\/\\\/wp.kristdemokraterna.se\\\/kalmarlan\\\/226\\\/#breadcrumb\",\"itemListElement\":[{\"@type\":\"ListItem\",\"position\":1,\"name\":\"Hem\",\"item\":\"https:\\\/\\\/wp.kristdemokraterna.se\\\/kalmarlan\\\/\"},{\"@type\":\"ListItem\",\"position\":2,\"name\":\"F\u00f6rsta motionen har klart fokus p\u00e5 barn och ungas uppv\u00e4xt\"}]},{\"@type\":\"WebSite\",\"@id\":\"https:\\\/\\\/wp.kristdemokraterna.se\\\/kalmarlan\\\/#website\",\"url\":\"https:\\\/\\\/wp.kristdemokraterna.se\\\/kalmarlan\\\/\",\"name\":\"i Kalmar l\u00e4n\",\"description\":\"\",\"inLanguage\":\"sv-SE\"},{\"@type\":\"Person\",\"@id\":\"https:\\\/\\\/wp.kristdemokraterna.se\\\/kalmarlan\\\/#\\\/schema\\\/person\\\/a1856739934bf9c6a11fb258646ea2a5\",\"name\":\"kalmarlan\",\"image\":{\"@type\":\"ImageObject\",\"inLanguage\":\"sv-SE\",\"@id\":\"https:\\\/\\\/secure.gravatar.com\\\/avatar\\\/ef1f7dcd1b21be34f0f3e58a032955c2de43794b20090a23118cd0e2a8964e6e?s=96&r=g\",\"url\":\"https:\\\/\\\/secure.gravatar.com\\\/avatar\\\/ef1f7dcd1b21be34f0f3e58a032955c2de43794b20090a23118cd0e2a8964e6e?s=96&r=g\",\"contentUrl\":\"https:\\\/\\\/secure.gravatar.com\\\/avatar\\\/ef1f7dcd1b21be34f0f3e58a032955c2de43794b20090a23118cd0e2a8964e6e?s=96&r=g\",\"caption\":\"kalmarlan\"},\"url\":\"https:\\\/\\\/wp.kristdemokraterna.se\\\/kalmarlan\\\/author\\\/kalmarlan\\\/\"}]}<\/script>\n<!-- \/ Yoast SEO plugin. -->","yoast_head_json":{"title":"F\u00f6rsta motionen har klart fokus p\u00e5 barn och ungas uppv\u00e4xt - i Kalmar l\u00e4n","robots":{"index":"index","follow":"follow","max-snippet":"max-snippet:-1","max-image-preview":"max-image-preview:large","max-video-preview":"max-video-preview:-1"},"canonical":"https:\/\/wp.kristdemokraterna.se\/kalmarlan\/226\/","og_locale":"sv_SE","og_type":"article","og_title":"F\u00f6rsta motionen har klart fokus p\u00e5 barn och ungas uppv\u00e4xt - i Kalmar l\u00e4n","og_description":"I dag l\u00e4mnar Kristdemokraterna in sin f\u00f6rsta riksdagsmotion \u2013 &#8221;Tid f\u00f6r familjen&#8221;. Minska barngruppernas storlek, \u00f6ka antalet f\u00f6r\u00e4ldradagar, l\u00e5t f\u00f6r\u00e4ldrarna sj\u00e4lva best\u00e4mma fritt \u00f6ver dagarna \u00e4r n\u00e5gra av kraven. \u2013 Detta \u00e4r en tydlig signal om var vi vill att det politiska fokus ska ligga. Barn och ungas uppv\u00e4xt kommer att vara en hj\u00e4rtefr\u00e5ga f\u00f6r Read More","og_url":"https:\/\/wp.kristdemokraterna.se\/kalmarlan\/226\/","og_site_name":"i Kalmar l\u00e4n","article_published_time":"2013-09-17T16:02:52+00:00","article_modified_time":"2013-09-17T16:08:24+00:00","og_image":[{"url":"http:\/\/wp.kristdemokraterna.se\/kalmarlan\/files\/2013\/09\/20130917-180247.jpg","type":"","width":"","height":""}],"author":"kalmarlan","twitter_card":"summary_large_image","twitter_misc":{"Skriven av":"kalmarlan"},"schema":{"@context":"https:\/\/schema.org","@graph":[{"@type":"Article","@id":"https:\/\/wp.kristdemokraterna.se\/kalmarlan\/226\/#article","isPartOf":{"@id":"https:\/\/wp.kristdemokraterna.se\/kalmarlan\/226\/"},"author":{"name":"kalmarlan","@id":"https:\/\/wp.kristdemokraterna.se\/kalmarlan\/#\/schema\/person\/a1856739934bf9c6a11fb258646ea2a5"},"headline":"F\u00f6rsta motionen har klart fokus p\u00e5 barn och ungas uppv\u00e4xt","datePublished":"2013-09-17T16:02:52+00:00","dateModified":"2013-09-17T16:08:24+00:00","mainEntityOfPage":{"@id":"https:\/\/wp.kristdemokraterna.se\/kalmarlan\/226\/"},"wordCount":102,"commentCount":0,"image":{"@id":"https:\/\/wp.kristdemokraterna.se\/kalmarlan\/226\/#primaryimage"},"thumbnailUrl":"http:\/\/wp.kristdemokraterna.se\/kalmarlan\/files\/2013\/09\/20130917-180247.jpg","inLanguage":"sv-SE"},{"@type":"WebPage","@id":"https:\/\/wp.kristdemokraterna.se\/kalmarlan\/226\/","url":"https:\/\/wp.kristdemokraterna.se\/kalmarlan\/226\/","name":"F\u00f6rsta motionen har klart fokus p\u00e5 barn och ungas uppv\u00e4xt - i Kalmar l\u00e4n","isPartOf":{"@id":"https:\/\/wp.kristdemokraterna.se\/kalmarlan\/#website"},"primaryImageOfPage":{"@id":"https:\/\/wp.kristdemokraterna.se\/kalmarlan\/226\/#primaryimage"},"image":{"@id":"https:\/\/wp.kristdemokraterna.se\/kalmarlan\/226\/#primaryimage"},"thumbnailUrl":"http:\/\/wp.kristdemokraterna.se\/kalmarlan\/files\/2013\/09\/20130917-180247.jpg","datePublished":"2013-09-17T16:02:52+00:00","dateModified":"2013-09-17T16:08:24+00:00","author":{"@id":"https:\/\/wp.kristdemokraterna.se\/kalmarlan\/#\/schema\/person\/a1856739934bf9c6a11fb258646ea2a5"},"breadcrumb":{"@id":"https:\/\/wp.kristdemokraterna.se\/kalmarlan\/226\/#breadcrumb"},"inLanguage":"sv-SE","potentialAction":[{"@type":"ReadAction","target":["https:\/\/wp.kristdemokraterna.se\/kalmarlan\/226\/"]}]},{"@type":"ImageObject","inLanguage":"sv-SE","@id":"https:\/\/wp.kristdemokraterna.se\/kalmarlan\/226\/#primaryimage","url":"https:\/\/wp.kristdemokraterna.se\/kalmarlan\/files\/2013\/09\/20130917-180247.jpg","contentUrl":"https:\/\/wp.kristdemokraterna.se\/kalmarlan\/files\/2013\/09\/20130917-180247.jpg","width":580,"height":200},{"@type":"BreadcrumbList","@id":"https:\/\/wp.kristdemokraterna.se\/kalmarlan\/226\/#breadcrumb","itemListElement":[{"@type":"ListItem","position":1,"name":"Hem","item":"https:\/\/wp.kristdemokraterna.se\/kalmarlan\/"},{"@type":"ListItem","position":2,"name":"F\u00f6rsta motionen har klart fokus p\u00e5 barn och ungas uppv\u00e4xt"}]},{"@type":"WebSite","@id":"https:\/\/wp.kristdemokraterna.se\/kalmarlan\/#website","url":"https:\/\/wp.kristdemokraterna.se\/kalmarlan\/","name":"i Kalmar l\u00e4n","description":"","inLanguage":"sv-SE"},{"@type":"Person","@id":"https:\/\/wp.kristdemokraterna.se\/kalmarlan\/#\/schema\/person\/a1856739934bf9c6a11fb258646ea2a5","name":"kalmarlan","image":{"@type":"ImageObject","inLanguage":"sv-SE","@id":"https:\/\/secure.gravatar.com\/avatar\/ef1f7dcd1b21be34f0f3e58a032955c2de43794b20090a23118cd0e2a8964e6e?s=96&r=g","url":"https:\/\/secure.gravatar.com\/avatar\/ef1f7dcd1b21be34f0f3e58a032955c2de43794b20090a23118cd0e2a8964e6e?s=96&r=g","contentUrl":"https:\/\/secure.gravatar.com\/avatar\/ef1f7dcd1b21be34f0f3e58a032955c2de43794b20090a23118cd0e2a8964e6e?s=96&r=g","caption":"kalmarlan"},"url":"https:\/\/wp.kristdemokraterna.se\/kalmarlan\/author\/kalmarlan\/"}]}},"_links":{"self":[{"href":"https:\/\/wp.kristdemokraterna.se\/kalmarlan\/wp-json\/wp\/v2\/posts\/226","targetHints":{"allow":["GET"]}}],"collection":[{"href":"https:\/\/wp.kristdemokraterna.se\/kalmarlan\/wp-json\/wp\/v2\/posts"}],"about":[{"href":"https:\/\/wp.kristdemokraterna.se\/kalmarlan\/wp-json\/wp\/v2\/types\/post"}],"author":[{"embeddable":true,"href":"https:\/\/wp.kristdemokraterna.se\/kalmarlan\/wp-json\/wp\/v2\/users\/417"}],"replies":[{"embeddable":true,"href":"https:\/\/wp.kristdemokraterna.se\/kalmarlan\/wp-json\/wp\/v2\/comments?post=226"}],"version-history":[{"count":2,"href":"https:\/\/wp.kristdemokraterna.se\/kalmarlan\/wp-json\/wp\/v2\/posts\/226\/revisions"}],"predecessor-version":[{"id":228,"href":"https:\/\/wp.kristdemokraterna.se\/kalmarlan\/wp-json\/wp\/v2\/posts\/226\/revisions\/228"}],"wp:attachment":[{"href":"https:\/\/wp.kristdemokraterna.se\/kalmarlan\/wp-json\/wp\/v2\/media?parent=226"}],"wp:term":[{"taxonomy":"category","embeddable":true,"href":"https:\/\/wp.kristdemokraterna.se\/kalmarlan\/wp-json\/wp\/v2\/categories?post=226"},{"taxonomy":"post_tag","embeddable":true,"href":"https:\/\/wp.kristdemokraterna.se\/kalmarlan\/wp-json\/wp\/v2\/tags?post=226"}],"curies":[{"name":"wp","href":"https:\/\/api.w.org\/{rel}","templated":true}]}}