{"id":235,"date":"2013-09-25T11:45:10","date_gmt":"2013-09-25T09:45:10","guid":{"rendered":"http:\/\/wp.kristdemokraterna.se\/kalmarlan\/?p=235"},"modified":"2013-09-25T11:45:10","modified_gmt":"2013-09-25T09:45:10","slug":"ambulanshelikopter-ar-fragan-som-lyfter","status":"publish","type":"post","link":"https:\/\/wp.kristdemokraterna.se\/kalmarlan\/ambulanshelikopter-ar-fragan-som-lyfter\/","title":{"rendered":"Ambulanshelikopter \u00e4r fr\u00e5gan som lyfter"},"content":{"rendered":"<p>Idag h\u00e5lls landstingsfullm\u00e4ktige i V\u00e4stervik. I samband med det s\u00e5 uppm\u00e4rksammar <a href=\"http:\/\/www.vt.se\/nyheter\/arkiv.aspx?articleid=6947942\">V\u00e4sterviksTidningen<\/a> Kristdemokraternas starka ambition att st\u00e4rka upp l\u00e4nets akutv\u00e5rd med ambulanshelikopter.\u00a0&#8211; Kalmar l\u00e4n \u00e4r en vit fl\u00e4ck i Sverige n\u00e4r det g\u00e4ller tillg\u00e5ng p\u00e5 ambulanshelikopter, s\u00e4ger landstingsr\u00e5det Gudrun Bruneg\u00e5rd till VT.<\/p>\n<p>Vi Kristdemokrater menar att med den geografiska utformning som l\u00e4net har med sk\u00e4rg\u00e5rdar och l\u00e5nga avst\u00e5nd p\u00e5 \u00d6land s\u00e5 \u00e4r vi i stort behov av en s\u00e5dan insatsberedskap. Vid vissa akutfall \u00e4r detta en fr\u00e5ga om liv och d\u00f6d.<\/p>\n","protected":false},"excerpt":{"rendered":"<p>Idag h\u00e5lls landstingsfullm\u00e4ktige i V\u00e4stervik. I samband med det s\u00e5 uppm\u00e4rksammar V\u00e4sterviksTidningen Kristdemokraternas starka ambition att st\u00e4rka upp l\u00e4nets akutv\u00e5rd med ambulanshelikopter.\u00a0&#8211; Kalmar l\u00e4n \u00e4r en vit fl\u00e4ck i Sverige n\u00e4r det g\u00e4ller tillg\u00e5ng p\u00e5 ambulanshelikopter, s\u00e4ger landstingsr\u00e5det Gudrun Bruneg\u00e5rd till VT. Vi Kristdemokrater menar att med den geografiska utformning som l\u00e4net har med sk\u00e4rg\u00e5rdar <a class=\"read-more-link\" href=\"https:\/\/wp.kristdemokraterna.se\/kalmarlan\/ambulanshelikopter-ar-fragan-som-lyfter\/\">Read More<\/a><\/p>\n","protected":false},"author":417,"featured_media":0,"comment_status":"open","ping_status":"open","sticky":false,"template":"","format":"standard","meta":{"_acf_changed":false,"footnotes":""},"categories":[1],"tags":[],"class_list":["post-235","post","type-post","status-publish","format-standard","hentry","category-okategoriserade"],"acf":[],"yoast_head":"<!-- This site is optimized with the Yoast SEO plugin v27.4 - https:\/\/yoast.com\/product\/yoast-seo-wordpress\/ -->\n<title>Ambulanshelikopter \u00e4r fr\u00e5gan som lyfter - i Kalmar l\u00e4n<\/title>\n<meta name=\"robots\" content=\"index, follow, max-snippet:-1, max-image-preview:large, max-video-preview:-1\" \/>\n<link rel=\"canonical\" href=\"https:\/\/wp.kristdemokraterna.se\/kalmarlan\/ambulanshelikopter-ar-fragan-som-lyfter\/\" \/>\n<meta property=\"og:locale\" content=\"sv_SE\" \/>\n<meta property=\"og:type\" content=\"article\" \/>\n<meta property=\"og:title\" content=\"Ambulanshelikopter \u00e4r fr\u00e5gan som lyfter - i Kalmar l\u00e4n\" \/>\n<meta property=\"og:description\" content=\"Idag h\u00e5lls landstingsfullm\u00e4ktige i V\u00e4stervik. I samband med det s\u00e5 uppm\u00e4rksammar V\u00e4sterviksTidningen Kristdemokraternas starka ambition att st\u00e4rka upp l\u00e4nets akutv\u00e5rd med ambulanshelikopter.\u00a0&#8211; Kalmar l\u00e4n \u00e4r en vit fl\u00e4ck i Sverige n\u00e4r det g\u00e4ller tillg\u00e5ng p\u00e5 ambulanshelikopter, s\u00e4ger landstingsr\u00e5det Gudrun Bruneg\u00e5rd till VT. Vi Kristdemokrater menar att med den geografiska utformning som l\u00e4net har med sk\u00e4rg\u00e5rdar Read More\" \/>\n<meta property=\"og:url\" content=\"https:\/\/wp.kristdemokraterna.se\/kalmarlan\/ambulanshelikopter-ar-fragan-som-lyfter\/\" \/>\n<meta property=\"og:site_name\" content=\"i Kalmar l\u00e4n\" \/>\n<meta property=\"article:published_time\" content=\"2013-09-25T09:45:10+00:00\" \/>\n<meta name=\"author\" content=\"kalmarlan\" \/>\n<meta name=\"twitter:card\" content=\"summary_large_image\" \/>\n<meta name=\"twitter:label1\" content=\"Skriven av\" \/>\n\t<meta name=\"twitter:data1\" content=\"kalmarlan\" \/>\n\t<meta name=\"twitter:label2\" content=\"Ber\u00e4knad l\u00e4stid\" \/>\n\t<meta name=\"twitter:data2\" content=\"1 minut\" \/>\n<script type=\"application\/ld+json\" class=\"yoast-schema-graph\">{\"@context\":\"https:\\\/\\\/schema.org\",\"@graph\":[{\"@type\":\"Article\",\"@id\":\"https:\\\/\\\/wp.kristdemokraterna.se\\\/kalmarlan\\\/ambulanshelikopter-ar-fragan-som-lyfter\\\/#article\",\"isPartOf\":{\"@id\":\"https:\\\/\\\/wp.kristdemokraterna.se\\\/kalmarlan\\\/ambulanshelikopter-ar-fragan-som-lyfter\\\/\"},\"author\":{\"name\":\"kalmarlan\",\"@id\":\"https:\\\/\\\/wp.kristdemokraterna.se\\\/kalmarlan\\\/#\\\/schema\\\/person\\\/a1856739934bf9c6a11fb258646ea2a5\"},\"headline\":\"Ambulanshelikopter \u00e4r fr\u00e5gan som lyfter\",\"datePublished\":\"2013-09-25T09:45:10+00:00\",\"mainEntityOfPage\":{\"@id\":\"https:\\\/\\\/wp.kristdemokraterna.se\\\/kalmarlan\\\/ambulanshelikopter-ar-fragan-som-lyfter\\\/\"},\"wordCount\":112,\"commentCount\":0,\"inLanguage\":\"sv-SE\"},{\"@type\":\"WebPage\",\"@id\":\"https:\\\/\\\/wp.kristdemokraterna.se\\\/kalmarlan\\\/ambulanshelikopter-ar-fragan-som-lyfter\\\/\",\"url\":\"https:\\\/\\\/wp.kristdemokraterna.se\\\/kalmarlan\\\/ambulanshelikopter-ar-fragan-som-lyfter\\\/\",\"name\":\"Ambulanshelikopter \u00e4r fr\u00e5gan som lyfter - i Kalmar l\u00e4n\",\"isPartOf\":{\"@id\":\"https:\\\/\\\/wp.kristdemokraterna.se\\\/kalmarlan\\\/#website\"},\"datePublished\":\"2013-09-25T09:45:10+00:00\",\"author\":{\"@id\":\"https:\\\/\\\/wp.kristdemokraterna.se\\\/kalmarlan\\\/#\\\/schema\\\/person\\\/a1856739934bf9c6a11fb258646ea2a5\"},\"breadcrumb\":{\"@id\":\"https:\\\/\\\/wp.kristdemokraterna.se\\\/kalmarlan\\\/ambulanshelikopter-ar-fragan-som-lyfter\\\/#breadcrumb\"},\"inLanguage\":\"sv-SE\",\"potentialAction\":[{\"@type\":\"ReadAction\",\"target\":[\"https:\\\/\\\/wp.kristdemokraterna.se\\\/kalmarlan\\\/ambulanshelikopter-ar-fragan-som-lyfter\\\/\"]}]},{\"@type\":\"BreadcrumbList\",\"@id\":\"https:\\\/\\\/wp.kristdemokraterna.se\\\/kalmarlan\\\/ambulanshelikopter-ar-fragan-som-lyfter\\\/#breadcrumb\",\"itemListElement\":[{\"@type\":\"ListItem\",\"position\":1,\"name\":\"Hem\",\"item\":\"https:\\\/\\\/wp.kristdemokraterna.se\\\/kalmarlan\\\/\"},{\"@type\":\"ListItem\",\"position\":2,\"name\":\"Ambulanshelikopter \u00e4r fr\u00e5gan som lyfter\"}]},{\"@type\":\"WebSite\",\"@id\":\"https:\\\/\\\/wp.kristdemokraterna.se\\\/kalmarlan\\\/#website\",\"url\":\"https:\\\/\\\/wp.kristdemokraterna.se\\\/kalmarlan\\\/\",\"name\":\"i Kalmar l\u00e4n\",\"description\":\"\",\"inLanguage\":\"sv-SE\"},{\"@type\":\"Person\",\"@id\":\"https:\\\/\\\/wp.kristdemokraterna.se\\\/kalmarlan\\\/#\\\/schema\\\/person\\\/a1856739934bf9c6a11fb258646ea2a5\",\"name\":\"kalmarlan\",\"image\":{\"@type\":\"ImageObject\",\"inLanguage\":\"sv-SE\",\"@id\":\"https:\\\/\\\/secure.gravatar.com\\\/avatar\\\/ef1f7dcd1b21be34f0f3e58a032955c2de43794b20090a23118cd0e2a8964e6e?s=96&r=g\",\"url\":\"https:\\\/\\\/secure.gravatar.com\\\/avatar\\\/ef1f7dcd1b21be34f0f3e58a032955c2de43794b20090a23118cd0e2a8964e6e?s=96&r=g\",\"contentUrl\":\"https:\\\/\\\/secure.gravatar.com\\\/avatar\\\/ef1f7dcd1b21be34f0f3e58a032955c2de43794b20090a23118cd0e2a8964e6e?s=96&r=g\",\"caption\":\"kalmarlan\"},\"url\":\"https:\\\/\\\/wp.kristdemokraterna.se\\\/kalmarlan\\\/author\\\/kalmarlan\\\/\"}]}<\/script>\n<!-- \/ Yoast SEO plugin. -->","yoast_head_json":{"title":"Ambulanshelikopter \u00e4r fr\u00e5gan som lyfter - i Kalmar l\u00e4n","robots":{"index":"index","follow":"follow","max-snippet":"max-snippet:-1","max-image-preview":"max-image-preview:large","max-video-preview":"max-video-preview:-1"},"canonical":"https:\/\/wp.kristdemokraterna.se\/kalmarlan\/ambulanshelikopter-ar-fragan-som-lyfter\/","og_locale":"sv_SE","og_type":"article","og_title":"Ambulanshelikopter \u00e4r fr\u00e5gan som lyfter - i Kalmar l\u00e4n","og_description":"Idag h\u00e5lls landstingsfullm\u00e4ktige i V\u00e4stervik. I samband med det s\u00e5 uppm\u00e4rksammar V\u00e4sterviksTidningen Kristdemokraternas starka ambition att st\u00e4rka upp l\u00e4nets akutv\u00e5rd med ambulanshelikopter.\u00a0&#8211; Kalmar l\u00e4n \u00e4r en vit fl\u00e4ck i Sverige n\u00e4r det g\u00e4ller tillg\u00e5ng p\u00e5 ambulanshelikopter, s\u00e4ger landstingsr\u00e5det Gudrun Bruneg\u00e5rd till VT. Vi Kristdemokrater menar att med den geografiska utformning som l\u00e4net har med sk\u00e4rg\u00e5rdar Read More","og_url":"https:\/\/wp.kristdemokraterna.se\/kalmarlan\/ambulanshelikopter-ar-fragan-som-lyfter\/","og_site_name":"i Kalmar l\u00e4n","article_published_time":"2013-09-25T09:45:10+00:00","author":"kalmarlan","twitter_card":"summary_large_image","twitter_misc":{"Skriven av":"kalmarlan","Ber\u00e4knad l\u00e4stid":"1 minut"},"schema":{"@context":"https:\/\/schema.org","@graph":[{"@type":"Article","@id":"https:\/\/wp.kristdemokraterna.se\/kalmarlan\/ambulanshelikopter-ar-fragan-som-lyfter\/#article","isPartOf":{"@id":"https:\/\/wp.kristdemokraterna.se\/kalmarlan\/ambulanshelikopter-ar-fragan-som-lyfter\/"},"author":{"name":"kalmarlan","@id":"https:\/\/wp.kristdemokraterna.se\/kalmarlan\/#\/schema\/person\/a1856739934bf9c6a11fb258646ea2a5"},"headline":"Ambulanshelikopter \u00e4r fr\u00e5gan som lyfter","datePublished":"2013-09-25T09:45:10+00:00","mainEntityOfPage":{"@id":"https:\/\/wp.kristdemokraterna.se\/kalmarlan\/ambulanshelikopter-ar-fragan-som-lyfter\/"},"wordCount":112,"commentCount":0,"inLanguage":"sv-SE"},{"@type":"WebPage","@id":"https:\/\/wp.kristdemokraterna.se\/kalmarlan\/ambulanshelikopter-ar-fragan-som-lyfter\/","url":"https:\/\/wp.kristdemokraterna.se\/kalmarlan\/ambulanshelikopter-ar-fragan-som-lyfter\/","name":"Ambulanshelikopter \u00e4r fr\u00e5gan som lyfter - i Kalmar l\u00e4n","isPartOf":{"@id":"https:\/\/wp.kristdemokraterna.se\/kalmarlan\/#website"},"datePublished":"2013-09-25T09:45:10+00:00","author":{"@id":"https:\/\/wp.kristdemokraterna.se\/kalmarlan\/#\/schema\/person\/a1856739934bf9c6a11fb258646ea2a5"},"breadcrumb":{"@id":"https:\/\/wp.kristdemokraterna.se\/kalmarlan\/ambulanshelikopter-ar-fragan-som-lyfter\/#breadcrumb"},"inLanguage":"sv-SE","potentialAction":[{"@type":"ReadAction","target":["https:\/\/wp.kristdemokraterna.se\/kalmarlan\/ambulanshelikopter-ar-fragan-som-lyfter\/"]}]},{"@type":"BreadcrumbList","@id":"https:\/\/wp.kristdemokraterna.se\/kalmarlan\/ambulanshelikopter-ar-fragan-som-lyfter\/#breadcrumb","itemListElement":[{"@type":"ListItem","position":1,"name":"Hem","item":"https:\/\/wp.kristdemokraterna.se\/kalmarlan\/"},{"@type":"ListItem","position":2,"name":"Ambulanshelikopter \u00e4r fr\u00e5gan som lyfter"}]},{"@type":"WebSite","@id":"https:\/\/wp.kristdemokraterna.se\/kalmarlan\/#website","url":"https:\/\/wp.kristdemokraterna.se\/kalmarlan\/","name":"i Kalmar l\u00e4n","description":"","inLanguage":"sv-SE"},{"@type":"Person","@id":"https:\/\/wp.kristdemokraterna.se\/kalmarlan\/#\/schema\/person\/a1856739934bf9c6a11fb258646ea2a5","name":"kalmarlan","image":{"@type":"ImageObject","inLanguage":"sv-SE","@id":"https:\/\/secure.gravatar.com\/avatar\/ef1f7dcd1b21be34f0f3e58a032955c2de43794b20090a23118cd0e2a8964e6e?s=96&r=g","url":"https:\/\/secure.gravatar.com\/avatar\/ef1f7dcd1b21be34f0f3e58a032955c2de43794b20090a23118cd0e2a8964e6e?s=96&r=g","contentUrl":"https:\/\/secure.gravatar.com\/avatar\/ef1f7dcd1b21be34f0f3e58a032955c2de43794b20090a23118cd0e2a8964e6e?s=96&r=g","caption":"kalmarlan"},"url":"https:\/\/wp.kristdemokraterna.se\/kalmarlan\/author\/kalmarlan\/"}]}},"_links":{"self":[{"href":"https:\/\/wp.kristdemokraterna.se\/kalmarlan\/wp-json\/wp\/v2\/posts\/235","targetHints":{"allow":["GET"]}}],"collection":[{"href":"https:\/\/wp.kristdemokraterna.se\/kalmarlan\/wp-json\/wp\/v2\/posts"}],"about":[{"href":"https:\/\/wp.kristdemokraterna.se\/kalmarlan\/wp-json\/wp\/v2\/types\/post"}],"author":[{"embeddable":true,"href":"https:\/\/wp.kristdemokraterna.se\/kalmarlan\/wp-json\/wp\/v2\/users\/417"}],"replies":[{"embeddable":true,"href":"https:\/\/wp.kristdemokraterna.se\/kalmarlan\/wp-json\/wp\/v2\/comments?post=235"}],"version-history":[{"count":1,"href":"https:\/\/wp.kristdemokraterna.se\/kalmarlan\/wp-json\/wp\/v2\/posts\/235\/revisions"}],"predecessor-version":[{"id":236,"href":"https:\/\/wp.kristdemokraterna.se\/kalmarlan\/wp-json\/wp\/v2\/posts\/235\/revisions\/236"}],"wp:attachment":[{"href":"https:\/\/wp.kristdemokraterna.se\/kalmarlan\/wp-json\/wp\/v2\/media?parent=235"}],"wp:term":[{"taxonomy":"category","embeddable":true,"href":"https:\/\/wp.kristdemokraterna.se\/kalmarlan\/wp-json\/wp\/v2\/categories?post=235"},{"taxonomy":"post_tag","embeddable":true,"href":"https:\/\/wp.kristdemokraterna.se\/kalmarlan\/wp-json\/wp\/v2\/tags?post=235"}],"curies":[{"name":"wp","href":"https:\/\/api.w.org\/{rel}","templated":true}]}}