{"id":243,"date":"2013-09-27T12:51:10","date_gmt":"2013-09-27T10:51:10","guid":{"rendered":"http:\/\/wp.kristdemokraterna.se\/kalmarlan\/?p=243"},"modified":"2013-09-27T16:05:46","modified_gmt":"2013-09-27T14:05:46","slug":"regelverk-for-strandskyddet-behover-forandras","status":"publish","type":"post","link":"https:\/\/wp.kristdemokraterna.se\/kalmarlan\/regelverk-for-strandskyddet-behover-forandras\/","title":{"rendered":"Strandskyddet beh\u00f6ver f\u00f6r\u00e4ndras"},"content":{"rendered":"<p>Anders Andersson blev idag intervjuad av Svt ang\u00e5ende Strandskyddet. Han menar p\u00e5 att det m\u00e5ste bli enklare att bygga strandn\u00e4ra i glest befolkade delar av landet. &#8211; F\u00f6r mig \u00e4r det inte rimligt att ha samma regler f\u00f6r att skydda en liten \u00f6 i Sm\u00e5land som en \u00f6 i Stockholms sk\u00e4rg\u00e5rd, s\u00e4ger Anders Andersson.<br \/>\nKalmarb\u00e4nken har till Rikstinget motionerat i fr\u00e5gan.<\/p>\n<p><a href=\"http:\/\/wp.kristdemokraterna.se\/kalmarlan\/files\/2013\/09\/20130927-160602.jpg\"><img decoding=\"async\" src=\"http:\/\/wp.kristdemokraterna.se\/kalmarlan\/files\/2013\/09\/20130927-160602.jpg\" alt=\"20130927-160602.jpg\" class=\"alignnone size-full\" \/><\/a><\/p>\n","protected":false},"excerpt":{"rendered":"<p>Anders Andersson blev idag intervjuad av Svt ang\u00e5ende Strandskyddet. Han menar p\u00e5 att det m\u00e5ste bli enklare att bygga strandn\u00e4ra i glest befolkade delar av landet. &#8211; F\u00f6r mig \u00e4r det inte rimligt att ha samma regler f\u00f6r att skydda en liten \u00f6 i Sm\u00e5land som en \u00f6 i Stockholms sk\u00e4rg\u00e5rd, s\u00e4ger Anders Andersson. Kalmarb\u00e4nken <a class=\"read-more-link\" href=\"https:\/\/wp.kristdemokraterna.se\/kalmarlan\/regelverk-for-strandskyddet-behover-forandras\/\">Read More<\/a><\/p>\n","protected":false},"author":417,"featured_media":0,"comment_status":"open","ping_status":"open","sticky":false,"template":"","format":"standard","meta":{"_acf_changed":false,"footnotes":""},"categories":[1],"tags":[],"class_list":["post-243","post","type-post","status-publish","format-standard","hentry","category-okategoriserade"],"acf":[],"yoast_head":"<!-- This site is optimized with the Yoast SEO plugin v27.4 - https:\/\/yoast.com\/product\/yoast-seo-wordpress\/ -->\n<title>Strandskyddet beh\u00f6ver f\u00f6r\u00e4ndras - i Kalmar l\u00e4n<\/title>\n<meta name=\"robots\" content=\"index, follow, max-snippet:-1, max-image-preview:large, max-video-preview:-1\" \/>\n<link rel=\"canonical\" href=\"https:\/\/wp.kristdemokraterna.se\/kalmarlan\/regelverk-for-strandskyddet-behover-forandras\/\" \/>\n<meta property=\"og:locale\" content=\"sv_SE\" \/>\n<meta property=\"og:type\" content=\"article\" \/>\n<meta property=\"og:title\" content=\"Strandskyddet beh\u00f6ver f\u00f6r\u00e4ndras - i Kalmar l\u00e4n\" \/>\n<meta property=\"og:description\" content=\"Anders Andersson blev idag intervjuad av Svt ang\u00e5ende Strandskyddet. Han menar p\u00e5 att det m\u00e5ste bli enklare att bygga strandn\u00e4ra i glest befolkade delar av landet. &#8211; F\u00f6r mig \u00e4r det inte rimligt att ha samma regler f\u00f6r att skydda en liten \u00f6 i Sm\u00e5land som en \u00f6 i Stockholms sk\u00e4rg\u00e5rd, s\u00e4ger Anders Andersson. Kalmarb\u00e4nken Read More\" \/>\n<meta property=\"og:url\" content=\"https:\/\/wp.kristdemokraterna.se\/kalmarlan\/regelverk-for-strandskyddet-behover-forandras\/\" \/>\n<meta property=\"og:site_name\" content=\"i Kalmar l\u00e4n\" \/>\n<meta property=\"article:published_time\" content=\"2013-09-27T10:51:10+00:00\" \/>\n<meta property=\"article:modified_time\" content=\"2013-09-27T14:05:46+00:00\" \/>\n<meta property=\"og:image\" content=\"http:\/\/wp.kristdemokraterna.se\/kalmarlan\/files\/2013\/09\/20130927-160602.jpg\" \/>\n<meta name=\"author\" content=\"kalmarlan\" \/>\n<meta name=\"twitter:card\" content=\"summary_large_image\" \/>\n<meta name=\"twitter:label1\" content=\"Skriven av\" \/>\n\t<meta name=\"twitter:data1\" content=\"kalmarlan\" \/>\n<script type=\"application\/ld+json\" class=\"yoast-schema-graph\">{\"@context\":\"https:\\\/\\\/schema.org\",\"@graph\":[{\"@type\":\"Article\",\"@id\":\"https:\\\/\\\/wp.kristdemokraterna.se\\\/kalmarlan\\\/regelverk-for-strandskyddet-behover-forandras\\\/#article\",\"isPartOf\":{\"@id\":\"https:\\\/\\\/wp.kristdemokraterna.se\\\/kalmarlan\\\/regelverk-for-strandskyddet-behover-forandras\\\/\"},\"author\":{\"name\":\"kalmarlan\",\"@id\":\"https:\\\/\\\/wp.kristdemokraterna.se\\\/kalmarlan\\\/#\\\/schema\\\/person\\\/a1856739934bf9c6a11fb258646ea2a5\"},\"headline\":\"Strandskyddet beh\u00f6ver f\u00f6r\u00e4ndras\",\"datePublished\":\"2013-09-27T10:51:10+00:00\",\"dateModified\":\"2013-09-27T14:05:46+00:00\",\"mainEntityOfPage\":{\"@id\":\"https:\\\/\\\/wp.kristdemokraterna.se\\\/kalmarlan\\\/regelverk-for-strandskyddet-behover-forandras\\\/\"},\"wordCount\":76,\"commentCount\":0,\"image\":{\"@id\":\"https:\\\/\\\/wp.kristdemokraterna.se\\\/kalmarlan\\\/regelverk-for-strandskyddet-behover-forandras\\\/#primaryimage\"},\"thumbnailUrl\":\"http:\\\/\\\/wp.kristdemokraterna.se\\\/kalmarlan\\\/files\\\/2013\\\/09\\\/20130927-160602.jpg\",\"inLanguage\":\"sv-SE\"},{\"@type\":\"WebPage\",\"@id\":\"https:\\\/\\\/wp.kristdemokraterna.se\\\/kalmarlan\\\/regelverk-for-strandskyddet-behover-forandras\\\/\",\"url\":\"https:\\\/\\\/wp.kristdemokraterna.se\\\/kalmarlan\\\/regelverk-for-strandskyddet-behover-forandras\\\/\",\"name\":\"Strandskyddet beh\u00f6ver f\u00f6r\u00e4ndras - i Kalmar l\u00e4n\",\"isPartOf\":{\"@id\":\"https:\\\/\\\/wp.kristdemokraterna.se\\\/kalmarlan\\\/#website\"},\"primaryImageOfPage\":{\"@id\":\"https:\\\/\\\/wp.kristdemokraterna.se\\\/kalmarlan\\\/regelverk-for-strandskyddet-behover-forandras\\\/#primaryimage\"},\"image\":{\"@id\":\"https:\\\/\\\/wp.kristdemokraterna.se\\\/kalmarlan\\\/regelverk-for-strandskyddet-behover-forandras\\\/#primaryimage\"},\"thumbnailUrl\":\"http:\\\/\\\/wp.kristdemokraterna.se\\\/kalmarlan\\\/files\\\/2013\\\/09\\\/20130927-160602.jpg\",\"datePublished\":\"2013-09-27T10:51:10+00:00\",\"dateModified\":\"2013-09-27T14:05:46+00:00\",\"author\":{\"@id\":\"https:\\\/\\\/wp.kristdemokraterna.se\\\/kalmarlan\\\/#\\\/schema\\\/person\\\/a1856739934bf9c6a11fb258646ea2a5\"},\"breadcrumb\":{\"@id\":\"https:\\\/\\\/wp.kristdemokraterna.se\\\/kalmarlan\\\/regelverk-for-strandskyddet-behover-forandras\\\/#breadcrumb\"},\"inLanguage\":\"sv-SE\",\"potentialAction\":[{\"@type\":\"ReadAction\",\"target\":[\"https:\\\/\\\/wp.kristdemokraterna.se\\\/kalmarlan\\\/regelverk-for-strandskyddet-behover-forandras\\\/\"]}]},{\"@type\":\"ImageObject\",\"inLanguage\":\"sv-SE\",\"@id\":\"https:\\\/\\\/wp.kristdemokraterna.se\\\/kalmarlan\\\/regelverk-for-strandskyddet-behover-forandras\\\/#primaryimage\",\"url\":\"https:\\\/\\\/wp.kristdemokraterna.se\\\/kalmarlan\\\/files\\\/2013\\\/09\\\/20130927-160602.jpg\",\"contentUrl\":\"https:\\\/\\\/wp.kristdemokraterna.se\\\/kalmarlan\\\/files\\\/2013\\\/09\\\/20130927-160602.jpg\",\"width\":225,\"height\":300},{\"@type\":\"BreadcrumbList\",\"@id\":\"https:\\\/\\\/wp.kristdemokraterna.se\\\/kalmarlan\\\/regelverk-for-strandskyddet-behover-forandras\\\/#breadcrumb\",\"itemListElement\":[{\"@type\":\"ListItem\",\"position\":1,\"name\":\"Hem\",\"item\":\"https:\\\/\\\/wp.kristdemokraterna.se\\\/kalmarlan\\\/\"},{\"@type\":\"ListItem\",\"position\":2,\"name\":\"Strandskyddet beh\u00f6ver f\u00f6r\u00e4ndras\"}]},{\"@type\":\"WebSite\",\"@id\":\"https:\\\/\\\/wp.kristdemokraterna.se\\\/kalmarlan\\\/#website\",\"url\":\"https:\\\/\\\/wp.kristdemokraterna.se\\\/kalmarlan\\\/\",\"name\":\"i Kalmar l\u00e4n\",\"description\":\"\",\"inLanguage\":\"sv-SE\"},{\"@type\":\"Person\",\"@id\":\"https:\\\/\\\/wp.kristdemokraterna.se\\\/kalmarlan\\\/#\\\/schema\\\/person\\\/a1856739934bf9c6a11fb258646ea2a5\",\"name\":\"kalmarlan\",\"image\":{\"@type\":\"ImageObject\",\"inLanguage\":\"sv-SE\",\"@id\":\"https:\\\/\\\/secure.gravatar.com\\\/avatar\\\/ef1f7dcd1b21be34f0f3e58a032955c2de43794b20090a23118cd0e2a8964e6e?s=96&r=g\",\"url\":\"https:\\\/\\\/secure.gravatar.com\\\/avatar\\\/ef1f7dcd1b21be34f0f3e58a032955c2de43794b20090a23118cd0e2a8964e6e?s=96&r=g\",\"contentUrl\":\"https:\\\/\\\/secure.gravatar.com\\\/avatar\\\/ef1f7dcd1b21be34f0f3e58a032955c2de43794b20090a23118cd0e2a8964e6e?s=96&r=g\",\"caption\":\"kalmarlan\"},\"url\":\"https:\\\/\\\/wp.kristdemokraterna.se\\\/kalmarlan\\\/author\\\/kalmarlan\\\/\"}]}<\/script>\n<!-- \/ Yoast SEO plugin. -->","yoast_head_json":{"title":"Strandskyddet beh\u00f6ver f\u00f6r\u00e4ndras - i Kalmar l\u00e4n","robots":{"index":"index","follow":"follow","max-snippet":"max-snippet:-1","max-image-preview":"max-image-preview:large","max-video-preview":"max-video-preview:-1"},"canonical":"https:\/\/wp.kristdemokraterna.se\/kalmarlan\/regelverk-for-strandskyddet-behover-forandras\/","og_locale":"sv_SE","og_type":"article","og_title":"Strandskyddet beh\u00f6ver f\u00f6r\u00e4ndras - i Kalmar l\u00e4n","og_description":"Anders Andersson blev idag intervjuad av Svt ang\u00e5ende Strandskyddet. Han menar p\u00e5 att det m\u00e5ste bli enklare att bygga strandn\u00e4ra i glest befolkade delar av landet. &#8211; F\u00f6r mig \u00e4r det inte rimligt att ha samma regler f\u00f6r att skydda en liten \u00f6 i Sm\u00e5land som en \u00f6 i Stockholms sk\u00e4rg\u00e5rd, s\u00e4ger Anders Andersson. Kalmarb\u00e4nken Read More","og_url":"https:\/\/wp.kristdemokraterna.se\/kalmarlan\/regelverk-for-strandskyddet-behover-forandras\/","og_site_name":"i Kalmar l\u00e4n","article_published_time":"2013-09-27T10:51:10+00:00","article_modified_time":"2013-09-27T14:05:46+00:00","og_image":[{"url":"http:\/\/wp.kristdemokraterna.se\/kalmarlan\/files\/2013\/09\/20130927-160602.jpg","type":"","width":"","height":""}],"author":"kalmarlan","twitter_card":"summary_large_image","twitter_misc":{"Skriven av":"kalmarlan"},"schema":{"@context":"https:\/\/schema.org","@graph":[{"@type":"Article","@id":"https:\/\/wp.kristdemokraterna.se\/kalmarlan\/regelverk-for-strandskyddet-behover-forandras\/#article","isPartOf":{"@id":"https:\/\/wp.kristdemokraterna.se\/kalmarlan\/regelverk-for-strandskyddet-behover-forandras\/"},"author":{"name":"kalmarlan","@id":"https:\/\/wp.kristdemokraterna.se\/kalmarlan\/#\/schema\/person\/a1856739934bf9c6a11fb258646ea2a5"},"headline":"Strandskyddet beh\u00f6ver f\u00f6r\u00e4ndras","datePublished":"2013-09-27T10:51:10+00:00","dateModified":"2013-09-27T14:05:46+00:00","mainEntityOfPage":{"@id":"https:\/\/wp.kristdemokraterna.se\/kalmarlan\/regelverk-for-strandskyddet-behover-forandras\/"},"wordCount":76,"commentCount":0,"image":{"@id":"https:\/\/wp.kristdemokraterna.se\/kalmarlan\/regelverk-for-strandskyddet-behover-forandras\/#primaryimage"},"thumbnailUrl":"http:\/\/wp.kristdemokraterna.se\/kalmarlan\/files\/2013\/09\/20130927-160602.jpg","inLanguage":"sv-SE"},{"@type":"WebPage","@id":"https:\/\/wp.kristdemokraterna.se\/kalmarlan\/regelverk-for-strandskyddet-behover-forandras\/","url":"https:\/\/wp.kristdemokraterna.se\/kalmarlan\/regelverk-for-strandskyddet-behover-forandras\/","name":"Strandskyddet beh\u00f6ver f\u00f6r\u00e4ndras - i Kalmar l\u00e4n","isPartOf":{"@id":"https:\/\/wp.kristdemokraterna.se\/kalmarlan\/#website"},"primaryImageOfPage":{"@id":"https:\/\/wp.kristdemokraterna.se\/kalmarlan\/regelverk-for-strandskyddet-behover-forandras\/#primaryimage"},"image":{"@id":"https:\/\/wp.kristdemokraterna.se\/kalmarlan\/regelverk-for-strandskyddet-behover-forandras\/#primaryimage"},"thumbnailUrl":"http:\/\/wp.kristdemokraterna.se\/kalmarlan\/files\/2013\/09\/20130927-160602.jpg","datePublished":"2013-09-27T10:51:10+00:00","dateModified":"2013-09-27T14:05:46+00:00","author":{"@id":"https:\/\/wp.kristdemokraterna.se\/kalmarlan\/#\/schema\/person\/a1856739934bf9c6a11fb258646ea2a5"},"breadcrumb":{"@id":"https:\/\/wp.kristdemokraterna.se\/kalmarlan\/regelverk-for-strandskyddet-behover-forandras\/#breadcrumb"},"inLanguage":"sv-SE","potentialAction":[{"@type":"ReadAction","target":["https:\/\/wp.kristdemokraterna.se\/kalmarlan\/regelverk-for-strandskyddet-behover-forandras\/"]}]},{"@type":"ImageObject","inLanguage":"sv-SE","@id":"https:\/\/wp.kristdemokraterna.se\/kalmarlan\/regelverk-for-strandskyddet-behover-forandras\/#primaryimage","url":"https:\/\/wp.kristdemokraterna.se\/kalmarlan\/files\/2013\/09\/20130927-160602.jpg","contentUrl":"https:\/\/wp.kristdemokraterna.se\/kalmarlan\/files\/2013\/09\/20130927-160602.jpg","width":225,"height":300},{"@type":"BreadcrumbList","@id":"https:\/\/wp.kristdemokraterna.se\/kalmarlan\/regelverk-for-strandskyddet-behover-forandras\/#breadcrumb","itemListElement":[{"@type":"ListItem","position":1,"name":"Hem","item":"https:\/\/wp.kristdemokraterna.se\/kalmarlan\/"},{"@type":"ListItem","position":2,"name":"Strandskyddet beh\u00f6ver f\u00f6r\u00e4ndras"}]},{"@type":"WebSite","@id":"https:\/\/wp.kristdemokraterna.se\/kalmarlan\/#website","url":"https:\/\/wp.kristdemokraterna.se\/kalmarlan\/","name":"i Kalmar l\u00e4n","description":"","inLanguage":"sv-SE"},{"@type":"Person","@id":"https:\/\/wp.kristdemokraterna.se\/kalmarlan\/#\/schema\/person\/a1856739934bf9c6a11fb258646ea2a5","name":"kalmarlan","image":{"@type":"ImageObject","inLanguage":"sv-SE","@id":"https:\/\/secure.gravatar.com\/avatar\/ef1f7dcd1b21be34f0f3e58a032955c2de43794b20090a23118cd0e2a8964e6e?s=96&r=g","url":"https:\/\/secure.gravatar.com\/avatar\/ef1f7dcd1b21be34f0f3e58a032955c2de43794b20090a23118cd0e2a8964e6e?s=96&r=g","contentUrl":"https:\/\/secure.gravatar.com\/avatar\/ef1f7dcd1b21be34f0f3e58a032955c2de43794b20090a23118cd0e2a8964e6e?s=96&r=g","caption":"kalmarlan"},"url":"https:\/\/wp.kristdemokraterna.se\/kalmarlan\/author\/kalmarlan\/"}]}},"_links":{"self":[{"href":"https:\/\/wp.kristdemokraterna.se\/kalmarlan\/wp-json\/wp\/v2\/posts\/243","targetHints":{"allow":["GET"]}}],"collection":[{"href":"https:\/\/wp.kristdemokraterna.se\/kalmarlan\/wp-json\/wp\/v2\/posts"}],"about":[{"href":"https:\/\/wp.kristdemokraterna.se\/kalmarlan\/wp-json\/wp\/v2\/types\/post"}],"author":[{"embeddable":true,"href":"https:\/\/wp.kristdemokraterna.se\/kalmarlan\/wp-json\/wp\/v2\/users\/417"}],"replies":[{"embeddable":true,"href":"https:\/\/wp.kristdemokraterna.se\/kalmarlan\/wp-json\/wp\/v2\/comments?post=243"}],"version-history":[{"count":3,"href":"https:\/\/wp.kristdemokraterna.se\/kalmarlan\/wp-json\/wp\/v2\/posts\/243\/revisions"}],"predecessor-version":[{"id":247,"href":"https:\/\/wp.kristdemokraterna.se\/kalmarlan\/wp-json\/wp\/v2\/posts\/243\/revisions\/247"}],"wp:attachment":[{"href":"https:\/\/wp.kristdemokraterna.se\/kalmarlan\/wp-json\/wp\/v2\/media?parent=243"}],"wp:term":[{"taxonomy":"category","embeddable":true,"href":"https:\/\/wp.kristdemokraterna.se\/kalmarlan\/wp-json\/wp\/v2\/categories?post=243"},{"taxonomy":"post_tag","embeddable":true,"href":"https:\/\/wp.kristdemokraterna.se\/kalmarlan\/wp-json\/wp\/v2\/tags?post=243"}],"curies":[{"name":"wp","href":"https:\/\/api.w.org\/{rel}","templated":true}]}}