{"id":249,"date":"2013-09-27T16:22:48","date_gmt":"2013-09-27T14:22:48","guid":{"rendered":"http:\/\/wp.kristdemokraterna.se\/kalmarlan\/?p=249"},"modified":"2013-09-27T16:24:14","modified_gmt":"2013-09-27T14:24:14","slug":"ratt-att-overklaga-betyg","status":"publish","type":"post","link":"https:\/\/wp.kristdemokraterna.se\/kalmarlan\/ratt-att-overklaga-betyg\/","title":{"rendered":"R\u00e4tt att \u00f6verklaga betyg"},"content":{"rendered":"<p>P\u00e5 kristdemokraternas Riksting har man i dag beslutat att elever ska ha r\u00e4tt att \u00f6verklaga slutbetyg fr\u00e5n grundskolan samt gymnasiebetygen. Betygen avg\u00f6r framtiden f\u00f6r m\u00e5nga personer och vilka utbildningar som man har m\u00f6jlighet att komma in p\u00e5. &#8211; Detta \u00e4r en r\u00e4ttss\u00e4kerhetsfr\u00e5ga f\u00f6r elever s\u00e4ger Madeleine Rosenqvist, som talade f\u00f6r att betygen ska kunna \u00f6verklagas. Beslutet \u00e4r ett gl\u00e4djande exempel p\u00e5 att en majoritet av ombuden var beredda att lysna p\u00e5 elevorganisationernas erfarenhet och \u00f6nskem\u00e5l. Partistyrelsens f\u00f6rslag om att man forts\u00e4ttningsvis inte ska kunna \u00f6verklaga betygen gick allts\u00e5 inte igenom. Rikstinget r\u00f6stade f\u00f6r m\u00f6jlighet att \u00f6verklaga. Kalmar l\u00e4ns Kristdemokrater \u00e4r v\u00e4ldigt n\u00f6jda \u00f6ver beslutet.<\/p>\n<p><a href=\"http:\/\/wp.kristdemokraterna.se\/kalmarlan\/files\/2013\/09\/20130927-162241.jpg\"><img decoding=\"async\" src=\"http:\/\/wp.kristdemokraterna.se\/kalmarlan\/files\/2013\/09\/20130927-162241.jpg\" alt=\"20130927-162241.jpg\" class=\"alignnone size-full\" \/><\/a><\/p>\n","protected":false},"excerpt":{"rendered":"<p>P\u00e5 kristdemokraternas Riksting har man i dag beslutat att elever ska ha r\u00e4tt att \u00f6verklaga slutbetyg fr\u00e5n grundskolan samt gymnasiebetygen. Betygen avg\u00f6r framtiden f\u00f6r m\u00e5nga personer och vilka utbildningar som man har m\u00f6jlighet att komma in p\u00e5. &#8211; Detta \u00e4r en r\u00e4ttss\u00e4kerhetsfr\u00e5ga f\u00f6r elever s\u00e4ger Madeleine Rosenqvist, som talade f\u00f6r att betygen ska kunna \u00f6verklagas. <a class=\"read-more-link\" href=\"https:\/\/wp.kristdemokraterna.se\/kalmarlan\/ratt-att-overklaga-betyg\/\">Read More<\/a><\/p>\n","protected":false},"author":417,"featured_media":0,"comment_status":"open","ping_status":"open","sticky":false,"template":"","format":"standard","meta":{"_acf_changed":false,"footnotes":""},"categories":[1],"tags":[],"class_list":["post-249","post","type-post","status-publish","format-standard","hentry","category-okategoriserade"],"acf":[],"yoast_head":"<!-- This site is optimized with the Yoast SEO plugin v27.4 - https:\/\/yoast.com\/product\/yoast-seo-wordpress\/ -->\n<title>R\u00e4tt att \u00f6verklaga betyg - i Kalmar l\u00e4n<\/title>\n<meta name=\"robots\" content=\"index, follow, max-snippet:-1, max-image-preview:large, max-video-preview:-1\" \/>\n<link rel=\"canonical\" href=\"https:\/\/wp.kristdemokraterna.se\/kalmarlan\/ratt-att-overklaga-betyg\/\" \/>\n<meta property=\"og:locale\" content=\"sv_SE\" \/>\n<meta property=\"og:type\" content=\"article\" \/>\n<meta property=\"og:title\" content=\"R\u00e4tt att \u00f6verklaga betyg - i Kalmar l\u00e4n\" \/>\n<meta property=\"og:description\" content=\"P\u00e5 kristdemokraternas Riksting har man i dag beslutat att elever ska ha r\u00e4tt att \u00f6verklaga slutbetyg fr\u00e5n grundskolan samt gymnasiebetygen. Betygen avg\u00f6r framtiden f\u00f6r m\u00e5nga personer och vilka utbildningar som man har m\u00f6jlighet att komma in p\u00e5. &#8211; Detta \u00e4r en r\u00e4ttss\u00e4kerhetsfr\u00e5ga f\u00f6r elever s\u00e4ger Madeleine Rosenqvist, som talade f\u00f6r att betygen ska kunna \u00f6verklagas. Read More\" \/>\n<meta property=\"og:url\" content=\"https:\/\/wp.kristdemokraterna.se\/kalmarlan\/ratt-att-overklaga-betyg\/\" \/>\n<meta property=\"og:site_name\" content=\"i Kalmar l\u00e4n\" \/>\n<meta property=\"article:published_time\" content=\"2013-09-27T14:22:48+00:00\" \/>\n<meta property=\"article:modified_time\" content=\"2013-09-27T14:24:14+00:00\" \/>\n<meta property=\"og:image\" content=\"http:\/\/wp.kristdemokraterna.se\/kalmarlan\/files\/2013\/09\/20130927-162241.jpg\" \/>\n<meta name=\"author\" content=\"kalmarlan\" \/>\n<meta name=\"twitter:card\" content=\"summary_large_image\" \/>\n<meta name=\"twitter:label1\" content=\"Skriven av\" \/>\n\t<meta name=\"twitter:data1\" content=\"kalmarlan\" \/>\n\t<meta name=\"twitter:label2\" content=\"Ber\u00e4knad l\u00e4stid\" \/>\n\t<meta name=\"twitter:data2\" content=\"1 minut\" \/>\n<script type=\"application\/ld+json\" class=\"yoast-schema-graph\">{\"@context\":\"https:\\\/\\\/schema.org\",\"@graph\":[{\"@type\":\"Article\",\"@id\":\"https:\\\/\\\/wp.kristdemokraterna.se\\\/kalmarlan\\\/ratt-att-overklaga-betyg\\\/#article\",\"isPartOf\":{\"@id\":\"https:\\\/\\\/wp.kristdemokraterna.se\\\/kalmarlan\\\/ratt-att-overklaga-betyg\\\/\"},\"author\":{\"name\":\"kalmarlan\",\"@id\":\"https:\\\/\\\/wp.kristdemokraterna.se\\\/kalmarlan\\\/#\\\/schema\\\/person\\\/a1856739934bf9c6a11fb258646ea2a5\"},\"headline\":\"R\u00e4tt att \u00f6verklaga betyg\",\"datePublished\":\"2013-09-27T14:22:48+00:00\",\"dateModified\":\"2013-09-27T14:24:14+00:00\",\"mainEntityOfPage\":{\"@id\":\"https:\\\/\\\/wp.kristdemokraterna.se\\\/kalmarlan\\\/ratt-att-overklaga-betyg\\\/\"},\"wordCount\":131,\"commentCount\":0,\"image\":{\"@id\":\"https:\\\/\\\/wp.kristdemokraterna.se\\\/kalmarlan\\\/ratt-att-overklaga-betyg\\\/#primaryimage\"},\"thumbnailUrl\":\"http:\\\/\\\/wp.kristdemokraterna.se\\\/kalmarlan\\\/files\\\/2013\\\/09\\\/20130927-162241.jpg\",\"inLanguage\":\"sv-SE\"},{\"@type\":\"WebPage\",\"@id\":\"https:\\\/\\\/wp.kristdemokraterna.se\\\/kalmarlan\\\/ratt-att-overklaga-betyg\\\/\",\"url\":\"https:\\\/\\\/wp.kristdemokraterna.se\\\/kalmarlan\\\/ratt-att-overklaga-betyg\\\/\",\"name\":\"R\u00e4tt att \u00f6verklaga betyg - i Kalmar l\u00e4n\",\"isPartOf\":{\"@id\":\"https:\\\/\\\/wp.kristdemokraterna.se\\\/kalmarlan\\\/#website\"},\"primaryImageOfPage\":{\"@id\":\"https:\\\/\\\/wp.kristdemokraterna.se\\\/kalmarlan\\\/ratt-att-overklaga-betyg\\\/#primaryimage\"},\"image\":{\"@id\":\"https:\\\/\\\/wp.kristdemokraterna.se\\\/kalmarlan\\\/ratt-att-overklaga-betyg\\\/#primaryimage\"},\"thumbnailUrl\":\"http:\\\/\\\/wp.kristdemokraterna.se\\\/kalmarlan\\\/files\\\/2013\\\/09\\\/20130927-162241.jpg\",\"datePublished\":\"2013-09-27T14:22:48+00:00\",\"dateModified\":\"2013-09-27T14:24:14+00:00\",\"author\":{\"@id\":\"https:\\\/\\\/wp.kristdemokraterna.se\\\/kalmarlan\\\/#\\\/schema\\\/person\\\/a1856739934bf9c6a11fb258646ea2a5\"},\"breadcrumb\":{\"@id\":\"https:\\\/\\\/wp.kristdemokraterna.se\\\/kalmarlan\\\/ratt-att-overklaga-betyg\\\/#breadcrumb\"},\"inLanguage\":\"sv-SE\",\"potentialAction\":[{\"@type\":\"ReadAction\",\"target\":[\"https:\\\/\\\/wp.kristdemokraterna.se\\\/kalmarlan\\\/ratt-att-overklaga-betyg\\\/\"]}]},{\"@type\":\"ImageObject\",\"inLanguage\":\"sv-SE\",\"@id\":\"https:\\\/\\\/wp.kristdemokraterna.se\\\/kalmarlan\\\/ratt-att-overklaga-betyg\\\/#primaryimage\",\"url\":\"https:\\\/\\\/wp.kristdemokraterna.se\\\/kalmarlan\\\/files\\\/2013\\\/09\\\/20130927-162241.jpg\",\"contentUrl\":\"https:\\\/\\\/wp.kristdemokraterna.se\\\/kalmarlan\\\/files\\\/2013\\\/09\\\/20130927-162241.jpg\",\"width\":225,\"height\":300},{\"@type\":\"BreadcrumbList\",\"@id\":\"https:\\\/\\\/wp.kristdemokraterna.se\\\/kalmarlan\\\/ratt-att-overklaga-betyg\\\/#breadcrumb\",\"itemListElement\":[{\"@type\":\"ListItem\",\"position\":1,\"name\":\"Hem\",\"item\":\"https:\\\/\\\/wp.kristdemokraterna.se\\\/kalmarlan\\\/\"},{\"@type\":\"ListItem\",\"position\":2,\"name\":\"R\u00e4tt att \u00f6verklaga betyg\"}]},{\"@type\":\"WebSite\",\"@id\":\"https:\\\/\\\/wp.kristdemokraterna.se\\\/kalmarlan\\\/#website\",\"url\":\"https:\\\/\\\/wp.kristdemokraterna.se\\\/kalmarlan\\\/\",\"name\":\"i Kalmar l\u00e4n\",\"description\":\"\",\"inLanguage\":\"sv-SE\"},{\"@type\":\"Person\",\"@id\":\"https:\\\/\\\/wp.kristdemokraterna.se\\\/kalmarlan\\\/#\\\/schema\\\/person\\\/a1856739934bf9c6a11fb258646ea2a5\",\"name\":\"kalmarlan\",\"image\":{\"@type\":\"ImageObject\",\"inLanguage\":\"sv-SE\",\"@id\":\"https:\\\/\\\/secure.gravatar.com\\\/avatar\\\/ef1f7dcd1b21be34f0f3e58a032955c2de43794b20090a23118cd0e2a8964e6e?s=96&r=g\",\"url\":\"https:\\\/\\\/secure.gravatar.com\\\/avatar\\\/ef1f7dcd1b21be34f0f3e58a032955c2de43794b20090a23118cd0e2a8964e6e?s=96&r=g\",\"contentUrl\":\"https:\\\/\\\/secure.gravatar.com\\\/avatar\\\/ef1f7dcd1b21be34f0f3e58a032955c2de43794b20090a23118cd0e2a8964e6e?s=96&r=g\",\"caption\":\"kalmarlan\"},\"url\":\"https:\\\/\\\/wp.kristdemokraterna.se\\\/kalmarlan\\\/author\\\/kalmarlan\\\/\"}]}<\/script>\n<!-- \/ Yoast SEO plugin. -->","yoast_head_json":{"title":"R\u00e4tt att \u00f6verklaga betyg - i Kalmar l\u00e4n","robots":{"index":"index","follow":"follow","max-snippet":"max-snippet:-1","max-image-preview":"max-image-preview:large","max-video-preview":"max-video-preview:-1"},"canonical":"https:\/\/wp.kristdemokraterna.se\/kalmarlan\/ratt-att-overklaga-betyg\/","og_locale":"sv_SE","og_type":"article","og_title":"R\u00e4tt att \u00f6verklaga betyg - i Kalmar l\u00e4n","og_description":"P\u00e5 kristdemokraternas Riksting har man i dag beslutat att elever ska ha r\u00e4tt att \u00f6verklaga slutbetyg fr\u00e5n grundskolan samt gymnasiebetygen. Betygen avg\u00f6r framtiden f\u00f6r m\u00e5nga personer och vilka utbildningar som man har m\u00f6jlighet att komma in p\u00e5. &#8211; Detta \u00e4r en r\u00e4ttss\u00e4kerhetsfr\u00e5ga f\u00f6r elever s\u00e4ger Madeleine Rosenqvist, som talade f\u00f6r att betygen ska kunna \u00f6verklagas. Read More","og_url":"https:\/\/wp.kristdemokraterna.se\/kalmarlan\/ratt-att-overklaga-betyg\/","og_site_name":"i Kalmar l\u00e4n","article_published_time":"2013-09-27T14:22:48+00:00","article_modified_time":"2013-09-27T14:24:14+00:00","og_image":[{"url":"http:\/\/wp.kristdemokraterna.se\/kalmarlan\/files\/2013\/09\/20130927-162241.jpg","type":"","width":"","height":""}],"author":"kalmarlan","twitter_card":"summary_large_image","twitter_misc":{"Skriven av":"kalmarlan","Ber\u00e4knad l\u00e4stid":"1 minut"},"schema":{"@context":"https:\/\/schema.org","@graph":[{"@type":"Article","@id":"https:\/\/wp.kristdemokraterna.se\/kalmarlan\/ratt-att-overklaga-betyg\/#article","isPartOf":{"@id":"https:\/\/wp.kristdemokraterna.se\/kalmarlan\/ratt-att-overklaga-betyg\/"},"author":{"name":"kalmarlan","@id":"https:\/\/wp.kristdemokraterna.se\/kalmarlan\/#\/schema\/person\/a1856739934bf9c6a11fb258646ea2a5"},"headline":"R\u00e4tt att \u00f6verklaga betyg","datePublished":"2013-09-27T14:22:48+00:00","dateModified":"2013-09-27T14:24:14+00:00","mainEntityOfPage":{"@id":"https:\/\/wp.kristdemokraterna.se\/kalmarlan\/ratt-att-overklaga-betyg\/"},"wordCount":131,"commentCount":0,"image":{"@id":"https:\/\/wp.kristdemokraterna.se\/kalmarlan\/ratt-att-overklaga-betyg\/#primaryimage"},"thumbnailUrl":"http:\/\/wp.kristdemokraterna.se\/kalmarlan\/files\/2013\/09\/20130927-162241.jpg","inLanguage":"sv-SE"},{"@type":"WebPage","@id":"https:\/\/wp.kristdemokraterna.se\/kalmarlan\/ratt-att-overklaga-betyg\/","url":"https:\/\/wp.kristdemokraterna.se\/kalmarlan\/ratt-att-overklaga-betyg\/","name":"R\u00e4tt att \u00f6verklaga betyg - i Kalmar l\u00e4n","isPartOf":{"@id":"https:\/\/wp.kristdemokraterna.se\/kalmarlan\/#website"},"primaryImageOfPage":{"@id":"https:\/\/wp.kristdemokraterna.se\/kalmarlan\/ratt-att-overklaga-betyg\/#primaryimage"},"image":{"@id":"https:\/\/wp.kristdemokraterna.se\/kalmarlan\/ratt-att-overklaga-betyg\/#primaryimage"},"thumbnailUrl":"http:\/\/wp.kristdemokraterna.se\/kalmarlan\/files\/2013\/09\/20130927-162241.jpg","datePublished":"2013-09-27T14:22:48+00:00","dateModified":"2013-09-27T14:24:14+00:00","author":{"@id":"https:\/\/wp.kristdemokraterna.se\/kalmarlan\/#\/schema\/person\/a1856739934bf9c6a11fb258646ea2a5"},"breadcrumb":{"@id":"https:\/\/wp.kristdemokraterna.se\/kalmarlan\/ratt-att-overklaga-betyg\/#breadcrumb"},"inLanguage":"sv-SE","potentialAction":[{"@type":"ReadAction","target":["https:\/\/wp.kristdemokraterna.se\/kalmarlan\/ratt-att-overklaga-betyg\/"]}]},{"@type":"ImageObject","inLanguage":"sv-SE","@id":"https:\/\/wp.kristdemokraterna.se\/kalmarlan\/ratt-att-overklaga-betyg\/#primaryimage","url":"https:\/\/wp.kristdemokraterna.se\/kalmarlan\/files\/2013\/09\/20130927-162241.jpg","contentUrl":"https:\/\/wp.kristdemokraterna.se\/kalmarlan\/files\/2013\/09\/20130927-162241.jpg","width":225,"height":300},{"@type":"BreadcrumbList","@id":"https:\/\/wp.kristdemokraterna.se\/kalmarlan\/ratt-att-overklaga-betyg\/#breadcrumb","itemListElement":[{"@type":"ListItem","position":1,"name":"Hem","item":"https:\/\/wp.kristdemokraterna.se\/kalmarlan\/"},{"@type":"ListItem","position":2,"name":"R\u00e4tt att \u00f6verklaga betyg"}]},{"@type":"WebSite","@id":"https:\/\/wp.kristdemokraterna.se\/kalmarlan\/#website","url":"https:\/\/wp.kristdemokraterna.se\/kalmarlan\/","name":"i Kalmar l\u00e4n","description":"","inLanguage":"sv-SE"},{"@type":"Person","@id":"https:\/\/wp.kristdemokraterna.se\/kalmarlan\/#\/schema\/person\/a1856739934bf9c6a11fb258646ea2a5","name":"kalmarlan","image":{"@type":"ImageObject","inLanguage":"sv-SE","@id":"https:\/\/secure.gravatar.com\/avatar\/ef1f7dcd1b21be34f0f3e58a032955c2de43794b20090a23118cd0e2a8964e6e?s=96&r=g","url":"https:\/\/secure.gravatar.com\/avatar\/ef1f7dcd1b21be34f0f3e58a032955c2de43794b20090a23118cd0e2a8964e6e?s=96&r=g","contentUrl":"https:\/\/secure.gravatar.com\/avatar\/ef1f7dcd1b21be34f0f3e58a032955c2de43794b20090a23118cd0e2a8964e6e?s=96&r=g","caption":"kalmarlan"},"url":"https:\/\/wp.kristdemokraterna.se\/kalmarlan\/author\/kalmarlan\/"}]}},"_links":{"self":[{"href":"https:\/\/wp.kristdemokraterna.se\/kalmarlan\/wp-json\/wp\/v2\/posts\/249","targetHints":{"allow":["GET"]}}],"collection":[{"href":"https:\/\/wp.kristdemokraterna.se\/kalmarlan\/wp-json\/wp\/v2\/posts"}],"about":[{"href":"https:\/\/wp.kristdemokraterna.se\/kalmarlan\/wp-json\/wp\/v2\/types\/post"}],"author":[{"embeddable":true,"href":"https:\/\/wp.kristdemokraterna.se\/kalmarlan\/wp-json\/wp\/v2\/users\/417"}],"replies":[{"embeddable":true,"href":"https:\/\/wp.kristdemokraterna.se\/kalmarlan\/wp-json\/wp\/v2\/comments?post=249"}],"version-history":[{"count":3,"href":"https:\/\/wp.kristdemokraterna.se\/kalmarlan\/wp-json\/wp\/v2\/posts\/249\/revisions"}],"predecessor-version":[{"id":252,"href":"https:\/\/wp.kristdemokraterna.se\/kalmarlan\/wp-json\/wp\/v2\/posts\/249\/revisions\/252"}],"wp:attachment":[{"href":"https:\/\/wp.kristdemokraterna.se\/kalmarlan\/wp-json\/wp\/v2\/media?parent=249"}],"wp:term":[{"taxonomy":"category","embeddable":true,"href":"https:\/\/wp.kristdemokraterna.se\/kalmarlan\/wp-json\/wp\/v2\/categories?post=249"},{"taxonomy":"post_tag","embeddable":true,"href":"https:\/\/wp.kristdemokraterna.se\/kalmarlan\/wp-json\/wp\/v2\/tags?post=249"}],"curies":[{"name":"wp","href":"https:\/\/api.w.org\/{rel}","templated":true}]}}