{"id":267,"date":"2013-10-05T09:10:37","date_gmt":"2013-10-05T07:10:37","guid":{"rendered":"http:\/\/wp.kristdemokraterna.se\/kalmarlan\/?p=267"},"modified":"2013-10-05T09:10:37","modified_gmt":"2013-10-05T07:10:37","slug":"kd-besok-pa-sjukhuset","status":"publish","type":"post","link":"https:\/\/wp.kristdemokraterna.se\/kalmarlan\/kd-besok-pa-sjukhuset\/","title":{"rendered":"KD-bes\u00f6k p\u00e5 sjukhuset"},"content":{"rendered":"<p>Under fredagen gjorde delar av den kristdemokratiska landstingsgruppen studiebes\u00f6k p\u00e5 V\u00e4sterviks sjukhus \u00f6ronklinik, r\u00f6ntgen och akutmottagning. <\/p>\n<p>&#8211; Det \u00e4r oerh\u00f6rt v\u00e4rdefullt f\u00f6r oss, som beslutsfattare i olika roller, att h\u00e5lla oss v\u00e4l orienterade om l\u00e4nets h\u00e4lso- och sjukv\u00e5rd. V\u00e4sterviks sjukhus \u00e4r viktigt f\u00f6r norra l\u00e4nets befolkning. D\u00e4rf\u00f6r k\u00e4nner vi s\u00e4rskild stolthet \u00f6ver de goda resultaten, som bland annat akutmottagningen uppvisar, med snabba fl\u00f6den och korta v\u00e4ntetider f\u00f6r patienterna, s\u00e4ger Gudrun Bruneg\u00e5rd. <\/p>\n<p><a href=\"http:\/\/wp.kristdemokraterna.se\/kalmarlan\/files\/2013\/10\/20131005-090947.jpg\"><img decoding=\"async\" src=\"http:\/\/wp.kristdemokraterna.se\/kalmarlan\/files\/2013\/10\/20131005-090947.jpg\" alt=\"20131005-090947.jpg\" class=\"alignnone size-full\" \/><\/a><br \/>\n<em>Fr\u00e5n v\u00e4nster: Kerstin Lahi, ers\u00e4ttare i landstingsstyrelsen, Madeleine Rosenqvist, vice ordf\u00f6rande i Medborgarutskottet och Uppf\u00f6ljningsutskottet, \u00c5ke Nilsson, regionstyrelsens arbetsutskott, Gudrun Bruneg\u00e5rd, landstingsr\u00e5d, Anders Andersson, riksdagsledamot i Socialutskottet.<br \/>\n<\/em><\/p>\n","protected":false},"excerpt":{"rendered":"<p>Under fredagen gjorde delar av den kristdemokratiska landstingsgruppen studiebes\u00f6k p\u00e5 V\u00e4sterviks sjukhus \u00f6ronklinik, r\u00f6ntgen och akutmottagning. &#8211; Det \u00e4r oerh\u00f6rt v\u00e4rdefullt f\u00f6r oss, som beslutsfattare i olika roller, att h\u00e5lla oss v\u00e4l orienterade om l\u00e4nets h\u00e4lso- och sjukv\u00e5rd. V\u00e4sterviks sjukhus \u00e4r viktigt f\u00f6r norra l\u00e4nets befolkning. D\u00e4rf\u00f6r k\u00e4nner vi s\u00e4rskild stolthet \u00f6ver de goda resultaten, <a class=\"read-more-link\" href=\"https:\/\/wp.kristdemokraterna.se\/kalmarlan\/kd-besok-pa-sjukhuset\/\">Read More<\/a><\/p>\n","protected":false},"author":417,"featured_media":0,"comment_status":"open","ping_status":"open","sticky":false,"template":"","format":"standard","meta":{"_acf_changed":false,"footnotes":""},"categories":[1],"tags":[],"class_list":["post-267","post","type-post","status-publish","format-standard","hentry","category-okategoriserade"],"acf":[],"yoast_head":"<!-- This site is optimized with the Yoast SEO plugin v27.4 - https:\/\/yoast.com\/product\/yoast-seo-wordpress\/ -->\n<title>KD-bes\u00f6k p\u00e5 sjukhuset - i Kalmar l\u00e4n<\/title>\n<meta name=\"robots\" content=\"index, follow, max-snippet:-1, max-image-preview:large, max-video-preview:-1\" \/>\n<link rel=\"canonical\" href=\"https:\/\/wp.kristdemokraterna.se\/kalmarlan\/kd-besok-pa-sjukhuset\/\" \/>\n<meta property=\"og:locale\" content=\"sv_SE\" \/>\n<meta property=\"og:type\" content=\"article\" \/>\n<meta property=\"og:title\" content=\"KD-bes\u00f6k p\u00e5 sjukhuset - i Kalmar l\u00e4n\" \/>\n<meta property=\"og:description\" content=\"Under fredagen gjorde delar av den kristdemokratiska landstingsgruppen studiebes\u00f6k p\u00e5 V\u00e4sterviks sjukhus \u00f6ronklinik, r\u00f6ntgen och akutmottagning. &#8211; Det \u00e4r oerh\u00f6rt v\u00e4rdefullt f\u00f6r oss, som beslutsfattare i olika roller, att h\u00e5lla oss v\u00e4l orienterade om l\u00e4nets h\u00e4lso- och sjukv\u00e5rd. V\u00e4sterviks sjukhus \u00e4r viktigt f\u00f6r norra l\u00e4nets befolkning. D\u00e4rf\u00f6r k\u00e4nner vi s\u00e4rskild stolthet \u00f6ver de goda resultaten, Read More\" \/>\n<meta property=\"og:url\" content=\"https:\/\/wp.kristdemokraterna.se\/kalmarlan\/kd-besok-pa-sjukhuset\/\" \/>\n<meta property=\"og:site_name\" content=\"i Kalmar l\u00e4n\" \/>\n<meta property=\"article:published_time\" content=\"2013-10-05T07:10:37+00:00\" \/>\n<meta property=\"og:image\" content=\"http:\/\/wp.kristdemokraterna.se\/kalmarlan\/files\/2013\/10\/20131005-090947.jpg\" \/>\n<meta name=\"author\" content=\"kalmarlan\" \/>\n<meta name=\"twitter:card\" content=\"summary_large_image\" \/>\n<meta name=\"twitter:label1\" content=\"Skriven av\" \/>\n\t<meta name=\"twitter:data1\" content=\"kalmarlan\" \/>\n\t<meta name=\"twitter:label2\" content=\"Ber\u00e4knad l\u00e4stid\" \/>\n\t<meta name=\"twitter:data2\" content=\"1 minut\" \/>\n<script type=\"application\/ld+json\" class=\"yoast-schema-graph\">{\"@context\":\"https:\\\/\\\/schema.org\",\"@graph\":[{\"@type\":\"Article\",\"@id\":\"https:\\\/\\\/wp.kristdemokraterna.se\\\/kalmarlan\\\/kd-besok-pa-sjukhuset\\\/#article\",\"isPartOf\":{\"@id\":\"https:\\\/\\\/wp.kristdemokraterna.se\\\/kalmarlan\\\/kd-besok-pa-sjukhuset\\\/\"},\"author\":{\"name\":\"kalmarlan\",\"@id\":\"https:\\\/\\\/wp.kristdemokraterna.se\\\/kalmarlan\\\/#\\\/schema\\\/person\\\/a1856739934bf9c6a11fb258646ea2a5\"},\"headline\":\"KD-bes\u00f6k p\u00e5 sjukhuset\",\"datePublished\":\"2013-10-05T07:10:37+00:00\",\"mainEntityOfPage\":{\"@id\":\"https:\\\/\\\/wp.kristdemokraterna.se\\\/kalmarlan\\\/kd-besok-pa-sjukhuset\\\/\"},\"wordCount\":132,\"commentCount\":0,\"image\":{\"@id\":\"https:\\\/\\\/wp.kristdemokraterna.se\\\/kalmarlan\\\/kd-besok-pa-sjukhuset\\\/#primaryimage\"},\"thumbnailUrl\":\"http:\\\/\\\/wp.kristdemokraterna.se\\\/kalmarlan\\\/files\\\/2013\\\/10\\\/20131005-090947.jpg\",\"inLanguage\":\"sv-SE\"},{\"@type\":\"WebPage\",\"@id\":\"https:\\\/\\\/wp.kristdemokraterna.se\\\/kalmarlan\\\/kd-besok-pa-sjukhuset\\\/\",\"url\":\"https:\\\/\\\/wp.kristdemokraterna.se\\\/kalmarlan\\\/kd-besok-pa-sjukhuset\\\/\",\"name\":\"KD-bes\u00f6k p\u00e5 sjukhuset - i Kalmar l\u00e4n\",\"isPartOf\":{\"@id\":\"https:\\\/\\\/wp.kristdemokraterna.se\\\/kalmarlan\\\/#website\"},\"primaryImageOfPage\":{\"@id\":\"https:\\\/\\\/wp.kristdemokraterna.se\\\/kalmarlan\\\/kd-besok-pa-sjukhuset\\\/#primaryimage\"},\"image\":{\"@id\":\"https:\\\/\\\/wp.kristdemokraterna.se\\\/kalmarlan\\\/kd-besok-pa-sjukhuset\\\/#primaryimage\"},\"thumbnailUrl\":\"http:\\\/\\\/wp.kristdemokraterna.se\\\/kalmarlan\\\/files\\\/2013\\\/10\\\/20131005-090947.jpg\",\"datePublished\":\"2013-10-05T07:10:37+00:00\",\"author\":{\"@id\":\"https:\\\/\\\/wp.kristdemokraterna.se\\\/kalmarlan\\\/#\\\/schema\\\/person\\\/a1856739934bf9c6a11fb258646ea2a5\"},\"breadcrumb\":{\"@id\":\"https:\\\/\\\/wp.kristdemokraterna.se\\\/kalmarlan\\\/kd-besok-pa-sjukhuset\\\/#breadcrumb\"},\"inLanguage\":\"sv-SE\",\"potentialAction\":[{\"@type\":\"ReadAction\",\"target\":[\"https:\\\/\\\/wp.kristdemokraterna.se\\\/kalmarlan\\\/kd-besok-pa-sjukhuset\\\/\"]}]},{\"@type\":\"ImageObject\",\"inLanguage\":\"sv-SE\",\"@id\":\"https:\\\/\\\/wp.kristdemokraterna.se\\\/kalmarlan\\\/kd-besok-pa-sjukhuset\\\/#primaryimage\",\"url\":\"https:\\\/\\\/wp.kristdemokraterna.se\\\/kalmarlan\\\/files\\\/2013\\\/10\\\/20131005-090947.jpg\",\"contentUrl\":\"https:\\\/\\\/wp.kristdemokraterna.se\\\/kalmarlan\\\/files\\\/2013\\\/10\\\/20131005-090947.jpg\",\"width\":300,\"height\":225},{\"@type\":\"BreadcrumbList\",\"@id\":\"https:\\\/\\\/wp.kristdemokraterna.se\\\/kalmarlan\\\/kd-besok-pa-sjukhuset\\\/#breadcrumb\",\"itemListElement\":[{\"@type\":\"ListItem\",\"position\":1,\"name\":\"Hem\",\"item\":\"https:\\\/\\\/wp.kristdemokraterna.se\\\/kalmarlan\\\/\"},{\"@type\":\"ListItem\",\"position\":2,\"name\":\"KD-bes\u00f6k p\u00e5 sjukhuset\"}]},{\"@type\":\"WebSite\",\"@id\":\"https:\\\/\\\/wp.kristdemokraterna.se\\\/kalmarlan\\\/#website\",\"url\":\"https:\\\/\\\/wp.kristdemokraterna.se\\\/kalmarlan\\\/\",\"name\":\"i Kalmar l\u00e4n\",\"description\":\"\",\"inLanguage\":\"sv-SE\"},{\"@type\":\"Person\",\"@id\":\"https:\\\/\\\/wp.kristdemokraterna.se\\\/kalmarlan\\\/#\\\/schema\\\/person\\\/a1856739934bf9c6a11fb258646ea2a5\",\"name\":\"kalmarlan\",\"image\":{\"@type\":\"ImageObject\",\"inLanguage\":\"sv-SE\",\"@id\":\"https:\\\/\\\/secure.gravatar.com\\\/avatar\\\/ef1f7dcd1b21be34f0f3e58a032955c2de43794b20090a23118cd0e2a8964e6e?s=96&r=g\",\"url\":\"https:\\\/\\\/secure.gravatar.com\\\/avatar\\\/ef1f7dcd1b21be34f0f3e58a032955c2de43794b20090a23118cd0e2a8964e6e?s=96&r=g\",\"contentUrl\":\"https:\\\/\\\/secure.gravatar.com\\\/avatar\\\/ef1f7dcd1b21be34f0f3e58a032955c2de43794b20090a23118cd0e2a8964e6e?s=96&r=g\",\"caption\":\"kalmarlan\"},\"url\":\"https:\\\/\\\/wp.kristdemokraterna.se\\\/kalmarlan\\\/author\\\/kalmarlan\\\/\"}]}<\/script>\n<!-- \/ Yoast SEO plugin. -->","yoast_head_json":{"title":"KD-bes\u00f6k p\u00e5 sjukhuset - i Kalmar l\u00e4n","robots":{"index":"index","follow":"follow","max-snippet":"max-snippet:-1","max-image-preview":"max-image-preview:large","max-video-preview":"max-video-preview:-1"},"canonical":"https:\/\/wp.kristdemokraterna.se\/kalmarlan\/kd-besok-pa-sjukhuset\/","og_locale":"sv_SE","og_type":"article","og_title":"KD-bes\u00f6k p\u00e5 sjukhuset - i Kalmar l\u00e4n","og_description":"Under fredagen gjorde delar av den kristdemokratiska landstingsgruppen studiebes\u00f6k p\u00e5 V\u00e4sterviks sjukhus \u00f6ronklinik, r\u00f6ntgen och akutmottagning. &#8211; Det \u00e4r oerh\u00f6rt v\u00e4rdefullt f\u00f6r oss, som beslutsfattare i olika roller, att h\u00e5lla oss v\u00e4l orienterade om l\u00e4nets h\u00e4lso- och sjukv\u00e5rd. V\u00e4sterviks sjukhus \u00e4r viktigt f\u00f6r norra l\u00e4nets befolkning. D\u00e4rf\u00f6r k\u00e4nner vi s\u00e4rskild stolthet \u00f6ver de goda resultaten, Read More","og_url":"https:\/\/wp.kristdemokraterna.se\/kalmarlan\/kd-besok-pa-sjukhuset\/","og_site_name":"i Kalmar l\u00e4n","article_published_time":"2013-10-05T07:10:37+00:00","og_image":[{"url":"http:\/\/wp.kristdemokraterna.se\/kalmarlan\/files\/2013\/10\/20131005-090947.jpg","type":"","width":"","height":""}],"author":"kalmarlan","twitter_card":"summary_large_image","twitter_misc":{"Skriven av":"kalmarlan","Ber\u00e4knad l\u00e4stid":"1 minut"},"schema":{"@context":"https:\/\/schema.org","@graph":[{"@type":"Article","@id":"https:\/\/wp.kristdemokraterna.se\/kalmarlan\/kd-besok-pa-sjukhuset\/#article","isPartOf":{"@id":"https:\/\/wp.kristdemokraterna.se\/kalmarlan\/kd-besok-pa-sjukhuset\/"},"author":{"name":"kalmarlan","@id":"https:\/\/wp.kristdemokraterna.se\/kalmarlan\/#\/schema\/person\/a1856739934bf9c6a11fb258646ea2a5"},"headline":"KD-bes\u00f6k p\u00e5 sjukhuset","datePublished":"2013-10-05T07:10:37+00:00","mainEntityOfPage":{"@id":"https:\/\/wp.kristdemokraterna.se\/kalmarlan\/kd-besok-pa-sjukhuset\/"},"wordCount":132,"commentCount":0,"image":{"@id":"https:\/\/wp.kristdemokraterna.se\/kalmarlan\/kd-besok-pa-sjukhuset\/#primaryimage"},"thumbnailUrl":"http:\/\/wp.kristdemokraterna.se\/kalmarlan\/files\/2013\/10\/20131005-090947.jpg","inLanguage":"sv-SE"},{"@type":"WebPage","@id":"https:\/\/wp.kristdemokraterna.se\/kalmarlan\/kd-besok-pa-sjukhuset\/","url":"https:\/\/wp.kristdemokraterna.se\/kalmarlan\/kd-besok-pa-sjukhuset\/","name":"KD-bes\u00f6k p\u00e5 sjukhuset - i Kalmar l\u00e4n","isPartOf":{"@id":"https:\/\/wp.kristdemokraterna.se\/kalmarlan\/#website"},"primaryImageOfPage":{"@id":"https:\/\/wp.kristdemokraterna.se\/kalmarlan\/kd-besok-pa-sjukhuset\/#primaryimage"},"image":{"@id":"https:\/\/wp.kristdemokraterna.se\/kalmarlan\/kd-besok-pa-sjukhuset\/#primaryimage"},"thumbnailUrl":"http:\/\/wp.kristdemokraterna.se\/kalmarlan\/files\/2013\/10\/20131005-090947.jpg","datePublished":"2013-10-05T07:10:37+00:00","author":{"@id":"https:\/\/wp.kristdemokraterna.se\/kalmarlan\/#\/schema\/person\/a1856739934bf9c6a11fb258646ea2a5"},"breadcrumb":{"@id":"https:\/\/wp.kristdemokraterna.se\/kalmarlan\/kd-besok-pa-sjukhuset\/#breadcrumb"},"inLanguage":"sv-SE","potentialAction":[{"@type":"ReadAction","target":["https:\/\/wp.kristdemokraterna.se\/kalmarlan\/kd-besok-pa-sjukhuset\/"]}]},{"@type":"ImageObject","inLanguage":"sv-SE","@id":"https:\/\/wp.kristdemokraterna.se\/kalmarlan\/kd-besok-pa-sjukhuset\/#primaryimage","url":"https:\/\/wp.kristdemokraterna.se\/kalmarlan\/files\/2013\/10\/20131005-090947.jpg","contentUrl":"https:\/\/wp.kristdemokraterna.se\/kalmarlan\/files\/2013\/10\/20131005-090947.jpg","width":300,"height":225},{"@type":"BreadcrumbList","@id":"https:\/\/wp.kristdemokraterna.se\/kalmarlan\/kd-besok-pa-sjukhuset\/#breadcrumb","itemListElement":[{"@type":"ListItem","position":1,"name":"Hem","item":"https:\/\/wp.kristdemokraterna.se\/kalmarlan\/"},{"@type":"ListItem","position":2,"name":"KD-bes\u00f6k p\u00e5 sjukhuset"}]},{"@type":"WebSite","@id":"https:\/\/wp.kristdemokraterna.se\/kalmarlan\/#website","url":"https:\/\/wp.kristdemokraterna.se\/kalmarlan\/","name":"i Kalmar l\u00e4n","description":"","inLanguage":"sv-SE"},{"@type":"Person","@id":"https:\/\/wp.kristdemokraterna.se\/kalmarlan\/#\/schema\/person\/a1856739934bf9c6a11fb258646ea2a5","name":"kalmarlan","image":{"@type":"ImageObject","inLanguage":"sv-SE","@id":"https:\/\/secure.gravatar.com\/avatar\/ef1f7dcd1b21be34f0f3e58a032955c2de43794b20090a23118cd0e2a8964e6e?s=96&r=g","url":"https:\/\/secure.gravatar.com\/avatar\/ef1f7dcd1b21be34f0f3e58a032955c2de43794b20090a23118cd0e2a8964e6e?s=96&r=g","contentUrl":"https:\/\/secure.gravatar.com\/avatar\/ef1f7dcd1b21be34f0f3e58a032955c2de43794b20090a23118cd0e2a8964e6e?s=96&r=g","caption":"kalmarlan"},"url":"https:\/\/wp.kristdemokraterna.se\/kalmarlan\/author\/kalmarlan\/"}]}},"_links":{"self":[{"href":"https:\/\/wp.kristdemokraterna.se\/kalmarlan\/wp-json\/wp\/v2\/posts\/267","targetHints":{"allow":["GET"]}}],"collection":[{"href":"https:\/\/wp.kristdemokraterna.se\/kalmarlan\/wp-json\/wp\/v2\/posts"}],"about":[{"href":"https:\/\/wp.kristdemokraterna.se\/kalmarlan\/wp-json\/wp\/v2\/types\/post"}],"author":[{"embeddable":true,"href":"https:\/\/wp.kristdemokraterna.se\/kalmarlan\/wp-json\/wp\/v2\/users\/417"}],"replies":[{"embeddable":true,"href":"https:\/\/wp.kristdemokraterna.se\/kalmarlan\/wp-json\/wp\/v2\/comments?post=267"}],"version-history":[{"count":1,"href":"https:\/\/wp.kristdemokraterna.se\/kalmarlan\/wp-json\/wp\/v2\/posts\/267\/revisions"}],"predecessor-version":[{"id":268,"href":"https:\/\/wp.kristdemokraterna.se\/kalmarlan\/wp-json\/wp\/v2\/posts\/267\/revisions\/268"}],"wp:attachment":[{"href":"https:\/\/wp.kristdemokraterna.se\/kalmarlan\/wp-json\/wp\/v2\/media?parent=267"}],"wp:term":[{"taxonomy":"category","embeddable":true,"href":"https:\/\/wp.kristdemokraterna.se\/kalmarlan\/wp-json\/wp\/v2\/categories?post=267"},{"taxonomy":"post_tag","embeddable":true,"href":"https:\/\/wp.kristdemokraterna.se\/kalmarlan\/wp-json\/wp\/v2\/tags?post=267"}],"curies":[{"name":"wp","href":"https:\/\/api.w.org\/{rel}","templated":true}]}}