{"id":270,"date":"2013-10-22T17:00:10","date_gmt":"2013-10-22T15:00:10","guid":{"rendered":"http:\/\/wp.kristdemokraterna.se\/kalmarlan\/?p=270"},"modified":"2013-10-27T08:05:09","modified_gmt":"2013-10-27T07:05:09","slug":"pressmeddelande-landstingsbudgeten-vi-ar-beredda-att-ta-over-majoriteten-vid-nasta-ars-val","status":"publish","type":"post","link":"https:\/\/wp.kristdemokraterna.se\/kalmarlan\/pressmeddelande-landstingsbudgeten-vi-ar-beredda-att-ta-over-majoriteten-vid-nasta-ars-val\/","title":{"rendered":"Pressmeddelande ang. Landstingsmajoritetens budget"},"content":{"rendered":"<p>Pressmeddelande<br \/>\n2013-10-22<\/p>\n<p><strong>Vi \u00e4r beredda att ta \u00f6ver majoriteten vid n\u00e4sta \u00e5rs val!<\/strong><br \/>\nN\u00e4r man l\u00e4ser den r\u00f6dgr\u00f6na majoritetens budgetf\u00f6rslag f\u00e5r man k\u00e4nslan av ett desperat f\u00f6rs\u00f6k att undanr\u00f6ja gamla surdegar inf\u00f6r val\u00e5ret. I m\u00e5nga av de fr\u00e5gor som vi kristdemokrater och \u00f6vriga allianspartier har drivit, f\u00f6r att r\u00e4tta till olika brister, or\u00e4ttvisor och oj\u00e4mlika f\u00f6rh\u00e5llanden i l\u00e4net f\u00f6resl\u00e5s nu l\u00f6sningar.<br \/>\n<!--more--><\/p>\n<p>Fyra \u00e5r har nu g\u00e5tt sedan Socialstyrelsen f\u00f6rst riktade allvarlig kritik mot bristerna och otydligheten inom v\u00e5rden f\u00f6r barn och unga med psykisk oh\u00e4lsa. Upprepade g\u00e5nger har jag pressat majoriteten, men bara f\u00e5tt undanglidande svar. Det \u00e4r allt f\u00f6r m\u00e5nga \u00e5r som g\u00e5tt utan att den r\u00f6dgr\u00f6na majoriteten tagit behoven hos barn och unga som m\u00e5r d\u00e5ligt p\u00e5 allvar! Det \u00e4r d\u00e4rf\u00f6r p\u00e5 tiden att det nu finns f\u00f6rslag till en modell f\u00f6r hur landstinget unde de n\u00e4rmaste \u00e5ren kan bygga upp en f\u00f6rsta linjens psykiatri inom ramen f\u00f6r prim\u00e4rv\u00e5rden. <\/p>\n<p>Kristdemokraterna har i flera \u00e5r tryckt p\u00e5 och visat p\u00e5 oj\u00e4mlikheten i l\u00e4net, n\u00e4r man blir akut sjuk. I m\u00e5nga fall, som exempelvis vid hj\u00e4rtinfarkt, st\u00e5r chansen till \u00f6verlevnad i direkt proportion till hur snabbt man f\u00e5r hj\u00e4lp. Risken f\u00f6r st\u00f6rre och best\u00e5ende skador efter stroke \u00f6kar f\u00f6r varje minut hj\u00e4lpen dr\u00f6jer. Efter v\u00e5ra och Alliansens p\u00e5tryckningar finns nu ett f\u00f6rslag till ambulansorganisation, d\u00e4r alla ambulansstationer uppgraderas till utryckning inom 90 sekunder, ist\u00e4llet f\u00f6r att som nu ha fem minuters ansp\u00e4nningstid i Gamleby, Virserum, Tors\u00e5s, M\u00f6rbyl\u00e5nga och L\u00f6ttorp. Dessutom f\u00e5r Gamleby dygnet-runt-ambulans. P\u00e5 s\u00e5 vis f\u00f6rb\u00e4ttras chansen till \u00f6verlevnad vid akut sjukdom i exempelvis hj\u00e4rtinfarkt eller stroke f\u00f6r dem som bor p\u00e5 landsbygden.<\/p>\n<p>St\u00f6det f\u00f6r personer med \u00e4tst\u00f6rning \u00e4r idag v\u00e4ldigt oj\u00e4mlik. I s\u00f6dra l\u00e4nsdelen finns den v\u00e4l fungerande ABC-kliniken. I norra l\u00e4nsdelen tillkom en mindre \u00e4tst\u00f6dsverksamhet efter att vi fr\u00e5n Alliansen i flera \u00e5rs tid avsatt medel i v\u00e5ra budgetalternativ. Den har dock aldrig utvecklats till att kunna j\u00e4mf\u00f6ras med verksamheten i s\u00f6dra l\u00e4nsdelen. Personer med allvarlig \u00e4tst\u00f6rningsproblematik har d\u00e4rf\u00f6r tvingats s\u00f6ka hj\u00e4lp l\u00e5ngt fr\u00e5n hemorten. Nu f\u00f6resl\u00e5s en l\u00e4ns\u00f6vergripande \u00e4tst\u00f6dsverksamhet. Det inger visst hopp om b\u00e4ttre v\u00e5rd f\u00f6r personer fr\u00e5n \u00f6vriga delar av l\u00e4net.<\/p>\n<p>Detta \u00e4r n\u00e5gra exempel p\u00e5 majoritetens f\u00f6rs\u00f6k att i sista stund r\u00e4tta till allvarliga brister och or\u00e4ttvisor, f\u00f6r att slippa st\u00e4llas till svars f\u00f6r sin senf\u00e4rdighet inf\u00f6r val\u00e5ret. <\/p>\n<p>D\u00e4remot redovisar de inga f\u00f6rslag till hur man ska komma tillr\u00e4tta med den mycket allvarsamma ekonomiska situationen, d\u00e4r landstingets k\u00e4rnverksamhet, h\u00e4lso- och sjukv\u00e5rden, dras med skenande underskott. I \u00e5r pekar prognosen mot -120 miljoner kronors underskott. <\/p>\n<p>\u00c5r efter \u00e5r har bokslutsresultatet r\u00e4ddats av tillf\u00e4lliga medel, som pensions\u00e5terbetalningar, tillf\u00e4lligt konjunkturst\u00f6d och k\u00f6miljardpengar. D\u00e4rf\u00f6r har majoriteten invaggat allm\u00e4nheten i tron att allt \u00e4r under kontroll och inga konkreta \u00e5tg\u00e4rder har vidtagits f\u00f6r styrkorna tillr\u00e4tta med underskotten inom h\u00e4lso- och sjukv\u00e5rden. <\/p>\n<p>Den h\u00e4r g\u00e5ngen r\u00e4ddar man situationen med att belasta skattebetalarna med en skatteh\u00f6jning p\u00e5 50 \u00f6re. Den arbetsf\u00f6ra befolkningen kompenseras genom jobbskatteavdraget, men pension\u00e4rer, l\u00e5ngtidssjukskrivna och personer med sjukbidrag drabbas dubbelt.<\/p>\n<p>Vi kristdemokrater \u00e4r starkt kritiska till att majoriteten inte tagit signalerna p\u00e5 allvar. Ist\u00e4llet har ekonomin vansk\u00f6tts och det grundl\u00e4ggande ekonomiska saneringsarbete som gjordes f\u00f6r tio \u00e5r sedan, med Anders Andersson KD som landstingsstyrelsens ordf\u00f6rande, \u00e4r nu i stort sett spolierat. <\/p>\n<p>Vi \u00e4r beredda att ta \u00f6ver majoriteten vid n\u00e4sta \u00e5rs val. L\u00e4nets inv\u00e5nare f\u00f6rtj\u00e4nar en ny och ansvarstagande majoritet, som \u00e4r beredda att v\u00e4nda p\u00e5 varje sten f\u00f6r att ta ge l\u00e4nets inv\u00e5nare b\u00e4sta m\u00f6jliga v\u00e5rd. <\/p>\n<p>Gudrun Bruneg\u00e5rd<br \/>\nLandstingsr\u00e5d KD<br \/>\n0480-84826<br \/>\n070-5815278<\/p>\n","protected":false},"excerpt":{"rendered":"<p>Pressmeddelande 2013-10-22 Vi \u00e4r beredda att ta \u00f6ver majoriteten vid n\u00e4sta \u00e5rs val! N\u00e4r man l\u00e4ser den r\u00f6dgr\u00f6na majoritetens budgetf\u00f6rslag f\u00e5r man k\u00e4nslan av ett desperat f\u00f6rs\u00f6k att undanr\u00f6ja gamla surdegar inf\u00f6r val\u00e5ret. I m\u00e5nga av de fr\u00e5gor som vi kristdemokrater och \u00f6vriga allianspartier har drivit, f\u00f6r att r\u00e4tta till olika brister, or\u00e4ttvisor och oj\u00e4mlika <a class=\"read-more-link\" href=\"https:\/\/wp.kristdemokraterna.se\/kalmarlan\/pressmeddelande-landstingsbudgeten-vi-ar-beredda-att-ta-over-majoriteten-vid-nasta-ars-val\/\">Read More<\/a><\/p>\n","protected":false},"author":417,"featured_media":0,"comment_status":"open","ping_status":"open","sticky":false,"template":"","format":"standard","meta":{"_acf_changed":false,"footnotes":""},"categories":[1],"tags":[],"class_list":["post-270","post","type-post","status-publish","format-standard","hentry","category-okategoriserade"],"acf":[],"yoast_head":"<!-- This site is optimized with the Yoast SEO plugin v27.4 - https:\/\/yoast.com\/product\/yoast-seo-wordpress\/ -->\n<title>Pressmeddelande ang. Landstingsmajoritetens budget - i Kalmar l\u00e4n<\/title>\n<meta name=\"robots\" content=\"index, follow, max-snippet:-1, max-image-preview:large, max-video-preview:-1\" \/>\n<link rel=\"canonical\" href=\"https:\/\/wp.kristdemokraterna.se\/kalmarlan\/pressmeddelande-landstingsbudgeten-vi-ar-beredda-att-ta-over-majoriteten-vid-nasta-ars-val\/\" \/>\n<meta property=\"og:locale\" content=\"sv_SE\" \/>\n<meta property=\"og:type\" content=\"article\" \/>\n<meta property=\"og:title\" content=\"Pressmeddelande ang. Landstingsmajoritetens budget - i Kalmar l\u00e4n\" \/>\n<meta property=\"og:description\" content=\"Pressmeddelande 2013-10-22 Vi \u00e4r beredda att ta \u00f6ver majoriteten vid n\u00e4sta \u00e5rs val! N\u00e4r man l\u00e4ser den r\u00f6dgr\u00f6na majoritetens budgetf\u00f6rslag f\u00e5r man k\u00e4nslan av ett desperat f\u00f6rs\u00f6k att undanr\u00f6ja gamla surdegar inf\u00f6r val\u00e5ret. I m\u00e5nga av de fr\u00e5gor som vi kristdemokrater och \u00f6vriga allianspartier har drivit, f\u00f6r att r\u00e4tta till olika brister, or\u00e4ttvisor och oj\u00e4mlika Read More\" \/>\n<meta property=\"og:url\" content=\"https:\/\/wp.kristdemokraterna.se\/kalmarlan\/pressmeddelande-landstingsbudgeten-vi-ar-beredda-att-ta-over-majoriteten-vid-nasta-ars-val\/\" \/>\n<meta property=\"og:site_name\" content=\"i Kalmar l\u00e4n\" \/>\n<meta property=\"article:published_time\" content=\"2013-10-22T15:00:10+00:00\" \/>\n<meta property=\"article:modified_time\" content=\"2013-10-27T07:05:09+00:00\" \/>\n<meta name=\"author\" content=\"kalmarlan\" \/>\n<meta name=\"twitter:card\" content=\"summary_large_image\" \/>\n<meta name=\"twitter:label1\" content=\"Skriven av\" \/>\n\t<meta name=\"twitter:data1\" content=\"kalmarlan\" \/>\n\t<meta name=\"twitter:label2\" content=\"Ber\u00e4knad l\u00e4stid\" \/>\n\t<meta name=\"twitter:data2\" content=\"4 minuter\" \/>\n<script type=\"application\/ld+json\" class=\"yoast-schema-graph\">{\"@context\":\"https:\\\/\\\/schema.org\",\"@graph\":[{\"@type\":\"Article\",\"@id\":\"https:\\\/\\\/wp.kristdemokraterna.se\\\/kalmarlan\\\/pressmeddelande-landstingsbudgeten-vi-ar-beredda-att-ta-over-majoriteten-vid-nasta-ars-val\\\/#article\",\"isPartOf\":{\"@id\":\"https:\\\/\\\/wp.kristdemokraterna.se\\\/kalmarlan\\\/pressmeddelande-landstingsbudgeten-vi-ar-beredda-att-ta-over-majoriteten-vid-nasta-ars-val\\\/\"},\"author\":{\"name\":\"kalmarlan\",\"@id\":\"https:\\\/\\\/wp.kristdemokraterna.se\\\/kalmarlan\\\/#\\\/schema\\\/person\\\/a1856739934bf9c6a11fb258646ea2a5\"},\"headline\":\"Pressmeddelande ang. Landstingsmajoritetens budget\",\"datePublished\":\"2013-10-22T15:00:10+00:00\",\"dateModified\":\"2013-10-27T07:05:09+00:00\",\"mainEntityOfPage\":{\"@id\":\"https:\\\/\\\/wp.kristdemokraterna.se\\\/kalmarlan\\\/pressmeddelande-landstingsbudgeten-vi-ar-beredda-att-ta-over-majoriteten-vid-nasta-ars-val\\\/\"},\"wordCount\":739,\"commentCount\":0,\"inLanguage\":\"sv-SE\"},{\"@type\":\"WebPage\",\"@id\":\"https:\\\/\\\/wp.kristdemokraterna.se\\\/kalmarlan\\\/pressmeddelande-landstingsbudgeten-vi-ar-beredda-att-ta-over-majoriteten-vid-nasta-ars-val\\\/\",\"url\":\"https:\\\/\\\/wp.kristdemokraterna.se\\\/kalmarlan\\\/pressmeddelande-landstingsbudgeten-vi-ar-beredda-att-ta-over-majoriteten-vid-nasta-ars-val\\\/\",\"name\":\"Pressmeddelande ang. Landstingsmajoritetens budget - i Kalmar l\u00e4n\",\"isPartOf\":{\"@id\":\"https:\\\/\\\/wp.kristdemokraterna.se\\\/kalmarlan\\\/#website\"},\"datePublished\":\"2013-10-22T15:00:10+00:00\",\"dateModified\":\"2013-10-27T07:05:09+00:00\",\"author\":{\"@id\":\"https:\\\/\\\/wp.kristdemokraterna.se\\\/kalmarlan\\\/#\\\/schema\\\/person\\\/a1856739934bf9c6a11fb258646ea2a5\"},\"breadcrumb\":{\"@id\":\"https:\\\/\\\/wp.kristdemokraterna.se\\\/kalmarlan\\\/pressmeddelande-landstingsbudgeten-vi-ar-beredda-att-ta-over-majoriteten-vid-nasta-ars-val\\\/#breadcrumb\"},\"inLanguage\":\"sv-SE\",\"potentialAction\":[{\"@type\":\"ReadAction\",\"target\":[\"https:\\\/\\\/wp.kristdemokraterna.se\\\/kalmarlan\\\/pressmeddelande-landstingsbudgeten-vi-ar-beredda-att-ta-over-majoriteten-vid-nasta-ars-val\\\/\"]}]},{\"@type\":\"BreadcrumbList\",\"@id\":\"https:\\\/\\\/wp.kristdemokraterna.se\\\/kalmarlan\\\/pressmeddelande-landstingsbudgeten-vi-ar-beredda-att-ta-over-majoriteten-vid-nasta-ars-val\\\/#breadcrumb\",\"itemListElement\":[{\"@type\":\"ListItem\",\"position\":1,\"name\":\"Hem\",\"item\":\"https:\\\/\\\/wp.kristdemokraterna.se\\\/kalmarlan\\\/\"},{\"@type\":\"ListItem\",\"position\":2,\"name\":\"Pressmeddelande ang. Landstingsmajoritetens budget\"}]},{\"@type\":\"WebSite\",\"@id\":\"https:\\\/\\\/wp.kristdemokraterna.se\\\/kalmarlan\\\/#website\",\"url\":\"https:\\\/\\\/wp.kristdemokraterna.se\\\/kalmarlan\\\/\",\"name\":\"i Kalmar l\u00e4n\",\"description\":\"\",\"inLanguage\":\"sv-SE\"},{\"@type\":\"Person\",\"@id\":\"https:\\\/\\\/wp.kristdemokraterna.se\\\/kalmarlan\\\/#\\\/schema\\\/person\\\/a1856739934bf9c6a11fb258646ea2a5\",\"name\":\"kalmarlan\",\"image\":{\"@type\":\"ImageObject\",\"inLanguage\":\"sv-SE\",\"@id\":\"https:\\\/\\\/secure.gravatar.com\\\/avatar\\\/ef1f7dcd1b21be34f0f3e58a032955c2de43794b20090a23118cd0e2a8964e6e?s=96&r=g\",\"url\":\"https:\\\/\\\/secure.gravatar.com\\\/avatar\\\/ef1f7dcd1b21be34f0f3e58a032955c2de43794b20090a23118cd0e2a8964e6e?s=96&r=g\",\"contentUrl\":\"https:\\\/\\\/secure.gravatar.com\\\/avatar\\\/ef1f7dcd1b21be34f0f3e58a032955c2de43794b20090a23118cd0e2a8964e6e?s=96&r=g\",\"caption\":\"kalmarlan\"},\"url\":\"https:\\\/\\\/wp.kristdemokraterna.se\\\/kalmarlan\\\/author\\\/kalmarlan\\\/\"}]}<\/script>\n<!-- \/ Yoast SEO plugin. -->","yoast_head_json":{"title":"Pressmeddelande ang. Landstingsmajoritetens budget - i Kalmar l\u00e4n","robots":{"index":"index","follow":"follow","max-snippet":"max-snippet:-1","max-image-preview":"max-image-preview:large","max-video-preview":"max-video-preview:-1"},"canonical":"https:\/\/wp.kristdemokraterna.se\/kalmarlan\/pressmeddelande-landstingsbudgeten-vi-ar-beredda-att-ta-over-majoriteten-vid-nasta-ars-val\/","og_locale":"sv_SE","og_type":"article","og_title":"Pressmeddelande ang. Landstingsmajoritetens budget - i Kalmar l\u00e4n","og_description":"Pressmeddelande 2013-10-22 Vi \u00e4r beredda att ta \u00f6ver majoriteten vid n\u00e4sta \u00e5rs val! N\u00e4r man l\u00e4ser den r\u00f6dgr\u00f6na majoritetens budgetf\u00f6rslag f\u00e5r man k\u00e4nslan av ett desperat f\u00f6rs\u00f6k att undanr\u00f6ja gamla surdegar inf\u00f6r val\u00e5ret. I m\u00e5nga av de fr\u00e5gor som vi kristdemokrater och \u00f6vriga allianspartier har drivit, f\u00f6r att r\u00e4tta till olika brister, or\u00e4ttvisor och oj\u00e4mlika Read More","og_url":"https:\/\/wp.kristdemokraterna.se\/kalmarlan\/pressmeddelande-landstingsbudgeten-vi-ar-beredda-att-ta-over-majoriteten-vid-nasta-ars-val\/","og_site_name":"i Kalmar l\u00e4n","article_published_time":"2013-10-22T15:00:10+00:00","article_modified_time":"2013-10-27T07:05:09+00:00","author":"kalmarlan","twitter_card":"summary_large_image","twitter_misc":{"Skriven av":"kalmarlan","Ber\u00e4knad l\u00e4stid":"4 minuter"},"schema":{"@context":"https:\/\/schema.org","@graph":[{"@type":"Article","@id":"https:\/\/wp.kristdemokraterna.se\/kalmarlan\/pressmeddelande-landstingsbudgeten-vi-ar-beredda-att-ta-over-majoriteten-vid-nasta-ars-val\/#article","isPartOf":{"@id":"https:\/\/wp.kristdemokraterna.se\/kalmarlan\/pressmeddelande-landstingsbudgeten-vi-ar-beredda-att-ta-over-majoriteten-vid-nasta-ars-val\/"},"author":{"name":"kalmarlan","@id":"https:\/\/wp.kristdemokraterna.se\/kalmarlan\/#\/schema\/person\/a1856739934bf9c6a11fb258646ea2a5"},"headline":"Pressmeddelande ang. Landstingsmajoritetens budget","datePublished":"2013-10-22T15:00:10+00:00","dateModified":"2013-10-27T07:05:09+00:00","mainEntityOfPage":{"@id":"https:\/\/wp.kristdemokraterna.se\/kalmarlan\/pressmeddelande-landstingsbudgeten-vi-ar-beredda-att-ta-over-majoriteten-vid-nasta-ars-val\/"},"wordCount":739,"commentCount":0,"inLanguage":"sv-SE"},{"@type":"WebPage","@id":"https:\/\/wp.kristdemokraterna.se\/kalmarlan\/pressmeddelande-landstingsbudgeten-vi-ar-beredda-att-ta-over-majoriteten-vid-nasta-ars-val\/","url":"https:\/\/wp.kristdemokraterna.se\/kalmarlan\/pressmeddelande-landstingsbudgeten-vi-ar-beredda-att-ta-over-majoriteten-vid-nasta-ars-val\/","name":"Pressmeddelande ang. Landstingsmajoritetens budget - i Kalmar l\u00e4n","isPartOf":{"@id":"https:\/\/wp.kristdemokraterna.se\/kalmarlan\/#website"},"datePublished":"2013-10-22T15:00:10+00:00","dateModified":"2013-10-27T07:05:09+00:00","author":{"@id":"https:\/\/wp.kristdemokraterna.se\/kalmarlan\/#\/schema\/person\/a1856739934bf9c6a11fb258646ea2a5"},"breadcrumb":{"@id":"https:\/\/wp.kristdemokraterna.se\/kalmarlan\/pressmeddelande-landstingsbudgeten-vi-ar-beredda-att-ta-over-majoriteten-vid-nasta-ars-val\/#breadcrumb"},"inLanguage":"sv-SE","potentialAction":[{"@type":"ReadAction","target":["https:\/\/wp.kristdemokraterna.se\/kalmarlan\/pressmeddelande-landstingsbudgeten-vi-ar-beredda-att-ta-over-majoriteten-vid-nasta-ars-val\/"]}]},{"@type":"BreadcrumbList","@id":"https:\/\/wp.kristdemokraterna.se\/kalmarlan\/pressmeddelande-landstingsbudgeten-vi-ar-beredda-att-ta-over-majoriteten-vid-nasta-ars-val\/#breadcrumb","itemListElement":[{"@type":"ListItem","position":1,"name":"Hem","item":"https:\/\/wp.kristdemokraterna.se\/kalmarlan\/"},{"@type":"ListItem","position":2,"name":"Pressmeddelande ang. Landstingsmajoritetens budget"}]},{"@type":"WebSite","@id":"https:\/\/wp.kristdemokraterna.se\/kalmarlan\/#website","url":"https:\/\/wp.kristdemokraterna.se\/kalmarlan\/","name":"i Kalmar l\u00e4n","description":"","inLanguage":"sv-SE"},{"@type":"Person","@id":"https:\/\/wp.kristdemokraterna.se\/kalmarlan\/#\/schema\/person\/a1856739934bf9c6a11fb258646ea2a5","name":"kalmarlan","image":{"@type":"ImageObject","inLanguage":"sv-SE","@id":"https:\/\/secure.gravatar.com\/avatar\/ef1f7dcd1b21be34f0f3e58a032955c2de43794b20090a23118cd0e2a8964e6e?s=96&r=g","url":"https:\/\/secure.gravatar.com\/avatar\/ef1f7dcd1b21be34f0f3e58a032955c2de43794b20090a23118cd0e2a8964e6e?s=96&r=g","contentUrl":"https:\/\/secure.gravatar.com\/avatar\/ef1f7dcd1b21be34f0f3e58a032955c2de43794b20090a23118cd0e2a8964e6e?s=96&r=g","caption":"kalmarlan"},"url":"https:\/\/wp.kristdemokraterna.se\/kalmarlan\/author\/kalmarlan\/"}]}},"_links":{"self":[{"href":"https:\/\/wp.kristdemokraterna.se\/kalmarlan\/wp-json\/wp\/v2\/posts\/270","targetHints":{"allow":["GET"]}}],"collection":[{"href":"https:\/\/wp.kristdemokraterna.se\/kalmarlan\/wp-json\/wp\/v2\/posts"}],"about":[{"href":"https:\/\/wp.kristdemokraterna.se\/kalmarlan\/wp-json\/wp\/v2\/types\/post"}],"author":[{"embeddable":true,"href":"https:\/\/wp.kristdemokraterna.se\/kalmarlan\/wp-json\/wp\/v2\/users\/417"}],"replies":[{"embeddable":true,"href":"https:\/\/wp.kristdemokraterna.se\/kalmarlan\/wp-json\/wp\/v2\/comments?post=270"}],"version-history":[{"count":3,"href":"https:\/\/wp.kristdemokraterna.se\/kalmarlan\/wp-json\/wp\/v2\/posts\/270\/revisions"}],"predecessor-version":[{"id":294,"href":"https:\/\/wp.kristdemokraterna.se\/kalmarlan\/wp-json\/wp\/v2\/posts\/270\/revisions\/294"}],"wp:attachment":[{"href":"https:\/\/wp.kristdemokraterna.se\/kalmarlan\/wp-json\/wp\/v2\/media?parent=270"}],"wp:term":[{"taxonomy":"category","embeddable":true,"href":"https:\/\/wp.kristdemokraterna.se\/kalmarlan\/wp-json\/wp\/v2\/categories?post=270"},{"taxonomy":"post_tag","embeddable":true,"href":"https:\/\/wp.kristdemokraterna.se\/kalmarlan\/wp-json\/wp\/v2\/tags?post=270"}],"curies":[{"name":"wp","href":"https:\/\/api.w.org\/{rel}","templated":true}]}}