{"id":276,"date":"2013-10-26T12:43:15","date_gmt":"2013-10-26T10:43:15","guid":{"rendered":"http:\/\/wp.kristdemokraterna.se\/kalmarlan\/?p=276"},"modified":"2013-10-26T21:38:24","modified_gmt":"2013-10-26T19:38:24","slug":"gudrun-brunegard-representerar-kristdemokraterna-i-eu-valet","status":"publish","type":"post","link":"https:\/\/wp.kristdemokraterna.se\/kalmarlan\/gudrun-brunegard-representerar-kristdemokraterna-i-eu-valet\/","title":{"rendered":"Gudrun Bruneg\u00e5rd representerar KD i EU-valet"},"content":{"rendered":"<p>P\u00e5 fredagen antog Kristdemokraternas partifullm\u00e4ktige EU-listan inf\u00f6r Europaparlamentsvalet 2014. Gudrun Bruneg\u00e5rd, fr\u00e5n Vimmerby \u00e4r en av kandidaterna, plats 14.<\/p>\n<div id=\"attachment_292\" style=\"width: 310px\" class=\"wp-caption alignleft\"><a href=\"http:\/\/wp.kristdemokraterna.se\/kalmarlan\/files\/2013\/10\/gudruneu.jpg\"><img loading=\"lazy\" decoding=\"async\" aria-describedby=\"caption-attachment-292\" class=\"size-medium wp-image-292\" alt=\"Lars Adaktusson soom toppar EU-listan, h\u00e4r tillsammans med Gudrun Bruneg\u00e5rd som \u00e4r Kalmar l\u00e4ns representant p\u00e5 listan\" src=\"http:\/\/wp.kristdemokraterna.se\/kalmarlan\/files\/2013\/10\/gudruneu-300x225.jpg\" width=\"300\" height=\"225\" srcset=\"https:\/\/wp.kristdemokraterna.se\/kalmarlan\/files\/2013\/10\/gudruneu-300x225.jpg 300w, https:\/\/wp.kristdemokraterna.se\/kalmarlan\/files\/2013\/10\/gudruneu-540x405.jpg 540w, https:\/\/wp.kristdemokraterna.se\/kalmarlan\/files\/2013\/10\/gudruneu-600x450.jpg 600w, https:\/\/wp.kristdemokraterna.se\/kalmarlan\/files\/2013\/10\/gudruneu-461x346.jpg 461w, https:\/\/wp.kristdemokraterna.se\/kalmarlan\/files\/2013\/10\/gudruneu-149x112.jpg 149w\" sizes=\"auto, (max-width: 300px) 100vw, 300px\" \/><\/a><p id=\"caption-attachment-292\" class=\"wp-caption-text\">Lars Adaktusson soom toppar EU-listan, h\u00e4r tillsammans med Gudrun Bruneg\u00e5rd som \u00e4r Kalmar l\u00e4ns representant p\u00e5 listan<\/p><\/div>\n<p>-Det k\u00e4nns hedrande och sp\u00e4nnande att f\u00e5 representera Kristdemokraterna. Jag ser fram emot att f\u00e5 bidra till att f\u00f6ra fram partiets Europapolitik och \u00e4r f\u00f6rv\u00e4ntansfull inf\u00f6r valet. Uppdraget b\u00f6rjar direkt, med tv\u00e5 dagars utbildning i Riksdagshuset under fredagen och l\u00f6rdagen, s\u00e4ger Gudrun Bruneg\u00e5rd<br \/>\n<!--more--><\/p>\n<p>&nbsp;<\/p>\n<p>&nbsp;<\/p>\n<p><strong>Kristdemokraternas kandidater till EU-parlamentsvalet:<\/strong><br \/>\n1. Lars Adaktusson, 58 \u00e5r, Stockholm<br \/>\n2. Ebba Busch Thor, 26 \u00e5r, Uppsala<br \/>\n3. Mikael Anefur, 56 \u00e5r, Kristianstad<br \/>\n4. D\u00e9sir\u00e9e Pethrus, 54 \u00e5r, Stockholm<br \/>\n5. Anders Sellstr\u00f6m, 49 \u00e5r, Ume\u00e5<br \/>\n6. Sara Skyttedal, 27 \u00e5r, Stockholm<br \/>\n7. Lars O Molin, 68 \u00e5r, \u00d6rebro<br \/>\n8. Matilda S Granberg, 29 \u00e5r, G\u00f6teborg<br \/>\n9. Charlie Weimers, 31 \u00e5r, Hammar\u00f6<br \/>\n10. Caroline Szyber, 32 \u00e5r, Stockholm<br \/>\n11. Yusuf Aydin, 31 \u00e5r, Botkyrka<br \/>\n12. Irene Oskarsson, 48 \u00e5r, Aneby<br \/>\n13. Magnus Jakobsson, 45 \u00e5r, Uddevalla<br \/>\n14. Gudrun Bruneg\u00e5rd, 56 \u00e5r, Vimmerby<br \/>\n15. Conny Br\u00e4nnberg, 57 \u00e5r, Sk\u00f6vde<br \/>\n16. Penilla Gunther, 49 \u00e5r, Trollh\u00e4ttan<br \/>\n17. Lars Gustafsson, 62 \u00e5r, Laholm<br \/>\n18. Lili Andr\u00e9, 43 \u00e5r, G\u00e4vle<br \/>\n19. Mattias Gr\u00e4ngzell, 26 \u00e5r, Malm\u00f6<br \/>\n20. Amanda Agestav, 39 \u00e5r, V\u00e4ster\u00e5s<br \/>\n21. Per Landgren, 55 \u00e5r, G\u00f6teborg<br \/>\n22. Soledad Henriquez, 29 \u00e5r, \u00d6rnsk\u00f6ldsvik<br \/>\n23. Christer Brostr\u00f6m, 27 \u00e5r, Arvika<br \/>\n24. Ewa Sundkvist, 59 \u00e5r, \u00d6rebro<br \/>\n25. Else-Marie Lindgren, 64 \u00e5r, Bor\u00e5s<br \/>\n26. Magda Ayoub, 60 \u00e5r, Upplands V\u00e4sby<br \/>\n27. Henrik Ehrenberg, 40 \u00e5r, Stockholm<br \/>\n28. Jennifer Brown, 18 \u00e5r, Stockholm<br \/>\n29. Tommy Bernev\u00e5ng Forsberg, 54 \u00e5r, J\u00f6nk\u00f6ping<br \/>\n30. Roksana Parsan, 29 \u00e5r, Stockholm<br \/>\n31. Ren\u00e9 Jaramillo, 35 \u00e5r, V\u00e4xj\u00f6<br \/>\n32. Anne-Lie Sundling, 60 \u00e5r, \u00d6cker\u00f6<br \/>\n33. Lars Eklund, 71 \u00e5r, Link\u00f6ping<br \/>\n34. Susanne Wism\u00e9n, 48 \u00e5r, J\u00f6nk\u00f6ping<br \/>\n35. Magnus Hedman, 41 \u00e5r, Halmstad<br \/>\n36. Soheila Fors, 47 \u00e5r, Karlskoga<br \/>\n37. Stig Nyman, 70 \u00e5r, Vallentuna<br \/>\n38. Lars-Axel Nordell, 61 \u00e5r, \u00d6rebro<br \/>\n39. Marie Louise Forslund-Mustaniemi, 56 \u00e5r, Str\u00e4ngn\u00e4s<br \/>\n40. Jesper Haglund, 44 \u00e5r, Bryssel<br \/>\n41. Veronica Kerr, 43 \u00e5r, Ume\u00e5<br \/>\n42. Antonella Pirrone, 53 \u00e5r, Nyn\u00e4shamn<br \/>\n43. Per Ewert, 40 \u00e5r, N\u00e4ssj\u00f6<br \/>\n44. Jonny K\u00e4rkk\u00e4inen, 55 \u00e5r, Vilhelmina<\/p>\n","protected":false},"excerpt":{"rendered":"<p>P\u00e5 fredagen antog Kristdemokraternas partifullm\u00e4ktige EU-listan inf\u00f6r Europaparlamentsvalet 2014. Gudrun Bruneg\u00e5rd, fr\u00e5n Vimmerby \u00e4r en av kandidaterna, plats 14. -Det k\u00e4nns hedrande och sp\u00e4nnande att f\u00e5 representera Kristdemokraterna. Jag ser fram emot att f\u00e5 bidra till att f\u00f6ra fram partiets Europapolitik och \u00e4r f\u00f6rv\u00e4ntansfull inf\u00f6r valet. Uppdraget b\u00f6rjar direkt, med tv\u00e5 dagars utbildning i Riksdagshuset <a class=\"read-more-link\" href=\"https:\/\/wp.kristdemokraterna.se\/kalmarlan\/gudrun-brunegard-representerar-kristdemokraterna-i-eu-valet\/\">Read More<\/a><\/p>\n","protected":false},"author":417,"featured_media":0,"comment_status":"open","ping_status":"open","sticky":false,"template":"","format":"standard","meta":{"_acf_changed":false,"footnotes":""},"categories":[1],"tags":[],"class_list":["post-276","post","type-post","status-publish","format-standard","hentry","category-okategoriserade"],"acf":[],"yoast_head":"<!-- This site is optimized with the Yoast SEO plugin v27.4 - https:\/\/yoast.com\/product\/yoast-seo-wordpress\/ -->\n<title>Gudrun Bruneg\u00e5rd representerar KD i EU-valet - i Kalmar l\u00e4n<\/title>\n<meta name=\"robots\" content=\"index, follow, max-snippet:-1, max-image-preview:large, max-video-preview:-1\" \/>\n<link rel=\"canonical\" href=\"https:\/\/wp.kristdemokraterna.se\/kalmarlan\/gudrun-brunegard-representerar-kristdemokraterna-i-eu-valet\/\" \/>\n<meta property=\"og:locale\" content=\"sv_SE\" \/>\n<meta property=\"og:type\" content=\"article\" \/>\n<meta property=\"og:title\" content=\"Gudrun Bruneg\u00e5rd representerar KD i EU-valet - i Kalmar l\u00e4n\" \/>\n<meta property=\"og:description\" content=\"P\u00e5 fredagen antog Kristdemokraternas partifullm\u00e4ktige EU-listan inf\u00f6r Europaparlamentsvalet 2014. Gudrun Bruneg\u00e5rd, fr\u00e5n Vimmerby \u00e4r en av kandidaterna, plats 14. -Det k\u00e4nns hedrande och sp\u00e4nnande att f\u00e5 representera Kristdemokraterna. Jag ser fram emot att f\u00e5 bidra till att f\u00f6ra fram partiets Europapolitik och \u00e4r f\u00f6rv\u00e4ntansfull inf\u00f6r valet. Uppdraget b\u00f6rjar direkt, med tv\u00e5 dagars utbildning i Riksdagshuset Read More\" \/>\n<meta property=\"og:url\" content=\"https:\/\/wp.kristdemokraterna.se\/kalmarlan\/gudrun-brunegard-representerar-kristdemokraterna-i-eu-valet\/\" \/>\n<meta property=\"og:site_name\" content=\"i Kalmar l\u00e4n\" \/>\n<meta property=\"article:published_time\" content=\"2013-10-26T10:43:15+00:00\" \/>\n<meta property=\"article:modified_time\" content=\"2013-10-26T19:38:24+00:00\" \/>\n<meta property=\"og:image\" content=\"http:\/\/wp.kristdemokraterna.se\/kalmarlan\/files\/2013\/10\/gudruneu-300x225.jpg\" \/>\n<meta name=\"author\" content=\"kalmarlan\" \/>\n<meta name=\"twitter:card\" content=\"summary_large_image\" \/>\n<meta name=\"twitter:label1\" content=\"Skriven av\" \/>\n\t<meta name=\"twitter:data1\" content=\"kalmarlan\" \/>\n\t<meta name=\"twitter:label2\" content=\"Ber\u00e4knad l\u00e4stid\" \/>\n\t<meta name=\"twitter:data2\" content=\"2 minuter\" \/>\n<script type=\"application\/ld+json\" class=\"yoast-schema-graph\">{\"@context\":\"https:\\\/\\\/schema.org\",\"@graph\":[{\"@type\":\"Article\",\"@id\":\"https:\\\/\\\/wp.kristdemokraterna.se\\\/kalmarlan\\\/gudrun-brunegard-representerar-kristdemokraterna-i-eu-valet\\\/#article\",\"isPartOf\":{\"@id\":\"https:\\\/\\\/wp.kristdemokraterna.se\\\/kalmarlan\\\/gudrun-brunegard-representerar-kristdemokraterna-i-eu-valet\\\/\"},\"author\":{\"name\":\"kalmarlan\",\"@id\":\"https:\\\/\\\/wp.kristdemokraterna.se\\\/kalmarlan\\\/#\\\/schema\\\/person\\\/a1856739934bf9c6a11fb258646ea2a5\"},\"headline\":\"Gudrun Bruneg\u00e5rd representerar KD i EU-valet\",\"datePublished\":\"2013-10-26T10:43:15+00:00\",\"dateModified\":\"2013-10-26T19:38:24+00:00\",\"mainEntityOfPage\":{\"@id\":\"https:\\\/\\\/wp.kristdemokraterna.se\\\/kalmarlan\\\/gudrun-brunegard-representerar-kristdemokraterna-i-eu-valet\\\/\"},\"wordCount\":327,\"commentCount\":0,\"image\":{\"@id\":\"https:\\\/\\\/wp.kristdemokraterna.se\\\/kalmarlan\\\/gudrun-brunegard-representerar-kristdemokraterna-i-eu-valet\\\/#primaryimage\"},\"thumbnailUrl\":\"http:\\\/\\\/wp.kristdemokraterna.se\\\/kalmarlan\\\/files\\\/2013\\\/10\\\/gudruneu-300x225.jpg\",\"inLanguage\":\"sv-SE\"},{\"@type\":\"WebPage\",\"@id\":\"https:\\\/\\\/wp.kristdemokraterna.se\\\/kalmarlan\\\/gudrun-brunegard-representerar-kristdemokraterna-i-eu-valet\\\/\",\"url\":\"https:\\\/\\\/wp.kristdemokraterna.se\\\/kalmarlan\\\/gudrun-brunegard-representerar-kristdemokraterna-i-eu-valet\\\/\",\"name\":\"Gudrun Bruneg\u00e5rd representerar KD i EU-valet - i Kalmar l\u00e4n\",\"isPartOf\":{\"@id\":\"https:\\\/\\\/wp.kristdemokraterna.se\\\/kalmarlan\\\/#website\"},\"primaryImageOfPage\":{\"@id\":\"https:\\\/\\\/wp.kristdemokraterna.se\\\/kalmarlan\\\/gudrun-brunegard-representerar-kristdemokraterna-i-eu-valet\\\/#primaryimage\"},\"image\":{\"@id\":\"https:\\\/\\\/wp.kristdemokraterna.se\\\/kalmarlan\\\/gudrun-brunegard-representerar-kristdemokraterna-i-eu-valet\\\/#primaryimage\"},\"thumbnailUrl\":\"http:\\\/\\\/wp.kristdemokraterna.se\\\/kalmarlan\\\/files\\\/2013\\\/10\\\/gudruneu-300x225.jpg\",\"datePublished\":\"2013-10-26T10:43:15+00:00\",\"dateModified\":\"2013-10-26T19:38:24+00:00\",\"author\":{\"@id\":\"https:\\\/\\\/wp.kristdemokraterna.se\\\/kalmarlan\\\/#\\\/schema\\\/person\\\/a1856739934bf9c6a11fb258646ea2a5\"},\"breadcrumb\":{\"@id\":\"https:\\\/\\\/wp.kristdemokraterna.se\\\/kalmarlan\\\/gudrun-brunegard-representerar-kristdemokraterna-i-eu-valet\\\/#breadcrumb\"},\"inLanguage\":\"sv-SE\",\"potentialAction\":[{\"@type\":\"ReadAction\",\"target\":[\"https:\\\/\\\/wp.kristdemokraterna.se\\\/kalmarlan\\\/gudrun-brunegard-representerar-kristdemokraterna-i-eu-valet\\\/\"]}]},{\"@type\":\"ImageObject\",\"inLanguage\":\"sv-SE\",\"@id\":\"https:\\\/\\\/wp.kristdemokraterna.se\\\/kalmarlan\\\/gudrun-brunegard-representerar-kristdemokraterna-i-eu-valet\\\/#primaryimage\",\"url\":\"https:\\\/\\\/wp.kristdemokraterna.se\\\/kalmarlan\\\/files\\\/2013\\\/10\\\/gudruneu.jpg\",\"contentUrl\":\"https:\\\/\\\/wp.kristdemokraterna.se\\\/kalmarlan\\\/files\\\/2013\\\/10\\\/gudruneu.jpg\",\"width\":3264,\"height\":2448,\"caption\":\"Lars Adaktusson soom toppar EU-listan, h\u00e4r tillsammans med Gudrun Bruneg\u00e5rd som \u00e4r Kalmar l\u00e4ns representant p\u00e5 listan\"},{\"@type\":\"BreadcrumbList\",\"@id\":\"https:\\\/\\\/wp.kristdemokraterna.se\\\/kalmarlan\\\/gudrun-brunegard-representerar-kristdemokraterna-i-eu-valet\\\/#breadcrumb\",\"itemListElement\":[{\"@type\":\"ListItem\",\"position\":1,\"name\":\"Hem\",\"item\":\"https:\\\/\\\/wp.kristdemokraterna.se\\\/kalmarlan\\\/\"},{\"@type\":\"ListItem\",\"position\":2,\"name\":\"Gudrun Bruneg\u00e5rd representerar KD i EU-valet\"}]},{\"@type\":\"WebSite\",\"@id\":\"https:\\\/\\\/wp.kristdemokraterna.se\\\/kalmarlan\\\/#website\",\"url\":\"https:\\\/\\\/wp.kristdemokraterna.se\\\/kalmarlan\\\/\",\"name\":\"i Kalmar l\u00e4n\",\"description\":\"\",\"inLanguage\":\"sv-SE\"},{\"@type\":\"Person\",\"@id\":\"https:\\\/\\\/wp.kristdemokraterna.se\\\/kalmarlan\\\/#\\\/schema\\\/person\\\/a1856739934bf9c6a11fb258646ea2a5\",\"name\":\"kalmarlan\",\"image\":{\"@type\":\"ImageObject\",\"inLanguage\":\"sv-SE\",\"@id\":\"https:\\\/\\\/secure.gravatar.com\\\/avatar\\\/ef1f7dcd1b21be34f0f3e58a032955c2de43794b20090a23118cd0e2a8964e6e?s=96&r=g\",\"url\":\"https:\\\/\\\/secure.gravatar.com\\\/avatar\\\/ef1f7dcd1b21be34f0f3e58a032955c2de43794b20090a23118cd0e2a8964e6e?s=96&r=g\",\"contentUrl\":\"https:\\\/\\\/secure.gravatar.com\\\/avatar\\\/ef1f7dcd1b21be34f0f3e58a032955c2de43794b20090a23118cd0e2a8964e6e?s=96&r=g\",\"caption\":\"kalmarlan\"},\"url\":\"https:\\\/\\\/wp.kristdemokraterna.se\\\/kalmarlan\\\/author\\\/kalmarlan\\\/\"}]}<\/script>\n<!-- \/ Yoast SEO plugin. -->","yoast_head_json":{"title":"Gudrun Bruneg\u00e5rd representerar KD i EU-valet - i Kalmar l\u00e4n","robots":{"index":"index","follow":"follow","max-snippet":"max-snippet:-1","max-image-preview":"max-image-preview:large","max-video-preview":"max-video-preview:-1"},"canonical":"https:\/\/wp.kristdemokraterna.se\/kalmarlan\/gudrun-brunegard-representerar-kristdemokraterna-i-eu-valet\/","og_locale":"sv_SE","og_type":"article","og_title":"Gudrun Bruneg\u00e5rd representerar KD i EU-valet - i Kalmar l\u00e4n","og_description":"P\u00e5 fredagen antog Kristdemokraternas partifullm\u00e4ktige EU-listan inf\u00f6r Europaparlamentsvalet 2014. Gudrun Bruneg\u00e5rd, fr\u00e5n Vimmerby \u00e4r en av kandidaterna, plats 14. -Det k\u00e4nns hedrande och sp\u00e4nnande att f\u00e5 representera Kristdemokraterna. Jag ser fram emot att f\u00e5 bidra till att f\u00f6ra fram partiets Europapolitik och \u00e4r f\u00f6rv\u00e4ntansfull inf\u00f6r valet. Uppdraget b\u00f6rjar direkt, med tv\u00e5 dagars utbildning i Riksdagshuset Read More","og_url":"https:\/\/wp.kristdemokraterna.se\/kalmarlan\/gudrun-brunegard-representerar-kristdemokraterna-i-eu-valet\/","og_site_name":"i Kalmar l\u00e4n","article_published_time":"2013-10-26T10:43:15+00:00","article_modified_time":"2013-10-26T19:38:24+00:00","og_image":[{"url":"http:\/\/wp.kristdemokraterna.se\/kalmarlan\/files\/2013\/10\/gudruneu-300x225.jpg","type":"","width":"","height":""}],"author":"kalmarlan","twitter_card":"summary_large_image","twitter_misc":{"Skriven av":"kalmarlan","Ber\u00e4knad l\u00e4stid":"2 minuter"},"schema":{"@context":"https:\/\/schema.org","@graph":[{"@type":"Article","@id":"https:\/\/wp.kristdemokraterna.se\/kalmarlan\/gudrun-brunegard-representerar-kristdemokraterna-i-eu-valet\/#article","isPartOf":{"@id":"https:\/\/wp.kristdemokraterna.se\/kalmarlan\/gudrun-brunegard-representerar-kristdemokraterna-i-eu-valet\/"},"author":{"name":"kalmarlan","@id":"https:\/\/wp.kristdemokraterna.se\/kalmarlan\/#\/schema\/person\/a1856739934bf9c6a11fb258646ea2a5"},"headline":"Gudrun Bruneg\u00e5rd representerar KD i EU-valet","datePublished":"2013-10-26T10:43:15+00:00","dateModified":"2013-10-26T19:38:24+00:00","mainEntityOfPage":{"@id":"https:\/\/wp.kristdemokraterna.se\/kalmarlan\/gudrun-brunegard-representerar-kristdemokraterna-i-eu-valet\/"},"wordCount":327,"commentCount":0,"image":{"@id":"https:\/\/wp.kristdemokraterna.se\/kalmarlan\/gudrun-brunegard-representerar-kristdemokraterna-i-eu-valet\/#primaryimage"},"thumbnailUrl":"http:\/\/wp.kristdemokraterna.se\/kalmarlan\/files\/2013\/10\/gudruneu-300x225.jpg","inLanguage":"sv-SE"},{"@type":"WebPage","@id":"https:\/\/wp.kristdemokraterna.se\/kalmarlan\/gudrun-brunegard-representerar-kristdemokraterna-i-eu-valet\/","url":"https:\/\/wp.kristdemokraterna.se\/kalmarlan\/gudrun-brunegard-representerar-kristdemokraterna-i-eu-valet\/","name":"Gudrun Bruneg\u00e5rd representerar KD i EU-valet - i Kalmar l\u00e4n","isPartOf":{"@id":"https:\/\/wp.kristdemokraterna.se\/kalmarlan\/#website"},"primaryImageOfPage":{"@id":"https:\/\/wp.kristdemokraterna.se\/kalmarlan\/gudrun-brunegard-representerar-kristdemokraterna-i-eu-valet\/#primaryimage"},"image":{"@id":"https:\/\/wp.kristdemokraterna.se\/kalmarlan\/gudrun-brunegard-representerar-kristdemokraterna-i-eu-valet\/#primaryimage"},"thumbnailUrl":"http:\/\/wp.kristdemokraterna.se\/kalmarlan\/files\/2013\/10\/gudruneu-300x225.jpg","datePublished":"2013-10-26T10:43:15+00:00","dateModified":"2013-10-26T19:38:24+00:00","author":{"@id":"https:\/\/wp.kristdemokraterna.se\/kalmarlan\/#\/schema\/person\/a1856739934bf9c6a11fb258646ea2a5"},"breadcrumb":{"@id":"https:\/\/wp.kristdemokraterna.se\/kalmarlan\/gudrun-brunegard-representerar-kristdemokraterna-i-eu-valet\/#breadcrumb"},"inLanguage":"sv-SE","potentialAction":[{"@type":"ReadAction","target":["https:\/\/wp.kristdemokraterna.se\/kalmarlan\/gudrun-brunegard-representerar-kristdemokraterna-i-eu-valet\/"]}]},{"@type":"ImageObject","inLanguage":"sv-SE","@id":"https:\/\/wp.kristdemokraterna.se\/kalmarlan\/gudrun-brunegard-representerar-kristdemokraterna-i-eu-valet\/#primaryimage","url":"https:\/\/wp.kristdemokraterna.se\/kalmarlan\/files\/2013\/10\/gudruneu.jpg","contentUrl":"https:\/\/wp.kristdemokraterna.se\/kalmarlan\/files\/2013\/10\/gudruneu.jpg","width":3264,"height":2448,"caption":"Lars Adaktusson soom toppar EU-listan, h\u00e4r tillsammans med Gudrun Bruneg\u00e5rd som \u00e4r Kalmar l\u00e4ns representant p\u00e5 listan"},{"@type":"BreadcrumbList","@id":"https:\/\/wp.kristdemokraterna.se\/kalmarlan\/gudrun-brunegard-representerar-kristdemokraterna-i-eu-valet\/#breadcrumb","itemListElement":[{"@type":"ListItem","position":1,"name":"Hem","item":"https:\/\/wp.kristdemokraterna.se\/kalmarlan\/"},{"@type":"ListItem","position":2,"name":"Gudrun Bruneg\u00e5rd representerar KD i EU-valet"}]},{"@type":"WebSite","@id":"https:\/\/wp.kristdemokraterna.se\/kalmarlan\/#website","url":"https:\/\/wp.kristdemokraterna.se\/kalmarlan\/","name":"i Kalmar l\u00e4n","description":"","inLanguage":"sv-SE"},{"@type":"Person","@id":"https:\/\/wp.kristdemokraterna.se\/kalmarlan\/#\/schema\/person\/a1856739934bf9c6a11fb258646ea2a5","name":"kalmarlan","image":{"@type":"ImageObject","inLanguage":"sv-SE","@id":"https:\/\/secure.gravatar.com\/avatar\/ef1f7dcd1b21be34f0f3e58a032955c2de43794b20090a23118cd0e2a8964e6e?s=96&r=g","url":"https:\/\/secure.gravatar.com\/avatar\/ef1f7dcd1b21be34f0f3e58a032955c2de43794b20090a23118cd0e2a8964e6e?s=96&r=g","contentUrl":"https:\/\/secure.gravatar.com\/avatar\/ef1f7dcd1b21be34f0f3e58a032955c2de43794b20090a23118cd0e2a8964e6e?s=96&r=g","caption":"kalmarlan"},"url":"https:\/\/wp.kristdemokraterna.se\/kalmarlan\/author\/kalmarlan\/"}]}},"_links":{"self":[{"href":"https:\/\/wp.kristdemokraterna.se\/kalmarlan\/wp-json\/wp\/v2\/posts\/276","targetHints":{"allow":["GET"]}}],"collection":[{"href":"https:\/\/wp.kristdemokraterna.se\/kalmarlan\/wp-json\/wp\/v2\/posts"}],"about":[{"href":"https:\/\/wp.kristdemokraterna.se\/kalmarlan\/wp-json\/wp\/v2\/types\/post"}],"author":[{"embeddable":true,"href":"https:\/\/wp.kristdemokraterna.se\/kalmarlan\/wp-json\/wp\/v2\/users\/417"}],"replies":[{"embeddable":true,"href":"https:\/\/wp.kristdemokraterna.se\/kalmarlan\/wp-json\/wp\/v2\/comments?post=276"}],"version-history":[{"count":12,"href":"https:\/\/wp.kristdemokraterna.se\/kalmarlan\/wp-json\/wp\/v2\/posts\/276\/revisions"}],"predecessor-version":[{"id":282,"href":"https:\/\/wp.kristdemokraterna.se\/kalmarlan\/wp-json\/wp\/v2\/posts\/276\/revisions\/282"}],"wp:attachment":[{"href":"https:\/\/wp.kristdemokraterna.se\/kalmarlan\/wp-json\/wp\/v2\/media?parent=276"}],"wp:term":[{"taxonomy":"category","embeddable":true,"href":"https:\/\/wp.kristdemokraterna.se\/kalmarlan\/wp-json\/wp\/v2\/categories?post=276"},{"taxonomy":"post_tag","embeddable":true,"href":"https:\/\/wp.kristdemokraterna.se\/kalmarlan\/wp-json\/wp\/v2\/tags?post=276"}],"curies":[{"name":"wp","href":"https:\/\/api.w.org\/{rel}","templated":true}]}}