{"id":297,"date":"2013-10-30T15:26:46","date_gmt":"2013-10-30T14:26:46","guid":{"rendered":"http:\/\/wp.kristdemokraterna.se\/kalmarlan\/?p=297"},"modified":"2013-10-30T16:06:49","modified_gmt":"2013-10-30T15:06:49","slug":"jarnforsens-rost-i-norden-fokuserar-pa-valfardsfragor","status":"publish","type":"post","link":"https:\/\/wp.kristdemokraterna.se\/kalmarlan\/jarnforsens-rost-i-norden-fokuserar-pa-valfardsfragor\/","title":{"rendered":"\u201dJ\u00e4rnforsens r\u00f6st\u201d i Norden fokuserar p\u00e5 v\u00e4lf\u00e4rdsfr\u00e5gor!"},"content":{"rendered":"<p><a href=\"http:\/\/wp.kristdemokraterna.se\/kalmarlan\/files\/2013\/10\/20131030-152255.jpg\"><img loading=\"lazy\" decoding=\"async\" class=\"wp-image-295 alignright\" alt=\"Anders i talarstolen p\u00e5 Stortinget i Oslo\" src=\"http:\/\/wp.kristdemokraterna.se\/kalmarlan\/files\/2013\/10\/20131030-152255.jpg\" width=\"187\" height=\"240\" \/><\/a><\/p>\n<p>Barn och ungdomars uppv\u00e4xt, jobb till ungdomar, utveckla den nordiska v\u00e4lf\u00e4rdsmodellen och en ny strategi f\u00f6r det nordiska samarbetet p\u00e5 social och sjukv\u00e5rdsomr\u00e5det var n\u00e5gra av de \u00e4mnen som riksdagsledamot Anders Andersson (KD) tog upp i sina anf\u00f6randen n\u00e4r han p\u00e5 onsdagen talade i Stortinget i Oslo under Nordiska r\u00e5dets m\u00f6te.<\/p>\n<p>&#8211; Utbyte av erfarenheter som s\u00e4krar kvaliteten i \u00e4ldreomsorgen \u00e4r ett viktigt fokusomr\u00e5de f\u00f6r det nordiska samarbetet under kommande \u00e5r. \u00c4ven n\u00e4r det g\u00e4ller den h\u00f6gspecialiserade v\u00e5rden \u00e4r samarbete i Norden av stor betydelse f\u00f6r att uppn\u00e5 st\u00f6rsta m\u00f6jliga nytta f\u00f6r de nordiska inv\u00e5narna, sa Anders Andersson (KD) under debatten om v\u00e4lf\u00e4rd och m\u00e5ngfald i Oslo.<\/p>\n<p>Anders Andersson \u00e4r f\u00f6rutom riksdagsledamot och ledamot i Nordiska r\u00e5det ocks\u00e5 ordf\u00f6rande i det nordiska v\u00e4lf\u00e4rdsutskottet som har ansvar f\u00f6r socialpolitiska fr\u00e5gor, \u00e4ldreomsorg samt h\u00e4lso- och sjukv\u00e5rd.<\/p>\n<div id=\"attachment_296\" style=\"width: 260px\" class=\"wp-caption alignnone\"><a href=\"http:\/\/wp.kristdemokraterna.se\/kalmarlan\/files\/2013\/10\/20131030-152409.jpg\"><img loading=\"lazy\" decoding=\"async\" aria-describedby=\"caption-attachment-296\" class=\"wp-image-296 \" alt=\"\" src=\"http:\/\/wp.kristdemokraterna.se\/kalmarlan\/files\/2013\/10\/20131030-152409.jpg\" width=\"250\" height=\"187\" srcset=\"https:\/\/wp.kristdemokraterna.se\/kalmarlan\/files\/2013\/10\/20131030-152409.jpg 300w, https:\/\/wp.kristdemokraterna.se\/kalmarlan\/files\/2013\/10\/20131030-152409-149x112.jpg 149w\" sizes=\"auto, (max-width: 250px) 100vw, 250px\" \/><\/a><p id=\"caption-attachment-296\" class=\"wp-caption-text\">P\u00e5 bilden: Nordiska r\u00e5dets v\u00e4rf\u00e4rdsutskott. Fr.v. Anders Andersson ledamot Sverige, Johanna Maria Sigmundsdottir ledamot Island, Hildur Helga Gisladottir handl\u00e4ggare samt Helgi Abrahamsen ledamot F\u00e4r\u00f6arna.<\/p><\/div>\n","protected":false},"excerpt":{"rendered":"<p>Barn och ungdomars uppv\u00e4xt, jobb till ungdomar, utveckla den nordiska v\u00e4lf\u00e4rdsmodellen och en ny strategi f\u00f6r det nordiska samarbetet p\u00e5 social och sjukv\u00e5rdsomr\u00e5det var n\u00e5gra av de \u00e4mnen som riksdagsledamot Anders Andersson (KD) tog upp i sina anf\u00f6randen n\u00e4r han p\u00e5 onsdagen talade i Stortinget i Oslo under Nordiska r\u00e5dets m\u00f6te. &#8211; Utbyte av erfarenheter <a class=\"read-more-link\" href=\"https:\/\/wp.kristdemokraterna.se\/kalmarlan\/jarnforsens-rost-i-norden-fokuserar-pa-valfardsfragor\/\">Read More<\/a><\/p>\n","protected":false},"author":417,"featured_media":0,"comment_status":"open","ping_status":"open","sticky":false,"template":"","format":"standard","meta":{"_acf_changed":false,"footnotes":""},"categories":[1],"tags":[],"class_list":["post-297","post","type-post","status-publish","format-standard","hentry","category-okategoriserade"],"acf":[],"yoast_head":"<!-- This site is optimized with the Yoast SEO plugin v27.4 - https:\/\/yoast.com\/product\/yoast-seo-wordpress\/ -->\n<title>\u201dJ\u00e4rnforsens r\u00f6st\u201d i Norden fokuserar p\u00e5 v\u00e4lf\u00e4rdsfr\u00e5gor! - i Kalmar l\u00e4n<\/title>\n<meta name=\"robots\" content=\"index, follow, max-snippet:-1, max-image-preview:large, max-video-preview:-1\" \/>\n<link rel=\"canonical\" href=\"https:\/\/wp.kristdemokraterna.se\/kalmarlan\/jarnforsens-rost-i-norden-fokuserar-pa-valfardsfragor\/\" \/>\n<meta property=\"og:locale\" content=\"sv_SE\" \/>\n<meta property=\"og:type\" content=\"article\" \/>\n<meta property=\"og:title\" content=\"\u201dJ\u00e4rnforsens r\u00f6st\u201d i Norden fokuserar p\u00e5 v\u00e4lf\u00e4rdsfr\u00e5gor! - i Kalmar l\u00e4n\" \/>\n<meta property=\"og:description\" content=\"Barn och ungdomars uppv\u00e4xt, jobb till ungdomar, utveckla den nordiska v\u00e4lf\u00e4rdsmodellen och en ny strategi f\u00f6r det nordiska samarbetet p\u00e5 social och sjukv\u00e5rdsomr\u00e5det var n\u00e5gra av de \u00e4mnen som riksdagsledamot Anders Andersson (KD) tog upp i sina anf\u00f6randen n\u00e4r han p\u00e5 onsdagen talade i Stortinget i Oslo under Nordiska r\u00e5dets m\u00f6te. &#8211; Utbyte av erfarenheter Read More\" \/>\n<meta property=\"og:url\" content=\"https:\/\/wp.kristdemokraterna.se\/kalmarlan\/jarnforsens-rost-i-norden-fokuserar-pa-valfardsfragor\/\" \/>\n<meta property=\"og:site_name\" content=\"i Kalmar l\u00e4n\" \/>\n<meta property=\"article:published_time\" content=\"2013-10-30T14:26:46+00:00\" \/>\n<meta property=\"article:modified_time\" content=\"2013-10-30T15:06:49+00:00\" \/>\n<meta property=\"og:image\" content=\"http:\/\/wp.kristdemokraterna.se\/kalmarlan\/files\/2013\/10\/20131030-152255.jpg\" \/>\n<meta name=\"author\" content=\"kalmarlan\" \/>\n<meta name=\"twitter:card\" content=\"summary_large_image\" \/>\n<meta name=\"twitter:label1\" content=\"Skriven av\" \/>\n\t<meta name=\"twitter:data1\" content=\"kalmarlan\" \/>\n\t<meta name=\"twitter:label2\" content=\"Ber\u00e4knad l\u00e4stid\" \/>\n\t<meta name=\"twitter:data2\" content=\"1 minut\" \/>\n<script type=\"application\/ld+json\" class=\"yoast-schema-graph\">{\"@context\":\"https:\\\/\\\/schema.org\",\"@graph\":[{\"@type\":\"Article\",\"@id\":\"https:\\\/\\\/wp.kristdemokraterna.se\\\/kalmarlan\\\/jarnforsens-rost-i-norden-fokuserar-pa-valfardsfragor\\\/#article\",\"isPartOf\":{\"@id\":\"https:\\\/\\\/wp.kristdemokraterna.se\\\/kalmarlan\\\/jarnforsens-rost-i-norden-fokuserar-pa-valfardsfragor\\\/\"},\"author\":{\"name\":\"kalmarlan\",\"@id\":\"https:\\\/\\\/wp.kristdemokraterna.se\\\/kalmarlan\\\/#\\\/schema\\\/person\\\/a1856739934bf9c6a11fb258646ea2a5\"},\"headline\":\"\u201dJ\u00e4rnforsens r\u00f6st\u201d i Norden fokuserar p\u00e5 v\u00e4lf\u00e4rdsfr\u00e5gor!\",\"datePublished\":\"2013-10-30T14:26:46+00:00\",\"dateModified\":\"2013-10-30T15:06:49+00:00\",\"mainEntityOfPage\":{\"@id\":\"https:\\\/\\\/wp.kristdemokraterna.se\\\/kalmarlan\\\/jarnforsens-rost-i-norden-fokuserar-pa-valfardsfragor\\\/\"},\"wordCount\":219,\"commentCount\":0,\"image\":{\"@id\":\"https:\\\/\\\/wp.kristdemokraterna.se\\\/kalmarlan\\\/jarnforsens-rost-i-norden-fokuserar-pa-valfardsfragor\\\/#primaryimage\"},\"thumbnailUrl\":\"http:\\\/\\\/wp.kristdemokraterna.se\\\/kalmarlan\\\/files\\\/2013\\\/10\\\/20131030-152255.jpg\",\"inLanguage\":\"sv-SE\"},{\"@type\":\"WebPage\",\"@id\":\"https:\\\/\\\/wp.kristdemokraterna.se\\\/kalmarlan\\\/jarnforsens-rost-i-norden-fokuserar-pa-valfardsfragor\\\/\",\"url\":\"https:\\\/\\\/wp.kristdemokraterna.se\\\/kalmarlan\\\/jarnforsens-rost-i-norden-fokuserar-pa-valfardsfragor\\\/\",\"name\":\"\u201dJ\u00e4rnforsens r\u00f6st\u201d i Norden fokuserar p\u00e5 v\u00e4lf\u00e4rdsfr\u00e5gor! - i Kalmar l\u00e4n\",\"isPartOf\":{\"@id\":\"https:\\\/\\\/wp.kristdemokraterna.se\\\/kalmarlan\\\/#website\"},\"primaryImageOfPage\":{\"@id\":\"https:\\\/\\\/wp.kristdemokraterna.se\\\/kalmarlan\\\/jarnforsens-rost-i-norden-fokuserar-pa-valfardsfragor\\\/#primaryimage\"},\"image\":{\"@id\":\"https:\\\/\\\/wp.kristdemokraterna.se\\\/kalmarlan\\\/jarnforsens-rost-i-norden-fokuserar-pa-valfardsfragor\\\/#primaryimage\"},\"thumbnailUrl\":\"http:\\\/\\\/wp.kristdemokraterna.se\\\/kalmarlan\\\/files\\\/2013\\\/10\\\/20131030-152255.jpg\",\"datePublished\":\"2013-10-30T14:26:46+00:00\",\"dateModified\":\"2013-10-30T15:06:49+00:00\",\"author\":{\"@id\":\"https:\\\/\\\/wp.kristdemokraterna.se\\\/kalmarlan\\\/#\\\/schema\\\/person\\\/a1856739934bf9c6a11fb258646ea2a5\"},\"breadcrumb\":{\"@id\":\"https:\\\/\\\/wp.kristdemokraterna.se\\\/kalmarlan\\\/jarnforsens-rost-i-norden-fokuserar-pa-valfardsfragor\\\/#breadcrumb\"},\"inLanguage\":\"sv-SE\",\"potentialAction\":[{\"@type\":\"ReadAction\",\"target\":[\"https:\\\/\\\/wp.kristdemokraterna.se\\\/kalmarlan\\\/jarnforsens-rost-i-norden-fokuserar-pa-valfardsfragor\\\/\"]}]},{\"@type\":\"ImageObject\",\"inLanguage\":\"sv-SE\",\"@id\":\"https:\\\/\\\/wp.kristdemokraterna.se\\\/kalmarlan\\\/jarnforsens-rost-i-norden-fokuserar-pa-valfardsfragor\\\/#primaryimage\",\"url\":\"https:\\\/\\\/wp.kristdemokraterna.se\\\/kalmarlan\\\/files\\\/2013\\\/10\\\/20131030-152255.jpg\",\"contentUrl\":\"https:\\\/\\\/wp.kristdemokraterna.se\\\/kalmarlan\\\/files\\\/2013\\\/10\\\/20131030-152255.jpg\",\"width\":225,\"height\":300,\"caption\":\"Anders i talarstolen p\u00e5 Stortinget i Oslo\"},{\"@type\":\"BreadcrumbList\",\"@id\":\"https:\\\/\\\/wp.kristdemokraterna.se\\\/kalmarlan\\\/jarnforsens-rost-i-norden-fokuserar-pa-valfardsfragor\\\/#breadcrumb\",\"itemListElement\":[{\"@type\":\"ListItem\",\"position\":1,\"name\":\"Hem\",\"item\":\"https:\\\/\\\/wp.kristdemokraterna.se\\\/kalmarlan\\\/\"},{\"@type\":\"ListItem\",\"position\":2,\"name\":\"\u201dJ\u00e4rnforsens r\u00f6st\u201d i Norden fokuserar p\u00e5 v\u00e4lf\u00e4rdsfr\u00e5gor!\"}]},{\"@type\":\"WebSite\",\"@id\":\"https:\\\/\\\/wp.kristdemokraterna.se\\\/kalmarlan\\\/#website\",\"url\":\"https:\\\/\\\/wp.kristdemokraterna.se\\\/kalmarlan\\\/\",\"name\":\"i Kalmar l\u00e4n\",\"description\":\"\",\"inLanguage\":\"sv-SE\"},{\"@type\":\"Person\",\"@id\":\"https:\\\/\\\/wp.kristdemokraterna.se\\\/kalmarlan\\\/#\\\/schema\\\/person\\\/a1856739934bf9c6a11fb258646ea2a5\",\"name\":\"kalmarlan\",\"image\":{\"@type\":\"ImageObject\",\"inLanguage\":\"sv-SE\",\"@id\":\"https:\\\/\\\/secure.gravatar.com\\\/avatar\\\/ef1f7dcd1b21be34f0f3e58a032955c2de43794b20090a23118cd0e2a8964e6e?s=96&r=g\",\"url\":\"https:\\\/\\\/secure.gravatar.com\\\/avatar\\\/ef1f7dcd1b21be34f0f3e58a032955c2de43794b20090a23118cd0e2a8964e6e?s=96&r=g\",\"contentUrl\":\"https:\\\/\\\/secure.gravatar.com\\\/avatar\\\/ef1f7dcd1b21be34f0f3e58a032955c2de43794b20090a23118cd0e2a8964e6e?s=96&r=g\",\"caption\":\"kalmarlan\"},\"url\":\"https:\\\/\\\/wp.kristdemokraterna.se\\\/kalmarlan\\\/author\\\/kalmarlan\\\/\"}]}<\/script>\n<!-- \/ Yoast SEO plugin. -->","yoast_head_json":{"title":"\u201dJ\u00e4rnforsens r\u00f6st\u201d i Norden fokuserar p\u00e5 v\u00e4lf\u00e4rdsfr\u00e5gor! - i Kalmar l\u00e4n","robots":{"index":"index","follow":"follow","max-snippet":"max-snippet:-1","max-image-preview":"max-image-preview:large","max-video-preview":"max-video-preview:-1"},"canonical":"https:\/\/wp.kristdemokraterna.se\/kalmarlan\/jarnforsens-rost-i-norden-fokuserar-pa-valfardsfragor\/","og_locale":"sv_SE","og_type":"article","og_title":"\u201dJ\u00e4rnforsens r\u00f6st\u201d i Norden fokuserar p\u00e5 v\u00e4lf\u00e4rdsfr\u00e5gor! - i Kalmar l\u00e4n","og_description":"Barn och ungdomars uppv\u00e4xt, jobb till ungdomar, utveckla den nordiska v\u00e4lf\u00e4rdsmodellen och en ny strategi f\u00f6r det nordiska samarbetet p\u00e5 social och sjukv\u00e5rdsomr\u00e5det var n\u00e5gra av de \u00e4mnen som riksdagsledamot Anders Andersson (KD) tog upp i sina anf\u00f6randen n\u00e4r han p\u00e5 onsdagen talade i Stortinget i Oslo under Nordiska r\u00e5dets m\u00f6te. &#8211; Utbyte av erfarenheter Read More","og_url":"https:\/\/wp.kristdemokraterna.se\/kalmarlan\/jarnforsens-rost-i-norden-fokuserar-pa-valfardsfragor\/","og_site_name":"i Kalmar l\u00e4n","article_published_time":"2013-10-30T14:26:46+00:00","article_modified_time":"2013-10-30T15:06:49+00:00","og_image":[{"url":"http:\/\/wp.kristdemokraterna.se\/kalmarlan\/files\/2013\/10\/20131030-152255.jpg","type":"","width":"","height":""}],"author":"kalmarlan","twitter_card":"summary_large_image","twitter_misc":{"Skriven av":"kalmarlan","Ber\u00e4knad l\u00e4stid":"1 minut"},"schema":{"@context":"https:\/\/schema.org","@graph":[{"@type":"Article","@id":"https:\/\/wp.kristdemokraterna.se\/kalmarlan\/jarnforsens-rost-i-norden-fokuserar-pa-valfardsfragor\/#article","isPartOf":{"@id":"https:\/\/wp.kristdemokraterna.se\/kalmarlan\/jarnforsens-rost-i-norden-fokuserar-pa-valfardsfragor\/"},"author":{"name":"kalmarlan","@id":"https:\/\/wp.kristdemokraterna.se\/kalmarlan\/#\/schema\/person\/a1856739934bf9c6a11fb258646ea2a5"},"headline":"\u201dJ\u00e4rnforsens r\u00f6st\u201d i Norden fokuserar p\u00e5 v\u00e4lf\u00e4rdsfr\u00e5gor!","datePublished":"2013-10-30T14:26:46+00:00","dateModified":"2013-10-30T15:06:49+00:00","mainEntityOfPage":{"@id":"https:\/\/wp.kristdemokraterna.se\/kalmarlan\/jarnforsens-rost-i-norden-fokuserar-pa-valfardsfragor\/"},"wordCount":219,"commentCount":0,"image":{"@id":"https:\/\/wp.kristdemokraterna.se\/kalmarlan\/jarnforsens-rost-i-norden-fokuserar-pa-valfardsfragor\/#primaryimage"},"thumbnailUrl":"http:\/\/wp.kristdemokraterna.se\/kalmarlan\/files\/2013\/10\/20131030-152255.jpg","inLanguage":"sv-SE"},{"@type":"WebPage","@id":"https:\/\/wp.kristdemokraterna.se\/kalmarlan\/jarnforsens-rost-i-norden-fokuserar-pa-valfardsfragor\/","url":"https:\/\/wp.kristdemokraterna.se\/kalmarlan\/jarnforsens-rost-i-norden-fokuserar-pa-valfardsfragor\/","name":"\u201dJ\u00e4rnforsens r\u00f6st\u201d i Norden fokuserar p\u00e5 v\u00e4lf\u00e4rdsfr\u00e5gor! - i Kalmar l\u00e4n","isPartOf":{"@id":"https:\/\/wp.kristdemokraterna.se\/kalmarlan\/#website"},"primaryImageOfPage":{"@id":"https:\/\/wp.kristdemokraterna.se\/kalmarlan\/jarnforsens-rost-i-norden-fokuserar-pa-valfardsfragor\/#primaryimage"},"image":{"@id":"https:\/\/wp.kristdemokraterna.se\/kalmarlan\/jarnforsens-rost-i-norden-fokuserar-pa-valfardsfragor\/#primaryimage"},"thumbnailUrl":"http:\/\/wp.kristdemokraterna.se\/kalmarlan\/files\/2013\/10\/20131030-152255.jpg","datePublished":"2013-10-30T14:26:46+00:00","dateModified":"2013-10-30T15:06:49+00:00","author":{"@id":"https:\/\/wp.kristdemokraterna.se\/kalmarlan\/#\/schema\/person\/a1856739934bf9c6a11fb258646ea2a5"},"breadcrumb":{"@id":"https:\/\/wp.kristdemokraterna.se\/kalmarlan\/jarnforsens-rost-i-norden-fokuserar-pa-valfardsfragor\/#breadcrumb"},"inLanguage":"sv-SE","potentialAction":[{"@type":"ReadAction","target":["https:\/\/wp.kristdemokraterna.se\/kalmarlan\/jarnforsens-rost-i-norden-fokuserar-pa-valfardsfragor\/"]}]},{"@type":"ImageObject","inLanguage":"sv-SE","@id":"https:\/\/wp.kristdemokraterna.se\/kalmarlan\/jarnforsens-rost-i-norden-fokuserar-pa-valfardsfragor\/#primaryimage","url":"https:\/\/wp.kristdemokraterna.se\/kalmarlan\/files\/2013\/10\/20131030-152255.jpg","contentUrl":"https:\/\/wp.kristdemokraterna.se\/kalmarlan\/files\/2013\/10\/20131030-152255.jpg","width":225,"height":300,"caption":"Anders i talarstolen p\u00e5 Stortinget i Oslo"},{"@type":"BreadcrumbList","@id":"https:\/\/wp.kristdemokraterna.se\/kalmarlan\/jarnforsens-rost-i-norden-fokuserar-pa-valfardsfragor\/#breadcrumb","itemListElement":[{"@type":"ListItem","position":1,"name":"Hem","item":"https:\/\/wp.kristdemokraterna.se\/kalmarlan\/"},{"@type":"ListItem","position":2,"name":"\u201dJ\u00e4rnforsens r\u00f6st\u201d i Norden fokuserar p\u00e5 v\u00e4lf\u00e4rdsfr\u00e5gor!"}]},{"@type":"WebSite","@id":"https:\/\/wp.kristdemokraterna.se\/kalmarlan\/#website","url":"https:\/\/wp.kristdemokraterna.se\/kalmarlan\/","name":"i Kalmar l\u00e4n","description":"","inLanguage":"sv-SE"},{"@type":"Person","@id":"https:\/\/wp.kristdemokraterna.se\/kalmarlan\/#\/schema\/person\/a1856739934bf9c6a11fb258646ea2a5","name":"kalmarlan","image":{"@type":"ImageObject","inLanguage":"sv-SE","@id":"https:\/\/secure.gravatar.com\/avatar\/ef1f7dcd1b21be34f0f3e58a032955c2de43794b20090a23118cd0e2a8964e6e?s=96&r=g","url":"https:\/\/secure.gravatar.com\/avatar\/ef1f7dcd1b21be34f0f3e58a032955c2de43794b20090a23118cd0e2a8964e6e?s=96&r=g","contentUrl":"https:\/\/secure.gravatar.com\/avatar\/ef1f7dcd1b21be34f0f3e58a032955c2de43794b20090a23118cd0e2a8964e6e?s=96&r=g","caption":"kalmarlan"},"url":"https:\/\/wp.kristdemokraterna.se\/kalmarlan\/author\/kalmarlan\/"}]}},"_links":{"self":[{"href":"https:\/\/wp.kristdemokraterna.se\/kalmarlan\/wp-json\/wp\/v2\/posts\/297","targetHints":{"allow":["GET"]}}],"collection":[{"href":"https:\/\/wp.kristdemokraterna.se\/kalmarlan\/wp-json\/wp\/v2\/posts"}],"about":[{"href":"https:\/\/wp.kristdemokraterna.se\/kalmarlan\/wp-json\/wp\/v2\/types\/post"}],"author":[{"embeddable":true,"href":"https:\/\/wp.kristdemokraterna.se\/kalmarlan\/wp-json\/wp\/v2\/users\/417"}],"replies":[{"embeddable":true,"href":"https:\/\/wp.kristdemokraterna.se\/kalmarlan\/wp-json\/wp\/v2\/comments?post=297"}],"version-history":[{"count":12,"href":"https:\/\/wp.kristdemokraterna.se\/kalmarlan\/wp-json\/wp\/v2\/posts\/297\/revisions"}],"predecessor-version":[{"id":309,"href":"https:\/\/wp.kristdemokraterna.se\/kalmarlan\/wp-json\/wp\/v2\/posts\/297\/revisions\/309"}],"wp:attachment":[{"href":"https:\/\/wp.kristdemokraterna.se\/kalmarlan\/wp-json\/wp\/v2\/media?parent=297"}],"wp:term":[{"taxonomy":"category","embeddable":true,"href":"https:\/\/wp.kristdemokraterna.se\/kalmarlan\/wp-json\/wp\/v2\/categories?post=297"},{"taxonomy":"post_tag","embeddable":true,"href":"https:\/\/wp.kristdemokraterna.se\/kalmarlan\/wp-json\/wp\/v2\/tags?post=297"}],"curies":[{"name":"wp","href":"https:\/\/api.w.org\/{rel}","templated":true}]}}