{"id":311,"date":"2013-11-07T15:21:23","date_gmt":"2013-11-07T14:21:23","guid":{"rendered":"http:\/\/wp.kristdemokraterna.se\/kalmarlan\/?p=311"},"modified":"2013-11-07T15:21:23","modified_gmt":"2013-11-07T14:21:23","slug":"kristdemokraterna-och-alliansen-tar-ansvar","status":"publish","type":"post","link":"https:\/\/wp.kristdemokraterna.se\/kalmarlan\/kristdemokraterna-och-alliansen-tar-ansvar\/","title":{"rendered":"Kristdemokraterna och Alliansen tar ansvar"},"content":{"rendered":"<p><a href=\"http:\/\/wp.kristdemokraterna.se\/kalmarlan\/files\/2013\/11\/20131107-144458.jpg\"><img decoding=\"async\" src=\"http:\/\/wp.kristdemokraterna.se\/kalmarlan\/files\/2013\/11\/20131107-144458.jpg\" alt=\"20131107-144458.jpg\" class=\"alignnone size-full\" \/><\/a><br \/>\nIdag har vi i Alliansen presenterat v\u00e5rt budgetf\u00f6rslag under en l\u00e4nsturn\u00e9 fr\u00e5n norr till s\u00f6der.<\/p>\n<p>\u2013 Vi avs\u00e4tter 2 Mkr f\u00f6r att bygga upp \u00e4ldreteam p\u00e5 sjukhusens akutmottagningar f\u00f6r att personal med r\u00e4tt kompetens ska ta emot patienterna, och snabbt kunna slussa vidare.<br \/>\nVi vill stoppa den \u00e5ldersdiskriminering som g\u00f6r att \u00e4ldre inte f\u00e5r likv\u00e4rdig v\u00e5rd vid psykisk oh\u00e4lsa. Vi tar d\u00e4rf\u00f6r initiativ till en kartl\u00e4ggning av bakomliggande sk\u00e4l till skillnader vid val av behandlingsmetod. Osakliga skillnader ska sj\u00e4lvklart r\u00e4ttas till, s\u00e4ger Gudrun Bruneg\u00e5rd (KD).<br \/>\n<!--more--><br \/>\nAlliansen i landstinget vill satsa en extra miljon p\u00e5 att f\u00e5 ner v\u00e4ntetiderna f\u00f6r cancerpatienter. I sitt f\u00f6rslag till skuggbudget som presenteras senare idag avs\u00e4tter de miljonen f\u00f6r att arbetet med att korta k\u00f6erna ska g\u00e5 snabbare.<\/p>\n<p>Nedan f\u00f6ljer en sammanfattning: <\/p>\n<p><strong>Allianspartiernas prioriterade satsningar:<\/strong><br \/>\n \u2022 Palliativa v\u00e5rdplatser V\u00e4stervik \u200b1,5 miljoner kr<br \/>\n\u2022 \u00c4ldreteam \u200b2,0 miljoner kr<br \/>\n\u2022 Gr\u00f6n rehabilitering \u200b1,1 miljoner kr<br \/>\n\u2022 Uppbyggnad fritidshj\u00e4lpmedel \u200b200 000 kr<br \/>\n\u2022 Snabbare cancerv\u00e5rd \u200b1,0 miljoner kr<br \/>\n\u2022 Pilotprojekt H\u00e4lsokurvan\u200b200 000 kr<\/p>\n<p><strong>\u00d6vriga viktiga satsningar<\/strong>:<br \/>\n\u2022 Utvecklingsplan f\u00f6r Tjustbanan<br \/>\n\u2022 Riktlinjer f\u00f6r landstingets arbete med organdonationer<br \/>\n\u2022 Integration av prim\u00e4rv\u00e5rdsjourerna i Kalmar och V\u00e4stervik till sjukhusens akutmottagningar<br \/>\n\u2022 Modell f\u00f6r l\u00e4nsf\u00e4rdtj\u00e4nst<br \/>\n\u2022 Kulturpass f\u00f6r att v\u00e4lkomna nyinflyttade i l\u00e4net<br \/>\n\u2022 Brett samverkansprojekt i avsikt att ta fram ett handlingsprogram i l\u00e4net f\u00f6r suicidf\u00f6rebyggande \u00e5tg\u00e4rder<br \/>\n\u2022 Metod f\u00f6r snabbare identifiering av sjukv\u00e5rdskompetens bland nyanl\u00e4nda invandrare samt erbjuda dessa kurser i sjukv\u00e5rdssvenska<br \/>\n\u2022 Plan f\u00f6r hur v\u00e5rdadministrativa uppgifter kan lyftas \u00f6ver fr\u00e5n l\u00e4kare och sjuksk\u00f6terskor till personer med r\u00e4tt v\u00e5rdadministrativ kompetens.<\/p>\n","protected":false},"excerpt":{"rendered":"<p>Idag har vi i Alliansen presenterat v\u00e5rt budgetf\u00f6rslag under en l\u00e4nsturn\u00e9 fr\u00e5n norr till s\u00f6der. \u2013 Vi avs\u00e4tter 2 Mkr f\u00f6r att bygga upp \u00e4ldreteam p\u00e5 sjukhusens akutmottagningar f\u00f6r att personal med r\u00e4tt kompetens ska ta emot patienterna, och snabbt kunna slussa vidare. Vi vill stoppa den \u00e5ldersdiskriminering som g\u00f6r att \u00e4ldre inte f\u00e5r likv\u00e4rdig <a class=\"read-more-link\" href=\"https:\/\/wp.kristdemokraterna.se\/kalmarlan\/kristdemokraterna-och-alliansen-tar-ansvar\/\">Read More<\/a><\/p>\n","protected":false},"author":417,"featured_media":0,"comment_status":"open","ping_status":"open","sticky":false,"template":"","format":"standard","meta":{"_acf_changed":false,"footnotes":""},"categories":[1],"tags":[],"class_list":["post-311","post","type-post","status-publish","format-standard","hentry","category-okategoriserade"],"acf":[],"yoast_head":"<!-- This site is optimized with the Yoast SEO plugin v27.4 - https:\/\/yoast.com\/product\/yoast-seo-wordpress\/ -->\n<title>Kristdemokraterna och Alliansen tar ansvar - i Kalmar l\u00e4n<\/title>\n<meta name=\"robots\" content=\"index, follow, max-snippet:-1, max-image-preview:large, max-video-preview:-1\" \/>\n<link rel=\"canonical\" href=\"https:\/\/wp.kristdemokraterna.se\/kalmarlan\/kristdemokraterna-och-alliansen-tar-ansvar\/\" \/>\n<meta property=\"og:locale\" content=\"sv_SE\" \/>\n<meta property=\"og:type\" content=\"article\" \/>\n<meta property=\"og:title\" content=\"Kristdemokraterna och Alliansen tar ansvar - i Kalmar l\u00e4n\" \/>\n<meta property=\"og:description\" content=\"Idag har vi i Alliansen presenterat v\u00e5rt budgetf\u00f6rslag under en l\u00e4nsturn\u00e9 fr\u00e5n norr till s\u00f6der. \u2013 Vi avs\u00e4tter 2 Mkr f\u00f6r att bygga upp \u00e4ldreteam p\u00e5 sjukhusens akutmottagningar f\u00f6r att personal med r\u00e4tt kompetens ska ta emot patienterna, och snabbt kunna slussa vidare. Vi vill stoppa den \u00e5ldersdiskriminering som g\u00f6r att \u00e4ldre inte f\u00e5r likv\u00e4rdig Read More\" \/>\n<meta property=\"og:url\" content=\"https:\/\/wp.kristdemokraterna.se\/kalmarlan\/kristdemokraterna-och-alliansen-tar-ansvar\/\" \/>\n<meta property=\"og:site_name\" content=\"i Kalmar l\u00e4n\" \/>\n<meta property=\"article:published_time\" content=\"2013-11-07T14:21:23+00:00\" \/>\n<meta property=\"og:image\" content=\"http:\/\/wp.kristdemokraterna.se\/kalmarlan\/files\/2013\/11\/20131107-144458.jpg\" \/>\n<meta name=\"author\" content=\"kalmarlan\" \/>\n<meta name=\"twitter:card\" content=\"summary_large_image\" \/>\n<meta name=\"twitter:label1\" content=\"Skriven av\" \/>\n\t<meta name=\"twitter:data1\" content=\"kalmarlan\" \/>\n\t<meta name=\"twitter:label2\" content=\"Ber\u00e4knad l\u00e4stid\" \/>\n\t<meta name=\"twitter:data2\" content=\"1 minut\" \/>\n<script type=\"application\/ld+json\" class=\"yoast-schema-graph\">{\"@context\":\"https:\\\/\\\/schema.org\",\"@graph\":[{\"@type\":\"Article\",\"@id\":\"https:\\\/\\\/wp.kristdemokraterna.se\\\/kalmarlan\\\/kristdemokraterna-och-alliansen-tar-ansvar\\\/#article\",\"isPartOf\":{\"@id\":\"https:\\\/\\\/wp.kristdemokraterna.se\\\/kalmarlan\\\/kristdemokraterna-och-alliansen-tar-ansvar\\\/\"},\"author\":{\"name\":\"kalmarlan\",\"@id\":\"https:\\\/\\\/wp.kristdemokraterna.se\\\/kalmarlan\\\/#\\\/schema\\\/person\\\/a1856739934bf9c6a11fb258646ea2a5\"},\"headline\":\"Kristdemokraterna och Alliansen tar ansvar\",\"datePublished\":\"2013-11-07T14:21:23+00:00\",\"mainEntityOfPage\":{\"@id\":\"https:\\\/\\\/wp.kristdemokraterna.se\\\/kalmarlan\\\/kristdemokraterna-och-alliansen-tar-ansvar\\\/\"},\"wordCount\":295,\"commentCount\":0,\"image\":{\"@id\":\"https:\\\/\\\/wp.kristdemokraterna.se\\\/kalmarlan\\\/kristdemokraterna-och-alliansen-tar-ansvar\\\/#primaryimage\"},\"thumbnailUrl\":\"http:\\\/\\\/wp.kristdemokraterna.se\\\/kalmarlan\\\/files\\\/2013\\\/11\\\/20131107-144458.jpg\",\"inLanguage\":\"sv-SE\"},{\"@type\":\"WebPage\",\"@id\":\"https:\\\/\\\/wp.kristdemokraterna.se\\\/kalmarlan\\\/kristdemokraterna-och-alliansen-tar-ansvar\\\/\",\"url\":\"https:\\\/\\\/wp.kristdemokraterna.se\\\/kalmarlan\\\/kristdemokraterna-och-alliansen-tar-ansvar\\\/\",\"name\":\"Kristdemokraterna och Alliansen tar ansvar - i Kalmar l\u00e4n\",\"isPartOf\":{\"@id\":\"https:\\\/\\\/wp.kristdemokraterna.se\\\/kalmarlan\\\/#website\"},\"primaryImageOfPage\":{\"@id\":\"https:\\\/\\\/wp.kristdemokraterna.se\\\/kalmarlan\\\/kristdemokraterna-och-alliansen-tar-ansvar\\\/#primaryimage\"},\"image\":{\"@id\":\"https:\\\/\\\/wp.kristdemokraterna.se\\\/kalmarlan\\\/kristdemokraterna-och-alliansen-tar-ansvar\\\/#primaryimage\"},\"thumbnailUrl\":\"http:\\\/\\\/wp.kristdemokraterna.se\\\/kalmarlan\\\/files\\\/2013\\\/11\\\/20131107-144458.jpg\",\"datePublished\":\"2013-11-07T14:21:23+00:00\",\"author\":{\"@id\":\"https:\\\/\\\/wp.kristdemokraterna.se\\\/kalmarlan\\\/#\\\/schema\\\/person\\\/a1856739934bf9c6a11fb258646ea2a5\"},\"breadcrumb\":{\"@id\":\"https:\\\/\\\/wp.kristdemokraterna.se\\\/kalmarlan\\\/kristdemokraterna-och-alliansen-tar-ansvar\\\/#breadcrumb\"},\"inLanguage\":\"sv-SE\",\"potentialAction\":[{\"@type\":\"ReadAction\",\"target\":[\"https:\\\/\\\/wp.kristdemokraterna.se\\\/kalmarlan\\\/kristdemokraterna-och-alliansen-tar-ansvar\\\/\"]}]},{\"@type\":\"ImageObject\",\"inLanguage\":\"sv-SE\",\"@id\":\"https:\\\/\\\/wp.kristdemokraterna.se\\\/kalmarlan\\\/kristdemokraterna-och-alliansen-tar-ansvar\\\/#primaryimage\",\"url\":\"https:\\\/\\\/wp.kristdemokraterna.se\\\/kalmarlan\\\/files\\\/2013\\\/11\\\/20131107-144458.jpg\",\"contentUrl\":\"https:\\\/\\\/wp.kristdemokraterna.se\\\/kalmarlan\\\/files\\\/2013\\\/11\\\/20131107-144458.jpg\",\"width\":294,\"height\":300},{\"@type\":\"BreadcrumbList\",\"@id\":\"https:\\\/\\\/wp.kristdemokraterna.se\\\/kalmarlan\\\/kristdemokraterna-och-alliansen-tar-ansvar\\\/#breadcrumb\",\"itemListElement\":[{\"@type\":\"ListItem\",\"position\":1,\"name\":\"Hem\",\"item\":\"https:\\\/\\\/wp.kristdemokraterna.se\\\/kalmarlan\\\/\"},{\"@type\":\"ListItem\",\"position\":2,\"name\":\"Kristdemokraterna och Alliansen tar ansvar\"}]},{\"@type\":\"WebSite\",\"@id\":\"https:\\\/\\\/wp.kristdemokraterna.se\\\/kalmarlan\\\/#website\",\"url\":\"https:\\\/\\\/wp.kristdemokraterna.se\\\/kalmarlan\\\/\",\"name\":\"i Kalmar l\u00e4n\",\"description\":\"\",\"inLanguage\":\"sv-SE\"},{\"@type\":\"Person\",\"@id\":\"https:\\\/\\\/wp.kristdemokraterna.se\\\/kalmarlan\\\/#\\\/schema\\\/person\\\/a1856739934bf9c6a11fb258646ea2a5\",\"name\":\"kalmarlan\",\"image\":{\"@type\":\"ImageObject\",\"inLanguage\":\"sv-SE\",\"@id\":\"https:\\\/\\\/secure.gravatar.com\\\/avatar\\\/ef1f7dcd1b21be34f0f3e58a032955c2de43794b20090a23118cd0e2a8964e6e?s=96&r=g\",\"url\":\"https:\\\/\\\/secure.gravatar.com\\\/avatar\\\/ef1f7dcd1b21be34f0f3e58a032955c2de43794b20090a23118cd0e2a8964e6e?s=96&r=g\",\"contentUrl\":\"https:\\\/\\\/secure.gravatar.com\\\/avatar\\\/ef1f7dcd1b21be34f0f3e58a032955c2de43794b20090a23118cd0e2a8964e6e?s=96&r=g\",\"caption\":\"kalmarlan\"},\"url\":\"https:\\\/\\\/wp.kristdemokraterna.se\\\/kalmarlan\\\/author\\\/kalmarlan\\\/\"}]}<\/script>\n<!-- \/ Yoast SEO plugin. -->","yoast_head_json":{"title":"Kristdemokraterna och Alliansen tar ansvar - i Kalmar l\u00e4n","robots":{"index":"index","follow":"follow","max-snippet":"max-snippet:-1","max-image-preview":"max-image-preview:large","max-video-preview":"max-video-preview:-1"},"canonical":"https:\/\/wp.kristdemokraterna.se\/kalmarlan\/kristdemokraterna-och-alliansen-tar-ansvar\/","og_locale":"sv_SE","og_type":"article","og_title":"Kristdemokraterna och Alliansen tar ansvar - i Kalmar l\u00e4n","og_description":"Idag har vi i Alliansen presenterat v\u00e5rt budgetf\u00f6rslag under en l\u00e4nsturn\u00e9 fr\u00e5n norr till s\u00f6der. \u2013 Vi avs\u00e4tter 2 Mkr f\u00f6r att bygga upp \u00e4ldreteam p\u00e5 sjukhusens akutmottagningar f\u00f6r att personal med r\u00e4tt kompetens ska ta emot patienterna, och snabbt kunna slussa vidare. Vi vill stoppa den \u00e5ldersdiskriminering som g\u00f6r att \u00e4ldre inte f\u00e5r likv\u00e4rdig Read More","og_url":"https:\/\/wp.kristdemokraterna.se\/kalmarlan\/kristdemokraterna-och-alliansen-tar-ansvar\/","og_site_name":"i Kalmar l\u00e4n","article_published_time":"2013-11-07T14:21:23+00:00","og_image":[{"url":"http:\/\/wp.kristdemokraterna.se\/kalmarlan\/files\/2013\/11\/20131107-144458.jpg","type":"","width":"","height":""}],"author":"kalmarlan","twitter_card":"summary_large_image","twitter_misc":{"Skriven av":"kalmarlan","Ber\u00e4knad l\u00e4stid":"1 minut"},"schema":{"@context":"https:\/\/schema.org","@graph":[{"@type":"Article","@id":"https:\/\/wp.kristdemokraterna.se\/kalmarlan\/kristdemokraterna-och-alliansen-tar-ansvar\/#article","isPartOf":{"@id":"https:\/\/wp.kristdemokraterna.se\/kalmarlan\/kristdemokraterna-och-alliansen-tar-ansvar\/"},"author":{"name":"kalmarlan","@id":"https:\/\/wp.kristdemokraterna.se\/kalmarlan\/#\/schema\/person\/a1856739934bf9c6a11fb258646ea2a5"},"headline":"Kristdemokraterna och Alliansen tar ansvar","datePublished":"2013-11-07T14:21:23+00:00","mainEntityOfPage":{"@id":"https:\/\/wp.kristdemokraterna.se\/kalmarlan\/kristdemokraterna-och-alliansen-tar-ansvar\/"},"wordCount":295,"commentCount":0,"image":{"@id":"https:\/\/wp.kristdemokraterna.se\/kalmarlan\/kristdemokraterna-och-alliansen-tar-ansvar\/#primaryimage"},"thumbnailUrl":"http:\/\/wp.kristdemokraterna.se\/kalmarlan\/files\/2013\/11\/20131107-144458.jpg","inLanguage":"sv-SE"},{"@type":"WebPage","@id":"https:\/\/wp.kristdemokraterna.se\/kalmarlan\/kristdemokraterna-och-alliansen-tar-ansvar\/","url":"https:\/\/wp.kristdemokraterna.se\/kalmarlan\/kristdemokraterna-och-alliansen-tar-ansvar\/","name":"Kristdemokraterna och Alliansen tar ansvar - i Kalmar l\u00e4n","isPartOf":{"@id":"https:\/\/wp.kristdemokraterna.se\/kalmarlan\/#website"},"primaryImageOfPage":{"@id":"https:\/\/wp.kristdemokraterna.se\/kalmarlan\/kristdemokraterna-och-alliansen-tar-ansvar\/#primaryimage"},"image":{"@id":"https:\/\/wp.kristdemokraterna.se\/kalmarlan\/kristdemokraterna-och-alliansen-tar-ansvar\/#primaryimage"},"thumbnailUrl":"http:\/\/wp.kristdemokraterna.se\/kalmarlan\/files\/2013\/11\/20131107-144458.jpg","datePublished":"2013-11-07T14:21:23+00:00","author":{"@id":"https:\/\/wp.kristdemokraterna.se\/kalmarlan\/#\/schema\/person\/a1856739934bf9c6a11fb258646ea2a5"},"breadcrumb":{"@id":"https:\/\/wp.kristdemokraterna.se\/kalmarlan\/kristdemokraterna-och-alliansen-tar-ansvar\/#breadcrumb"},"inLanguage":"sv-SE","potentialAction":[{"@type":"ReadAction","target":["https:\/\/wp.kristdemokraterna.se\/kalmarlan\/kristdemokraterna-och-alliansen-tar-ansvar\/"]}]},{"@type":"ImageObject","inLanguage":"sv-SE","@id":"https:\/\/wp.kristdemokraterna.se\/kalmarlan\/kristdemokraterna-och-alliansen-tar-ansvar\/#primaryimage","url":"https:\/\/wp.kristdemokraterna.se\/kalmarlan\/files\/2013\/11\/20131107-144458.jpg","contentUrl":"https:\/\/wp.kristdemokraterna.se\/kalmarlan\/files\/2013\/11\/20131107-144458.jpg","width":294,"height":300},{"@type":"BreadcrumbList","@id":"https:\/\/wp.kristdemokraterna.se\/kalmarlan\/kristdemokraterna-och-alliansen-tar-ansvar\/#breadcrumb","itemListElement":[{"@type":"ListItem","position":1,"name":"Hem","item":"https:\/\/wp.kristdemokraterna.se\/kalmarlan\/"},{"@type":"ListItem","position":2,"name":"Kristdemokraterna och Alliansen tar ansvar"}]},{"@type":"WebSite","@id":"https:\/\/wp.kristdemokraterna.se\/kalmarlan\/#website","url":"https:\/\/wp.kristdemokraterna.se\/kalmarlan\/","name":"i Kalmar l\u00e4n","description":"","inLanguage":"sv-SE"},{"@type":"Person","@id":"https:\/\/wp.kristdemokraterna.se\/kalmarlan\/#\/schema\/person\/a1856739934bf9c6a11fb258646ea2a5","name":"kalmarlan","image":{"@type":"ImageObject","inLanguage":"sv-SE","@id":"https:\/\/secure.gravatar.com\/avatar\/ef1f7dcd1b21be34f0f3e58a032955c2de43794b20090a23118cd0e2a8964e6e?s=96&r=g","url":"https:\/\/secure.gravatar.com\/avatar\/ef1f7dcd1b21be34f0f3e58a032955c2de43794b20090a23118cd0e2a8964e6e?s=96&r=g","contentUrl":"https:\/\/secure.gravatar.com\/avatar\/ef1f7dcd1b21be34f0f3e58a032955c2de43794b20090a23118cd0e2a8964e6e?s=96&r=g","caption":"kalmarlan"},"url":"https:\/\/wp.kristdemokraterna.se\/kalmarlan\/author\/kalmarlan\/"}]}},"_links":{"self":[{"href":"https:\/\/wp.kristdemokraterna.se\/kalmarlan\/wp-json\/wp\/v2\/posts\/311","targetHints":{"allow":["GET"]}}],"collection":[{"href":"https:\/\/wp.kristdemokraterna.se\/kalmarlan\/wp-json\/wp\/v2\/posts"}],"about":[{"href":"https:\/\/wp.kristdemokraterna.se\/kalmarlan\/wp-json\/wp\/v2\/types\/post"}],"author":[{"embeddable":true,"href":"https:\/\/wp.kristdemokraterna.se\/kalmarlan\/wp-json\/wp\/v2\/users\/417"}],"replies":[{"embeddable":true,"href":"https:\/\/wp.kristdemokraterna.se\/kalmarlan\/wp-json\/wp\/v2\/comments?post=311"}],"version-history":[{"count":1,"href":"https:\/\/wp.kristdemokraterna.se\/kalmarlan\/wp-json\/wp\/v2\/posts\/311\/revisions"}],"predecessor-version":[{"id":312,"href":"https:\/\/wp.kristdemokraterna.se\/kalmarlan\/wp-json\/wp\/v2\/posts\/311\/revisions\/312"}],"wp:attachment":[{"href":"https:\/\/wp.kristdemokraterna.se\/kalmarlan\/wp-json\/wp\/v2\/media?parent=311"}],"wp:term":[{"taxonomy":"category","embeddable":true,"href":"https:\/\/wp.kristdemokraterna.se\/kalmarlan\/wp-json\/wp\/v2\/categories?post=311"},{"taxonomy":"post_tag","embeddable":true,"href":"https:\/\/wp.kristdemokraterna.se\/kalmarlan\/wp-json\/wp\/v2\/tags?post=311"}],"curies":[{"name":"wp","href":"https:\/\/api.w.org\/{rel}","templated":true}]}}