{"id":313,"date":"2013-11-17T02:29:30","date_gmt":"2013-11-17T01:29:30","guid":{"rendered":"http:\/\/wp.kristdemokraterna.se\/kalmarlan\/?p=313"},"modified":"2013-11-17T02:29:30","modified_gmt":"2013-11-17T01:29:30","slug":"anders-andersson-toppar-riksdagslistan","status":"publish","type":"post","link":"https:\/\/wp.kristdemokraterna.se\/kalmarlan\/anders-andersson-toppar-riksdagslistan\/","title":{"rendered":"Anders Andersson toppar riksdagslistan."},"content":{"rendered":"<p><em>Pressmeddelande 2013-11-15<\/em><\/p>\n<p>KD\u00b4s nomineringskommitt\u00e9 klar med sitt f\u00f6rslag:<\/p>\n<p><strong>P\u00e5 l\u00f6rdag den 23 november kommer Kristdemokraterna i Kalmar l\u00e4n att h\u00e5lla nomineringsst\u00e4mma f\u00f6r l\u00e4net och d\u00e4r fastst\u00e4lla de 24 namnen p\u00e5 valsedeln till riksdagsvalet. St\u00e4mman kommer att h\u00e5llas p\u00e5 Valhall i Hultsfred. <\/strong><\/p>\n<p>Nomineringskommitt\u00e9n f\u00f6resl\u00e5r att nuvarande riksdagsledamoten Anders Andersson, J\u00e4rnforsen ska toppa valsedeln inf\u00f6r valet 2014. Anders \u00e4r idag ledamot i Riksdagen, ledamot i socialutskottet och dessutom ordf\u00f6rande i Nordiska r\u00e5dets v\u00e4lf\u00e4rdsutskott.<\/p>\n<p>&#8211; H\u00e4lso- och sjukv\u00e5rd samt sociala fr\u00e5gor \u00e4r f\u00f6rknippade med Anders Andersson och har engagerat honom allt sedan han var ordf\u00f6rande i socialn\u00e4mnden och d\u00e4refter under m\u00e5nga \u00e5r ledande landstingsr\u00e5d i Kalmar l\u00e4n, s\u00e4ger ombudsman Madeleine Rosenqvist i en kommentar fr\u00e5n nomineringskommitt\u00e9ns arbete. <\/p>\n<p>&#8211; F\u00f6r mig \u00e4r likv\u00e4rdig sjukv\u00e5rd och social trygghet i hela landet en hj\u00e4rtefr\u00e5ga. F\u00f6rutom i de sociala fr\u00e5gorna vill jag vara en r\u00f6st f\u00f6r landsbygdens utveckling i v\u00e5rt l\u00e4n om jag f\u00e5r fortsatt f\u00f6rtroende som riksdagsledamot, s\u00e4ger Anders Andersson i en kommentar till nomineringskommitt\u00e9ns f\u00f6rslag. <\/p>\n<p>Som tv\u00e5a p\u00e5 riksdagslistan f\u00f6resl\u00e5r nomineringskommitt\u00e9n Elisabeth Englund, Oskarshamn. Hon \u00e4r legitimerad sjuksk\u00f6terska och arbetar som enhetschef inom \u00e4ldreomsorgen, ledamot av V\u00e5rdf\u00f6rbundets styrelse i l\u00e4net och vice ordf\u00f6rande i kommunfullm\u00e4ktige. <\/p>\n<p>Trea p\u00e5 listan blir enligt f\u00f6rslaget Jimmy Loord, Nybro. Han \u00e4r kommunpolitiker och arbetar som politisk sekreterare i landstinget. <\/p>\n<p>P\u00e5 fj\u00e4rde plats \u00e5terfinns landstingsr\u00e5det Gudrun Bruneg\u00e5rd, Vimmerby. Och p\u00e5 femte och sj\u00e4tte plats nomineras Christopher Dywik, gruppledare i Kalmar kommunfullm\u00e4ktige och Madeleine Rosenqvist, Fliseryd, gruppledare i M\u00f6nster\u00e5s kommunfullm\u00e4ktige och vice ordf\u00f6rande i landstingets medborgar- och uppf\u00f6ljningsutskott. <\/p>\n<p>Helt nytt namn med topplacering \u00e4r Jimmy Loord som inte fanns med p\u00e5 riksdagsvalsedeln f\u00f6rra g\u00e5ngen. Totalt \u00e4r det 13 nya namn.<\/p>\n","protected":false},"excerpt":{"rendered":"<p>Pressmeddelande 2013-11-15 KD\u00b4s nomineringskommitt\u00e9 klar med sitt f\u00f6rslag: P\u00e5 l\u00f6rdag den 23 november kommer Kristdemokraterna i Kalmar l\u00e4n att h\u00e5lla nomineringsst\u00e4mma f\u00f6r l\u00e4net och d\u00e4r fastst\u00e4lla de 24 namnen p\u00e5 valsedeln till riksdagsvalet. St\u00e4mman kommer att h\u00e5llas p\u00e5 Valhall i Hultsfred. Nomineringskommitt\u00e9n f\u00f6resl\u00e5r att nuvarande riksdagsledamoten Anders Andersson, J\u00e4rnforsen ska toppa valsedeln inf\u00f6r valet 2014. <a class=\"read-more-link\" href=\"https:\/\/wp.kristdemokraterna.se\/kalmarlan\/anders-andersson-toppar-riksdagslistan\/\">Read More<\/a><\/p>\n","protected":false},"author":417,"featured_media":0,"comment_status":"open","ping_status":"open","sticky":false,"template":"","format":"standard","meta":{"_acf_changed":false,"footnotes":""},"categories":[1],"tags":[],"class_list":["post-313","post","type-post","status-publish","format-standard","hentry","category-okategoriserade"],"acf":[],"yoast_head":"<!-- This site is optimized with the Yoast SEO plugin v27.4 - https:\/\/yoast.com\/product\/yoast-seo-wordpress\/ -->\n<title>Anders Andersson toppar riksdagslistan. - i Kalmar l\u00e4n<\/title>\n<meta name=\"robots\" content=\"index, follow, max-snippet:-1, max-image-preview:large, max-video-preview:-1\" \/>\n<link rel=\"canonical\" href=\"https:\/\/wp.kristdemokraterna.se\/kalmarlan\/anders-andersson-toppar-riksdagslistan\/\" \/>\n<meta property=\"og:locale\" content=\"sv_SE\" \/>\n<meta property=\"og:type\" content=\"article\" \/>\n<meta property=\"og:title\" content=\"Anders Andersson toppar riksdagslistan. - i Kalmar l\u00e4n\" \/>\n<meta property=\"og:description\" content=\"Pressmeddelande 2013-11-15 KD\u00b4s nomineringskommitt\u00e9 klar med sitt f\u00f6rslag: P\u00e5 l\u00f6rdag den 23 november kommer Kristdemokraterna i Kalmar l\u00e4n att h\u00e5lla nomineringsst\u00e4mma f\u00f6r l\u00e4net och d\u00e4r fastst\u00e4lla de 24 namnen p\u00e5 valsedeln till riksdagsvalet. St\u00e4mman kommer att h\u00e5llas p\u00e5 Valhall i Hultsfred. Nomineringskommitt\u00e9n f\u00f6resl\u00e5r att nuvarande riksdagsledamoten Anders Andersson, J\u00e4rnforsen ska toppa valsedeln inf\u00f6r valet 2014. Read More\" \/>\n<meta property=\"og:url\" content=\"https:\/\/wp.kristdemokraterna.se\/kalmarlan\/anders-andersson-toppar-riksdagslistan\/\" \/>\n<meta property=\"og:site_name\" content=\"i Kalmar l\u00e4n\" \/>\n<meta property=\"article:published_time\" content=\"2013-11-17T01:29:30+00:00\" \/>\n<meta name=\"author\" content=\"kalmarlan\" \/>\n<meta name=\"twitter:card\" content=\"summary_large_image\" \/>\n<meta name=\"twitter:label1\" content=\"Skriven av\" \/>\n\t<meta name=\"twitter:data1\" content=\"kalmarlan\" \/>\n\t<meta name=\"twitter:label2\" content=\"Ber\u00e4knad l\u00e4stid\" \/>\n\t<meta name=\"twitter:data2\" content=\"2 minuter\" \/>\n<script type=\"application\/ld+json\" class=\"yoast-schema-graph\">{\"@context\":\"https:\\\/\\\/schema.org\",\"@graph\":[{\"@type\":\"Article\",\"@id\":\"https:\\\/\\\/wp.kristdemokraterna.se\\\/kalmarlan\\\/anders-andersson-toppar-riksdagslistan\\\/#article\",\"isPartOf\":{\"@id\":\"https:\\\/\\\/wp.kristdemokraterna.se\\\/kalmarlan\\\/anders-andersson-toppar-riksdagslistan\\\/\"},\"author\":{\"name\":\"kalmarlan\",\"@id\":\"https:\\\/\\\/wp.kristdemokraterna.se\\\/kalmarlan\\\/#\\\/schema\\\/person\\\/a1856739934bf9c6a11fb258646ea2a5\"},\"headline\":\"Anders Andersson toppar riksdagslistan.\",\"datePublished\":\"2013-11-17T01:29:30+00:00\",\"mainEntityOfPage\":{\"@id\":\"https:\\\/\\\/wp.kristdemokraterna.se\\\/kalmarlan\\\/anders-andersson-toppar-riksdagslistan\\\/\"},\"wordCount\":342,\"commentCount\":0,\"inLanguage\":\"sv-SE\"},{\"@type\":\"WebPage\",\"@id\":\"https:\\\/\\\/wp.kristdemokraterna.se\\\/kalmarlan\\\/anders-andersson-toppar-riksdagslistan\\\/\",\"url\":\"https:\\\/\\\/wp.kristdemokraterna.se\\\/kalmarlan\\\/anders-andersson-toppar-riksdagslistan\\\/\",\"name\":\"Anders Andersson toppar riksdagslistan. - i Kalmar l\u00e4n\",\"isPartOf\":{\"@id\":\"https:\\\/\\\/wp.kristdemokraterna.se\\\/kalmarlan\\\/#website\"},\"datePublished\":\"2013-11-17T01:29:30+00:00\",\"author\":{\"@id\":\"https:\\\/\\\/wp.kristdemokraterna.se\\\/kalmarlan\\\/#\\\/schema\\\/person\\\/a1856739934bf9c6a11fb258646ea2a5\"},\"breadcrumb\":{\"@id\":\"https:\\\/\\\/wp.kristdemokraterna.se\\\/kalmarlan\\\/anders-andersson-toppar-riksdagslistan\\\/#breadcrumb\"},\"inLanguage\":\"sv-SE\",\"potentialAction\":[{\"@type\":\"ReadAction\",\"target\":[\"https:\\\/\\\/wp.kristdemokraterna.se\\\/kalmarlan\\\/anders-andersson-toppar-riksdagslistan\\\/\"]}]},{\"@type\":\"BreadcrumbList\",\"@id\":\"https:\\\/\\\/wp.kristdemokraterna.se\\\/kalmarlan\\\/anders-andersson-toppar-riksdagslistan\\\/#breadcrumb\",\"itemListElement\":[{\"@type\":\"ListItem\",\"position\":1,\"name\":\"Hem\",\"item\":\"https:\\\/\\\/wp.kristdemokraterna.se\\\/kalmarlan\\\/\"},{\"@type\":\"ListItem\",\"position\":2,\"name\":\"Anders Andersson toppar riksdagslistan.\"}]},{\"@type\":\"WebSite\",\"@id\":\"https:\\\/\\\/wp.kristdemokraterna.se\\\/kalmarlan\\\/#website\",\"url\":\"https:\\\/\\\/wp.kristdemokraterna.se\\\/kalmarlan\\\/\",\"name\":\"i Kalmar l\u00e4n\",\"description\":\"\",\"inLanguage\":\"sv-SE\"},{\"@type\":\"Person\",\"@id\":\"https:\\\/\\\/wp.kristdemokraterna.se\\\/kalmarlan\\\/#\\\/schema\\\/person\\\/a1856739934bf9c6a11fb258646ea2a5\",\"name\":\"kalmarlan\",\"image\":{\"@type\":\"ImageObject\",\"inLanguage\":\"sv-SE\",\"@id\":\"https:\\\/\\\/secure.gravatar.com\\\/avatar\\\/ef1f7dcd1b21be34f0f3e58a032955c2de43794b20090a23118cd0e2a8964e6e?s=96&r=g\",\"url\":\"https:\\\/\\\/secure.gravatar.com\\\/avatar\\\/ef1f7dcd1b21be34f0f3e58a032955c2de43794b20090a23118cd0e2a8964e6e?s=96&r=g\",\"contentUrl\":\"https:\\\/\\\/secure.gravatar.com\\\/avatar\\\/ef1f7dcd1b21be34f0f3e58a032955c2de43794b20090a23118cd0e2a8964e6e?s=96&r=g\",\"caption\":\"kalmarlan\"},\"url\":\"https:\\\/\\\/wp.kristdemokraterna.se\\\/kalmarlan\\\/author\\\/kalmarlan\\\/\"}]}<\/script>\n<!-- \/ Yoast SEO plugin. -->","yoast_head_json":{"title":"Anders Andersson toppar riksdagslistan. - i Kalmar l\u00e4n","robots":{"index":"index","follow":"follow","max-snippet":"max-snippet:-1","max-image-preview":"max-image-preview:large","max-video-preview":"max-video-preview:-1"},"canonical":"https:\/\/wp.kristdemokraterna.se\/kalmarlan\/anders-andersson-toppar-riksdagslistan\/","og_locale":"sv_SE","og_type":"article","og_title":"Anders Andersson toppar riksdagslistan. - i Kalmar l\u00e4n","og_description":"Pressmeddelande 2013-11-15 KD\u00b4s nomineringskommitt\u00e9 klar med sitt f\u00f6rslag: P\u00e5 l\u00f6rdag den 23 november kommer Kristdemokraterna i Kalmar l\u00e4n att h\u00e5lla nomineringsst\u00e4mma f\u00f6r l\u00e4net och d\u00e4r fastst\u00e4lla de 24 namnen p\u00e5 valsedeln till riksdagsvalet. St\u00e4mman kommer att h\u00e5llas p\u00e5 Valhall i Hultsfred. Nomineringskommitt\u00e9n f\u00f6resl\u00e5r att nuvarande riksdagsledamoten Anders Andersson, J\u00e4rnforsen ska toppa valsedeln inf\u00f6r valet 2014. Read More","og_url":"https:\/\/wp.kristdemokraterna.se\/kalmarlan\/anders-andersson-toppar-riksdagslistan\/","og_site_name":"i Kalmar l\u00e4n","article_published_time":"2013-11-17T01:29:30+00:00","author":"kalmarlan","twitter_card":"summary_large_image","twitter_misc":{"Skriven av":"kalmarlan","Ber\u00e4knad l\u00e4stid":"2 minuter"},"schema":{"@context":"https:\/\/schema.org","@graph":[{"@type":"Article","@id":"https:\/\/wp.kristdemokraterna.se\/kalmarlan\/anders-andersson-toppar-riksdagslistan\/#article","isPartOf":{"@id":"https:\/\/wp.kristdemokraterna.se\/kalmarlan\/anders-andersson-toppar-riksdagslistan\/"},"author":{"name":"kalmarlan","@id":"https:\/\/wp.kristdemokraterna.se\/kalmarlan\/#\/schema\/person\/a1856739934bf9c6a11fb258646ea2a5"},"headline":"Anders Andersson toppar riksdagslistan.","datePublished":"2013-11-17T01:29:30+00:00","mainEntityOfPage":{"@id":"https:\/\/wp.kristdemokraterna.se\/kalmarlan\/anders-andersson-toppar-riksdagslistan\/"},"wordCount":342,"commentCount":0,"inLanguage":"sv-SE"},{"@type":"WebPage","@id":"https:\/\/wp.kristdemokraterna.se\/kalmarlan\/anders-andersson-toppar-riksdagslistan\/","url":"https:\/\/wp.kristdemokraterna.se\/kalmarlan\/anders-andersson-toppar-riksdagslistan\/","name":"Anders Andersson toppar riksdagslistan. - i Kalmar l\u00e4n","isPartOf":{"@id":"https:\/\/wp.kristdemokraterna.se\/kalmarlan\/#website"},"datePublished":"2013-11-17T01:29:30+00:00","author":{"@id":"https:\/\/wp.kristdemokraterna.se\/kalmarlan\/#\/schema\/person\/a1856739934bf9c6a11fb258646ea2a5"},"breadcrumb":{"@id":"https:\/\/wp.kristdemokraterna.se\/kalmarlan\/anders-andersson-toppar-riksdagslistan\/#breadcrumb"},"inLanguage":"sv-SE","potentialAction":[{"@type":"ReadAction","target":["https:\/\/wp.kristdemokraterna.se\/kalmarlan\/anders-andersson-toppar-riksdagslistan\/"]}]},{"@type":"BreadcrumbList","@id":"https:\/\/wp.kristdemokraterna.se\/kalmarlan\/anders-andersson-toppar-riksdagslistan\/#breadcrumb","itemListElement":[{"@type":"ListItem","position":1,"name":"Hem","item":"https:\/\/wp.kristdemokraterna.se\/kalmarlan\/"},{"@type":"ListItem","position":2,"name":"Anders Andersson toppar riksdagslistan."}]},{"@type":"WebSite","@id":"https:\/\/wp.kristdemokraterna.se\/kalmarlan\/#website","url":"https:\/\/wp.kristdemokraterna.se\/kalmarlan\/","name":"i Kalmar l\u00e4n","description":"","inLanguage":"sv-SE"},{"@type":"Person","@id":"https:\/\/wp.kristdemokraterna.se\/kalmarlan\/#\/schema\/person\/a1856739934bf9c6a11fb258646ea2a5","name":"kalmarlan","image":{"@type":"ImageObject","inLanguage":"sv-SE","@id":"https:\/\/secure.gravatar.com\/avatar\/ef1f7dcd1b21be34f0f3e58a032955c2de43794b20090a23118cd0e2a8964e6e?s=96&r=g","url":"https:\/\/secure.gravatar.com\/avatar\/ef1f7dcd1b21be34f0f3e58a032955c2de43794b20090a23118cd0e2a8964e6e?s=96&r=g","contentUrl":"https:\/\/secure.gravatar.com\/avatar\/ef1f7dcd1b21be34f0f3e58a032955c2de43794b20090a23118cd0e2a8964e6e?s=96&r=g","caption":"kalmarlan"},"url":"https:\/\/wp.kristdemokraterna.se\/kalmarlan\/author\/kalmarlan\/"}]}},"_links":{"self":[{"href":"https:\/\/wp.kristdemokraterna.se\/kalmarlan\/wp-json\/wp\/v2\/posts\/313","targetHints":{"allow":["GET"]}}],"collection":[{"href":"https:\/\/wp.kristdemokraterna.se\/kalmarlan\/wp-json\/wp\/v2\/posts"}],"about":[{"href":"https:\/\/wp.kristdemokraterna.se\/kalmarlan\/wp-json\/wp\/v2\/types\/post"}],"author":[{"embeddable":true,"href":"https:\/\/wp.kristdemokraterna.se\/kalmarlan\/wp-json\/wp\/v2\/users\/417"}],"replies":[{"embeddable":true,"href":"https:\/\/wp.kristdemokraterna.se\/kalmarlan\/wp-json\/wp\/v2\/comments?post=313"}],"version-history":[{"count":2,"href":"https:\/\/wp.kristdemokraterna.se\/kalmarlan\/wp-json\/wp\/v2\/posts\/313\/revisions"}],"predecessor-version":[{"id":317,"href":"https:\/\/wp.kristdemokraterna.se\/kalmarlan\/wp-json\/wp\/v2\/posts\/313\/revisions\/317"}],"wp:attachment":[{"href":"https:\/\/wp.kristdemokraterna.se\/kalmarlan\/wp-json\/wp\/v2\/media?parent=313"}],"wp:term":[{"taxonomy":"category","embeddable":true,"href":"https:\/\/wp.kristdemokraterna.se\/kalmarlan\/wp-json\/wp\/v2\/categories?post=313"},{"taxonomy":"post_tag","embeddable":true,"href":"https:\/\/wp.kristdemokraterna.se\/kalmarlan\/wp-json\/wp\/v2\/tags?post=313"}],"curies":[{"name":"wp","href":"https:\/\/api.w.org\/{rel}","templated":true}]}}