{"id":32,"date":"2013-06-27T17:29:10","date_gmt":"2013-06-27T15:29:10","guid":{"rendered":"http:\/\/wp.kristdemokraterna.se\/kalmarlan\/?p=32"},"modified":"2013-09-13T20:22:39","modified_gmt":"2013-09-13T18:22:39","slug":"kd-jarnforsen-behaller-greppet-om-sjukvarden","status":"publish","type":"post","link":"https:\/\/wp.kristdemokraterna.se\/kalmarlan\/kd-jarnforsen-behaller-greppet-om-sjukvarden\/","title":{"rendered":"KD &#8211; J\u00e4rnforsen beh\u00e5ller greppet om sjukv\u00e5rden!"},"content":{"rendered":"<p><a href=\"http:\/\/wp.kristdemokraterna.se\/kalmarlan\/files\/2013\/06\/BildStartsida.jpg\"><img loading=\"lazy\" decoding=\"async\" class=\"alignnone size-full wp-image-33\" alt=\"BildStartsida\" src=\"http:\/\/wp.kristdemokraterna.se\/kalmarlan\/files\/2013\/06\/BildStartsida.jpg\" width=\"640\" height=\"383\" srcset=\"https:\/\/wp.kristdemokraterna.se\/kalmarlan\/files\/2013\/06\/BildStartsida.jpg 640w, https:\/\/wp.kristdemokraterna.se\/kalmarlan\/files\/2013\/06\/BildStartsida-300x179.jpg 300w, https:\/\/wp.kristdemokraterna.se\/kalmarlan\/files\/2013\/06\/BildStartsida-540x323.jpg 540w, https:\/\/wp.kristdemokraterna.se\/kalmarlan\/files\/2013\/06\/BildStartsida-576x344.jpg 576w, https:\/\/wp.kristdemokraterna.se\/kalmarlan\/files\/2013\/06\/BildStartsida-186x112.jpg 186w\" sizes=\"auto, (max-width: 640px) 100vw, 640px\" \/><\/a><\/p>\n<p><strong>I veckan har Dagens Medicin presenterat den s k Maktlistan \u00f6ver v\u00e5rdens 100 m\u00e4ktigaste. Socialminister G\u00f6ran H\u00e4gglund (KD) \u00e4r den person i landet som rankas som nummer ett. Och detta \u00e4r nog ganska sj\u00e4lvklart. I \u00f6vrigt inneh\u00e5ller listan personer fr\u00e5n myndigheter som Socialstyrelsens generaldirekt\u00f6r och Tillsyndsmyndighetens generaldirekt\u00f6r och ledningen f\u00f6r SKL, statssekreterare i regeringen och ledande l\u00e4kare, sjuksk\u00f6terskor och forskare.<!--more--><\/strong><\/p>\n<p><strong><\/strong>P\u00e5 denna maktlista med v\u00e5rdens 100 m\u00e4ktigaste i Sverige har J\u00e4rnforsen genom Anders Andersson (KD) haft en s\u00e4ker plats. Och han lyckas \u00e4ven i \u00e5r beh\u00e5lla en hedrande placering p\u00e5 plats nr 21. Fr\u00e5n Kalmar l\u00e4n har Lena Hallengren en h\u00f6gre plats men d\u00e5 \u00e4r hon utpekad som utmanare till regeringen. Anders Henriksson som eftertr\u00e4dde Anders Andersson som landstingsstyrelsens ordf\u00f6rande kl\u00e4ttrar upp\u00e5t men \u00e4r fortfarande tio platser under J\u00e4rnforsen-Anders.<strong><!--more--><\/strong><\/p>\n<p>&#8211; Det k\u00e4nns hedrande att f\u00e5 vara med bland de personer i Sverige som kan p\u00e5verka och f\u00f6rb\u00e4ttra sjukv\u00e5rden nu och i framtiden. Valfrihet, trygghet och kvalitet ur patientens perspektiv \u00e4r ledord f\u00f6r mig n\u00e4r vi ska utveckla och f\u00f6rb\u00e4ttrar h\u00e4lso- och sjukv\u00e5rden, s\u00e4ger riksdagsledamot Anders Andersson (KD) i en kommentar till sin placering p\u00e5 Maktlistan.<\/p>\n<p><a href=\"http:\/\/www.dagensmedicin.se\/nyheter\/myndighetsbygge-paverkar-makten\/\">Hela maktlistan och kommentarer finns h\u00e4r<\/a>.<\/p>\n<p>&nbsp;<\/p>\n","protected":false},"excerpt":{"rendered":"<p>I veckan har Dagens Medicin presenterat den s k Maktlistan \u00f6ver v\u00e5rdens 100 m\u00e4ktigaste. Socialminister G\u00f6ran H\u00e4gglund (KD) \u00e4r den person i landet som rankas som nummer ett. Och detta \u00e4r nog ganska sj\u00e4lvklart. I \u00f6vrigt inneh\u00e5ller listan personer fr\u00e5n myndigheter som Socialstyrelsens generaldirekt\u00f6r och Tillsyndsmyndighetens generaldirekt\u00f6r och ledningen f\u00f6r SKL, statssekreterare i regeringen och <a class=\"read-more-link\" href=\"https:\/\/wp.kristdemokraterna.se\/kalmarlan\/kd-jarnforsen-behaller-greppet-om-sjukvarden\/\">Read More<\/a><\/p>\n","protected":false},"author":417,"featured_media":0,"comment_status":"open","ping_status":"open","sticky":false,"template":"","format":"standard","meta":{"_acf_changed":false,"footnotes":""},"categories":[1,3],"tags":[],"class_list":["post-32","post","type-post","status-publish","format-standard","hentry","category-okategoriserade","category-pressmeddelande"],"acf":[],"yoast_head":"<!-- This site is optimized with the Yoast SEO plugin v27.4 - https:\/\/yoast.com\/product\/yoast-seo-wordpress\/ -->\n<title>KD - J\u00e4rnforsen beh\u00e5ller greppet om sjukv\u00e5rden! - i Kalmar l\u00e4n<\/title>\n<meta name=\"robots\" content=\"index, follow, max-snippet:-1, max-image-preview:large, max-video-preview:-1\" \/>\n<link rel=\"canonical\" href=\"https:\/\/wp.kristdemokraterna.se\/kalmarlan\/kd-jarnforsen-behaller-greppet-om-sjukvarden\/\" \/>\n<meta property=\"og:locale\" content=\"sv_SE\" \/>\n<meta property=\"og:type\" content=\"article\" \/>\n<meta property=\"og:title\" content=\"KD - J\u00e4rnforsen beh\u00e5ller greppet om sjukv\u00e5rden! - i Kalmar l\u00e4n\" \/>\n<meta property=\"og:description\" content=\"I veckan har Dagens Medicin presenterat den s k Maktlistan \u00f6ver v\u00e5rdens 100 m\u00e4ktigaste. Socialminister G\u00f6ran H\u00e4gglund (KD) \u00e4r den person i landet som rankas som nummer ett. Och detta \u00e4r nog ganska sj\u00e4lvklart. I \u00f6vrigt inneh\u00e5ller listan personer fr\u00e5n myndigheter som Socialstyrelsens generaldirekt\u00f6r och Tillsyndsmyndighetens generaldirekt\u00f6r och ledningen f\u00f6r SKL, statssekreterare i regeringen och Read More\" \/>\n<meta property=\"og:url\" content=\"https:\/\/wp.kristdemokraterna.se\/kalmarlan\/kd-jarnforsen-behaller-greppet-om-sjukvarden\/\" \/>\n<meta property=\"og:site_name\" content=\"i Kalmar l\u00e4n\" \/>\n<meta property=\"article:published_time\" content=\"2013-06-27T15:29:10+00:00\" \/>\n<meta property=\"article:modified_time\" content=\"2013-09-13T18:22:39+00:00\" \/>\n<meta property=\"og:image\" content=\"http:\/\/wp.kristdemokraterna.se\/kalmarlan\/files\/2013\/06\/BildStartsida.jpg\" \/>\n<meta name=\"author\" content=\"kalmarlan\" \/>\n<meta name=\"twitter:card\" content=\"summary_large_image\" \/>\n<meta name=\"twitter:label1\" content=\"Skriven av\" \/>\n\t<meta name=\"twitter:data1\" content=\"kalmarlan\" \/>\n\t<meta name=\"twitter:label2\" content=\"Ber\u00e4knad l\u00e4stid\" \/>\n\t<meta name=\"twitter:data2\" content=\"1 minut\" \/>\n<script type=\"application\/ld+json\" class=\"yoast-schema-graph\">{\"@context\":\"https:\\\/\\\/schema.org\",\"@graph\":[{\"@type\":\"Article\",\"@id\":\"https:\\\/\\\/wp.kristdemokraterna.se\\\/kalmarlan\\\/kd-jarnforsen-behaller-greppet-om-sjukvarden\\\/#article\",\"isPartOf\":{\"@id\":\"https:\\\/\\\/wp.kristdemokraterna.se\\\/kalmarlan\\\/kd-jarnforsen-behaller-greppet-om-sjukvarden\\\/\"},\"author\":{\"name\":\"kalmarlan\",\"@id\":\"https:\\\/\\\/wp.kristdemokraterna.se\\\/kalmarlan\\\/#\\\/schema\\\/person\\\/a1856739934bf9c6a11fb258646ea2a5\"},\"headline\":\"KD &#8211; J\u00e4rnforsen beh\u00e5ller greppet om sjukv\u00e5rden!\",\"datePublished\":\"2013-06-27T15:29:10+00:00\",\"dateModified\":\"2013-09-13T18:22:39+00:00\",\"mainEntityOfPage\":{\"@id\":\"https:\\\/\\\/wp.kristdemokraterna.se\\\/kalmarlan\\\/kd-jarnforsen-behaller-greppet-om-sjukvarden\\\/\"},\"wordCount\":237,\"commentCount\":0,\"image\":{\"@id\":\"https:\\\/\\\/wp.kristdemokraterna.se\\\/kalmarlan\\\/kd-jarnforsen-behaller-greppet-om-sjukvarden\\\/#primaryimage\"},\"thumbnailUrl\":\"http:\\\/\\\/wp.kristdemokraterna.se\\\/kalmarlan\\\/files\\\/2013\\\/06\\\/BildStartsida.jpg\",\"articleSection\":{\"1\":\"Pressmeddelande\"},\"inLanguage\":\"sv-SE\"},{\"@type\":\"WebPage\",\"@id\":\"https:\\\/\\\/wp.kristdemokraterna.se\\\/kalmarlan\\\/kd-jarnforsen-behaller-greppet-om-sjukvarden\\\/\",\"url\":\"https:\\\/\\\/wp.kristdemokraterna.se\\\/kalmarlan\\\/kd-jarnforsen-behaller-greppet-om-sjukvarden\\\/\",\"name\":\"KD - J\u00e4rnforsen beh\u00e5ller greppet om sjukv\u00e5rden! - i Kalmar l\u00e4n\",\"isPartOf\":{\"@id\":\"https:\\\/\\\/wp.kristdemokraterna.se\\\/kalmarlan\\\/#website\"},\"primaryImageOfPage\":{\"@id\":\"https:\\\/\\\/wp.kristdemokraterna.se\\\/kalmarlan\\\/kd-jarnforsen-behaller-greppet-om-sjukvarden\\\/#primaryimage\"},\"image\":{\"@id\":\"https:\\\/\\\/wp.kristdemokraterna.se\\\/kalmarlan\\\/kd-jarnforsen-behaller-greppet-om-sjukvarden\\\/#primaryimage\"},\"thumbnailUrl\":\"http:\\\/\\\/wp.kristdemokraterna.se\\\/kalmarlan\\\/files\\\/2013\\\/06\\\/BildStartsida.jpg\",\"datePublished\":\"2013-06-27T15:29:10+00:00\",\"dateModified\":\"2013-09-13T18:22:39+00:00\",\"author\":{\"@id\":\"https:\\\/\\\/wp.kristdemokraterna.se\\\/kalmarlan\\\/#\\\/schema\\\/person\\\/a1856739934bf9c6a11fb258646ea2a5\"},\"breadcrumb\":{\"@id\":\"https:\\\/\\\/wp.kristdemokraterna.se\\\/kalmarlan\\\/kd-jarnforsen-behaller-greppet-om-sjukvarden\\\/#breadcrumb\"},\"inLanguage\":\"sv-SE\",\"potentialAction\":[{\"@type\":\"ReadAction\",\"target\":[\"https:\\\/\\\/wp.kristdemokraterna.se\\\/kalmarlan\\\/kd-jarnforsen-behaller-greppet-om-sjukvarden\\\/\"]}]},{\"@type\":\"ImageObject\",\"inLanguage\":\"sv-SE\",\"@id\":\"https:\\\/\\\/wp.kristdemokraterna.se\\\/kalmarlan\\\/kd-jarnforsen-behaller-greppet-om-sjukvarden\\\/#primaryimage\",\"url\":\"https:\\\/\\\/wp.kristdemokraterna.se\\\/kalmarlan\\\/files\\\/2013\\\/06\\\/BildStartsida.jpg\",\"contentUrl\":\"https:\\\/\\\/wp.kristdemokraterna.se\\\/kalmarlan\\\/files\\\/2013\\\/06\\\/BildStartsida.jpg\",\"width\":640,\"height\":383},{\"@type\":\"BreadcrumbList\",\"@id\":\"https:\\\/\\\/wp.kristdemokraterna.se\\\/kalmarlan\\\/kd-jarnforsen-behaller-greppet-om-sjukvarden\\\/#breadcrumb\",\"itemListElement\":[{\"@type\":\"ListItem\",\"position\":1,\"name\":\"Hem\",\"item\":\"https:\\\/\\\/wp.kristdemokraterna.se\\\/kalmarlan\\\/\"},{\"@type\":\"ListItem\",\"position\":2,\"name\":\"KD &#8211; J\u00e4rnforsen beh\u00e5ller greppet om sjukv\u00e5rden!\"}]},{\"@type\":\"WebSite\",\"@id\":\"https:\\\/\\\/wp.kristdemokraterna.se\\\/kalmarlan\\\/#website\",\"url\":\"https:\\\/\\\/wp.kristdemokraterna.se\\\/kalmarlan\\\/\",\"name\":\"i Kalmar l\u00e4n\",\"description\":\"\",\"inLanguage\":\"sv-SE\"},{\"@type\":\"Person\",\"@id\":\"https:\\\/\\\/wp.kristdemokraterna.se\\\/kalmarlan\\\/#\\\/schema\\\/person\\\/a1856739934bf9c6a11fb258646ea2a5\",\"name\":\"kalmarlan\",\"image\":{\"@type\":\"ImageObject\",\"inLanguage\":\"sv-SE\",\"@id\":\"https:\\\/\\\/secure.gravatar.com\\\/avatar\\\/ef1f7dcd1b21be34f0f3e58a032955c2de43794b20090a23118cd0e2a8964e6e?s=96&r=g\",\"url\":\"https:\\\/\\\/secure.gravatar.com\\\/avatar\\\/ef1f7dcd1b21be34f0f3e58a032955c2de43794b20090a23118cd0e2a8964e6e?s=96&r=g\",\"contentUrl\":\"https:\\\/\\\/secure.gravatar.com\\\/avatar\\\/ef1f7dcd1b21be34f0f3e58a032955c2de43794b20090a23118cd0e2a8964e6e?s=96&r=g\",\"caption\":\"kalmarlan\"},\"url\":\"https:\\\/\\\/wp.kristdemokraterna.se\\\/kalmarlan\\\/author\\\/kalmarlan\\\/\"}]}<\/script>\n<!-- \/ Yoast SEO plugin. -->","yoast_head_json":{"title":"KD - J\u00e4rnforsen beh\u00e5ller greppet om sjukv\u00e5rden! - i Kalmar l\u00e4n","robots":{"index":"index","follow":"follow","max-snippet":"max-snippet:-1","max-image-preview":"max-image-preview:large","max-video-preview":"max-video-preview:-1"},"canonical":"https:\/\/wp.kristdemokraterna.se\/kalmarlan\/kd-jarnforsen-behaller-greppet-om-sjukvarden\/","og_locale":"sv_SE","og_type":"article","og_title":"KD - J\u00e4rnforsen beh\u00e5ller greppet om sjukv\u00e5rden! - i Kalmar l\u00e4n","og_description":"I veckan har Dagens Medicin presenterat den s k Maktlistan \u00f6ver v\u00e5rdens 100 m\u00e4ktigaste. Socialminister G\u00f6ran H\u00e4gglund (KD) \u00e4r den person i landet som rankas som nummer ett. Och detta \u00e4r nog ganska sj\u00e4lvklart. I \u00f6vrigt inneh\u00e5ller listan personer fr\u00e5n myndigheter som Socialstyrelsens generaldirekt\u00f6r och Tillsyndsmyndighetens generaldirekt\u00f6r och ledningen f\u00f6r SKL, statssekreterare i regeringen och Read More","og_url":"https:\/\/wp.kristdemokraterna.se\/kalmarlan\/kd-jarnforsen-behaller-greppet-om-sjukvarden\/","og_site_name":"i Kalmar l\u00e4n","article_published_time":"2013-06-27T15:29:10+00:00","article_modified_time":"2013-09-13T18:22:39+00:00","og_image":[{"url":"http:\/\/wp.kristdemokraterna.se\/kalmarlan\/files\/2013\/06\/BildStartsida.jpg","type":"","width":"","height":""}],"author":"kalmarlan","twitter_card":"summary_large_image","twitter_misc":{"Skriven av":"kalmarlan","Ber\u00e4knad l\u00e4stid":"1 minut"},"schema":{"@context":"https:\/\/schema.org","@graph":[{"@type":"Article","@id":"https:\/\/wp.kristdemokraterna.se\/kalmarlan\/kd-jarnforsen-behaller-greppet-om-sjukvarden\/#article","isPartOf":{"@id":"https:\/\/wp.kristdemokraterna.se\/kalmarlan\/kd-jarnforsen-behaller-greppet-om-sjukvarden\/"},"author":{"name":"kalmarlan","@id":"https:\/\/wp.kristdemokraterna.se\/kalmarlan\/#\/schema\/person\/a1856739934bf9c6a11fb258646ea2a5"},"headline":"KD &#8211; J\u00e4rnforsen beh\u00e5ller greppet om sjukv\u00e5rden!","datePublished":"2013-06-27T15:29:10+00:00","dateModified":"2013-09-13T18:22:39+00:00","mainEntityOfPage":{"@id":"https:\/\/wp.kristdemokraterna.se\/kalmarlan\/kd-jarnforsen-behaller-greppet-om-sjukvarden\/"},"wordCount":237,"commentCount":0,"image":{"@id":"https:\/\/wp.kristdemokraterna.se\/kalmarlan\/kd-jarnforsen-behaller-greppet-om-sjukvarden\/#primaryimage"},"thumbnailUrl":"http:\/\/wp.kristdemokraterna.se\/kalmarlan\/files\/2013\/06\/BildStartsida.jpg","articleSection":{"1":"Pressmeddelande"},"inLanguage":"sv-SE"},{"@type":"WebPage","@id":"https:\/\/wp.kristdemokraterna.se\/kalmarlan\/kd-jarnforsen-behaller-greppet-om-sjukvarden\/","url":"https:\/\/wp.kristdemokraterna.se\/kalmarlan\/kd-jarnforsen-behaller-greppet-om-sjukvarden\/","name":"KD - J\u00e4rnforsen beh\u00e5ller greppet om sjukv\u00e5rden! - i Kalmar l\u00e4n","isPartOf":{"@id":"https:\/\/wp.kristdemokraterna.se\/kalmarlan\/#website"},"primaryImageOfPage":{"@id":"https:\/\/wp.kristdemokraterna.se\/kalmarlan\/kd-jarnforsen-behaller-greppet-om-sjukvarden\/#primaryimage"},"image":{"@id":"https:\/\/wp.kristdemokraterna.se\/kalmarlan\/kd-jarnforsen-behaller-greppet-om-sjukvarden\/#primaryimage"},"thumbnailUrl":"http:\/\/wp.kristdemokraterna.se\/kalmarlan\/files\/2013\/06\/BildStartsida.jpg","datePublished":"2013-06-27T15:29:10+00:00","dateModified":"2013-09-13T18:22:39+00:00","author":{"@id":"https:\/\/wp.kristdemokraterna.se\/kalmarlan\/#\/schema\/person\/a1856739934bf9c6a11fb258646ea2a5"},"breadcrumb":{"@id":"https:\/\/wp.kristdemokraterna.se\/kalmarlan\/kd-jarnforsen-behaller-greppet-om-sjukvarden\/#breadcrumb"},"inLanguage":"sv-SE","potentialAction":[{"@type":"ReadAction","target":["https:\/\/wp.kristdemokraterna.se\/kalmarlan\/kd-jarnforsen-behaller-greppet-om-sjukvarden\/"]}]},{"@type":"ImageObject","inLanguage":"sv-SE","@id":"https:\/\/wp.kristdemokraterna.se\/kalmarlan\/kd-jarnforsen-behaller-greppet-om-sjukvarden\/#primaryimage","url":"https:\/\/wp.kristdemokraterna.se\/kalmarlan\/files\/2013\/06\/BildStartsida.jpg","contentUrl":"https:\/\/wp.kristdemokraterna.se\/kalmarlan\/files\/2013\/06\/BildStartsida.jpg","width":640,"height":383},{"@type":"BreadcrumbList","@id":"https:\/\/wp.kristdemokraterna.se\/kalmarlan\/kd-jarnforsen-behaller-greppet-om-sjukvarden\/#breadcrumb","itemListElement":[{"@type":"ListItem","position":1,"name":"Hem","item":"https:\/\/wp.kristdemokraterna.se\/kalmarlan\/"},{"@type":"ListItem","position":2,"name":"KD &#8211; J\u00e4rnforsen beh\u00e5ller greppet om sjukv\u00e5rden!"}]},{"@type":"WebSite","@id":"https:\/\/wp.kristdemokraterna.se\/kalmarlan\/#website","url":"https:\/\/wp.kristdemokraterna.se\/kalmarlan\/","name":"i Kalmar l\u00e4n","description":"","inLanguage":"sv-SE"},{"@type":"Person","@id":"https:\/\/wp.kristdemokraterna.se\/kalmarlan\/#\/schema\/person\/a1856739934bf9c6a11fb258646ea2a5","name":"kalmarlan","image":{"@type":"ImageObject","inLanguage":"sv-SE","@id":"https:\/\/secure.gravatar.com\/avatar\/ef1f7dcd1b21be34f0f3e58a032955c2de43794b20090a23118cd0e2a8964e6e?s=96&r=g","url":"https:\/\/secure.gravatar.com\/avatar\/ef1f7dcd1b21be34f0f3e58a032955c2de43794b20090a23118cd0e2a8964e6e?s=96&r=g","contentUrl":"https:\/\/secure.gravatar.com\/avatar\/ef1f7dcd1b21be34f0f3e58a032955c2de43794b20090a23118cd0e2a8964e6e?s=96&r=g","caption":"kalmarlan"},"url":"https:\/\/wp.kristdemokraterna.se\/kalmarlan\/author\/kalmarlan\/"}]}},"_links":{"self":[{"href":"https:\/\/wp.kristdemokraterna.se\/kalmarlan\/wp-json\/wp\/v2\/posts\/32","targetHints":{"allow":["GET"]}}],"collection":[{"href":"https:\/\/wp.kristdemokraterna.se\/kalmarlan\/wp-json\/wp\/v2\/posts"}],"about":[{"href":"https:\/\/wp.kristdemokraterna.se\/kalmarlan\/wp-json\/wp\/v2\/types\/post"}],"author":[{"embeddable":true,"href":"https:\/\/wp.kristdemokraterna.se\/kalmarlan\/wp-json\/wp\/v2\/users\/417"}],"replies":[{"embeddable":true,"href":"https:\/\/wp.kristdemokraterna.se\/kalmarlan\/wp-json\/wp\/v2\/comments?post=32"}],"version-history":[{"count":7,"href":"https:\/\/wp.kristdemokraterna.se\/kalmarlan\/wp-json\/wp\/v2\/posts\/32\/revisions"}],"predecessor-version":[{"id":211,"href":"https:\/\/wp.kristdemokraterna.se\/kalmarlan\/wp-json\/wp\/v2\/posts\/32\/revisions\/211"}],"wp:attachment":[{"href":"https:\/\/wp.kristdemokraterna.se\/kalmarlan\/wp-json\/wp\/v2\/media?parent=32"}],"wp:term":[{"taxonomy":"category","embeddable":true,"href":"https:\/\/wp.kristdemokraterna.se\/kalmarlan\/wp-json\/wp\/v2\/categories?post=32"},{"taxonomy":"post_tag","embeddable":true,"href":"https:\/\/wp.kristdemokraterna.se\/kalmarlan\/wp-json\/wp\/v2\/tags?post=32"}],"curies":[{"name":"wp","href":"https:\/\/api.w.org\/{rel}","templated":true}]}}