{"id":320,"date":"2013-11-28T09:21:04","date_gmt":"2013-11-28T08:21:04","guid":{"rendered":"http:\/\/wp.kristdemokraterna.se\/kalmarlan\/?p=320"},"modified":"2013-11-28T09:47:49","modified_gmt":"2013-11-28T08:47:49","slug":"anders-andersson-och-gudrun-brunegard-toppnamn-efter-kd-stamma","status":"publish","type":"post","link":"https:\/\/wp.kristdemokraterna.se\/kalmarlan\/anders-andersson-och-gudrun-brunegard-toppnamn-efter-kd-stamma\/","title":{"rendered":"Anders Andersson och Gudrun Bruneg\u00e5rd toppnamn efter KD-st\u00e4mma"},"content":{"rendered":"<p><a href=\"http:\/\/wp.kristdemokraterna.se\/kalmarlan\/files\/2013\/11\/20131128-092024.jpg\"><img loading=\"lazy\" decoding=\"async\" class=\"size-full alignleft\" alt=\"20131128-092024.jpg\" src=\"http:\/\/wp.kristdemokraterna.se\/kalmarlan\/files\/2013\/11\/20131128-092024.jpg\" width=\"300\" height=\"225\" \/><\/a><\/p>\n<p>Det blir Anders Andersson och Gudrun Bruneg\u00e5rd som kommer att vara Kristdemokraterna i Kalmar l\u00e4ns toppnamn till riksdagen respektive landstinget \u00e4ven inf\u00f6r valet 2014.<\/p>\n<p>Det fastst\u00e4lldes vid en v\u00e4lbes\u00f6kt nomineringsst\u00e4mma i Valhall i Hultsfred p\u00e5 l\u00f6rdagen.<\/p>\n<p><!--more--><br \/>\nTalare vid st\u00e4mman var riksdagens yngste riksdagsledamot, Andreas Carlson, 26 \u00e5r, fr\u00e5n Mullsj\u00f6. Han talade om civilsamh\u00e4llets betydelse f\u00f6r att ge mening och sammanhang till m\u00e4nniskor i olika \u00e5ldrar, och utgick fr\u00e5n sitt eget engagemang i Mullsj\u00f6 Innebandyf\u00f6rening, som h\u00e5llit i sig sedan han var i tolv\u00e5rs\u00e5ldern.<\/p>\n<p>&#8211; N\u00e4r unga f\u00e5r hj\u00e4lpa till i en f\u00f6rening de brinner f\u00f6r, s\u00e5 f\u00e5r de m\u00f6jlighet att v\u00e4xa in i ansvarstagande, med vuxna, som har samma intresse, som f\u00f6rebilder. D\u00e4rf\u00f6r \u00e4r det viktigt att ge f\u00f6reningar rimliga villkor. Vi kristdemokrater har hela tiden haft de engagerade m\u00e4nniskorna i f\u00f6reningen som utg\u00e5ngspunkt n\u00e4r vi argumenterar och mot att momsbel\u00e4gga f\u00f6reningslivet har nu ocks\u00e5 lyckats f\u00e5 EU att bordl\u00e4gga planerna att momsbel\u00e4gga ideella f\u00f6reningar, s\u00e4ger Andreas Carlson.<\/p>\n<p>Ombuden \u00e4ndrade nomineringskommitt\u00e9ns f\u00f6reslagna ordningsf\u00f6ljd strax under toppen. N\u00e4rmast efter Anders Andersson, J\u00e4rnforsen, som toppar riksdagslistan, placeras nu Jimmy Loord, Nybro. Han blev tv\u00e5a efter sluten omr\u00f6stning d\u00e4r han vann med knapp marginal och p\u00e5 s\u00e5 vis bytte han plats med Elisabeth Englund, Oskarshamn som nu \u00e4r trea p\u00e5 riksdagslistan. Som nummer fyra kommer Gudrun Bruneg\u00e5rd, Vimmerby. Femma och sexa \u00e4r Christopher Dywik, Kalmar, respektive Madeleine Rosenqvist, Fliseryd.<\/p>\n<p>&#8211; Jag \u00e4r tacksam f\u00f6r det f\u00f6rtroende som st\u00e4mman visat mig. Jag vill vara en tydlig r\u00f6st f\u00f6r Kalmar l\u00e4n i riksdagen, s\u00e4ger Anders Andersson. Han skickar samtidigt med en signal om att mindre barngrupper i f\u00f6rskolan, nej till kvoterad f\u00f6r\u00e4ldraf\u00f6rs\u00e4kring, satsning p\u00e5 en levande landsbygd och f\u00f6rb\u00e4ttringar av tandv\u00e5rdsf\u00f6rs\u00e4kringen \u00e4r fr\u00e5gor han vill prioritera i valet 2014.<\/p>\n<p>Listorna till landstingsvalet fastst\u00e4lldes f\u00f6r respektive valkrets, samt en gemensam l\u00e4nslista f\u00f6r hela Kalmar l\u00e4n d\u00e4r v\u00e4ljare kan kryssa en favoritpolitiker fr\u00e5n n\u00e5gon annan valkrets. L\u00e4nslistans sju f\u00f6rsta namn \u00e4r Gudrun Bruneg\u00e5rd, Vimmerby, Anders Andersson, J\u00e4rnforsen, Chatrine P\u00e5lsson Ahlgren, M\u00f6nster\u00e5s, Arne Sj\u00f6berg, Kalmar, Kerstin Lahi, V\u00e4stervik , Jimmy Loord, Nybro och Jonny Erlandsson, Borgholm.<\/p>\n<p>&#8211; Det kommer bli ett slitsamt men roligt \u00e5r, fram till valet n\u00e4sta h\u00f6st. Jag \u00e4r glad och tacksam \u00f6ver f\u00f6rtroendet att f\u00e5 leda arbetet. B\u00e5de jag sj\u00e4lv och landstingsgruppen \u00e4r rej\u00e4lt taggade och vi kommer att jobba h\u00e5rt f\u00f6r att ta tillbaka makten i landstinget. Ambulanshelikopter till l\u00e4net \u00e4r en fr\u00e5ga vi kommer forts\u00e4tta att driva tills vi f\u00e5tt igenom den. Det \u00e4r en av m\u00e5nga viktiga fr\u00e5gor f\u00f6r befolkningens trygghet i l\u00e4nets olika delar, s\u00e4ger Gudrun Bruneg\u00e5rd.<\/p>\n","protected":false},"excerpt":{"rendered":"<p>Det blir Anders Andersson och Gudrun Bruneg\u00e5rd som kommer att vara Kristdemokraterna i Kalmar l\u00e4ns toppnamn till riksdagen respektive landstinget \u00e4ven inf\u00f6r valet 2014. Det fastst\u00e4lldes vid en v\u00e4lbes\u00f6kt nomineringsst\u00e4mma i Valhall i Hultsfred p\u00e5 l\u00f6rdagen.<\/p>\n","protected":false},"author":417,"featured_media":0,"comment_status":"open","ping_status":"open","sticky":false,"template":"","format":"standard","meta":{"_acf_changed":false,"footnotes":""},"categories":[1],"tags":[],"class_list":["post-320","post","type-post","status-publish","format-standard","hentry","category-okategoriserade"],"acf":[],"yoast_head":"<!-- This site is optimized with the Yoast SEO plugin v27.4 - https:\/\/yoast.com\/product\/yoast-seo-wordpress\/ -->\n<title>Anders Andersson och Gudrun Bruneg\u00e5rd toppnamn efter KD-st\u00e4mma - i Kalmar l\u00e4n<\/title>\n<meta name=\"robots\" content=\"index, follow, max-snippet:-1, max-image-preview:large, max-video-preview:-1\" \/>\n<link rel=\"canonical\" href=\"https:\/\/wp.kristdemokraterna.se\/kalmarlan\/anders-andersson-och-gudrun-brunegard-toppnamn-efter-kd-stamma\/\" \/>\n<meta property=\"og:locale\" content=\"sv_SE\" \/>\n<meta property=\"og:type\" content=\"article\" \/>\n<meta property=\"og:title\" content=\"Anders Andersson och Gudrun Bruneg\u00e5rd toppnamn efter KD-st\u00e4mma - i Kalmar l\u00e4n\" \/>\n<meta property=\"og:description\" content=\"Det blir Anders Andersson och Gudrun Bruneg\u00e5rd som kommer att vara Kristdemokraterna i Kalmar l\u00e4ns toppnamn till riksdagen respektive landstinget \u00e4ven inf\u00f6r valet 2014. Det fastst\u00e4lldes vid en v\u00e4lbes\u00f6kt nomineringsst\u00e4mma i Valhall i Hultsfred p\u00e5 l\u00f6rdagen.\" \/>\n<meta property=\"og:url\" content=\"https:\/\/wp.kristdemokraterna.se\/kalmarlan\/anders-andersson-och-gudrun-brunegard-toppnamn-efter-kd-stamma\/\" \/>\n<meta property=\"og:site_name\" content=\"i Kalmar l\u00e4n\" \/>\n<meta property=\"article:published_time\" content=\"2013-11-28T08:21:04+00:00\" \/>\n<meta property=\"article:modified_time\" content=\"2013-11-28T08:47:49+00:00\" \/>\n<meta property=\"og:image\" content=\"http:\/\/wp.kristdemokraterna.se\/kalmarlan\/files\/2013\/11\/20131128-092024.jpg\" \/>\n<meta name=\"author\" content=\"kalmarlan\" \/>\n<meta name=\"twitter:card\" content=\"summary_large_image\" \/>\n<meta name=\"twitter:label1\" content=\"Skriven av\" \/>\n\t<meta name=\"twitter:data1\" content=\"kalmarlan\" \/>\n\t<meta name=\"twitter:label2\" content=\"Ber\u00e4knad l\u00e4stid\" \/>\n\t<meta name=\"twitter:data2\" content=\"3 minuter\" \/>\n<script type=\"application\/ld+json\" class=\"yoast-schema-graph\">{\"@context\":\"https:\\\/\\\/schema.org\",\"@graph\":[{\"@type\":\"Article\",\"@id\":\"https:\\\/\\\/wp.kristdemokraterna.se\\\/kalmarlan\\\/anders-andersson-och-gudrun-brunegard-toppnamn-efter-kd-stamma\\\/#article\",\"isPartOf\":{\"@id\":\"https:\\\/\\\/wp.kristdemokraterna.se\\\/kalmarlan\\\/anders-andersson-och-gudrun-brunegard-toppnamn-efter-kd-stamma\\\/\"},\"author\":{\"name\":\"kalmarlan\",\"@id\":\"https:\\\/\\\/wp.kristdemokraterna.se\\\/kalmarlan\\\/#\\\/schema\\\/person\\\/a1856739934bf9c6a11fb258646ea2a5\"},\"headline\":\"Anders Andersson och Gudrun Bruneg\u00e5rd toppnamn efter KD-st\u00e4mma\",\"datePublished\":\"2013-11-28T08:21:04+00:00\",\"dateModified\":\"2013-11-28T08:47:49+00:00\",\"mainEntityOfPage\":{\"@id\":\"https:\\\/\\\/wp.kristdemokraterna.se\\\/kalmarlan\\\/anders-andersson-och-gudrun-brunegard-toppnamn-efter-kd-stamma\\\/\"},\"wordCount\":526,\"commentCount\":0,\"image\":{\"@id\":\"https:\\\/\\\/wp.kristdemokraterna.se\\\/kalmarlan\\\/anders-andersson-och-gudrun-brunegard-toppnamn-efter-kd-stamma\\\/#primaryimage\"},\"thumbnailUrl\":\"http:\\\/\\\/wp.kristdemokraterna.se\\\/kalmarlan\\\/files\\\/2013\\\/11\\\/20131128-092024.jpg\",\"inLanguage\":\"sv-SE\"},{\"@type\":\"WebPage\",\"@id\":\"https:\\\/\\\/wp.kristdemokraterna.se\\\/kalmarlan\\\/anders-andersson-och-gudrun-brunegard-toppnamn-efter-kd-stamma\\\/\",\"url\":\"https:\\\/\\\/wp.kristdemokraterna.se\\\/kalmarlan\\\/anders-andersson-och-gudrun-brunegard-toppnamn-efter-kd-stamma\\\/\",\"name\":\"Anders Andersson och Gudrun Bruneg\u00e5rd toppnamn efter KD-st\u00e4mma - i Kalmar l\u00e4n\",\"isPartOf\":{\"@id\":\"https:\\\/\\\/wp.kristdemokraterna.se\\\/kalmarlan\\\/#website\"},\"primaryImageOfPage\":{\"@id\":\"https:\\\/\\\/wp.kristdemokraterna.se\\\/kalmarlan\\\/anders-andersson-och-gudrun-brunegard-toppnamn-efter-kd-stamma\\\/#primaryimage\"},\"image\":{\"@id\":\"https:\\\/\\\/wp.kristdemokraterna.se\\\/kalmarlan\\\/anders-andersson-och-gudrun-brunegard-toppnamn-efter-kd-stamma\\\/#primaryimage\"},\"thumbnailUrl\":\"http:\\\/\\\/wp.kristdemokraterna.se\\\/kalmarlan\\\/files\\\/2013\\\/11\\\/20131128-092024.jpg\",\"datePublished\":\"2013-11-28T08:21:04+00:00\",\"dateModified\":\"2013-11-28T08:47:49+00:00\",\"author\":{\"@id\":\"https:\\\/\\\/wp.kristdemokraterna.se\\\/kalmarlan\\\/#\\\/schema\\\/person\\\/a1856739934bf9c6a11fb258646ea2a5\"},\"breadcrumb\":{\"@id\":\"https:\\\/\\\/wp.kristdemokraterna.se\\\/kalmarlan\\\/anders-andersson-och-gudrun-brunegard-toppnamn-efter-kd-stamma\\\/#breadcrumb\"},\"inLanguage\":\"sv-SE\",\"potentialAction\":[{\"@type\":\"ReadAction\",\"target\":[\"https:\\\/\\\/wp.kristdemokraterna.se\\\/kalmarlan\\\/anders-andersson-och-gudrun-brunegard-toppnamn-efter-kd-stamma\\\/\"]}]},{\"@type\":\"ImageObject\",\"inLanguage\":\"sv-SE\",\"@id\":\"https:\\\/\\\/wp.kristdemokraterna.se\\\/kalmarlan\\\/anders-andersson-och-gudrun-brunegard-toppnamn-efter-kd-stamma\\\/#primaryimage\",\"url\":\"https:\\\/\\\/wp.kristdemokraterna.se\\\/kalmarlan\\\/files\\\/2013\\\/11\\\/20131128-092024.jpg\",\"contentUrl\":\"https:\\\/\\\/wp.kristdemokraterna.se\\\/kalmarlan\\\/files\\\/2013\\\/11\\\/20131128-092024.jpg\",\"width\":300,\"height\":225},{\"@type\":\"BreadcrumbList\",\"@id\":\"https:\\\/\\\/wp.kristdemokraterna.se\\\/kalmarlan\\\/anders-andersson-och-gudrun-brunegard-toppnamn-efter-kd-stamma\\\/#breadcrumb\",\"itemListElement\":[{\"@type\":\"ListItem\",\"position\":1,\"name\":\"Hem\",\"item\":\"https:\\\/\\\/wp.kristdemokraterna.se\\\/kalmarlan\\\/\"},{\"@type\":\"ListItem\",\"position\":2,\"name\":\"Anders Andersson och Gudrun Bruneg\u00e5rd toppnamn efter KD-st\u00e4mma\"}]},{\"@type\":\"WebSite\",\"@id\":\"https:\\\/\\\/wp.kristdemokraterna.se\\\/kalmarlan\\\/#website\",\"url\":\"https:\\\/\\\/wp.kristdemokraterna.se\\\/kalmarlan\\\/\",\"name\":\"i Kalmar l\u00e4n\",\"description\":\"\",\"inLanguage\":\"sv-SE\"},{\"@type\":\"Person\",\"@id\":\"https:\\\/\\\/wp.kristdemokraterna.se\\\/kalmarlan\\\/#\\\/schema\\\/person\\\/a1856739934bf9c6a11fb258646ea2a5\",\"name\":\"kalmarlan\",\"image\":{\"@type\":\"ImageObject\",\"inLanguage\":\"sv-SE\",\"@id\":\"https:\\\/\\\/secure.gravatar.com\\\/avatar\\\/ef1f7dcd1b21be34f0f3e58a032955c2de43794b20090a23118cd0e2a8964e6e?s=96&r=g\",\"url\":\"https:\\\/\\\/secure.gravatar.com\\\/avatar\\\/ef1f7dcd1b21be34f0f3e58a032955c2de43794b20090a23118cd0e2a8964e6e?s=96&r=g\",\"contentUrl\":\"https:\\\/\\\/secure.gravatar.com\\\/avatar\\\/ef1f7dcd1b21be34f0f3e58a032955c2de43794b20090a23118cd0e2a8964e6e?s=96&r=g\",\"caption\":\"kalmarlan\"},\"url\":\"https:\\\/\\\/wp.kristdemokraterna.se\\\/kalmarlan\\\/author\\\/kalmarlan\\\/\"}]}<\/script>\n<!-- \/ Yoast SEO plugin. -->","yoast_head_json":{"title":"Anders Andersson och Gudrun Bruneg\u00e5rd toppnamn efter KD-st\u00e4mma - i Kalmar l\u00e4n","robots":{"index":"index","follow":"follow","max-snippet":"max-snippet:-1","max-image-preview":"max-image-preview:large","max-video-preview":"max-video-preview:-1"},"canonical":"https:\/\/wp.kristdemokraterna.se\/kalmarlan\/anders-andersson-och-gudrun-brunegard-toppnamn-efter-kd-stamma\/","og_locale":"sv_SE","og_type":"article","og_title":"Anders Andersson och Gudrun Bruneg\u00e5rd toppnamn efter KD-st\u00e4mma - i Kalmar l\u00e4n","og_description":"Det blir Anders Andersson och Gudrun Bruneg\u00e5rd som kommer att vara Kristdemokraterna i Kalmar l\u00e4ns toppnamn till riksdagen respektive landstinget \u00e4ven inf\u00f6r valet 2014. Det fastst\u00e4lldes vid en v\u00e4lbes\u00f6kt nomineringsst\u00e4mma i Valhall i Hultsfred p\u00e5 l\u00f6rdagen.","og_url":"https:\/\/wp.kristdemokraterna.se\/kalmarlan\/anders-andersson-och-gudrun-brunegard-toppnamn-efter-kd-stamma\/","og_site_name":"i Kalmar l\u00e4n","article_published_time":"2013-11-28T08:21:04+00:00","article_modified_time":"2013-11-28T08:47:49+00:00","og_image":[{"url":"http:\/\/wp.kristdemokraterna.se\/kalmarlan\/files\/2013\/11\/20131128-092024.jpg","type":"","width":"","height":""}],"author":"kalmarlan","twitter_card":"summary_large_image","twitter_misc":{"Skriven av":"kalmarlan","Ber\u00e4knad l\u00e4stid":"3 minuter"},"schema":{"@context":"https:\/\/schema.org","@graph":[{"@type":"Article","@id":"https:\/\/wp.kristdemokraterna.se\/kalmarlan\/anders-andersson-och-gudrun-brunegard-toppnamn-efter-kd-stamma\/#article","isPartOf":{"@id":"https:\/\/wp.kristdemokraterna.se\/kalmarlan\/anders-andersson-och-gudrun-brunegard-toppnamn-efter-kd-stamma\/"},"author":{"name":"kalmarlan","@id":"https:\/\/wp.kristdemokraterna.se\/kalmarlan\/#\/schema\/person\/a1856739934bf9c6a11fb258646ea2a5"},"headline":"Anders Andersson och Gudrun Bruneg\u00e5rd toppnamn efter KD-st\u00e4mma","datePublished":"2013-11-28T08:21:04+00:00","dateModified":"2013-11-28T08:47:49+00:00","mainEntityOfPage":{"@id":"https:\/\/wp.kristdemokraterna.se\/kalmarlan\/anders-andersson-och-gudrun-brunegard-toppnamn-efter-kd-stamma\/"},"wordCount":526,"commentCount":0,"image":{"@id":"https:\/\/wp.kristdemokraterna.se\/kalmarlan\/anders-andersson-och-gudrun-brunegard-toppnamn-efter-kd-stamma\/#primaryimage"},"thumbnailUrl":"http:\/\/wp.kristdemokraterna.se\/kalmarlan\/files\/2013\/11\/20131128-092024.jpg","inLanguage":"sv-SE"},{"@type":"WebPage","@id":"https:\/\/wp.kristdemokraterna.se\/kalmarlan\/anders-andersson-och-gudrun-brunegard-toppnamn-efter-kd-stamma\/","url":"https:\/\/wp.kristdemokraterna.se\/kalmarlan\/anders-andersson-och-gudrun-brunegard-toppnamn-efter-kd-stamma\/","name":"Anders Andersson och Gudrun Bruneg\u00e5rd toppnamn efter KD-st\u00e4mma - i Kalmar l\u00e4n","isPartOf":{"@id":"https:\/\/wp.kristdemokraterna.se\/kalmarlan\/#website"},"primaryImageOfPage":{"@id":"https:\/\/wp.kristdemokraterna.se\/kalmarlan\/anders-andersson-och-gudrun-brunegard-toppnamn-efter-kd-stamma\/#primaryimage"},"image":{"@id":"https:\/\/wp.kristdemokraterna.se\/kalmarlan\/anders-andersson-och-gudrun-brunegard-toppnamn-efter-kd-stamma\/#primaryimage"},"thumbnailUrl":"http:\/\/wp.kristdemokraterna.se\/kalmarlan\/files\/2013\/11\/20131128-092024.jpg","datePublished":"2013-11-28T08:21:04+00:00","dateModified":"2013-11-28T08:47:49+00:00","author":{"@id":"https:\/\/wp.kristdemokraterna.se\/kalmarlan\/#\/schema\/person\/a1856739934bf9c6a11fb258646ea2a5"},"breadcrumb":{"@id":"https:\/\/wp.kristdemokraterna.se\/kalmarlan\/anders-andersson-och-gudrun-brunegard-toppnamn-efter-kd-stamma\/#breadcrumb"},"inLanguage":"sv-SE","potentialAction":[{"@type":"ReadAction","target":["https:\/\/wp.kristdemokraterna.se\/kalmarlan\/anders-andersson-och-gudrun-brunegard-toppnamn-efter-kd-stamma\/"]}]},{"@type":"ImageObject","inLanguage":"sv-SE","@id":"https:\/\/wp.kristdemokraterna.se\/kalmarlan\/anders-andersson-och-gudrun-brunegard-toppnamn-efter-kd-stamma\/#primaryimage","url":"https:\/\/wp.kristdemokraterna.se\/kalmarlan\/files\/2013\/11\/20131128-092024.jpg","contentUrl":"https:\/\/wp.kristdemokraterna.se\/kalmarlan\/files\/2013\/11\/20131128-092024.jpg","width":300,"height":225},{"@type":"BreadcrumbList","@id":"https:\/\/wp.kristdemokraterna.se\/kalmarlan\/anders-andersson-och-gudrun-brunegard-toppnamn-efter-kd-stamma\/#breadcrumb","itemListElement":[{"@type":"ListItem","position":1,"name":"Hem","item":"https:\/\/wp.kristdemokraterna.se\/kalmarlan\/"},{"@type":"ListItem","position":2,"name":"Anders Andersson och Gudrun Bruneg\u00e5rd toppnamn efter KD-st\u00e4mma"}]},{"@type":"WebSite","@id":"https:\/\/wp.kristdemokraterna.se\/kalmarlan\/#website","url":"https:\/\/wp.kristdemokraterna.se\/kalmarlan\/","name":"i Kalmar l\u00e4n","description":"","inLanguage":"sv-SE"},{"@type":"Person","@id":"https:\/\/wp.kristdemokraterna.se\/kalmarlan\/#\/schema\/person\/a1856739934bf9c6a11fb258646ea2a5","name":"kalmarlan","image":{"@type":"ImageObject","inLanguage":"sv-SE","@id":"https:\/\/secure.gravatar.com\/avatar\/ef1f7dcd1b21be34f0f3e58a032955c2de43794b20090a23118cd0e2a8964e6e?s=96&r=g","url":"https:\/\/secure.gravatar.com\/avatar\/ef1f7dcd1b21be34f0f3e58a032955c2de43794b20090a23118cd0e2a8964e6e?s=96&r=g","contentUrl":"https:\/\/secure.gravatar.com\/avatar\/ef1f7dcd1b21be34f0f3e58a032955c2de43794b20090a23118cd0e2a8964e6e?s=96&r=g","caption":"kalmarlan"},"url":"https:\/\/wp.kristdemokraterna.se\/kalmarlan\/author\/kalmarlan\/"}]}},"_links":{"self":[{"href":"https:\/\/wp.kristdemokraterna.se\/kalmarlan\/wp-json\/wp\/v2\/posts\/320","targetHints":{"allow":["GET"]}}],"collection":[{"href":"https:\/\/wp.kristdemokraterna.se\/kalmarlan\/wp-json\/wp\/v2\/posts"}],"about":[{"href":"https:\/\/wp.kristdemokraterna.se\/kalmarlan\/wp-json\/wp\/v2\/types\/post"}],"author":[{"embeddable":true,"href":"https:\/\/wp.kristdemokraterna.se\/kalmarlan\/wp-json\/wp\/v2\/users\/417"}],"replies":[{"embeddable":true,"href":"https:\/\/wp.kristdemokraterna.se\/kalmarlan\/wp-json\/wp\/v2\/comments?post=320"}],"version-history":[{"count":4,"href":"https:\/\/wp.kristdemokraterna.se\/kalmarlan\/wp-json\/wp\/v2\/posts\/320\/revisions"}],"predecessor-version":[{"id":324,"href":"https:\/\/wp.kristdemokraterna.se\/kalmarlan\/wp-json\/wp\/v2\/posts\/320\/revisions\/324"}],"wp:attachment":[{"href":"https:\/\/wp.kristdemokraterna.se\/kalmarlan\/wp-json\/wp\/v2\/media?parent=320"}],"wp:term":[{"taxonomy":"category","embeddable":true,"href":"https:\/\/wp.kristdemokraterna.se\/kalmarlan\/wp-json\/wp\/v2\/categories?post=320"},{"taxonomy":"post_tag","embeddable":true,"href":"https:\/\/wp.kristdemokraterna.se\/kalmarlan\/wp-json\/wp\/v2\/tags?post=320"}],"curies":[{"name":"wp","href":"https:\/\/api.w.org\/{rel}","templated":true}]}}