{"id":326,"date":"2014-01-13T11:24:12","date_gmt":"2014-01-13T10:24:12","guid":{"rendered":"http:\/\/wp.kristdemokraterna.se\/kalmarlan\/?p=326"},"modified":"2014-01-13T17:14:44","modified_gmt":"2014-01-13T16:14:44","slug":"kd-trappar-upp-valrorelsen","status":"publish","type":"post","link":"https:\/\/wp.kristdemokraterna.se\/kalmarlan\/kd-trappar-upp-valrorelsen\/","title":{"rendered":"KD trappar upp valr\u00f6relsen"},"content":{"rendered":"<div style=\"width: 310px\" class=\"wp-caption alignright\"><a href=\"http:\/\/wp.kristdemokraterna.se\/kalmarlan\/files\/2014\/01\/20140113-112329.jpg\"><img loading=\"lazy\" decoding=\"async\" class=\"size-full \" alt=\"20140113-112329.jpg\" src=\"http:\/\/wp.kristdemokraterna.se\/kalmarlan\/files\/2014\/01\/20140113-112329.jpg\" width=\"300\" height=\"225\" \/><\/a><p class=\"wp-caption-text\">Madeleine Rosenqvist, ombudsman, Anders Andersson, riksdagsledamot, Camilla Brodin, handl\u00e4ggare partikansliet Riksdagen, Jimmy Loord, politisk sekreterare och Gudrun Bruneg\u00e5rd, landstingsr\u00e5d.<\/p><\/div>\n<p>Kristdemokraternas utbildningsdag p\u00e5 Valhall i Hultsfred bes\u00f6ktes av 80-tal deltagare och var en tydlig valupptakt inf\u00f6r s\u00e5v\u00e4l EP-valet som de allm\u00e4nna valen i h\u00f6st.<br \/>\nBland deltagarna fanns personer som varit med i m\u00e5nga valr\u00f6relser samtidigt som ett antal deltagare nu f\u00f6rberedde sig f\u00f6r att delta i sin f\u00f6rsta valr\u00f6relse. Det fanns till och med deltagare som blivit medlemmar under veckan och som nu h\u00e4ngde p\u00e5. Alla deltog med liv och lust i samtal om politiska profilfr\u00e5gor och strategi f\u00f6r att n\u00e5 nya v\u00e4ljare och bryta ner f\u00f6rdomar som finns om kristdemokraterna. M\u00e5nga fr\u00e5gor handlade om barns uppv\u00e4xt och skola samt \u00e4ldres trygghet och valfrihet.<\/p>\n<p>&#8211; I valet 2014 kommer vi kristdemokrater att vara familjens r\u00f6st och det politiska alternativ som med tydliga \u00e5tg\u00e4rder vill g\u00f6ra det enklare f\u00f6r barn och f\u00f6r\u00e4ldrar att f\u00e5 ihop det. Ett av v\u00e5ra politiska krav \u00e4r mindre barngrupper i f\u00f6rskolan, sa riksdagsledamot Anders Andersson under valkonferensen.<\/p>\n<div style=\"width: 550px\" class=\"wp-caption alignnone\"><a href=\"http:\/\/wp.kristdemokraterna.se\/kalmarlan\/files\/2014\/01\/20140113-165639.jpg\"><img loading=\"lazy\" decoding=\"async\" class=\" \" alt=\"20140113-165639.jpg\" src=\"http:\/\/wp.kristdemokraterna.se\/kalmarlan\/files\/2014\/01\/20140113-165639.jpg\" width=\"540\" height=\"405\" \/><\/a><p class=\"wp-caption-text\">Ett 80-tal valarbetare var p\u00e5 plats denna dag i Hultsfred. H\u00e4r lyssnandes till riksdagsledamot Andreas Carlson.<\/p><\/div>\n<div style=\"width: 550px\" class=\"wp-caption alignnone\"><a href=\"http:\/\/wp.kristdemokraterna.se\/kalmarlan\/files\/2014\/01\/20140113-1656512.jpg\"><img loading=\"lazy\" decoding=\"async\" class=\"size-full\" alt=\"20140113-165651.jpg\" src=\"http:\/\/wp.kristdemokraterna.se\/kalmarlan\/files\/2014\/01\/20140113-1656512.jpg\" width=\"540\" height=\"405\" \/><\/a><p class=\"wp-caption-text\">Kreativt arbete och politisk verkstad<\/p><\/div>\n<div style=\"width: 550px\" class=\"wp-caption alignnone\"><a href=\"http:\/\/wp.kristdemokraterna.se\/kalmarlan\/files\/2014\/01\/20140113-165713.jpg\"><img loading=\"lazy\" decoding=\"async\" class=\"size-full\" alt=\"20140113-165713.jpg\" src=\"http:\/\/wp.kristdemokraterna.se\/kalmarlan\/files\/2014\/01\/20140113-165713.jpg\" width=\"540\" height=\"405\" \/><\/a><p class=\"wp-caption-text\">Riksdagsledamot Anders Andersson och KDU-ordf\u00f6rande Rebecka Englund<\/p><\/div>\n","protected":false},"excerpt":{"rendered":"<p>Kristdemokraternas utbildningsdag p\u00e5 Valhall i Hultsfred bes\u00f6ktes av 80-tal deltagare och var en tydlig valupptakt inf\u00f6r s\u00e5v\u00e4l EP-valet som de allm\u00e4nna valen i h\u00f6st. Bland deltagarna fanns personer som varit med i m\u00e5nga valr\u00f6relser samtidigt som ett antal deltagare nu f\u00f6rberedde sig f\u00f6r att delta i sin f\u00f6rsta valr\u00f6relse. Det fanns till och med deltagare <a class=\"read-more-link\" href=\"https:\/\/wp.kristdemokraterna.se\/kalmarlan\/kd-trappar-upp-valrorelsen\/\">Read More<\/a><\/p>\n","protected":false},"author":417,"featured_media":0,"comment_status":"open","ping_status":"open","sticky":false,"template":"","format":"standard","meta":{"_acf_changed":false,"footnotes":""},"categories":[1],"tags":[],"class_list":["post-326","post","type-post","status-publish","format-standard","hentry","category-okategoriserade"],"acf":[],"yoast_head":"<!-- This site is optimized with the Yoast SEO plugin v27.4 - https:\/\/yoast.com\/product\/yoast-seo-wordpress\/ -->\n<title>KD trappar upp valr\u00f6relsen - i Kalmar l\u00e4n<\/title>\n<meta name=\"robots\" content=\"index, follow, max-snippet:-1, max-image-preview:large, max-video-preview:-1\" \/>\n<link rel=\"canonical\" href=\"https:\/\/wp.kristdemokraterna.se\/kalmarlan\/kd-trappar-upp-valrorelsen\/\" \/>\n<meta property=\"og:locale\" content=\"sv_SE\" \/>\n<meta property=\"og:type\" content=\"article\" \/>\n<meta property=\"og:title\" content=\"KD trappar upp valr\u00f6relsen - i Kalmar l\u00e4n\" \/>\n<meta property=\"og:description\" content=\"Kristdemokraternas utbildningsdag p\u00e5 Valhall i Hultsfred bes\u00f6ktes av 80-tal deltagare och var en tydlig valupptakt inf\u00f6r s\u00e5v\u00e4l EP-valet som de allm\u00e4nna valen i h\u00f6st. Bland deltagarna fanns personer som varit med i m\u00e5nga valr\u00f6relser samtidigt som ett antal deltagare nu f\u00f6rberedde sig f\u00f6r att delta i sin f\u00f6rsta valr\u00f6relse. Det fanns till och med deltagare Read More\" \/>\n<meta property=\"og:url\" content=\"https:\/\/wp.kristdemokraterna.se\/kalmarlan\/kd-trappar-upp-valrorelsen\/\" \/>\n<meta property=\"og:site_name\" content=\"i Kalmar l\u00e4n\" \/>\n<meta property=\"article:published_time\" content=\"2014-01-13T10:24:12+00:00\" \/>\n<meta property=\"article:modified_time\" content=\"2014-01-13T16:14:44+00:00\" \/>\n<meta property=\"og:image\" content=\"http:\/\/wp.kristdemokraterna.se\/kalmarlan\/files\/2014\/01\/20140113-112329.jpg\" \/>\n<meta name=\"author\" content=\"kalmarlan\" \/>\n<meta name=\"twitter:card\" content=\"summary_large_image\" \/>\n<meta name=\"twitter:label1\" content=\"Skriven av\" \/>\n\t<meta name=\"twitter:data1\" content=\"kalmarlan\" \/>\n\t<meta name=\"twitter:label2\" content=\"Ber\u00e4knad l\u00e4stid\" \/>\n\t<meta name=\"twitter:data2\" content=\"1 minut\" \/>\n<script type=\"application\/ld+json\" class=\"yoast-schema-graph\">{\"@context\":\"https:\\\/\\\/schema.org\",\"@graph\":[{\"@type\":\"Article\",\"@id\":\"https:\\\/\\\/wp.kristdemokraterna.se\\\/kalmarlan\\\/kd-trappar-upp-valrorelsen\\\/#article\",\"isPartOf\":{\"@id\":\"https:\\\/\\\/wp.kristdemokraterna.se\\\/kalmarlan\\\/kd-trappar-upp-valrorelsen\\\/\"},\"author\":{\"name\":\"kalmarlan\",\"@id\":\"https:\\\/\\\/wp.kristdemokraterna.se\\\/kalmarlan\\\/#\\\/schema\\\/person\\\/a1856739934bf9c6a11fb258646ea2a5\"},\"headline\":\"KD trappar upp valr\u00f6relsen\",\"datePublished\":\"2014-01-13T10:24:12+00:00\",\"dateModified\":\"2014-01-13T16:14:44+00:00\",\"mainEntityOfPage\":{\"@id\":\"https:\\\/\\\/wp.kristdemokraterna.se\\\/kalmarlan\\\/kd-trappar-upp-valrorelsen\\\/\"},\"wordCount\":259,\"commentCount\":0,\"image\":{\"@id\":\"https:\\\/\\\/wp.kristdemokraterna.se\\\/kalmarlan\\\/kd-trappar-upp-valrorelsen\\\/#primaryimage\"},\"thumbnailUrl\":\"http:\\\/\\\/wp.kristdemokraterna.se\\\/kalmarlan\\\/files\\\/2014\\\/01\\\/20140113-112329.jpg\",\"inLanguage\":\"sv-SE\"},{\"@type\":\"WebPage\",\"@id\":\"https:\\\/\\\/wp.kristdemokraterna.se\\\/kalmarlan\\\/kd-trappar-upp-valrorelsen\\\/\",\"url\":\"https:\\\/\\\/wp.kristdemokraterna.se\\\/kalmarlan\\\/kd-trappar-upp-valrorelsen\\\/\",\"name\":\"KD trappar upp valr\u00f6relsen - i Kalmar l\u00e4n\",\"isPartOf\":{\"@id\":\"https:\\\/\\\/wp.kristdemokraterna.se\\\/kalmarlan\\\/#website\"},\"primaryImageOfPage\":{\"@id\":\"https:\\\/\\\/wp.kristdemokraterna.se\\\/kalmarlan\\\/kd-trappar-upp-valrorelsen\\\/#primaryimage\"},\"image\":{\"@id\":\"https:\\\/\\\/wp.kristdemokraterna.se\\\/kalmarlan\\\/kd-trappar-upp-valrorelsen\\\/#primaryimage\"},\"thumbnailUrl\":\"http:\\\/\\\/wp.kristdemokraterna.se\\\/kalmarlan\\\/files\\\/2014\\\/01\\\/20140113-112329.jpg\",\"datePublished\":\"2014-01-13T10:24:12+00:00\",\"dateModified\":\"2014-01-13T16:14:44+00:00\",\"author\":{\"@id\":\"https:\\\/\\\/wp.kristdemokraterna.se\\\/kalmarlan\\\/#\\\/schema\\\/person\\\/a1856739934bf9c6a11fb258646ea2a5\"},\"breadcrumb\":{\"@id\":\"https:\\\/\\\/wp.kristdemokraterna.se\\\/kalmarlan\\\/kd-trappar-upp-valrorelsen\\\/#breadcrumb\"},\"inLanguage\":\"sv-SE\",\"potentialAction\":[{\"@type\":\"ReadAction\",\"target\":[\"https:\\\/\\\/wp.kristdemokraterna.se\\\/kalmarlan\\\/kd-trappar-upp-valrorelsen\\\/\"]}]},{\"@type\":\"ImageObject\",\"inLanguage\":\"sv-SE\",\"@id\":\"https:\\\/\\\/wp.kristdemokraterna.se\\\/kalmarlan\\\/kd-trappar-upp-valrorelsen\\\/#primaryimage\",\"url\":\"https:\\\/\\\/wp.kristdemokraterna.se\\\/kalmarlan\\\/files\\\/2014\\\/01\\\/20140113-112329.jpg\",\"contentUrl\":\"https:\\\/\\\/wp.kristdemokraterna.se\\\/kalmarlan\\\/files\\\/2014\\\/01\\\/20140113-112329.jpg\",\"width\":300,\"height\":225},{\"@type\":\"BreadcrumbList\",\"@id\":\"https:\\\/\\\/wp.kristdemokraterna.se\\\/kalmarlan\\\/kd-trappar-upp-valrorelsen\\\/#breadcrumb\",\"itemListElement\":[{\"@type\":\"ListItem\",\"position\":1,\"name\":\"Hem\",\"item\":\"https:\\\/\\\/wp.kristdemokraterna.se\\\/kalmarlan\\\/\"},{\"@type\":\"ListItem\",\"position\":2,\"name\":\"KD trappar upp valr\u00f6relsen\"}]},{\"@type\":\"WebSite\",\"@id\":\"https:\\\/\\\/wp.kristdemokraterna.se\\\/kalmarlan\\\/#website\",\"url\":\"https:\\\/\\\/wp.kristdemokraterna.se\\\/kalmarlan\\\/\",\"name\":\"i Kalmar l\u00e4n\",\"description\":\"\",\"inLanguage\":\"sv-SE\"},{\"@type\":\"Person\",\"@id\":\"https:\\\/\\\/wp.kristdemokraterna.se\\\/kalmarlan\\\/#\\\/schema\\\/person\\\/a1856739934bf9c6a11fb258646ea2a5\",\"name\":\"kalmarlan\",\"image\":{\"@type\":\"ImageObject\",\"inLanguage\":\"sv-SE\",\"@id\":\"https:\\\/\\\/secure.gravatar.com\\\/avatar\\\/ef1f7dcd1b21be34f0f3e58a032955c2de43794b20090a23118cd0e2a8964e6e?s=96&r=g\",\"url\":\"https:\\\/\\\/secure.gravatar.com\\\/avatar\\\/ef1f7dcd1b21be34f0f3e58a032955c2de43794b20090a23118cd0e2a8964e6e?s=96&r=g\",\"contentUrl\":\"https:\\\/\\\/secure.gravatar.com\\\/avatar\\\/ef1f7dcd1b21be34f0f3e58a032955c2de43794b20090a23118cd0e2a8964e6e?s=96&r=g\",\"caption\":\"kalmarlan\"},\"url\":\"https:\\\/\\\/wp.kristdemokraterna.se\\\/kalmarlan\\\/author\\\/kalmarlan\\\/\"}]}<\/script>\n<!-- \/ Yoast SEO plugin. -->","yoast_head_json":{"title":"KD trappar upp valr\u00f6relsen - i Kalmar l\u00e4n","robots":{"index":"index","follow":"follow","max-snippet":"max-snippet:-1","max-image-preview":"max-image-preview:large","max-video-preview":"max-video-preview:-1"},"canonical":"https:\/\/wp.kristdemokraterna.se\/kalmarlan\/kd-trappar-upp-valrorelsen\/","og_locale":"sv_SE","og_type":"article","og_title":"KD trappar upp valr\u00f6relsen - i Kalmar l\u00e4n","og_description":"Kristdemokraternas utbildningsdag p\u00e5 Valhall i Hultsfred bes\u00f6ktes av 80-tal deltagare och var en tydlig valupptakt inf\u00f6r s\u00e5v\u00e4l EP-valet som de allm\u00e4nna valen i h\u00f6st. Bland deltagarna fanns personer som varit med i m\u00e5nga valr\u00f6relser samtidigt som ett antal deltagare nu f\u00f6rberedde sig f\u00f6r att delta i sin f\u00f6rsta valr\u00f6relse. Det fanns till och med deltagare Read More","og_url":"https:\/\/wp.kristdemokraterna.se\/kalmarlan\/kd-trappar-upp-valrorelsen\/","og_site_name":"i Kalmar l\u00e4n","article_published_time":"2014-01-13T10:24:12+00:00","article_modified_time":"2014-01-13T16:14:44+00:00","og_image":[{"url":"http:\/\/wp.kristdemokraterna.se\/kalmarlan\/files\/2014\/01\/20140113-112329.jpg","type":"","width":"","height":""}],"author":"kalmarlan","twitter_card":"summary_large_image","twitter_misc":{"Skriven av":"kalmarlan","Ber\u00e4knad l\u00e4stid":"1 minut"},"schema":{"@context":"https:\/\/schema.org","@graph":[{"@type":"Article","@id":"https:\/\/wp.kristdemokraterna.se\/kalmarlan\/kd-trappar-upp-valrorelsen\/#article","isPartOf":{"@id":"https:\/\/wp.kristdemokraterna.se\/kalmarlan\/kd-trappar-upp-valrorelsen\/"},"author":{"name":"kalmarlan","@id":"https:\/\/wp.kristdemokraterna.se\/kalmarlan\/#\/schema\/person\/a1856739934bf9c6a11fb258646ea2a5"},"headline":"KD trappar upp valr\u00f6relsen","datePublished":"2014-01-13T10:24:12+00:00","dateModified":"2014-01-13T16:14:44+00:00","mainEntityOfPage":{"@id":"https:\/\/wp.kristdemokraterna.se\/kalmarlan\/kd-trappar-upp-valrorelsen\/"},"wordCount":259,"commentCount":0,"image":{"@id":"https:\/\/wp.kristdemokraterna.se\/kalmarlan\/kd-trappar-upp-valrorelsen\/#primaryimage"},"thumbnailUrl":"http:\/\/wp.kristdemokraterna.se\/kalmarlan\/files\/2014\/01\/20140113-112329.jpg","inLanguage":"sv-SE"},{"@type":"WebPage","@id":"https:\/\/wp.kristdemokraterna.se\/kalmarlan\/kd-trappar-upp-valrorelsen\/","url":"https:\/\/wp.kristdemokraterna.se\/kalmarlan\/kd-trappar-upp-valrorelsen\/","name":"KD trappar upp valr\u00f6relsen - i Kalmar l\u00e4n","isPartOf":{"@id":"https:\/\/wp.kristdemokraterna.se\/kalmarlan\/#website"},"primaryImageOfPage":{"@id":"https:\/\/wp.kristdemokraterna.se\/kalmarlan\/kd-trappar-upp-valrorelsen\/#primaryimage"},"image":{"@id":"https:\/\/wp.kristdemokraterna.se\/kalmarlan\/kd-trappar-upp-valrorelsen\/#primaryimage"},"thumbnailUrl":"http:\/\/wp.kristdemokraterna.se\/kalmarlan\/files\/2014\/01\/20140113-112329.jpg","datePublished":"2014-01-13T10:24:12+00:00","dateModified":"2014-01-13T16:14:44+00:00","author":{"@id":"https:\/\/wp.kristdemokraterna.se\/kalmarlan\/#\/schema\/person\/a1856739934bf9c6a11fb258646ea2a5"},"breadcrumb":{"@id":"https:\/\/wp.kristdemokraterna.se\/kalmarlan\/kd-trappar-upp-valrorelsen\/#breadcrumb"},"inLanguage":"sv-SE","potentialAction":[{"@type":"ReadAction","target":["https:\/\/wp.kristdemokraterna.se\/kalmarlan\/kd-trappar-upp-valrorelsen\/"]}]},{"@type":"ImageObject","inLanguage":"sv-SE","@id":"https:\/\/wp.kristdemokraterna.se\/kalmarlan\/kd-trappar-upp-valrorelsen\/#primaryimage","url":"https:\/\/wp.kristdemokraterna.se\/kalmarlan\/files\/2014\/01\/20140113-112329.jpg","contentUrl":"https:\/\/wp.kristdemokraterna.se\/kalmarlan\/files\/2014\/01\/20140113-112329.jpg","width":300,"height":225},{"@type":"BreadcrumbList","@id":"https:\/\/wp.kristdemokraterna.se\/kalmarlan\/kd-trappar-upp-valrorelsen\/#breadcrumb","itemListElement":[{"@type":"ListItem","position":1,"name":"Hem","item":"https:\/\/wp.kristdemokraterna.se\/kalmarlan\/"},{"@type":"ListItem","position":2,"name":"KD trappar upp valr\u00f6relsen"}]},{"@type":"WebSite","@id":"https:\/\/wp.kristdemokraterna.se\/kalmarlan\/#website","url":"https:\/\/wp.kristdemokraterna.se\/kalmarlan\/","name":"i Kalmar l\u00e4n","description":"","inLanguage":"sv-SE"},{"@type":"Person","@id":"https:\/\/wp.kristdemokraterna.se\/kalmarlan\/#\/schema\/person\/a1856739934bf9c6a11fb258646ea2a5","name":"kalmarlan","image":{"@type":"ImageObject","inLanguage":"sv-SE","@id":"https:\/\/secure.gravatar.com\/avatar\/ef1f7dcd1b21be34f0f3e58a032955c2de43794b20090a23118cd0e2a8964e6e?s=96&r=g","url":"https:\/\/secure.gravatar.com\/avatar\/ef1f7dcd1b21be34f0f3e58a032955c2de43794b20090a23118cd0e2a8964e6e?s=96&r=g","contentUrl":"https:\/\/secure.gravatar.com\/avatar\/ef1f7dcd1b21be34f0f3e58a032955c2de43794b20090a23118cd0e2a8964e6e?s=96&r=g","caption":"kalmarlan"},"url":"https:\/\/wp.kristdemokraterna.se\/kalmarlan\/author\/kalmarlan\/"}]}},"_links":{"self":[{"href":"https:\/\/wp.kristdemokraterna.se\/kalmarlan\/wp-json\/wp\/v2\/posts\/326","targetHints":{"allow":["GET"]}}],"collection":[{"href":"https:\/\/wp.kristdemokraterna.se\/kalmarlan\/wp-json\/wp\/v2\/posts"}],"about":[{"href":"https:\/\/wp.kristdemokraterna.se\/kalmarlan\/wp-json\/wp\/v2\/types\/post"}],"author":[{"embeddable":true,"href":"https:\/\/wp.kristdemokraterna.se\/kalmarlan\/wp-json\/wp\/v2\/users\/417"}],"replies":[{"embeddable":true,"href":"https:\/\/wp.kristdemokraterna.se\/kalmarlan\/wp-json\/wp\/v2\/comments?post=326"}],"version-history":[{"count":10,"href":"https:\/\/wp.kristdemokraterna.se\/kalmarlan\/wp-json\/wp\/v2\/posts\/326\/revisions"}],"predecessor-version":[{"id":345,"href":"https:\/\/wp.kristdemokraterna.se\/kalmarlan\/wp-json\/wp\/v2\/posts\/326\/revisions\/345"}],"wp:attachment":[{"href":"https:\/\/wp.kristdemokraterna.se\/kalmarlan\/wp-json\/wp\/v2\/media?parent=326"}],"wp:term":[{"taxonomy":"category","embeddable":true,"href":"https:\/\/wp.kristdemokraterna.se\/kalmarlan\/wp-json\/wp\/v2\/categories?post=326"},{"taxonomy":"post_tag","embeddable":true,"href":"https:\/\/wp.kristdemokraterna.se\/kalmarlan\/wp-json\/wp\/v2\/tags?post=326"}],"curies":[{"name":"wp","href":"https:\/\/api.w.org\/{rel}","templated":true}]}}