{"id":346,"date":"2014-02-04T16:03:09","date_gmt":"2014-02-04T15:03:09","guid":{"rendered":"http:\/\/wp.kristdemokraterna.se\/kalmarlan\/?p=346"},"modified":"2014-02-11T11:27:05","modified_gmt":"2014-02-11T10:27:05","slug":"effektiv-cancervard-till-alla","status":"publish","type":"post","link":"https:\/\/wp.kristdemokraterna.se\/kalmarlan\/effektiv-cancervard-till-alla\/","title":{"rendered":"Effektiv cancerv\u00e5rd till alla"},"content":{"rendered":"<p><em>Denna <a href=\"http:\/\/www.barometern.se\/reagera\/debatt\/effektiv-cancervard-till-alla(4138615).gm\">artikel<\/a> publicerades i Barometern, idag den 4 nov p\u00e5 internationella cancerdagen.<\/em><\/p>\n<p><strong>Landstinget i Kalmar l\u00e4n har problem inom cancersjukv\u00e5rden. Inom vissa behandlingar har l\u00e4net de l\u00e4ngsta k\u00f6erna i hela Sverige. Varf\u00f6r ska inv\u00e5narna i l\u00e4net beh\u00f6va oroa sig f\u00f6r att inte f\u00e5 r\u00e4tt v\u00e5rd i r\u00e4tt tid?<\/strong><\/p>\n<p><!--more-->Idag \u00e4r det den Internationella Cancer\u00addagen. De flesta av oss k\u00e4nner n\u00e5gon som drabbats av cancer och k\u00e4nner till den oro och \u00e5ngest en s\u00e5dan diagnos medf\u00f6r.<br \/>\nIngen ska beh\u00f6va g\u00e5 l\u00e4nge med s\u00e5dan \u00e5ngest. Alla ska ha r\u00e4tt till snabb v\u00e5rd och b\u00e4sta m\u00f6jliga behandling.<br \/>\nMen v\u00e4ntetiderna inom cancer\u00adv\u00e5rden skiljer sig mellan olika landsting. Landstinget i Kalmar l\u00e4n har i flera fall bland de l\u00e4ngsta v\u00e4ntetiderna i landet och ligger under rikssnittet f\u00f6r m\u00e5nga indikatorer i \u00d6ppna j\u00e4mf\u00f6relser.<br \/>\nDet \u00e4r inte acceptabelt! Ingen ska beh\u00f6va oroa sig \u00f6ver att bo i fel landsting n\u00e4r man f\u00e5r en cancerdiagnos.<br \/>\nDen r\u00f6dgr\u00f6na landstingsledningen med Anders Henriksson (S) i spetsen utlovade h\u00f6sten 2011 ett cancerkontrakt f\u00f6r patienterna i Kalmar l\u00e4n med bland annat v\u00e5rd inom fyra veckor. Trots detta lyckas man tv\u00e5 \u00e5r senare bara uppn\u00e5 m\u00e5let f\u00f6r enstaka diagnoser. I det perspektivet \u00e4r det m\u00e4rkligt att Anders Henriksson i h\u00f6stas tackade nej till den satsning som Allianspartierna ville g\u00f6ra f\u00f6r att f\u00f6rb\u00e4ttra fl\u00f6den och korta ned ledtider i cancerv\u00e5rden.<br \/>\nG\u00f6ran H\u00e4gglund (KD) har sj\u00f6satt Nationella cancerstrategin efter m\u00e5nga \u00e5rs socialdemokratiskt motst\u00e5nd. Under 2010-2012 avsatte regeringen 227 miljoner kronor till utvecklingsarbetet, som har fem m\u00e5l:<br \/>\nMinska risken f\u00f6r insjuknande i cancer.<br \/>\nF\u00f6rb\u00e4ttra kvaliteten i omh\u00e4ndertagandet utifr\u00e5n ett patientperspektiv.<br \/>\nF\u00f6rl\u00e4nga \u00f6verlevnadstiden och f\u00f6rb\u00e4ttra livskvaliteten.<br \/>\nMinska regionala skillnader i \u00f6verlevnadstid efter cancerdiagnos.<br \/>\nMinska skillnader mellan befolkningsgrupper i insjuknande och \u00f6verlevnadstid.<br \/>\nSom ett led i detta har sex regionala cancercentrum inr\u00e4ttats, f\u00f6r l\u00e5ngsiktigt regionalt f\u00f6rb\u00e4ttringsarbete och nationell samverkan. Regeringen forts\u00e4tter arbetet med \u00f6vergripande och systematiska f\u00f6rb\u00e4ttringar f\u00f6r att st\u00e4rka upp cancerv\u00e5rden och situationen f\u00f6r den drabbade personen. Nu f\u00f6ljer vi v\u00e4ntetidsutvecklingen, diagnos f\u00f6r diagnos. Skillnader och oj\u00e4mlikhet ska upp i ljuset och \u00e5tg\u00e4rdas.<br \/>\nP\u00e5 det nationella planet g\u00f6rs allts\u00e5 m\u00e5lmedvetna insatser f\u00f6r att f\u00f6rb\u00e4ttra cancerv\u00e5rden. Men v\u00e5rden bedrivs i praktiken ute i de enskilda landstingen. Socialstyrelsens \u00e5rliga granskningar visar att n\u00e5gra landsting har sv\u00e5rt att erbjuda cancerpatienter v\u00e5rd i r\u00e4tt tid. Kalmar l\u00e4n h\u00f6r till de landsting som utm\u00e4rker sig negativt.<br \/>\nDen olikhet som r\u00e5der mellan landets 21 landsting och regioner handlar i grund och botten om planering och hantering av den egna organisationen. Vi m\u00e5ste bli b\u00e4ttre p\u00e5 att utnyttja de resurser och den kompetens som finns.<br \/>\nVi kristdemokrater anser att alla har r\u00e4tt till j\u00e4mlik v\u00e5rd, oavsett var i riket man bor. Vi m\u00e5ste komma tillr\u00e4tta med de stora skillnader som i dag r\u00e5der. Det \u00e4r oacceptabelt att beh\u00f6va v\u00e4nta flera m\u00e5nader p\u00e5 behandling. Anders Henrikssons l\u00f6ften r\u00e4cker inte f\u00f6r att ge patienten v\u00e5rd inom fyra veckor. Det beh\u00f6vs helt klart en starkare nationell styrning.<br \/>\nDet ska inte bero p\u00e5 tur eller adress om du f\u00e5r r\u00e4tt v\u00e5rd i r\u00e4tt tid. Alla har r\u00e4tt till effektiv och j\u00e4mlik cancerv\u00e5rd.<\/p>\n<p>Anders Andersson, riksdagsledamot<br \/>\nGudrun Bruneg\u00e5rd, landstingsr\u00e5d<\/p>\n","protected":false},"excerpt":{"rendered":"<p>Denna artikel publicerades i Barometern, idag den 4 nov p\u00e5 internationella cancerdagen. Landstinget i Kalmar l\u00e4n har problem inom cancersjukv\u00e5rden. Inom vissa behandlingar har l\u00e4net de l\u00e4ngsta k\u00f6erna i hela Sverige. Varf\u00f6r ska inv\u00e5narna i l\u00e4net beh\u00f6va oroa sig f\u00f6r att inte f\u00e5 r\u00e4tt v\u00e5rd i r\u00e4tt tid?<\/p>\n","protected":false},"author":417,"featured_media":0,"comment_status":"open","ping_status":"open","sticky":false,"template":"","format":"standard","meta":{"_acf_changed":false,"footnotes":""},"categories":[1],"tags":[],"class_list":["post-346","post","type-post","status-publish","format-standard","hentry","category-okategoriserade"],"acf":[],"yoast_head":"<!-- This site is optimized with the Yoast SEO plugin v27.4 - https:\/\/yoast.com\/product\/yoast-seo-wordpress\/ -->\n<title>Effektiv cancerv\u00e5rd till alla - i Kalmar l\u00e4n<\/title>\n<meta name=\"robots\" content=\"index, follow, max-snippet:-1, max-image-preview:large, max-video-preview:-1\" \/>\n<link rel=\"canonical\" href=\"https:\/\/wp.kristdemokraterna.se\/kalmarlan\/effektiv-cancervard-till-alla\/\" \/>\n<meta property=\"og:locale\" content=\"sv_SE\" \/>\n<meta property=\"og:type\" content=\"article\" \/>\n<meta property=\"og:title\" content=\"Effektiv cancerv\u00e5rd till alla - i Kalmar l\u00e4n\" \/>\n<meta property=\"og:description\" content=\"Denna artikel publicerades i Barometern, idag den 4 nov p\u00e5 internationella cancerdagen. Landstinget i Kalmar l\u00e4n har problem inom cancersjukv\u00e5rden. Inom vissa behandlingar har l\u00e4net de l\u00e4ngsta k\u00f6erna i hela Sverige. Varf\u00f6r ska inv\u00e5narna i l\u00e4net beh\u00f6va oroa sig f\u00f6r att inte f\u00e5 r\u00e4tt v\u00e5rd i r\u00e4tt tid?\" \/>\n<meta property=\"og:url\" content=\"https:\/\/wp.kristdemokraterna.se\/kalmarlan\/effektiv-cancervard-till-alla\/\" \/>\n<meta property=\"og:site_name\" content=\"i Kalmar l\u00e4n\" \/>\n<meta property=\"article:published_time\" content=\"2014-02-04T15:03:09+00:00\" \/>\n<meta property=\"article:modified_time\" content=\"2014-02-11T10:27:05+00:00\" \/>\n<meta name=\"author\" content=\"kalmarlan\" \/>\n<meta name=\"twitter:card\" content=\"summary_large_image\" \/>\n<meta name=\"twitter:label1\" content=\"Skriven av\" \/>\n\t<meta name=\"twitter:data1\" content=\"kalmarlan\" \/>\n\t<meta name=\"twitter:label2\" content=\"Ber\u00e4knad l\u00e4stid\" \/>\n\t<meta name=\"twitter:data2\" content=\"3 minuter\" \/>\n<script type=\"application\/ld+json\" class=\"yoast-schema-graph\">{\"@context\":\"https:\\\/\\\/schema.org\",\"@graph\":[{\"@type\":\"Article\",\"@id\":\"https:\\\/\\\/wp.kristdemokraterna.se\\\/kalmarlan\\\/effektiv-cancervard-till-alla\\\/#article\",\"isPartOf\":{\"@id\":\"https:\\\/\\\/wp.kristdemokraterna.se\\\/kalmarlan\\\/effektiv-cancervard-till-alla\\\/\"},\"author\":{\"name\":\"kalmarlan\",\"@id\":\"https:\\\/\\\/wp.kristdemokraterna.se\\\/kalmarlan\\\/#\\\/schema\\\/person\\\/a1856739934bf9c6a11fb258646ea2a5\"},\"headline\":\"Effektiv cancerv\u00e5rd till alla\",\"datePublished\":\"2014-02-04T15:03:09+00:00\",\"dateModified\":\"2014-02-11T10:27:05+00:00\",\"mainEntityOfPage\":{\"@id\":\"https:\\\/\\\/wp.kristdemokraterna.se\\\/kalmarlan\\\/effektiv-cancervard-till-alla\\\/\"},\"wordCount\":628,\"commentCount\":0,\"inLanguage\":\"sv-SE\"},{\"@type\":\"WebPage\",\"@id\":\"https:\\\/\\\/wp.kristdemokraterna.se\\\/kalmarlan\\\/effektiv-cancervard-till-alla\\\/\",\"url\":\"https:\\\/\\\/wp.kristdemokraterna.se\\\/kalmarlan\\\/effektiv-cancervard-till-alla\\\/\",\"name\":\"Effektiv cancerv\u00e5rd till alla - i Kalmar l\u00e4n\",\"isPartOf\":{\"@id\":\"https:\\\/\\\/wp.kristdemokraterna.se\\\/kalmarlan\\\/#website\"},\"datePublished\":\"2014-02-04T15:03:09+00:00\",\"dateModified\":\"2014-02-11T10:27:05+00:00\",\"author\":{\"@id\":\"https:\\\/\\\/wp.kristdemokraterna.se\\\/kalmarlan\\\/#\\\/schema\\\/person\\\/a1856739934bf9c6a11fb258646ea2a5\"},\"breadcrumb\":{\"@id\":\"https:\\\/\\\/wp.kristdemokraterna.se\\\/kalmarlan\\\/effektiv-cancervard-till-alla\\\/#breadcrumb\"},\"inLanguage\":\"sv-SE\",\"potentialAction\":[{\"@type\":\"ReadAction\",\"target\":[\"https:\\\/\\\/wp.kristdemokraterna.se\\\/kalmarlan\\\/effektiv-cancervard-till-alla\\\/\"]}]},{\"@type\":\"BreadcrumbList\",\"@id\":\"https:\\\/\\\/wp.kristdemokraterna.se\\\/kalmarlan\\\/effektiv-cancervard-till-alla\\\/#breadcrumb\",\"itemListElement\":[{\"@type\":\"ListItem\",\"position\":1,\"name\":\"Hem\",\"item\":\"https:\\\/\\\/wp.kristdemokraterna.se\\\/kalmarlan\\\/\"},{\"@type\":\"ListItem\",\"position\":2,\"name\":\"Effektiv cancerv\u00e5rd till alla\"}]},{\"@type\":\"WebSite\",\"@id\":\"https:\\\/\\\/wp.kristdemokraterna.se\\\/kalmarlan\\\/#website\",\"url\":\"https:\\\/\\\/wp.kristdemokraterna.se\\\/kalmarlan\\\/\",\"name\":\"i Kalmar l\u00e4n\",\"description\":\"\",\"inLanguage\":\"sv-SE\"},{\"@type\":\"Person\",\"@id\":\"https:\\\/\\\/wp.kristdemokraterna.se\\\/kalmarlan\\\/#\\\/schema\\\/person\\\/a1856739934bf9c6a11fb258646ea2a5\",\"name\":\"kalmarlan\",\"image\":{\"@type\":\"ImageObject\",\"inLanguage\":\"sv-SE\",\"@id\":\"https:\\\/\\\/secure.gravatar.com\\\/avatar\\\/ef1f7dcd1b21be34f0f3e58a032955c2de43794b20090a23118cd0e2a8964e6e?s=96&r=g\",\"url\":\"https:\\\/\\\/secure.gravatar.com\\\/avatar\\\/ef1f7dcd1b21be34f0f3e58a032955c2de43794b20090a23118cd0e2a8964e6e?s=96&r=g\",\"contentUrl\":\"https:\\\/\\\/secure.gravatar.com\\\/avatar\\\/ef1f7dcd1b21be34f0f3e58a032955c2de43794b20090a23118cd0e2a8964e6e?s=96&r=g\",\"caption\":\"kalmarlan\"},\"url\":\"https:\\\/\\\/wp.kristdemokraterna.se\\\/kalmarlan\\\/author\\\/kalmarlan\\\/\"}]}<\/script>\n<!-- \/ Yoast SEO plugin. -->","yoast_head_json":{"title":"Effektiv cancerv\u00e5rd till alla - i Kalmar l\u00e4n","robots":{"index":"index","follow":"follow","max-snippet":"max-snippet:-1","max-image-preview":"max-image-preview:large","max-video-preview":"max-video-preview:-1"},"canonical":"https:\/\/wp.kristdemokraterna.se\/kalmarlan\/effektiv-cancervard-till-alla\/","og_locale":"sv_SE","og_type":"article","og_title":"Effektiv cancerv\u00e5rd till alla - i Kalmar l\u00e4n","og_description":"Denna artikel publicerades i Barometern, idag den 4 nov p\u00e5 internationella cancerdagen. Landstinget i Kalmar l\u00e4n har problem inom cancersjukv\u00e5rden. Inom vissa behandlingar har l\u00e4net de l\u00e4ngsta k\u00f6erna i hela Sverige. Varf\u00f6r ska inv\u00e5narna i l\u00e4net beh\u00f6va oroa sig f\u00f6r att inte f\u00e5 r\u00e4tt v\u00e5rd i r\u00e4tt tid?","og_url":"https:\/\/wp.kristdemokraterna.se\/kalmarlan\/effektiv-cancervard-till-alla\/","og_site_name":"i Kalmar l\u00e4n","article_published_time":"2014-02-04T15:03:09+00:00","article_modified_time":"2014-02-11T10:27:05+00:00","author":"kalmarlan","twitter_card":"summary_large_image","twitter_misc":{"Skriven av":"kalmarlan","Ber\u00e4knad l\u00e4stid":"3 minuter"},"schema":{"@context":"https:\/\/schema.org","@graph":[{"@type":"Article","@id":"https:\/\/wp.kristdemokraterna.se\/kalmarlan\/effektiv-cancervard-till-alla\/#article","isPartOf":{"@id":"https:\/\/wp.kristdemokraterna.se\/kalmarlan\/effektiv-cancervard-till-alla\/"},"author":{"name":"kalmarlan","@id":"https:\/\/wp.kristdemokraterna.se\/kalmarlan\/#\/schema\/person\/a1856739934bf9c6a11fb258646ea2a5"},"headline":"Effektiv cancerv\u00e5rd till alla","datePublished":"2014-02-04T15:03:09+00:00","dateModified":"2014-02-11T10:27:05+00:00","mainEntityOfPage":{"@id":"https:\/\/wp.kristdemokraterna.se\/kalmarlan\/effektiv-cancervard-till-alla\/"},"wordCount":628,"commentCount":0,"inLanguage":"sv-SE"},{"@type":"WebPage","@id":"https:\/\/wp.kristdemokraterna.se\/kalmarlan\/effektiv-cancervard-till-alla\/","url":"https:\/\/wp.kristdemokraterna.se\/kalmarlan\/effektiv-cancervard-till-alla\/","name":"Effektiv cancerv\u00e5rd till alla - i Kalmar l\u00e4n","isPartOf":{"@id":"https:\/\/wp.kristdemokraterna.se\/kalmarlan\/#website"},"datePublished":"2014-02-04T15:03:09+00:00","dateModified":"2014-02-11T10:27:05+00:00","author":{"@id":"https:\/\/wp.kristdemokraterna.se\/kalmarlan\/#\/schema\/person\/a1856739934bf9c6a11fb258646ea2a5"},"breadcrumb":{"@id":"https:\/\/wp.kristdemokraterna.se\/kalmarlan\/effektiv-cancervard-till-alla\/#breadcrumb"},"inLanguage":"sv-SE","potentialAction":[{"@type":"ReadAction","target":["https:\/\/wp.kristdemokraterna.se\/kalmarlan\/effektiv-cancervard-till-alla\/"]}]},{"@type":"BreadcrumbList","@id":"https:\/\/wp.kristdemokraterna.se\/kalmarlan\/effektiv-cancervard-till-alla\/#breadcrumb","itemListElement":[{"@type":"ListItem","position":1,"name":"Hem","item":"https:\/\/wp.kristdemokraterna.se\/kalmarlan\/"},{"@type":"ListItem","position":2,"name":"Effektiv cancerv\u00e5rd till alla"}]},{"@type":"WebSite","@id":"https:\/\/wp.kristdemokraterna.se\/kalmarlan\/#website","url":"https:\/\/wp.kristdemokraterna.se\/kalmarlan\/","name":"i Kalmar l\u00e4n","description":"","inLanguage":"sv-SE"},{"@type":"Person","@id":"https:\/\/wp.kristdemokraterna.se\/kalmarlan\/#\/schema\/person\/a1856739934bf9c6a11fb258646ea2a5","name":"kalmarlan","image":{"@type":"ImageObject","inLanguage":"sv-SE","@id":"https:\/\/secure.gravatar.com\/avatar\/ef1f7dcd1b21be34f0f3e58a032955c2de43794b20090a23118cd0e2a8964e6e?s=96&r=g","url":"https:\/\/secure.gravatar.com\/avatar\/ef1f7dcd1b21be34f0f3e58a032955c2de43794b20090a23118cd0e2a8964e6e?s=96&r=g","contentUrl":"https:\/\/secure.gravatar.com\/avatar\/ef1f7dcd1b21be34f0f3e58a032955c2de43794b20090a23118cd0e2a8964e6e?s=96&r=g","caption":"kalmarlan"},"url":"https:\/\/wp.kristdemokraterna.se\/kalmarlan\/author\/kalmarlan\/"}]}},"_links":{"self":[{"href":"https:\/\/wp.kristdemokraterna.se\/kalmarlan\/wp-json\/wp\/v2\/posts\/346","targetHints":{"allow":["GET"]}}],"collection":[{"href":"https:\/\/wp.kristdemokraterna.se\/kalmarlan\/wp-json\/wp\/v2\/posts"}],"about":[{"href":"https:\/\/wp.kristdemokraterna.se\/kalmarlan\/wp-json\/wp\/v2\/types\/post"}],"author":[{"embeddable":true,"href":"https:\/\/wp.kristdemokraterna.se\/kalmarlan\/wp-json\/wp\/v2\/users\/417"}],"replies":[{"embeddable":true,"href":"https:\/\/wp.kristdemokraterna.se\/kalmarlan\/wp-json\/wp\/v2\/comments?post=346"}],"version-history":[{"count":2,"href":"https:\/\/wp.kristdemokraterna.se\/kalmarlan\/wp-json\/wp\/v2\/posts\/346\/revisions"}],"predecessor-version":[{"id":355,"href":"https:\/\/wp.kristdemokraterna.se\/kalmarlan\/wp-json\/wp\/v2\/posts\/346\/revisions\/355"}],"wp:attachment":[{"href":"https:\/\/wp.kristdemokraterna.se\/kalmarlan\/wp-json\/wp\/v2\/media?parent=346"}],"wp:term":[{"taxonomy":"category","embeddable":true,"href":"https:\/\/wp.kristdemokraterna.se\/kalmarlan\/wp-json\/wp\/v2\/categories?post=346"},{"taxonomy":"post_tag","embeddable":true,"href":"https:\/\/wp.kristdemokraterna.se\/kalmarlan\/wp-json\/wp\/v2\/tags?post=346"}],"curies":[{"name":"wp","href":"https:\/\/api.w.org\/{rel}","templated":true}]}}