{"id":359,"date":"2014-03-16T12:52:48","date_gmt":"2014-03-16T11:52:48","guid":{"rendered":"http:\/\/wp.kristdemokraterna.se\/kalmarlan\/?p=359"},"modified":"2014-03-16T19:50:12","modified_gmt":"2014-03-16T18:50:12","slug":"eu-fokus-pa-kd-stamma-i-oskarshamn","status":"publish","type":"post","link":"https:\/\/wp.kristdemokraterna.se\/kalmarlan\/eu-fokus-pa-kd-stamma-i-oskarshamn\/","title":{"rendered":"EU-fokus p\u00e5 KD-st\u00e4mma i Oskarshamn"},"content":{"rendered":"<p>P\u00e5 l\u00f6rdagen samlades ett 70-tal kristdemokrater till v\u00e5rst\u00e4mma i Oskarshamn, partiets avstamp in i valr\u00f6relsen.<br \/>\n<div style=\"width: 235px\" class=\"wp-caption alignleft\"><a href=\"http:\/\/wp.kristdemokraterna.se\/kalmarlan\/files\/2014\/03\/20140316-125558.jpg\"><img loading=\"lazy\" decoding=\"async\" alt=\"20140316-125558.jpg\" src=\"http:\/\/wp.kristdemokraterna.se\/kalmarlan\/files\/2014\/03\/20140316-125558.jpg\" width=\"225\" height=\"300\" \/><\/a><p class=\"wp-caption-text\">Anders Andersson h\u00e5ller st\u00e4mmans inledningsanf\u00f6rande<\/p><\/div>-Medlemsm\u00e4ssigt \u00e4r Kristdemokraterna Sveriges fj\u00e4rde st\u00f6rsta parti. Vi \u00e4r revanschsugna p\u00e5 partiets utmanande opinionssiffror. Kristdemokraterna har genomf\u00f6rt mycket f\u00f6r att korta v\u00e5rdk\u00f6erna, f\u00f6rb\u00e4ttra patients\u00e4kerheten och situationen f\u00f6r de mest sjuka \u00e4ldre. Vi vill forts\u00e4tta att f\u00f6rb\u00e4ttra livet f\u00f6r barn, \u00e4ldre och kroniskt sjuka, s\u00e4ger Anders Andersson i sitt inledningstal.<\/p>\n<p>Dagens talare var Ebba Busch Thor, som st\u00e5r p\u00e5 andra plats p\u00e5 partiets valsedel till Europaparlamentet.<br \/>\nEU beh\u00f6ver reformeras, sa Ebba. Det beh\u00f6vs en ny generations EU som ocks\u00e5 inneb\u00e4r ett v\u00e4rderingsskifte. EU beh\u00f6ver p\u00e5 nytt f\u00f6rknippas med kristdemokratiska v\u00e4rderingar om frihet, ansvar och medm\u00e4nsklighet.<br \/>\n<div style=\"width: 235px\" class=\"wp-caption alignright\"><a href=\"http:\/\/wp.kristdemokraterna.se\/kalmarlan\/files\/2014\/03\/20140316-124249.jpg\"><img loading=\"lazy\" decoding=\"async\" class=\"size-full \" alt=\"20140316-124249.jpg\" src=\"http:\/\/wp.kristdemokraterna.se\/kalmarlan\/files\/2014\/03\/20140316-124249.jpg\" width=\"225\" height=\"300\" \/><\/a><p class=\"wp-caption-text\">Ebba Busch Thor talar om det EU hon vill se<\/p><\/div><br \/>\nEuropa befinner sig i b\u00e5de en ekonomisk och en legitimitetskris. Medlemsl\u00e4nder har till\u00e5tits att missk\u00f6ta sina ekonomier vilket f\u00f6rsv\u00e5rar den sunda frihandel som EU var t\u00e4nkt att vara en garant f\u00f6r, sa Ebba.<\/p>\n<p>Legitimitetskrisen handlar om att EU idag inte sysslar med r\u00e4tt saker. Den politiska debatten riskerar att hamna i tv\u00e5 diken. Det ena \u00e4r de som vill \u00f6verl\u00e5ta allt mer befogenheter till EU, medan andra p\u00e5 detaljniv\u00e5 vill strida f\u00f6r allsk\u00f6ns nationella s\u00e4rintressen. Jag menar att vi beh\u00f6ver h\u00e5lla oss mitt p\u00e5 v\u00e4gen. Sluta \u00e4gna tid i EU \u00e5t gurkb\u00f6jar och ostkakor! S\u00e5dant m\u00e5ste l\u00e4nderna sk\u00f6ta sj\u00e4lva, slog Ebba fast.<\/p>\n<p><!--more--><\/p>\n<p>Det sociala ansvarstagandet \u00e4r ocks\u00e5 viktigt f\u00f6r mig. EU beh\u00f6ver st\u00e4lla krav p\u00e5 medlemsl\u00e4nder att ta ett st\u00f6rre socialt ansvar f\u00f6r sina medborgare, s\u00e5 att de inte beh\u00f6ver bege sig till andra l\u00e4nder f\u00f6r att tigga, menar Ebba Busch Thor.<\/p>\n<p>EU:s budget beh\u00f6ver omprioriteras. Den omfattar idag 132,8 miljarder Euro. 40 procent av den l\u00e4ggs till jordbrukssubventioner fr\u00e4mst till rika franska b\u00f6nder. En mycket liten del g\u00e5r till svenskt jordbruk eller till fattiga rum\u00e4nska b\u00f6nder. Dessutom konkurrerar de subventionerade franska jordbruksprodukterna med l\u00e4nder som inte \u00e5tnjutit motsvarande subventioner. EU:s budget beh\u00f6ver d\u00e4rf\u00f6r omprioriteras f\u00f6r att komma ur en snedvriden konkurrenssituation.<\/p>\n<p>Slutligen menade Ebba att vi m\u00e5ste ta krafttag mot v\u00e5r tids slavhandel. M\u00e4nniskohandeln \u00e4r en av v\u00e5r tids stora utmaningar. Kristdemokraterna vill st\u00e4rka det kriminalpolitiskt samarbete mellan medlemsl\u00e4nderna, tillf\u00f6ra mer resurser och exportera den svenska sexk\u00f6pslagen till fler l\u00e4nder.<\/p>\n<p>Efter Ebbas tal och lite lunch begav sig samtliga st\u00e4mmodeltagare till Flanaden i Oskarshamn f\u00f6r att kampanja f\u00f6r dessa EU-fr\u00e5gor samt minskade barngrupper i f\u00f6rskolan.<\/p>\n<div style=\"width: 310px\" class=\"wp-caption alignleft\"><a href=\"http:\/\/wp.kristdemokraterna.se\/kalmarlan\/files\/2014\/03\/20140316-124547.jpg\"><img loading=\"lazy\" decoding=\"async\" class=\"size-full \" alt=\"20140316-124547.jpg\" src=\"http:\/\/wp.kristdemokraterna.se\/kalmarlan\/files\/2014\/03\/20140316-124547.jpg\" width=\"300\" height=\"225\" \/><\/a><p class=\"wp-caption-text\">Vi fick samtala med m\u00e5nga p\u00e5 Flanaden i Oskarshamn<\/p><\/div>\n<p>Efter \u00e5terkomsten till Oskarshamns folkh\u00f6gskola intervjuade ombudsman Madeleine Rosenqvist toppkandidaterna till riksdagen och landstinget.<\/p>\n<p>D\u00e4refter vidtog f\u00f6rhandlingarna, f\u00f6r att bland annat v\u00e4lja ny distriktsstyrelse. Anders Andersson omvaldes som distriktsordf\u00f6rande. I presidiet ing\u00e5r \u00e4ven Chatrine P\u00e5lsson Ahlgren och Jimmy Loord.<br \/>\nOrdinarie ledam\u00f6ter \u00e4r Gudrun Bruneg\u00e5rd, Vimmerby, Anders Johansson, Emmaboda, \u00c5ke Nilsson, Silverdalen, Kerstin Lahi, V\u00e4stervik, Elisabeth Englund, Oskarshamn, Roger Ohlin, V\u00e4stervik, Marita Bj\u00f6rkvall, H\u00f6gsby, Christopher Dywik, Kalmar, och Jonny Erlandsson, Borgholm. Rebecka Englund, Oskarshamn, representerar KDU och Karl-Gustav Kyrk, Kalmar, Seniorf\u00f6rbundet.<br \/>\nErs\u00e4ttare i distriktsstyrelsen \u00e4r Ola Gustafsson, Vimmerby, Berit Sj\u00f6\u00f6, Oskarshamn, Per-Eric Ohlsson, H\u00f6gsby, Mats Olsson, Tors\u00e5s, Margreth Johansson, Kalmar, Ingemar Lennartsson, Oskarshamn, Elisabeth Lago Nilsson, Vimmerby, Marcus Bergenheim, Borgholm och Lars-Johnny Andersson, M\u00f6nster\u00e5s. Eric Dicksson \u00e4r KDU:s ers\u00e4ttare och Ruth Pahlm \u00e4r ers\u00e4ttare f\u00f6r Seniorf\u00f6rbundet.<\/p>\n<p>Distriktsst\u00e4mman inneh\u00f6ll \u00e4ven kulturinslag, som bestod av s\u00e5ng av Jimmy Loord till eget gitarrackompanjemang. St\u00e4mman avslutades med ett inspirerande anf\u00f6rande av Chatrine P\u00e5lsson Ahlgren.<\/p>\n","protected":false},"excerpt":{"rendered":"<p>P\u00e5 l\u00f6rdagen samlades ett 70-tal kristdemokrater till v\u00e5rst\u00e4mma i Oskarshamn, partiets avstamp in i valr\u00f6relsen. -Medlemsm\u00e4ssigt \u00e4r Kristdemokraterna Sveriges fj\u00e4rde st\u00f6rsta parti. Vi \u00e4r revanschsugna p\u00e5 partiets utmanande opinionssiffror. Kristdemokraterna har genomf\u00f6rt mycket f\u00f6r att korta v\u00e5rdk\u00f6erna, f\u00f6rb\u00e4ttra patients\u00e4kerheten och situationen f\u00f6r de mest sjuka \u00e4ldre. Vi vill forts\u00e4tta att f\u00f6rb\u00e4ttra livet f\u00f6r barn, \u00e4ldre <a class=\"read-more-link\" href=\"https:\/\/wp.kristdemokraterna.se\/kalmarlan\/eu-fokus-pa-kd-stamma-i-oskarshamn\/\">Read More<\/a><\/p>\n","protected":false},"author":417,"featured_media":0,"comment_status":"closed","ping_status":"closed","sticky":false,"template":"","format":"standard","meta":{"_acf_changed":false,"footnotes":""},"categories":[1],"tags":[],"class_list":["post-359","post","type-post","status-publish","format-standard","hentry","category-okategoriserade"],"acf":[],"yoast_head":"<!-- This site is optimized with the Yoast SEO plugin v27.4 - https:\/\/yoast.com\/product\/yoast-seo-wordpress\/ -->\n<title>EU-fokus p\u00e5 KD-st\u00e4mma i Oskarshamn - i Kalmar l\u00e4n<\/title>\n<meta name=\"robots\" content=\"index, follow, max-snippet:-1, max-image-preview:large, max-video-preview:-1\" \/>\n<link rel=\"canonical\" href=\"https:\/\/wp.kristdemokraterna.se\/kalmarlan\/eu-fokus-pa-kd-stamma-i-oskarshamn\/\" \/>\n<meta property=\"og:locale\" content=\"sv_SE\" \/>\n<meta property=\"og:type\" content=\"article\" \/>\n<meta property=\"og:title\" content=\"EU-fokus p\u00e5 KD-st\u00e4mma i Oskarshamn - i Kalmar l\u00e4n\" \/>\n<meta property=\"og:description\" content=\"P\u00e5 l\u00f6rdagen samlades ett 70-tal kristdemokrater till v\u00e5rst\u00e4mma i Oskarshamn, partiets avstamp in i valr\u00f6relsen. -Medlemsm\u00e4ssigt \u00e4r Kristdemokraterna Sveriges fj\u00e4rde st\u00f6rsta parti. Vi \u00e4r revanschsugna p\u00e5 partiets utmanande opinionssiffror. Kristdemokraterna har genomf\u00f6rt mycket f\u00f6r att korta v\u00e5rdk\u00f6erna, f\u00f6rb\u00e4ttra patients\u00e4kerheten och situationen f\u00f6r de mest sjuka \u00e4ldre. Vi vill forts\u00e4tta att f\u00f6rb\u00e4ttra livet f\u00f6r barn, \u00e4ldre Read More\" \/>\n<meta property=\"og:url\" content=\"https:\/\/wp.kristdemokraterna.se\/kalmarlan\/eu-fokus-pa-kd-stamma-i-oskarshamn\/\" \/>\n<meta property=\"og:site_name\" content=\"i Kalmar l\u00e4n\" \/>\n<meta property=\"article:published_time\" content=\"2014-03-16T11:52:48+00:00\" \/>\n<meta property=\"article:modified_time\" content=\"2014-03-16T18:50:12+00:00\" \/>\n<meta property=\"og:image\" content=\"http:\/\/wp.kristdemokraterna.se\/kalmarlan\/files\/2014\/03\/20140316-125558.jpg\" \/>\n<meta name=\"author\" content=\"kalmarlan\" \/>\n<meta name=\"twitter:card\" content=\"summary_large_image\" \/>\n<meta name=\"twitter:label1\" content=\"Skriven av\" \/>\n\t<meta name=\"twitter:data1\" content=\"kalmarlan\" \/>\n\t<meta name=\"twitter:label2\" content=\"Ber\u00e4knad l\u00e4stid\" \/>\n\t<meta name=\"twitter:data2\" content=\"3 minuter\" \/>\n<script type=\"application\/ld+json\" class=\"yoast-schema-graph\">{\"@context\":\"https:\\\/\\\/schema.org\",\"@graph\":[{\"@type\":\"Article\",\"@id\":\"https:\\\/\\\/wp.kristdemokraterna.se\\\/kalmarlan\\\/eu-fokus-pa-kd-stamma-i-oskarshamn\\\/#article\",\"isPartOf\":{\"@id\":\"https:\\\/\\\/wp.kristdemokraterna.se\\\/kalmarlan\\\/eu-fokus-pa-kd-stamma-i-oskarshamn\\\/\"},\"author\":{\"name\":\"kalmarlan\",\"@id\":\"https:\\\/\\\/wp.kristdemokraterna.se\\\/kalmarlan\\\/#\\\/schema\\\/person\\\/a1856739934bf9c6a11fb258646ea2a5\"},\"headline\":\"EU-fokus p\u00e5 KD-st\u00e4mma i Oskarshamn\",\"datePublished\":\"2014-03-16T11:52:48+00:00\",\"dateModified\":\"2014-03-16T18:50:12+00:00\",\"mainEntityOfPage\":{\"@id\":\"https:\\\/\\\/wp.kristdemokraterna.se\\\/kalmarlan\\\/eu-fokus-pa-kd-stamma-i-oskarshamn\\\/\"},\"wordCount\":693,\"image\":{\"@id\":\"https:\\\/\\\/wp.kristdemokraterna.se\\\/kalmarlan\\\/eu-fokus-pa-kd-stamma-i-oskarshamn\\\/#primaryimage\"},\"thumbnailUrl\":\"http:\\\/\\\/wp.kristdemokraterna.se\\\/kalmarlan\\\/files\\\/2014\\\/03\\\/20140316-125558.jpg\",\"inLanguage\":\"sv-SE\"},{\"@type\":\"WebPage\",\"@id\":\"https:\\\/\\\/wp.kristdemokraterna.se\\\/kalmarlan\\\/eu-fokus-pa-kd-stamma-i-oskarshamn\\\/\",\"url\":\"https:\\\/\\\/wp.kristdemokraterna.se\\\/kalmarlan\\\/eu-fokus-pa-kd-stamma-i-oskarshamn\\\/\",\"name\":\"EU-fokus p\u00e5 KD-st\u00e4mma i Oskarshamn - i Kalmar l\u00e4n\",\"isPartOf\":{\"@id\":\"https:\\\/\\\/wp.kristdemokraterna.se\\\/kalmarlan\\\/#website\"},\"primaryImageOfPage\":{\"@id\":\"https:\\\/\\\/wp.kristdemokraterna.se\\\/kalmarlan\\\/eu-fokus-pa-kd-stamma-i-oskarshamn\\\/#primaryimage\"},\"image\":{\"@id\":\"https:\\\/\\\/wp.kristdemokraterna.se\\\/kalmarlan\\\/eu-fokus-pa-kd-stamma-i-oskarshamn\\\/#primaryimage\"},\"thumbnailUrl\":\"http:\\\/\\\/wp.kristdemokraterna.se\\\/kalmarlan\\\/files\\\/2014\\\/03\\\/20140316-125558.jpg\",\"datePublished\":\"2014-03-16T11:52:48+00:00\",\"dateModified\":\"2014-03-16T18:50:12+00:00\",\"author\":{\"@id\":\"https:\\\/\\\/wp.kristdemokraterna.se\\\/kalmarlan\\\/#\\\/schema\\\/person\\\/a1856739934bf9c6a11fb258646ea2a5\"},\"breadcrumb\":{\"@id\":\"https:\\\/\\\/wp.kristdemokraterna.se\\\/kalmarlan\\\/eu-fokus-pa-kd-stamma-i-oskarshamn\\\/#breadcrumb\"},\"inLanguage\":\"sv-SE\",\"potentialAction\":[{\"@type\":\"ReadAction\",\"target\":[\"https:\\\/\\\/wp.kristdemokraterna.se\\\/kalmarlan\\\/eu-fokus-pa-kd-stamma-i-oskarshamn\\\/\"]}]},{\"@type\":\"ImageObject\",\"inLanguage\":\"sv-SE\",\"@id\":\"https:\\\/\\\/wp.kristdemokraterna.se\\\/kalmarlan\\\/eu-fokus-pa-kd-stamma-i-oskarshamn\\\/#primaryimage\",\"url\":\"https:\\\/\\\/wp.kristdemokraterna.se\\\/kalmarlan\\\/files\\\/2014\\\/03\\\/20140316-125558.jpg\",\"contentUrl\":\"https:\\\/\\\/wp.kristdemokraterna.se\\\/kalmarlan\\\/files\\\/2014\\\/03\\\/20140316-125558.jpg\",\"width\":225,\"height\":300},{\"@type\":\"BreadcrumbList\",\"@id\":\"https:\\\/\\\/wp.kristdemokraterna.se\\\/kalmarlan\\\/eu-fokus-pa-kd-stamma-i-oskarshamn\\\/#breadcrumb\",\"itemListElement\":[{\"@type\":\"ListItem\",\"position\":1,\"name\":\"Hem\",\"item\":\"https:\\\/\\\/wp.kristdemokraterna.se\\\/kalmarlan\\\/\"},{\"@type\":\"ListItem\",\"position\":2,\"name\":\"EU-fokus p\u00e5 KD-st\u00e4mma i Oskarshamn\"}]},{\"@type\":\"WebSite\",\"@id\":\"https:\\\/\\\/wp.kristdemokraterna.se\\\/kalmarlan\\\/#website\",\"url\":\"https:\\\/\\\/wp.kristdemokraterna.se\\\/kalmarlan\\\/\",\"name\":\"i Kalmar l\u00e4n\",\"description\":\"\",\"inLanguage\":\"sv-SE\"},{\"@type\":\"Person\",\"@id\":\"https:\\\/\\\/wp.kristdemokraterna.se\\\/kalmarlan\\\/#\\\/schema\\\/person\\\/a1856739934bf9c6a11fb258646ea2a5\",\"name\":\"kalmarlan\",\"image\":{\"@type\":\"ImageObject\",\"inLanguage\":\"sv-SE\",\"@id\":\"https:\\\/\\\/secure.gravatar.com\\\/avatar\\\/ef1f7dcd1b21be34f0f3e58a032955c2de43794b20090a23118cd0e2a8964e6e?s=96&r=g\",\"url\":\"https:\\\/\\\/secure.gravatar.com\\\/avatar\\\/ef1f7dcd1b21be34f0f3e58a032955c2de43794b20090a23118cd0e2a8964e6e?s=96&r=g\",\"contentUrl\":\"https:\\\/\\\/secure.gravatar.com\\\/avatar\\\/ef1f7dcd1b21be34f0f3e58a032955c2de43794b20090a23118cd0e2a8964e6e?s=96&r=g\",\"caption\":\"kalmarlan\"},\"url\":\"https:\\\/\\\/wp.kristdemokraterna.se\\\/kalmarlan\\\/author\\\/kalmarlan\\\/\"}]}<\/script>\n<!-- \/ Yoast SEO plugin. -->","yoast_head_json":{"title":"EU-fokus p\u00e5 KD-st\u00e4mma i Oskarshamn - i Kalmar l\u00e4n","robots":{"index":"index","follow":"follow","max-snippet":"max-snippet:-1","max-image-preview":"max-image-preview:large","max-video-preview":"max-video-preview:-1"},"canonical":"https:\/\/wp.kristdemokraterna.se\/kalmarlan\/eu-fokus-pa-kd-stamma-i-oskarshamn\/","og_locale":"sv_SE","og_type":"article","og_title":"EU-fokus p\u00e5 KD-st\u00e4mma i Oskarshamn - i Kalmar l\u00e4n","og_description":"P\u00e5 l\u00f6rdagen samlades ett 70-tal kristdemokrater till v\u00e5rst\u00e4mma i Oskarshamn, partiets avstamp in i valr\u00f6relsen. -Medlemsm\u00e4ssigt \u00e4r Kristdemokraterna Sveriges fj\u00e4rde st\u00f6rsta parti. Vi \u00e4r revanschsugna p\u00e5 partiets utmanande opinionssiffror. Kristdemokraterna har genomf\u00f6rt mycket f\u00f6r att korta v\u00e5rdk\u00f6erna, f\u00f6rb\u00e4ttra patients\u00e4kerheten och situationen f\u00f6r de mest sjuka \u00e4ldre. Vi vill forts\u00e4tta att f\u00f6rb\u00e4ttra livet f\u00f6r barn, \u00e4ldre Read More","og_url":"https:\/\/wp.kristdemokraterna.se\/kalmarlan\/eu-fokus-pa-kd-stamma-i-oskarshamn\/","og_site_name":"i Kalmar l\u00e4n","article_published_time":"2014-03-16T11:52:48+00:00","article_modified_time":"2014-03-16T18:50:12+00:00","og_image":[{"url":"http:\/\/wp.kristdemokraterna.se\/kalmarlan\/files\/2014\/03\/20140316-125558.jpg","type":"","width":"","height":""}],"author":"kalmarlan","twitter_card":"summary_large_image","twitter_misc":{"Skriven av":"kalmarlan","Ber\u00e4knad l\u00e4stid":"3 minuter"},"schema":{"@context":"https:\/\/schema.org","@graph":[{"@type":"Article","@id":"https:\/\/wp.kristdemokraterna.se\/kalmarlan\/eu-fokus-pa-kd-stamma-i-oskarshamn\/#article","isPartOf":{"@id":"https:\/\/wp.kristdemokraterna.se\/kalmarlan\/eu-fokus-pa-kd-stamma-i-oskarshamn\/"},"author":{"name":"kalmarlan","@id":"https:\/\/wp.kristdemokraterna.se\/kalmarlan\/#\/schema\/person\/a1856739934bf9c6a11fb258646ea2a5"},"headline":"EU-fokus p\u00e5 KD-st\u00e4mma i Oskarshamn","datePublished":"2014-03-16T11:52:48+00:00","dateModified":"2014-03-16T18:50:12+00:00","mainEntityOfPage":{"@id":"https:\/\/wp.kristdemokraterna.se\/kalmarlan\/eu-fokus-pa-kd-stamma-i-oskarshamn\/"},"wordCount":693,"image":{"@id":"https:\/\/wp.kristdemokraterna.se\/kalmarlan\/eu-fokus-pa-kd-stamma-i-oskarshamn\/#primaryimage"},"thumbnailUrl":"http:\/\/wp.kristdemokraterna.se\/kalmarlan\/files\/2014\/03\/20140316-125558.jpg","inLanguage":"sv-SE"},{"@type":"WebPage","@id":"https:\/\/wp.kristdemokraterna.se\/kalmarlan\/eu-fokus-pa-kd-stamma-i-oskarshamn\/","url":"https:\/\/wp.kristdemokraterna.se\/kalmarlan\/eu-fokus-pa-kd-stamma-i-oskarshamn\/","name":"EU-fokus p\u00e5 KD-st\u00e4mma i Oskarshamn - i Kalmar l\u00e4n","isPartOf":{"@id":"https:\/\/wp.kristdemokraterna.se\/kalmarlan\/#website"},"primaryImageOfPage":{"@id":"https:\/\/wp.kristdemokraterna.se\/kalmarlan\/eu-fokus-pa-kd-stamma-i-oskarshamn\/#primaryimage"},"image":{"@id":"https:\/\/wp.kristdemokraterna.se\/kalmarlan\/eu-fokus-pa-kd-stamma-i-oskarshamn\/#primaryimage"},"thumbnailUrl":"http:\/\/wp.kristdemokraterna.se\/kalmarlan\/files\/2014\/03\/20140316-125558.jpg","datePublished":"2014-03-16T11:52:48+00:00","dateModified":"2014-03-16T18:50:12+00:00","author":{"@id":"https:\/\/wp.kristdemokraterna.se\/kalmarlan\/#\/schema\/person\/a1856739934bf9c6a11fb258646ea2a5"},"breadcrumb":{"@id":"https:\/\/wp.kristdemokraterna.se\/kalmarlan\/eu-fokus-pa-kd-stamma-i-oskarshamn\/#breadcrumb"},"inLanguage":"sv-SE","potentialAction":[{"@type":"ReadAction","target":["https:\/\/wp.kristdemokraterna.se\/kalmarlan\/eu-fokus-pa-kd-stamma-i-oskarshamn\/"]}]},{"@type":"ImageObject","inLanguage":"sv-SE","@id":"https:\/\/wp.kristdemokraterna.se\/kalmarlan\/eu-fokus-pa-kd-stamma-i-oskarshamn\/#primaryimage","url":"https:\/\/wp.kristdemokraterna.se\/kalmarlan\/files\/2014\/03\/20140316-125558.jpg","contentUrl":"https:\/\/wp.kristdemokraterna.se\/kalmarlan\/files\/2014\/03\/20140316-125558.jpg","width":225,"height":300},{"@type":"BreadcrumbList","@id":"https:\/\/wp.kristdemokraterna.se\/kalmarlan\/eu-fokus-pa-kd-stamma-i-oskarshamn\/#breadcrumb","itemListElement":[{"@type":"ListItem","position":1,"name":"Hem","item":"https:\/\/wp.kristdemokraterna.se\/kalmarlan\/"},{"@type":"ListItem","position":2,"name":"EU-fokus p\u00e5 KD-st\u00e4mma i Oskarshamn"}]},{"@type":"WebSite","@id":"https:\/\/wp.kristdemokraterna.se\/kalmarlan\/#website","url":"https:\/\/wp.kristdemokraterna.se\/kalmarlan\/","name":"i Kalmar l\u00e4n","description":"","inLanguage":"sv-SE"},{"@type":"Person","@id":"https:\/\/wp.kristdemokraterna.se\/kalmarlan\/#\/schema\/person\/a1856739934bf9c6a11fb258646ea2a5","name":"kalmarlan","image":{"@type":"ImageObject","inLanguage":"sv-SE","@id":"https:\/\/secure.gravatar.com\/avatar\/ef1f7dcd1b21be34f0f3e58a032955c2de43794b20090a23118cd0e2a8964e6e?s=96&r=g","url":"https:\/\/secure.gravatar.com\/avatar\/ef1f7dcd1b21be34f0f3e58a032955c2de43794b20090a23118cd0e2a8964e6e?s=96&r=g","contentUrl":"https:\/\/secure.gravatar.com\/avatar\/ef1f7dcd1b21be34f0f3e58a032955c2de43794b20090a23118cd0e2a8964e6e?s=96&r=g","caption":"kalmarlan"},"url":"https:\/\/wp.kristdemokraterna.se\/kalmarlan\/author\/kalmarlan\/"}]}},"_links":{"self":[{"href":"https:\/\/wp.kristdemokraterna.se\/kalmarlan\/wp-json\/wp\/v2\/posts\/359","targetHints":{"allow":["GET"]}}],"collection":[{"href":"https:\/\/wp.kristdemokraterna.se\/kalmarlan\/wp-json\/wp\/v2\/posts"}],"about":[{"href":"https:\/\/wp.kristdemokraterna.se\/kalmarlan\/wp-json\/wp\/v2\/types\/post"}],"author":[{"embeddable":true,"href":"https:\/\/wp.kristdemokraterna.se\/kalmarlan\/wp-json\/wp\/v2\/users\/417"}],"replies":[{"embeddable":true,"href":"https:\/\/wp.kristdemokraterna.se\/kalmarlan\/wp-json\/wp\/v2\/comments?post=359"}],"version-history":[{"count":11,"href":"https:\/\/wp.kristdemokraterna.se\/kalmarlan\/wp-json\/wp\/v2\/posts\/359\/revisions"}],"predecessor-version":[{"id":372,"href":"https:\/\/wp.kristdemokraterna.se\/kalmarlan\/wp-json\/wp\/v2\/posts\/359\/revisions\/372"}],"wp:attachment":[{"href":"https:\/\/wp.kristdemokraterna.se\/kalmarlan\/wp-json\/wp\/v2\/media?parent=359"}],"wp:term":[{"taxonomy":"category","embeddable":true,"href":"https:\/\/wp.kristdemokraterna.se\/kalmarlan\/wp-json\/wp\/v2\/categories?post=359"},{"taxonomy":"post_tag","embeddable":true,"href":"https:\/\/wp.kristdemokraterna.se\/kalmarlan\/wp-json\/wp\/v2\/tags?post=359"}],"curies":[{"name":"wp","href":"https:\/\/api.w.org\/{rel}","templated":true}]}}