{"id":36,"date":"2013-06-01T17:38:59","date_gmt":"2013-06-01T15:38:59","guid":{"rendered":"http:\/\/wp.kristdemokraterna.se\/kalmarlan\/?p=36"},"modified":"2013-09-13T20:23:28","modified_gmt":"2013-09-13T18:23:28","slug":"eget-ansvar-viktigt-i-debatten-om-handelserna-i-husby","status":"publish","type":"post","link":"https:\/\/wp.kristdemokraterna.se\/kalmarlan\/eget-ansvar-viktigt-i-debatten-om-handelserna-i-husby\/","title":{"rendered":"Eget ansvar viktigt i debatten om h\u00e4ndelserna i Husby"},"content":{"rendered":"<blockquote><p>Pressmeddelande 2013-06-01<\/p><\/blockquote>\n<p><a href=\"http:\/\/wp.kristdemokraterna.se\/kalmarlan\/files\/2013\/06\/kampanj-i-kalmar.jpg\"><img loading=\"lazy\" decoding=\"async\" class=\"alignnone size-full wp-image-37\" alt=\"kampanj i kalmar\" src=\"http:\/\/wp.kristdemokraterna.se\/kalmarlan\/files\/2013\/06\/kampanj-i-kalmar.jpg\" width=\"960\" height=\"568\" srcset=\"https:\/\/wp.kristdemokraterna.se\/kalmarlan\/files\/2013\/06\/kampanj-i-kalmar.jpg 960w, https:\/\/wp.kristdemokraterna.se\/kalmarlan\/files\/2013\/06\/kampanj-i-kalmar-300x177.jpg 300w, https:\/\/wp.kristdemokraterna.se\/kalmarlan\/files\/2013\/06\/kampanj-i-kalmar-540x319.jpg 540w, https:\/\/wp.kristdemokraterna.se\/kalmarlan\/files\/2013\/06\/kampanj-i-kalmar-576x340.jpg 576w, https:\/\/wp.kristdemokraterna.se\/kalmarlan\/files\/2013\/06\/kampanj-i-kalmar-186x110.jpg 186w\" sizes=\"auto, (max-width: 960px) 100vw, 960px\" \/><\/a><\/p>\n<p><strong>\u2013 M\u00e4nniskor har alltid ett ansvar f\u00f6r sina egna handlingar. Hur frustrerad man \u00e4n \u00e4r s\u00e5 \u00e4r det fel att f\u00f6rst\u00f6ra f\u00f6r andra. Att br\u00e4nna bilar \u00e4r minst sagt kontraproduktivt om man vill f\u00f6ra fram sin \u00e5sikt. Det sa Anders Andersson, riksdagsledamot (KD), n\u00e4r han p\u00e5 l\u00f6rdagen deltog i partiets kampanjarbete i Kalmar, med anledningen av den aktuella debatten om oroligheter i storst\u00e4dernas f\u00f6rorter.<!--more--><\/strong><\/p>\n<p>\u2013 H\u00e4ndelserna f\u00f6rklaras nu p\u00e5 flera olika s\u00e4tt. Man pratar om polisens agerande, socioekonomi, bostadspolitik och invandring. Det \u00e4r viktiga aspekter, men de flesta tenderar att missa n\u00e5got v\u00e4ldigt v\u00e4sentligt. N\u00e4mligen det egna ansvaret och f\u00f6r\u00e4ldrarnas roll. Utan en vuxenv\u00e4rld som bryr sig och s\u00e4ger ifr\u00e5n blir det som bilbr\u00e4nnare sj\u00e4lva sa i en intervju: betongdjungelns lag f\u00e5r r\u00e5da.<\/p>\n<p>\u2013 P\u00e5 kort sikt m\u00e5ste det naturligtvis bli lugnt i omr\u00e5dena men p\u00e5 l\u00e4ngre sikt m\u00e5ste vi ocks\u00e5 skapa positiva spiraler. Det \u00e4r viktigt med ett samlat engagemang f\u00f6r skola, bost\u00e4der och arbete. Unga m\u00e4nniskor m\u00e5ste k\u00e4nna en framtidstro. Allt handlar dock inte om vad det offentliga g\u00f6r. Det civila samh\u00e4llet med engagerade m\u00e4nniskor, f\u00f6reningar och f\u00f6retag spelar en avg\u00f6rande roll. Utan alla vuxna som varit ute och nattvandrat hade nog situationen varit betydligt v\u00e4rre, sa Anders Andersson (KD) p\u00e5 l\u00f6rdagen n\u00e4r han bes\u00f6kte Kalmar.<\/p>\n<p>&#8212; &#8212; &#8212; &#8212; &#8212; &#8212; &#8212; &#8212; &#8212; &#8212; &#8212; &#8212;<\/p>\n<p><strong>Anders Andersson (kd)<\/strong><br \/>\n<em>Distriktsordf\u00f6rande &#8211; Kristdemokraterna i Kalmar l\u00e4n<br \/>\nRiksdagsledamot f\u00f6r Kalmar l\u00e4n<br \/>\nLedamot i riksdagens socialutskott<br \/>\n<\/em><br \/>\n<strong>mobiltel <\/strong> 070-249 82 12<br \/>\n<strong>tel arb <\/strong> 08-786 40 00<br \/>\n<strong>e-post <\/strong> anders.andersson@kristdemokraterna.se<\/p>\n<p><strong>hemsida<\/strong> www.kristdemokraterna.se\/andersandersson<\/p>\n","protected":false},"excerpt":{"rendered":"<p>Pressmeddelande 2013-06-01 \u2013 M\u00e4nniskor har alltid ett ansvar f\u00f6r sina egna handlingar. Hur frustrerad man \u00e4n \u00e4r s\u00e5 \u00e4r det fel att f\u00f6rst\u00f6ra f\u00f6r andra. Att br\u00e4nna bilar \u00e4r minst sagt kontraproduktivt om man vill f\u00f6ra fram sin \u00e5sikt. Det sa Anders Andersson, riksdagsledamot (KD), n\u00e4r han p\u00e5 l\u00f6rdagen deltog i partiets kampanjarbete i Kalmar, <a class=\"read-more-link\" href=\"https:\/\/wp.kristdemokraterna.se\/kalmarlan\/eget-ansvar-viktigt-i-debatten-om-handelserna-i-husby\/\">Read More<\/a><\/p>\n","protected":false},"author":417,"featured_media":0,"comment_status":"open","ping_status":"open","sticky":false,"template":"","format":"standard","meta":{"_acf_changed":false,"footnotes":""},"categories":[1],"tags":[],"class_list":["post-36","post","type-post","status-publish","format-standard","hentry","category-okategoriserade"],"acf":[],"yoast_head":"<!-- This site is optimized with the Yoast SEO plugin v27.4 - https:\/\/yoast.com\/product\/yoast-seo-wordpress\/ -->\n<title>Eget ansvar viktigt i debatten om h\u00e4ndelserna i Husby - i Kalmar l\u00e4n<\/title>\n<meta name=\"robots\" content=\"index, follow, max-snippet:-1, max-image-preview:large, max-video-preview:-1\" \/>\n<link rel=\"canonical\" href=\"https:\/\/wp.kristdemokraterna.se\/kalmarlan\/eget-ansvar-viktigt-i-debatten-om-handelserna-i-husby\/\" \/>\n<meta property=\"og:locale\" content=\"sv_SE\" \/>\n<meta property=\"og:type\" content=\"article\" \/>\n<meta property=\"og:title\" content=\"Eget ansvar viktigt i debatten om h\u00e4ndelserna i Husby - i Kalmar l\u00e4n\" \/>\n<meta property=\"og:description\" content=\"Pressmeddelande 2013-06-01 \u2013 M\u00e4nniskor har alltid ett ansvar f\u00f6r sina egna handlingar. Hur frustrerad man \u00e4n \u00e4r s\u00e5 \u00e4r det fel att f\u00f6rst\u00f6ra f\u00f6r andra. Att br\u00e4nna bilar \u00e4r minst sagt kontraproduktivt om man vill f\u00f6ra fram sin \u00e5sikt. Det sa Anders Andersson, riksdagsledamot (KD), n\u00e4r han p\u00e5 l\u00f6rdagen deltog i partiets kampanjarbete i Kalmar, Read More\" \/>\n<meta property=\"og:url\" content=\"https:\/\/wp.kristdemokraterna.se\/kalmarlan\/eget-ansvar-viktigt-i-debatten-om-handelserna-i-husby\/\" \/>\n<meta property=\"og:site_name\" content=\"i Kalmar l\u00e4n\" \/>\n<meta property=\"article:published_time\" content=\"2013-06-01T15:38:59+00:00\" \/>\n<meta property=\"article:modified_time\" content=\"2013-09-13T18:23:28+00:00\" \/>\n<meta property=\"og:image\" content=\"http:\/\/wp.kristdemokraterna.se\/kalmarlan\/files\/2013\/06\/kampanj-i-kalmar.jpg\" \/>\n<meta name=\"author\" content=\"kalmarlan\" \/>\n<meta name=\"twitter:card\" content=\"summary_large_image\" \/>\n<meta name=\"twitter:label1\" content=\"Skriven av\" \/>\n\t<meta name=\"twitter:data1\" content=\"kalmarlan\" \/>\n\t<meta name=\"twitter:label2\" content=\"Ber\u00e4knad l\u00e4stid\" \/>\n\t<meta name=\"twitter:data2\" content=\"2 minuter\" \/>\n<script type=\"application\/ld+json\" class=\"yoast-schema-graph\">{\"@context\":\"https:\\\/\\\/schema.org\",\"@graph\":[{\"@type\":\"Article\",\"@id\":\"https:\\\/\\\/wp.kristdemokraterna.se\\\/kalmarlan\\\/eget-ansvar-viktigt-i-debatten-om-handelserna-i-husby\\\/#article\",\"isPartOf\":{\"@id\":\"https:\\\/\\\/wp.kristdemokraterna.se\\\/kalmarlan\\\/eget-ansvar-viktigt-i-debatten-om-handelserna-i-husby\\\/\"},\"author\":{\"name\":\"kalmarlan\",\"@id\":\"https:\\\/\\\/wp.kristdemokraterna.se\\\/kalmarlan\\\/#\\\/schema\\\/person\\\/a1856739934bf9c6a11fb258646ea2a5\"},\"headline\":\"Eget ansvar viktigt i debatten om h\u00e4ndelserna i Husby\",\"datePublished\":\"2013-06-01T15:38:59+00:00\",\"dateModified\":\"2013-09-13T18:23:28+00:00\",\"mainEntityOfPage\":{\"@id\":\"https:\\\/\\\/wp.kristdemokraterna.se\\\/kalmarlan\\\/eget-ansvar-viktigt-i-debatten-om-handelserna-i-husby\\\/\"},\"wordCount\":312,\"commentCount\":0,\"image\":{\"@id\":\"https:\\\/\\\/wp.kristdemokraterna.se\\\/kalmarlan\\\/eget-ansvar-viktigt-i-debatten-om-handelserna-i-husby\\\/#primaryimage\"},\"thumbnailUrl\":\"http:\\\/\\\/wp.kristdemokraterna.se\\\/kalmarlan\\\/files\\\/2013\\\/06\\\/kampanj-i-kalmar.jpg\",\"inLanguage\":\"sv-SE\"},{\"@type\":\"WebPage\",\"@id\":\"https:\\\/\\\/wp.kristdemokraterna.se\\\/kalmarlan\\\/eget-ansvar-viktigt-i-debatten-om-handelserna-i-husby\\\/\",\"url\":\"https:\\\/\\\/wp.kristdemokraterna.se\\\/kalmarlan\\\/eget-ansvar-viktigt-i-debatten-om-handelserna-i-husby\\\/\",\"name\":\"Eget ansvar viktigt i debatten om h\u00e4ndelserna i Husby - i Kalmar l\u00e4n\",\"isPartOf\":{\"@id\":\"https:\\\/\\\/wp.kristdemokraterna.se\\\/kalmarlan\\\/#website\"},\"primaryImageOfPage\":{\"@id\":\"https:\\\/\\\/wp.kristdemokraterna.se\\\/kalmarlan\\\/eget-ansvar-viktigt-i-debatten-om-handelserna-i-husby\\\/#primaryimage\"},\"image\":{\"@id\":\"https:\\\/\\\/wp.kristdemokraterna.se\\\/kalmarlan\\\/eget-ansvar-viktigt-i-debatten-om-handelserna-i-husby\\\/#primaryimage\"},\"thumbnailUrl\":\"http:\\\/\\\/wp.kristdemokraterna.se\\\/kalmarlan\\\/files\\\/2013\\\/06\\\/kampanj-i-kalmar.jpg\",\"datePublished\":\"2013-06-01T15:38:59+00:00\",\"dateModified\":\"2013-09-13T18:23:28+00:00\",\"author\":{\"@id\":\"https:\\\/\\\/wp.kristdemokraterna.se\\\/kalmarlan\\\/#\\\/schema\\\/person\\\/a1856739934bf9c6a11fb258646ea2a5\"},\"breadcrumb\":{\"@id\":\"https:\\\/\\\/wp.kristdemokraterna.se\\\/kalmarlan\\\/eget-ansvar-viktigt-i-debatten-om-handelserna-i-husby\\\/#breadcrumb\"},\"inLanguage\":\"sv-SE\",\"potentialAction\":[{\"@type\":\"ReadAction\",\"target\":[\"https:\\\/\\\/wp.kristdemokraterna.se\\\/kalmarlan\\\/eget-ansvar-viktigt-i-debatten-om-handelserna-i-husby\\\/\"]}]},{\"@type\":\"ImageObject\",\"inLanguage\":\"sv-SE\",\"@id\":\"https:\\\/\\\/wp.kristdemokraterna.se\\\/kalmarlan\\\/eget-ansvar-viktigt-i-debatten-om-handelserna-i-husby\\\/#primaryimage\",\"url\":\"https:\\\/\\\/wp.kristdemokraterna.se\\\/kalmarlan\\\/files\\\/2013\\\/06\\\/kampanj-i-kalmar.jpg\",\"contentUrl\":\"https:\\\/\\\/wp.kristdemokraterna.se\\\/kalmarlan\\\/files\\\/2013\\\/06\\\/kampanj-i-kalmar.jpg\",\"width\":960,\"height\":568},{\"@type\":\"BreadcrumbList\",\"@id\":\"https:\\\/\\\/wp.kristdemokraterna.se\\\/kalmarlan\\\/eget-ansvar-viktigt-i-debatten-om-handelserna-i-husby\\\/#breadcrumb\",\"itemListElement\":[{\"@type\":\"ListItem\",\"position\":1,\"name\":\"Hem\",\"item\":\"https:\\\/\\\/wp.kristdemokraterna.se\\\/kalmarlan\\\/\"},{\"@type\":\"ListItem\",\"position\":2,\"name\":\"Eget ansvar viktigt i debatten om h\u00e4ndelserna i Husby\"}]},{\"@type\":\"WebSite\",\"@id\":\"https:\\\/\\\/wp.kristdemokraterna.se\\\/kalmarlan\\\/#website\",\"url\":\"https:\\\/\\\/wp.kristdemokraterna.se\\\/kalmarlan\\\/\",\"name\":\"i Kalmar l\u00e4n\",\"description\":\"\",\"inLanguage\":\"sv-SE\"},{\"@type\":\"Person\",\"@id\":\"https:\\\/\\\/wp.kristdemokraterna.se\\\/kalmarlan\\\/#\\\/schema\\\/person\\\/a1856739934bf9c6a11fb258646ea2a5\",\"name\":\"kalmarlan\",\"image\":{\"@type\":\"ImageObject\",\"inLanguage\":\"sv-SE\",\"@id\":\"https:\\\/\\\/secure.gravatar.com\\\/avatar\\\/ef1f7dcd1b21be34f0f3e58a032955c2de43794b20090a23118cd0e2a8964e6e?s=96&r=g\",\"url\":\"https:\\\/\\\/secure.gravatar.com\\\/avatar\\\/ef1f7dcd1b21be34f0f3e58a032955c2de43794b20090a23118cd0e2a8964e6e?s=96&r=g\",\"contentUrl\":\"https:\\\/\\\/secure.gravatar.com\\\/avatar\\\/ef1f7dcd1b21be34f0f3e58a032955c2de43794b20090a23118cd0e2a8964e6e?s=96&r=g\",\"caption\":\"kalmarlan\"},\"url\":\"https:\\\/\\\/wp.kristdemokraterna.se\\\/kalmarlan\\\/author\\\/kalmarlan\\\/\"}]}<\/script>\n<!-- \/ Yoast SEO plugin. -->","yoast_head_json":{"title":"Eget ansvar viktigt i debatten om h\u00e4ndelserna i Husby - i Kalmar l\u00e4n","robots":{"index":"index","follow":"follow","max-snippet":"max-snippet:-1","max-image-preview":"max-image-preview:large","max-video-preview":"max-video-preview:-1"},"canonical":"https:\/\/wp.kristdemokraterna.se\/kalmarlan\/eget-ansvar-viktigt-i-debatten-om-handelserna-i-husby\/","og_locale":"sv_SE","og_type":"article","og_title":"Eget ansvar viktigt i debatten om h\u00e4ndelserna i Husby - i Kalmar l\u00e4n","og_description":"Pressmeddelande 2013-06-01 \u2013 M\u00e4nniskor har alltid ett ansvar f\u00f6r sina egna handlingar. Hur frustrerad man \u00e4n \u00e4r s\u00e5 \u00e4r det fel att f\u00f6rst\u00f6ra f\u00f6r andra. Att br\u00e4nna bilar \u00e4r minst sagt kontraproduktivt om man vill f\u00f6ra fram sin \u00e5sikt. Det sa Anders Andersson, riksdagsledamot (KD), n\u00e4r han p\u00e5 l\u00f6rdagen deltog i partiets kampanjarbete i Kalmar, Read More","og_url":"https:\/\/wp.kristdemokraterna.se\/kalmarlan\/eget-ansvar-viktigt-i-debatten-om-handelserna-i-husby\/","og_site_name":"i Kalmar l\u00e4n","article_published_time":"2013-06-01T15:38:59+00:00","article_modified_time":"2013-09-13T18:23:28+00:00","og_image":[{"url":"http:\/\/wp.kristdemokraterna.se\/kalmarlan\/files\/2013\/06\/kampanj-i-kalmar.jpg","type":"","width":"","height":""}],"author":"kalmarlan","twitter_card":"summary_large_image","twitter_misc":{"Skriven av":"kalmarlan","Ber\u00e4knad l\u00e4stid":"2 minuter"},"schema":{"@context":"https:\/\/schema.org","@graph":[{"@type":"Article","@id":"https:\/\/wp.kristdemokraterna.se\/kalmarlan\/eget-ansvar-viktigt-i-debatten-om-handelserna-i-husby\/#article","isPartOf":{"@id":"https:\/\/wp.kristdemokraterna.se\/kalmarlan\/eget-ansvar-viktigt-i-debatten-om-handelserna-i-husby\/"},"author":{"name":"kalmarlan","@id":"https:\/\/wp.kristdemokraterna.se\/kalmarlan\/#\/schema\/person\/a1856739934bf9c6a11fb258646ea2a5"},"headline":"Eget ansvar viktigt i debatten om h\u00e4ndelserna i Husby","datePublished":"2013-06-01T15:38:59+00:00","dateModified":"2013-09-13T18:23:28+00:00","mainEntityOfPage":{"@id":"https:\/\/wp.kristdemokraterna.se\/kalmarlan\/eget-ansvar-viktigt-i-debatten-om-handelserna-i-husby\/"},"wordCount":312,"commentCount":0,"image":{"@id":"https:\/\/wp.kristdemokraterna.se\/kalmarlan\/eget-ansvar-viktigt-i-debatten-om-handelserna-i-husby\/#primaryimage"},"thumbnailUrl":"http:\/\/wp.kristdemokraterna.se\/kalmarlan\/files\/2013\/06\/kampanj-i-kalmar.jpg","inLanguage":"sv-SE"},{"@type":"WebPage","@id":"https:\/\/wp.kristdemokraterna.se\/kalmarlan\/eget-ansvar-viktigt-i-debatten-om-handelserna-i-husby\/","url":"https:\/\/wp.kristdemokraterna.se\/kalmarlan\/eget-ansvar-viktigt-i-debatten-om-handelserna-i-husby\/","name":"Eget ansvar viktigt i debatten om h\u00e4ndelserna i Husby - i Kalmar l\u00e4n","isPartOf":{"@id":"https:\/\/wp.kristdemokraterna.se\/kalmarlan\/#website"},"primaryImageOfPage":{"@id":"https:\/\/wp.kristdemokraterna.se\/kalmarlan\/eget-ansvar-viktigt-i-debatten-om-handelserna-i-husby\/#primaryimage"},"image":{"@id":"https:\/\/wp.kristdemokraterna.se\/kalmarlan\/eget-ansvar-viktigt-i-debatten-om-handelserna-i-husby\/#primaryimage"},"thumbnailUrl":"http:\/\/wp.kristdemokraterna.se\/kalmarlan\/files\/2013\/06\/kampanj-i-kalmar.jpg","datePublished":"2013-06-01T15:38:59+00:00","dateModified":"2013-09-13T18:23:28+00:00","author":{"@id":"https:\/\/wp.kristdemokraterna.se\/kalmarlan\/#\/schema\/person\/a1856739934bf9c6a11fb258646ea2a5"},"breadcrumb":{"@id":"https:\/\/wp.kristdemokraterna.se\/kalmarlan\/eget-ansvar-viktigt-i-debatten-om-handelserna-i-husby\/#breadcrumb"},"inLanguage":"sv-SE","potentialAction":[{"@type":"ReadAction","target":["https:\/\/wp.kristdemokraterna.se\/kalmarlan\/eget-ansvar-viktigt-i-debatten-om-handelserna-i-husby\/"]}]},{"@type":"ImageObject","inLanguage":"sv-SE","@id":"https:\/\/wp.kristdemokraterna.se\/kalmarlan\/eget-ansvar-viktigt-i-debatten-om-handelserna-i-husby\/#primaryimage","url":"https:\/\/wp.kristdemokraterna.se\/kalmarlan\/files\/2013\/06\/kampanj-i-kalmar.jpg","contentUrl":"https:\/\/wp.kristdemokraterna.se\/kalmarlan\/files\/2013\/06\/kampanj-i-kalmar.jpg","width":960,"height":568},{"@type":"BreadcrumbList","@id":"https:\/\/wp.kristdemokraterna.se\/kalmarlan\/eget-ansvar-viktigt-i-debatten-om-handelserna-i-husby\/#breadcrumb","itemListElement":[{"@type":"ListItem","position":1,"name":"Hem","item":"https:\/\/wp.kristdemokraterna.se\/kalmarlan\/"},{"@type":"ListItem","position":2,"name":"Eget ansvar viktigt i debatten om h\u00e4ndelserna i Husby"}]},{"@type":"WebSite","@id":"https:\/\/wp.kristdemokraterna.se\/kalmarlan\/#website","url":"https:\/\/wp.kristdemokraterna.se\/kalmarlan\/","name":"i Kalmar l\u00e4n","description":"","inLanguage":"sv-SE"},{"@type":"Person","@id":"https:\/\/wp.kristdemokraterna.se\/kalmarlan\/#\/schema\/person\/a1856739934bf9c6a11fb258646ea2a5","name":"kalmarlan","image":{"@type":"ImageObject","inLanguage":"sv-SE","@id":"https:\/\/secure.gravatar.com\/avatar\/ef1f7dcd1b21be34f0f3e58a032955c2de43794b20090a23118cd0e2a8964e6e?s=96&r=g","url":"https:\/\/secure.gravatar.com\/avatar\/ef1f7dcd1b21be34f0f3e58a032955c2de43794b20090a23118cd0e2a8964e6e?s=96&r=g","contentUrl":"https:\/\/secure.gravatar.com\/avatar\/ef1f7dcd1b21be34f0f3e58a032955c2de43794b20090a23118cd0e2a8964e6e?s=96&r=g","caption":"kalmarlan"},"url":"https:\/\/wp.kristdemokraterna.se\/kalmarlan\/author\/kalmarlan\/"}]}},"_links":{"self":[{"href":"https:\/\/wp.kristdemokraterna.se\/kalmarlan\/wp-json\/wp\/v2\/posts\/36","targetHints":{"allow":["GET"]}}],"collection":[{"href":"https:\/\/wp.kristdemokraterna.se\/kalmarlan\/wp-json\/wp\/v2\/posts"}],"about":[{"href":"https:\/\/wp.kristdemokraterna.se\/kalmarlan\/wp-json\/wp\/v2\/types\/post"}],"author":[{"embeddable":true,"href":"https:\/\/wp.kristdemokraterna.se\/kalmarlan\/wp-json\/wp\/v2\/users\/417"}],"replies":[{"embeddable":true,"href":"https:\/\/wp.kristdemokraterna.se\/kalmarlan\/wp-json\/wp\/v2\/comments?post=36"}],"version-history":[{"count":4,"href":"https:\/\/wp.kristdemokraterna.se\/kalmarlan\/wp-json\/wp\/v2\/posts\/36\/revisions"}],"predecessor-version":[{"id":215,"href":"https:\/\/wp.kristdemokraterna.se\/kalmarlan\/wp-json\/wp\/v2\/posts\/36\/revisions\/215"}],"wp:attachment":[{"href":"https:\/\/wp.kristdemokraterna.se\/kalmarlan\/wp-json\/wp\/v2\/media?parent=36"}],"wp:term":[{"taxonomy":"category","embeddable":true,"href":"https:\/\/wp.kristdemokraterna.se\/kalmarlan\/wp-json\/wp\/v2\/categories?post=36"},{"taxonomy":"post_tag","embeddable":true,"href":"https:\/\/wp.kristdemokraterna.se\/kalmarlan\/wp-json\/wp\/v2\/tags?post=36"}],"curies":[{"name":"wp","href":"https:\/\/api.w.org\/{rel}","templated":true}]}}