{"id":375,"date":"2014-04-29T13:47:30","date_gmt":"2014-04-29T11:47:30","guid":{"rendered":"http:\/\/wp.kristdemokraterna.se\/kalmarlan\/?p=375"},"modified":"2014-04-29T13:47:30","modified_gmt":"2014-04-29T11:47:30","slug":"starkt-foraldrastod-klubbas-i-riksdagen-idag","status":"publish","type":"post","link":"https:\/\/wp.kristdemokraterna.se\/kalmarlan\/starkt-foraldrastod-klubbas-i-riksdagen-idag\/","title":{"rendered":"St\u00e4rkt f\u00f6r\u00e4ldrast\u00f6d klubbas i riksdagen idag"},"content":{"rendered":"<p><em>Pressmeddelande<br \/>\nStockholm 29 april 2014 <\/em><\/p>\n<p>\u2013 F\u00f6r\u00e4ldrarna \u00e4r de viktigaste personerna i barnens liv och f\u00f6r att klara sin viktiga uppgift vill vi ge st\u00f6d n\u00e4r det beh\u00f6vs. Att vara f\u00f6r\u00e4lder betyder mycket gl\u00e4dje men det inneb\u00e4r ocks\u00e5 stora krav. <\/p>\n<p>Det s\u00e4ger Anders Andersson, riksdagsledamot (Kd) fr\u00e5n Kalmar l\u00e4n i samband med att riksdagen idag klubbar genom regeringens skrivelse \u201dEtt st\u00e4rkt f\u00f6r\u00e4ldrast\u00f6d \u2013 f\u00f6r barnets r\u00e4tt till trygga uppv\u00e4xtvillkor\u201d. <\/p>\n<p>\u2013 Vi som kristdemokrater har jobbar h\u00e5rt f\u00f6r att st\u00e4rka f\u00f6r\u00e4ldrarollen. Denna skrivelse b\u00e4r tydliga avtryck av Kristdemokratisk politik och hade knappast blivit verklighet utan v\u00e5r medverkan i regeringen, s\u00e4ger Anders Andersson. <\/p>\n<p>Den \u00f6vergripande m\u00e5ls\u00e4ttningen f\u00f6r regeringens f\u00f6r\u00e4ldrast\u00f6dspolitik \u00e4r att alla f\u00f6r\u00e4ldrar med barn under 18 \u00e5r ska erbjudas st\u00f6d i sitt f\u00f6r\u00e4ldraskap. Regeringen har under de senaste \u00e5ren satsat 140 miljoner f\u00f6r att f\u00f6rb\u00e4ttra arbetet med f\u00f6r\u00e4ldrast\u00f6d och strategin har inget slutdatum utan ambitionen \u00e4r att forts\u00e4tta med att st\u00e4rka f\u00f6r\u00e4ldrar i deras uppgift. <\/p>\n<p>&#8211; F\u00f6r\u00e4ldrarna k\u00e4nner sina barn b\u00e4st och det \u00e4r varje f\u00f6r\u00e4lder som utifr\u00e5n sitt barns behov kan oms\u00e4tta den erbjudna kunskapen i sin f\u00f6r\u00e4ldraroll, s\u00e4ger Anders Andersson. <\/p>\n<p>Bidragen fr\u00e5n staten har bland annat g\u00e5tt till kommuner som i samarbete med landsting och ideella organisationer erbjuder f\u00f6r\u00e4ldrar att delta i f\u00f6r\u00e4ldrast\u00f6dsgrupper.<\/p>\n<p>\u201dEtt st\u00e4rkt f\u00f6r\u00e4ldrast\u00f6d &#8211; f\u00f6r barnets r\u00e4tt till trygga uppv\u00e4xtvillkor\u201d<br \/>\nhttp:\/\/www.regeringen.se\/sb\/d\/108\/a\/234139<\/p>\n<p>F\u00f6r mer information:<br \/>\nAnders Andersson<br \/>\nRiksdagsledamot (Kd)<br \/>\n070-249 82 12<\/p>\n","protected":false},"excerpt":{"rendered":"<p>Pressmeddelande Stockholm 29 april 2014 \u2013 F\u00f6r\u00e4ldrarna \u00e4r de viktigaste personerna i barnens liv och f\u00f6r att klara sin viktiga uppgift vill vi ge st\u00f6d n\u00e4r det beh\u00f6vs. Att vara f\u00f6r\u00e4lder betyder mycket gl\u00e4dje men det inneb\u00e4r ocks\u00e5 stora krav. Det s\u00e4ger Anders Andersson, riksdagsledamot (Kd) fr\u00e5n Kalmar l\u00e4n i samband med att riksdagen idag <a class=\"read-more-link\" href=\"https:\/\/wp.kristdemokraterna.se\/kalmarlan\/starkt-foraldrastod-klubbas-i-riksdagen-idag\/\">Read More<\/a><\/p>\n","protected":false},"author":417,"featured_media":0,"comment_status":"open","ping_status":"open","sticky":false,"template":"","format":"standard","meta":{"_acf_changed":false,"footnotes":""},"categories":[1],"tags":[],"class_list":["post-375","post","type-post","status-publish","format-standard","hentry","category-okategoriserade"],"acf":[],"yoast_head":"<!-- This site is optimized with the Yoast SEO plugin v27.4 - https:\/\/yoast.com\/product\/yoast-seo-wordpress\/ -->\n<title>St\u00e4rkt f\u00f6r\u00e4ldrast\u00f6d klubbas i riksdagen idag - i Kalmar l\u00e4n<\/title>\n<meta name=\"robots\" content=\"index, follow, max-snippet:-1, max-image-preview:large, max-video-preview:-1\" \/>\n<link rel=\"canonical\" href=\"https:\/\/wp.kristdemokraterna.se\/kalmarlan\/starkt-foraldrastod-klubbas-i-riksdagen-idag\/\" \/>\n<meta property=\"og:locale\" content=\"sv_SE\" \/>\n<meta property=\"og:type\" content=\"article\" \/>\n<meta property=\"og:title\" content=\"St\u00e4rkt f\u00f6r\u00e4ldrast\u00f6d klubbas i riksdagen idag - i Kalmar l\u00e4n\" \/>\n<meta property=\"og:description\" content=\"Pressmeddelande Stockholm 29 april 2014 \u2013 F\u00f6r\u00e4ldrarna \u00e4r de viktigaste personerna i barnens liv och f\u00f6r att klara sin viktiga uppgift vill vi ge st\u00f6d n\u00e4r det beh\u00f6vs. Att vara f\u00f6r\u00e4lder betyder mycket gl\u00e4dje men det inneb\u00e4r ocks\u00e5 stora krav. Det s\u00e4ger Anders Andersson, riksdagsledamot (Kd) fr\u00e5n Kalmar l\u00e4n i samband med att riksdagen idag Read More\" \/>\n<meta property=\"og:url\" content=\"https:\/\/wp.kristdemokraterna.se\/kalmarlan\/starkt-foraldrastod-klubbas-i-riksdagen-idag\/\" \/>\n<meta property=\"og:site_name\" content=\"i Kalmar l\u00e4n\" \/>\n<meta property=\"article:published_time\" content=\"2014-04-29T11:47:30+00:00\" \/>\n<meta name=\"author\" content=\"kalmarlan\" \/>\n<meta name=\"twitter:card\" content=\"summary_large_image\" \/>\n<meta name=\"twitter:label1\" content=\"Skriven av\" \/>\n\t<meta name=\"twitter:data1\" content=\"kalmarlan\" \/>\n\t<meta name=\"twitter:label2\" content=\"Ber\u00e4knad l\u00e4stid\" \/>\n\t<meta name=\"twitter:data2\" content=\"1 minut\" \/>\n<script type=\"application\/ld+json\" class=\"yoast-schema-graph\">{\"@context\":\"https:\\\/\\\/schema.org\",\"@graph\":[{\"@type\":\"Article\",\"@id\":\"https:\\\/\\\/wp.kristdemokraterna.se\\\/kalmarlan\\\/starkt-foraldrastod-klubbas-i-riksdagen-idag\\\/#article\",\"isPartOf\":{\"@id\":\"https:\\\/\\\/wp.kristdemokraterna.se\\\/kalmarlan\\\/starkt-foraldrastod-klubbas-i-riksdagen-idag\\\/\"},\"author\":{\"name\":\"kalmarlan\",\"@id\":\"https:\\\/\\\/wp.kristdemokraterna.se\\\/kalmarlan\\\/#\\\/schema\\\/person\\\/a1856739934bf9c6a11fb258646ea2a5\"},\"headline\":\"St\u00e4rkt f\u00f6r\u00e4ldrast\u00f6d klubbas i riksdagen idag\",\"datePublished\":\"2014-04-29T11:47:30+00:00\",\"mainEntityOfPage\":{\"@id\":\"https:\\\/\\\/wp.kristdemokraterna.se\\\/kalmarlan\\\/starkt-foraldrastod-klubbas-i-riksdagen-idag\\\/\"},\"wordCount\":307,\"commentCount\":0,\"inLanguage\":\"sv-SE\"},{\"@type\":\"WebPage\",\"@id\":\"https:\\\/\\\/wp.kristdemokraterna.se\\\/kalmarlan\\\/starkt-foraldrastod-klubbas-i-riksdagen-idag\\\/\",\"url\":\"https:\\\/\\\/wp.kristdemokraterna.se\\\/kalmarlan\\\/starkt-foraldrastod-klubbas-i-riksdagen-idag\\\/\",\"name\":\"St\u00e4rkt f\u00f6r\u00e4ldrast\u00f6d klubbas i riksdagen idag - i Kalmar l\u00e4n\",\"isPartOf\":{\"@id\":\"https:\\\/\\\/wp.kristdemokraterna.se\\\/kalmarlan\\\/#website\"},\"datePublished\":\"2014-04-29T11:47:30+00:00\",\"author\":{\"@id\":\"https:\\\/\\\/wp.kristdemokraterna.se\\\/kalmarlan\\\/#\\\/schema\\\/person\\\/a1856739934bf9c6a11fb258646ea2a5\"},\"breadcrumb\":{\"@id\":\"https:\\\/\\\/wp.kristdemokraterna.se\\\/kalmarlan\\\/starkt-foraldrastod-klubbas-i-riksdagen-idag\\\/#breadcrumb\"},\"inLanguage\":\"sv-SE\",\"potentialAction\":[{\"@type\":\"ReadAction\",\"target\":[\"https:\\\/\\\/wp.kristdemokraterna.se\\\/kalmarlan\\\/starkt-foraldrastod-klubbas-i-riksdagen-idag\\\/\"]}]},{\"@type\":\"BreadcrumbList\",\"@id\":\"https:\\\/\\\/wp.kristdemokraterna.se\\\/kalmarlan\\\/starkt-foraldrastod-klubbas-i-riksdagen-idag\\\/#breadcrumb\",\"itemListElement\":[{\"@type\":\"ListItem\",\"position\":1,\"name\":\"Hem\",\"item\":\"https:\\\/\\\/wp.kristdemokraterna.se\\\/kalmarlan\\\/\"},{\"@type\":\"ListItem\",\"position\":2,\"name\":\"St\u00e4rkt f\u00f6r\u00e4ldrast\u00f6d klubbas i riksdagen idag\"}]},{\"@type\":\"WebSite\",\"@id\":\"https:\\\/\\\/wp.kristdemokraterna.se\\\/kalmarlan\\\/#website\",\"url\":\"https:\\\/\\\/wp.kristdemokraterna.se\\\/kalmarlan\\\/\",\"name\":\"i Kalmar l\u00e4n\",\"description\":\"\",\"inLanguage\":\"sv-SE\"},{\"@type\":\"Person\",\"@id\":\"https:\\\/\\\/wp.kristdemokraterna.se\\\/kalmarlan\\\/#\\\/schema\\\/person\\\/a1856739934bf9c6a11fb258646ea2a5\",\"name\":\"kalmarlan\",\"image\":{\"@type\":\"ImageObject\",\"inLanguage\":\"sv-SE\",\"@id\":\"https:\\\/\\\/secure.gravatar.com\\\/avatar\\\/ef1f7dcd1b21be34f0f3e58a032955c2de43794b20090a23118cd0e2a8964e6e?s=96&r=g\",\"url\":\"https:\\\/\\\/secure.gravatar.com\\\/avatar\\\/ef1f7dcd1b21be34f0f3e58a032955c2de43794b20090a23118cd0e2a8964e6e?s=96&r=g\",\"contentUrl\":\"https:\\\/\\\/secure.gravatar.com\\\/avatar\\\/ef1f7dcd1b21be34f0f3e58a032955c2de43794b20090a23118cd0e2a8964e6e?s=96&r=g\",\"caption\":\"kalmarlan\"},\"url\":\"https:\\\/\\\/wp.kristdemokraterna.se\\\/kalmarlan\\\/author\\\/kalmarlan\\\/\"}]}<\/script>\n<!-- \/ Yoast SEO plugin. -->","yoast_head_json":{"title":"St\u00e4rkt f\u00f6r\u00e4ldrast\u00f6d klubbas i riksdagen idag - i Kalmar l\u00e4n","robots":{"index":"index","follow":"follow","max-snippet":"max-snippet:-1","max-image-preview":"max-image-preview:large","max-video-preview":"max-video-preview:-1"},"canonical":"https:\/\/wp.kristdemokraterna.se\/kalmarlan\/starkt-foraldrastod-klubbas-i-riksdagen-idag\/","og_locale":"sv_SE","og_type":"article","og_title":"St\u00e4rkt f\u00f6r\u00e4ldrast\u00f6d klubbas i riksdagen idag - i Kalmar l\u00e4n","og_description":"Pressmeddelande Stockholm 29 april 2014 \u2013 F\u00f6r\u00e4ldrarna \u00e4r de viktigaste personerna i barnens liv och f\u00f6r att klara sin viktiga uppgift vill vi ge st\u00f6d n\u00e4r det beh\u00f6vs. Att vara f\u00f6r\u00e4lder betyder mycket gl\u00e4dje men det inneb\u00e4r ocks\u00e5 stora krav. Det s\u00e4ger Anders Andersson, riksdagsledamot (Kd) fr\u00e5n Kalmar l\u00e4n i samband med att riksdagen idag Read More","og_url":"https:\/\/wp.kristdemokraterna.se\/kalmarlan\/starkt-foraldrastod-klubbas-i-riksdagen-idag\/","og_site_name":"i Kalmar l\u00e4n","article_published_time":"2014-04-29T11:47:30+00:00","author":"kalmarlan","twitter_card":"summary_large_image","twitter_misc":{"Skriven av":"kalmarlan","Ber\u00e4knad l\u00e4stid":"1 minut"},"schema":{"@context":"https:\/\/schema.org","@graph":[{"@type":"Article","@id":"https:\/\/wp.kristdemokraterna.se\/kalmarlan\/starkt-foraldrastod-klubbas-i-riksdagen-idag\/#article","isPartOf":{"@id":"https:\/\/wp.kristdemokraterna.se\/kalmarlan\/starkt-foraldrastod-klubbas-i-riksdagen-idag\/"},"author":{"name":"kalmarlan","@id":"https:\/\/wp.kristdemokraterna.se\/kalmarlan\/#\/schema\/person\/a1856739934bf9c6a11fb258646ea2a5"},"headline":"St\u00e4rkt f\u00f6r\u00e4ldrast\u00f6d klubbas i riksdagen idag","datePublished":"2014-04-29T11:47:30+00:00","mainEntityOfPage":{"@id":"https:\/\/wp.kristdemokraterna.se\/kalmarlan\/starkt-foraldrastod-klubbas-i-riksdagen-idag\/"},"wordCount":307,"commentCount":0,"inLanguage":"sv-SE"},{"@type":"WebPage","@id":"https:\/\/wp.kristdemokraterna.se\/kalmarlan\/starkt-foraldrastod-klubbas-i-riksdagen-idag\/","url":"https:\/\/wp.kristdemokraterna.se\/kalmarlan\/starkt-foraldrastod-klubbas-i-riksdagen-idag\/","name":"St\u00e4rkt f\u00f6r\u00e4ldrast\u00f6d klubbas i riksdagen idag - i Kalmar l\u00e4n","isPartOf":{"@id":"https:\/\/wp.kristdemokraterna.se\/kalmarlan\/#website"},"datePublished":"2014-04-29T11:47:30+00:00","author":{"@id":"https:\/\/wp.kristdemokraterna.se\/kalmarlan\/#\/schema\/person\/a1856739934bf9c6a11fb258646ea2a5"},"breadcrumb":{"@id":"https:\/\/wp.kristdemokraterna.se\/kalmarlan\/starkt-foraldrastod-klubbas-i-riksdagen-idag\/#breadcrumb"},"inLanguage":"sv-SE","potentialAction":[{"@type":"ReadAction","target":["https:\/\/wp.kristdemokraterna.se\/kalmarlan\/starkt-foraldrastod-klubbas-i-riksdagen-idag\/"]}]},{"@type":"BreadcrumbList","@id":"https:\/\/wp.kristdemokraterna.se\/kalmarlan\/starkt-foraldrastod-klubbas-i-riksdagen-idag\/#breadcrumb","itemListElement":[{"@type":"ListItem","position":1,"name":"Hem","item":"https:\/\/wp.kristdemokraterna.se\/kalmarlan\/"},{"@type":"ListItem","position":2,"name":"St\u00e4rkt f\u00f6r\u00e4ldrast\u00f6d klubbas i riksdagen idag"}]},{"@type":"WebSite","@id":"https:\/\/wp.kristdemokraterna.se\/kalmarlan\/#website","url":"https:\/\/wp.kristdemokraterna.se\/kalmarlan\/","name":"i Kalmar l\u00e4n","description":"","inLanguage":"sv-SE"},{"@type":"Person","@id":"https:\/\/wp.kristdemokraterna.se\/kalmarlan\/#\/schema\/person\/a1856739934bf9c6a11fb258646ea2a5","name":"kalmarlan","image":{"@type":"ImageObject","inLanguage":"sv-SE","@id":"https:\/\/secure.gravatar.com\/avatar\/ef1f7dcd1b21be34f0f3e58a032955c2de43794b20090a23118cd0e2a8964e6e?s=96&r=g","url":"https:\/\/secure.gravatar.com\/avatar\/ef1f7dcd1b21be34f0f3e58a032955c2de43794b20090a23118cd0e2a8964e6e?s=96&r=g","contentUrl":"https:\/\/secure.gravatar.com\/avatar\/ef1f7dcd1b21be34f0f3e58a032955c2de43794b20090a23118cd0e2a8964e6e?s=96&r=g","caption":"kalmarlan"},"url":"https:\/\/wp.kristdemokraterna.se\/kalmarlan\/author\/kalmarlan\/"}]}},"_links":{"self":[{"href":"https:\/\/wp.kristdemokraterna.se\/kalmarlan\/wp-json\/wp\/v2\/posts\/375","targetHints":{"allow":["GET"]}}],"collection":[{"href":"https:\/\/wp.kristdemokraterna.se\/kalmarlan\/wp-json\/wp\/v2\/posts"}],"about":[{"href":"https:\/\/wp.kristdemokraterna.se\/kalmarlan\/wp-json\/wp\/v2\/types\/post"}],"author":[{"embeddable":true,"href":"https:\/\/wp.kristdemokraterna.se\/kalmarlan\/wp-json\/wp\/v2\/users\/417"}],"replies":[{"embeddable":true,"href":"https:\/\/wp.kristdemokraterna.se\/kalmarlan\/wp-json\/wp\/v2\/comments?post=375"}],"version-history":[{"count":1,"href":"https:\/\/wp.kristdemokraterna.se\/kalmarlan\/wp-json\/wp\/v2\/posts\/375\/revisions"}],"predecessor-version":[{"id":376,"href":"https:\/\/wp.kristdemokraterna.se\/kalmarlan\/wp-json\/wp\/v2\/posts\/375\/revisions\/376"}],"wp:attachment":[{"href":"https:\/\/wp.kristdemokraterna.se\/kalmarlan\/wp-json\/wp\/v2\/media?parent=375"}],"wp:term":[{"taxonomy":"category","embeddable":true,"href":"https:\/\/wp.kristdemokraterna.se\/kalmarlan\/wp-json\/wp\/v2\/categories?post=375"},{"taxonomy":"post_tag","embeddable":true,"href":"https:\/\/wp.kristdemokraterna.se\/kalmarlan\/wp-json\/wp\/v2\/tags?post=375"}],"curies":[{"name":"wp","href":"https:\/\/api.w.org\/{rel}","templated":true}]}}