{"id":378,"date":"2014-05-03T23:15:34","date_gmt":"2014-05-03T21:15:34","guid":{"rendered":"http:\/\/wp.kristdemokraterna.se\/kalmarlan\/?p=378"},"modified":"2014-05-03T23:16:56","modified_gmt":"2014-05-03T21:16:56","slug":"gudrun-brunegard-kd-reformera-eu-radda-grisknorren-och-ostersjon","status":"publish","type":"post","link":"https:\/\/wp.kristdemokraterna.se\/kalmarlan\/gudrun-brunegard-kd-reformera-eu-radda-grisknorren-och-ostersjon\/","title":{"rendered":"EU-valr\u00f6resen \u00e4r ig\u00e5ng!"},"content":{"rendered":"<p>Pressmeddelande<br \/>\nKalmar l\u00e4n den 2 maj 2014<\/p>\n<p><strong>&#8211; Den h\u00e4r helgen startar valr\u00f6relsen f\u00f6r mig som Kristdemokraternas Kalmarl\u00e4nskandidat, inf\u00f6r valet till Europaparlamentet om tre veckor. Det \u00e4r viktigt att f\u00e5 v\u00e5ra v\u00e4ljare att g\u00e5 och r\u00f6sta, s\u00e5 att partier med goda, demokratiska v\u00e4rderingar och med m\u00e4nniskov\u00e4rdet som grund beh\u00e5ller majoriteten i parlamentet.<\/strong><br \/>\n<strong> Det s\u00e4ger Gudrun Bruneg\u00e5rd (KD), Vimmerby, som st\u00e5r som kandidat nummer 14 p\u00e5 valsedeln. <\/strong><\/p>\n<p>&#8211; Sedan kristdemokrater en g\u00e5ng tog initiativet till det som blev EU har det i vissa avseenden utvecklats p\u00e5 ett s\u00e4tt som vi inte gillar. Parlamentet \u00e4gnar sig \u00e5t f\u00f6r mycket kl\u00e5fingriga detaljer, som b\u00e4ttre sk\u00f6ts i de nationella parlamenten, om det \u00f6ver huvud taget<\/p>\n<div id=\"attachment_380\" style=\"width: 310px\" class=\"wp-caption alignright\"><a href=\"http:\/\/wp.kristdemokraterna.se\/kalmarlan\/files\/2014\/05\/gb-o-aa.-jpg.jpg\"><img loading=\"lazy\" decoding=\"async\" aria-describedby=\"caption-attachment-380\" class=\"size-medium wp-image-380\" src=\"http:\/\/wp.kristdemokraterna.se\/kalmarlan\/files\/2014\/05\/gb-o-aa.-jpg-300x225.jpg\" alt=\"Anders andersson och GudrunBruneg\u00e5rd var i helgen med och sparkade ig\u00e5ng EU-valkamanjen i Kalmar l\u00e4n.\" width=\"300\" height=\"225\" srcset=\"https:\/\/wp.kristdemokraterna.se\/kalmarlan\/files\/2014\/05\/gb-o-aa.-jpg-300x225.jpg 300w, https:\/\/wp.kristdemokraterna.se\/kalmarlan\/files\/2014\/05\/gb-o-aa.-jpg-540x405.jpg 540w, https:\/\/wp.kristdemokraterna.se\/kalmarlan\/files\/2014\/05\/gb-o-aa.-jpg-461x346.jpg 461w, https:\/\/wp.kristdemokraterna.se\/kalmarlan\/files\/2014\/05\/gb-o-aa.-jpg-149x112.jpg 149w, https:\/\/wp.kristdemokraterna.se\/kalmarlan\/files\/2014\/05\/gb-o-aa.-jpg.jpg 640w\" sizes=\"auto, (max-width: 300px) 100vw, 300px\" \/><\/a><p id=\"caption-attachment-380\" class=\"wp-caption-text\">Anders andersson och GudrunBruneg\u00e5rd var i helgen med och sparkade ig\u00e5ng EU-valkamanjen i Kalmar l\u00e4n.<\/p><\/div>\n<p>\u00e4r politiska beslut, t ex svenskt snus, sm\u00e5l\u00e4ndsk ostkaka och gurkb\u00f6jar. Kvoterad f\u00f6r\u00e4ldraf\u00f6rs\u00e4kring \u00e4r ett annat exempel, som varken EU-parlamentet eller riksdagen ska besluta om. Det ska f\u00f6r\u00e4ldrarna g\u00f6ra sj\u00e4lva. Med parollen \u201dR\u00e4tt agenda i Bryssel\u201d vill vi \u00e5terf\u00f6ra r\u00e4tt beslut till r\u00e4tt niv\u00e5, s\u00e4ger Gudrun Bruneg\u00e5rd.<\/p>\n<p>-Den st\u00f6rsta utgiftsposten i EU \u00e4r jordbruksst\u00f6det, men den st\u00f6rsta delen g\u00e5r inte till att st\u00f6dja till lantbruken i Norden, d\u00e4r gr\u00f6dorna v\u00e4xer l\u00e5ngsamt och man bara kan ta en sk\u00f6rd om \u00e5ret, eller till jordbruk i de l\u00e5gt mekaniserade nya medlemsl\u00e4nderna i \u00f6st. Nej, 85 % av jordbruksst\u00f6det g\u00e5r till ett litet antal franska storb\u00f6nder.<\/p>\n<p>-Vi vill reformera EU och styra om jordbrukssubventionerna, s\u00e5 att svenska b\u00f6nder f\u00e5r betalt f\u00f6r sin goda djurh\u00e5llning, med gott om plats f\u00f6r kor och grisar. Det ska l\u00f6na sig att\u00a0ha glada grisar med knorr p\u00e5 svansen.<\/p>\n<div id=\"attachment_382\" style=\"width: 310px\" class=\"wp-caption alignright\"><a href=\"http:\/\/wp.kristdemokraterna.se\/kalmarlan\/files\/2014\/05\/mas.alla_.jpg\"><img loading=\"lazy\" decoding=\"async\" aria-describedby=\"caption-attachment-382\" class=\"size-medium wp-image-382\" src=\"http:\/\/wp.kristdemokraterna.se\/kalmarlan\/files\/2014\/05\/mas.alla_-300x225.jpg\" alt=\"Glada kristdemokrater som EU-kampanjar p\u00e5 M\u00f6nster\u00e5s marknad \" width=\"300\" height=\"225\" srcset=\"https:\/\/wp.kristdemokraterna.se\/kalmarlan\/files\/2014\/05\/mas.alla_-300x225.jpg 300w, https:\/\/wp.kristdemokraterna.se\/kalmarlan\/files\/2014\/05\/mas.alla_-540x405.jpg 540w, https:\/\/wp.kristdemokraterna.se\/kalmarlan\/files\/2014\/05\/mas.alla_-461x346.jpg 461w, https:\/\/wp.kristdemokraterna.se\/kalmarlan\/files\/2014\/05\/mas.alla_-149x112.jpg 149w, https:\/\/wp.kristdemokraterna.se\/kalmarlan\/files\/2014\/05\/mas.alla_.jpg 1024w\" sizes=\"auto, (max-width: 300px) 100vw, 300px\" \/><\/a><p id=\"caption-attachment-382\" class=\"wp-caption-text\">Glada kristdemokrater som EU-kampanjar p\u00e5 M\u00f6nster\u00e5s marknad<\/p><\/div>\n<p>-\u00d6verg\u00f6dningen av \u00d6stersj\u00f6n m\u00e5ste stoppas. Om inte alla l\u00e4nder runt \u00d6stersj\u00f6n l\u00e4gger lika stor m\u00f6da p\u00e5 att minska kv\u00e4ve- och fosforutsl\u00e4pp som v\u00e5ra svenska lantbrukare kommer bottend\u00f6den forts\u00e4tta att breda ut sig. Alla l\u00e4nder m\u00e5ste hj\u00e4lpas \u00e5t att r\u00e4dda \u00d6stersj\u00f6n. Det \u00e4r viktigare att f\u00f6ra \u00f6ver jordbruksst\u00f6d till s\u00e5dana \u00e5tg\u00e4rder \u00e4n att forts\u00e4tta g\u00f6da franska storb\u00f6nder, s\u00e4ger Gudrun Bruneg\u00e5rd.<\/p>\n<p><a href=\"http:\/\/wp.kristdemokraterna.se\/kalmarlan\/files\/2014\/05\/gb1.eu_.jpg\"><img loading=\"lazy\" decoding=\"async\" class=\"aligncenter size-large wp-image-381\" src=\"http:\/\/wp.kristdemokraterna.se\/kalmarlan\/files\/2014\/05\/gb1.eu_-540x405.jpg\" alt=\"\" width=\"540\" height=\"405\" srcset=\"https:\/\/wp.kristdemokraterna.se\/kalmarlan\/files\/2014\/05\/gb1.eu_-540x405.jpg 540w, https:\/\/wp.kristdemokraterna.se\/kalmarlan\/files\/2014\/05\/gb1.eu_-300x225.jpg 300w, https:\/\/wp.kristdemokraterna.se\/kalmarlan\/files\/2014\/05\/gb1.eu_-461x346.jpg 461w, https:\/\/wp.kristdemokraterna.se\/kalmarlan\/files\/2014\/05\/gb1.eu_-149x112.jpg 149w, https:\/\/wp.kristdemokraterna.se\/kalmarlan\/files\/2014\/05\/gb1.eu_.jpg 1024w\" sizes=\"auto, (max-width: 540px) 100vw, 540px\" \/><\/a><\/p>\n<p><a href=\"http:\/\/wp.kristdemokraterna.se\/kalmarlan\/files\/2014\/05\/aa.eu_.jpg\"><img loading=\"lazy\" decoding=\"async\" class=\"aligncenter size-large wp-image-379\" src=\"http:\/\/wp.kristdemokraterna.se\/kalmarlan\/files\/2014\/05\/aa.eu_-405x540.jpg\" alt=\"\" width=\"405\" height=\"540\" srcset=\"https:\/\/wp.kristdemokraterna.se\/kalmarlan\/files\/2014\/05\/aa.eu_-405x540.jpg 405w, https:\/\/wp.kristdemokraterna.se\/kalmarlan\/files\/2014\/05\/aa.eu_-225x300.jpg 225w, https:\/\/wp.kristdemokraterna.se\/kalmarlan\/files\/2014\/05\/aa.eu_-259x346.jpg 259w, https:\/\/wp.kristdemokraterna.se\/kalmarlan\/files\/2014\/05\/aa.eu_-84x112.jpg 84w, https:\/\/wp.kristdemokraterna.se\/kalmarlan\/files\/2014\/05\/aa.eu_.jpg 768w\" sizes=\"auto, (max-width: 405px) 100vw, 405px\" \/><\/a><\/p>\n<div id=\"attachment_383\" style=\"width: 550px\" class=\"wp-caption aligncenter\"><a href=\"http:\/\/wp.kristdemokraterna.se\/kalmarlan\/files\/2014\/05\/mas.gb_.jpg\"><img loading=\"lazy\" decoding=\"async\" aria-describedby=\"caption-attachment-383\" class=\"size-large wp-image-383\" src=\"http:\/\/wp.kristdemokraterna.se\/kalmarlan\/files\/2014\/05\/mas.gb_-540x365.jpg\" alt=\"M\u00e5nga ville stanna och prata EU-fr\u00e5gor p\u00e5 m\u00f6nster\u00e5s marknad\" width=\"540\" height=\"365\" srcset=\"https:\/\/wp.kristdemokraterna.se\/kalmarlan\/files\/2014\/05\/mas.gb_-540x365.jpg 540w, https:\/\/wp.kristdemokraterna.se\/kalmarlan\/files\/2014\/05\/mas.gb_-300x203.jpg 300w, https:\/\/wp.kristdemokraterna.se\/kalmarlan\/files\/2014\/05\/mas.gb_-511x346.jpg 511w, https:\/\/wp.kristdemokraterna.se\/kalmarlan\/files\/2014\/05\/mas.gb_-165x112.jpg 165w, https:\/\/wp.kristdemokraterna.se\/kalmarlan\/files\/2014\/05\/mas.gb_.jpg 1024w\" sizes=\"auto, (max-width: 540px) 100vw, 540px\" \/><\/a><p id=\"caption-attachment-383\" class=\"wp-caption-text\">M\u00e5nga ville stanna och prata EU-fr\u00e5gor p\u00e5 M\u00f6nster\u00e5s marknad<\/p><\/div>\n","protected":false},"excerpt":{"rendered":"<p>Pressmeddelande Kalmar l\u00e4n den 2 maj 2014 &#8211; Den h\u00e4r helgen startar valr\u00f6relsen f\u00f6r mig som Kristdemokraternas Kalmarl\u00e4nskandidat, inf\u00f6r valet till Europaparlamentet om tre veckor. Det \u00e4r viktigt att f\u00e5 v\u00e5ra v\u00e4ljare att g\u00e5 och r\u00f6sta, s\u00e5 att partier med goda, demokratiska v\u00e4rderingar och med m\u00e4nniskov\u00e4rdet som grund beh\u00e5ller majoriteten i parlamentet. Det s\u00e4ger Gudrun <a class=\"read-more-link\" href=\"https:\/\/wp.kristdemokraterna.se\/kalmarlan\/gudrun-brunegard-kd-reformera-eu-radda-grisknorren-och-ostersjon\/\">Read More<\/a><\/p>\n","protected":false},"author":417,"featured_media":0,"comment_status":"closed","ping_status":"closed","sticky":false,"template":"","format":"standard","meta":{"_acf_changed":false,"footnotes":""},"categories":[1],"tags":[],"class_list":["post-378","post","type-post","status-publish","format-standard","hentry","category-okategoriserade"],"acf":[],"yoast_head":"<!-- This site is optimized with the Yoast SEO plugin v27.4 - https:\/\/yoast.com\/product\/yoast-seo-wordpress\/ -->\n<title>EU-valr\u00f6resen \u00e4r ig\u00e5ng! - i Kalmar l\u00e4n<\/title>\n<meta name=\"robots\" content=\"index, follow, max-snippet:-1, max-image-preview:large, max-video-preview:-1\" \/>\n<link rel=\"canonical\" href=\"https:\/\/wp.kristdemokraterna.se\/kalmarlan\/gudrun-brunegard-kd-reformera-eu-radda-grisknorren-och-ostersjon\/\" \/>\n<meta property=\"og:locale\" content=\"sv_SE\" \/>\n<meta property=\"og:type\" content=\"article\" \/>\n<meta property=\"og:title\" content=\"EU-valr\u00f6resen \u00e4r ig\u00e5ng! - i Kalmar l\u00e4n\" \/>\n<meta property=\"og:description\" content=\"Pressmeddelande Kalmar l\u00e4n den 2 maj 2014 &#8211; Den h\u00e4r helgen startar valr\u00f6relsen f\u00f6r mig som Kristdemokraternas Kalmarl\u00e4nskandidat, inf\u00f6r valet till Europaparlamentet om tre veckor. Det \u00e4r viktigt att f\u00e5 v\u00e5ra v\u00e4ljare att g\u00e5 och r\u00f6sta, s\u00e5 att partier med goda, demokratiska v\u00e4rderingar och med m\u00e4nniskov\u00e4rdet som grund beh\u00e5ller majoriteten i parlamentet. Det s\u00e4ger Gudrun Read More\" \/>\n<meta property=\"og:url\" content=\"https:\/\/wp.kristdemokraterna.se\/kalmarlan\/gudrun-brunegard-kd-reformera-eu-radda-grisknorren-och-ostersjon\/\" \/>\n<meta property=\"og:site_name\" content=\"i Kalmar l\u00e4n\" \/>\n<meta property=\"article:published_time\" content=\"2014-05-03T21:15:34+00:00\" \/>\n<meta property=\"article:modified_time\" content=\"2014-05-03T21:16:56+00:00\" \/>\n<meta property=\"og:image\" content=\"http:\/\/wp.kristdemokraterna.se\/kalmarlan\/files\/2014\/05\/gb-o-aa.-jpg-300x225.jpg\" \/>\n<meta name=\"author\" content=\"kalmarlan\" \/>\n<meta name=\"twitter:card\" content=\"summary_large_image\" \/>\n<meta name=\"twitter:label1\" content=\"Skriven av\" \/>\n\t<meta name=\"twitter:data1\" content=\"kalmarlan\" \/>\n\t<meta name=\"twitter:label2\" content=\"Ber\u00e4knad l\u00e4stid\" \/>\n\t<meta name=\"twitter:data2\" content=\"2 minuter\" \/>\n<script type=\"application\/ld+json\" class=\"yoast-schema-graph\">{\"@context\":\"https:\\\/\\\/schema.org\",\"@graph\":[{\"@type\":\"Article\",\"@id\":\"https:\\\/\\\/wp.kristdemokraterna.se\\\/kalmarlan\\\/gudrun-brunegard-kd-reformera-eu-radda-grisknorren-och-ostersjon\\\/#article\",\"isPartOf\":{\"@id\":\"https:\\\/\\\/wp.kristdemokraterna.se\\\/kalmarlan\\\/gudrun-brunegard-kd-reformera-eu-radda-grisknorren-och-ostersjon\\\/\"},\"author\":{\"name\":\"kalmarlan\",\"@id\":\"https:\\\/\\\/wp.kristdemokraterna.se\\\/kalmarlan\\\/#\\\/schema\\\/person\\\/a1856739934bf9c6a11fb258646ea2a5\"},\"headline\":\"EU-valr\u00f6resen \u00e4r ig\u00e5ng!\",\"datePublished\":\"2014-05-03T21:15:34+00:00\",\"dateModified\":\"2014-05-03T21:16:56+00:00\",\"mainEntityOfPage\":{\"@id\":\"https:\\\/\\\/wp.kristdemokraterna.se\\\/kalmarlan\\\/gudrun-brunegard-kd-reformera-eu-radda-grisknorren-och-ostersjon\\\/\"},\"wordCount\":459,\"image\":{\"@id\":\"https:\\\/\\\/wp.kristdemokraterna.se\\\/kalmarlan\\\/gudrun-brunegard-kd-reformera-eu-radda-grisknorren-och-ostersjon\\\/#primaryimage\"},\"thumbnailUrl\":\"http:\\\/\\\/wp.kristdemokraterna.se\\\/kalmarlan\\\/files\\\/2014\\\/05\\\/gb-o-aa.-jpg-300x225.jpg\",\"inLanguage\":\"sv-SE\"},{\"@type\":\"WebPage\",\"@id\":\"https:\\\/\\\/wp.kristdemokraterna.se\\\/kalmarlan\\\/gudrun-brunegard-kd-reformera-eu-radda-grisknorren-och-ostersjon\\\/\",\"url\":\"https:\\\/\\\/wp.kristdemokraterna.se\\\/kalmarlan\\\/gudrun-brunegard-kd-reformera-eu-radda-grisknorren-och-ostersjon\\\/\",\"name\":\"EU-valr\u00f6resen \u00e4r ig\u00e5ng! - i Kalmar l\u00e4n\",\"isPartOf\":{\"@id\":\"https:\\\/\\\/wp.kristdemokraterna.se\\\/kalmarlan\\\/#website\"},\"primaryImageOfPage\":{\"@id\":\"https:\\\/\\\/wp.kristdemokraterna.se\\\/kalmarlan\\\/gudrun-brunegard-kd-reformera-eu-radda-grisknorren-och-ostersjon\\\/#primaryimage\"},\"image\":{\"@id\":\"https:\\\/\\\/wp.kristdemokraterna.se\\\/kalmarlan\\\/gudrun-brunegard-kd-reformera-eu-radda-grisknorren-och-ostersjon\\\/#primaryimage\"},\"thumbnailUrl\":\"http:\\\/\\\/wp.kristdemokraterna.se\\\/kalmarlan\\\/files\\\/2014\\\/05\\\/gb-o-aa.-jpg-300x225.jpg\",\"datePublished\":\"2014-05-03T21:15:34+00:00\",\"dateModified\":\"2014-05-03T21:16:56+00:00\",\"author\":{\"@id\":\"https:\\\/\\\/wp.kristdemokraterna.se\\\/kalmarlan\\\/#\\\/schema\\\/person\\\/a1856739934bf9c6a11fb258646ea2a5\"},\"breadcrumb\":{\"@id\":\"https:\\\/\\\/wp.kristdemokraterna.se\\\/kalmarlan\\\/gudrun-brunegard-kd-reformera-eu-radda-grisknorren-och-ostersjon\\\/#breadcrumb\"},\"inLanguage\":\"sv-SE\",\"potentialAction\":[{\"@type\":\"ReadAction\",\"target\":[\"https:\\\/\\\/wp.kristdemokraterna.se\\\/kalmarlan\\\/gudrun-brunegard-kd-reformera-eu-radda-grisknorren-och-ostersjon\\\/\"]}]},{\"@type\":\"ImageObject\",\"inLanguage\":\"sv-SE\",\"@id\":\"https:\\\/\\\/wp.kristdemokraterna.se\\\/kalmarlan\\\/gudrun-brunegard-kd-reformera-eu-radda-grisknorren-och-ostersjon\\\/#primaryimage\",\"url\":\"https:\\\/\\\/wp.kristdemokraterna.se\\\/kalmarlan\\\/files\\\/2014\\\/05\\\/gb-o-aa.-jpg.jpg\",\"contentUrl\":\"https:\\\/\\\/wp.kristdemokraterna.se\\\/kalmarlan\\\/files\\\/2014\\\/05\\\/gb-o-aa.-jpg.jpg\",\"width\":640,\"height\":480,\"caption\":\"Anders andersson och GudrunBruneg\u00e5rd var i helgen med och sparkade ig\u00e5ng EU-valkamanjen i Kalmar l\u00e4n.\"},{\"@type\":\"BreadcrumbList\",\"@id\":\"https:\\\/\\\/wp.kristdemokraterna.se\\\/kalmarlan\\\/gudrun-brunegard-kd-reformera-eu-radda-grisknorren-och-ostersjon\\\/#breadcrumb\",\"itemListElement\":[{\"@type\":\"ListItem\",\"position\":1,\"name\":\"Hem\",\"item\":\"https:\\\/\\\/wp.kristdemokraterna.se\\\/kalmarlan\\\/\"},{\"@type\":\"ListItem\",\"position\":2,\"name\":\"EU-valr\u00f6resen \u00e4r ig\u00e5ng!\"}]},{\"@type\":\"WebSite\",\"@id\":\"https:\\\/\\\/wp.kristdemokraterna.se\\\/kalmarlan\\\/#website\",\"url\":\"https:\\\/\\\/wp.kristdemokraterna.se\\\/kalmarlan\\\/\",\"name\":\"i Kalmar l\u00e4n\",\"description\":\"\",\"inLanguage\":\"sv-SE\"},{\"@type\":\"Person\",\"@id\":\"https:\\\/\\\/wp.kristdemokraterna.se\\\/kalmarlan\\\/#\\\/schema\\\/person\\\/a1856739934bf9c6a11fb258646ea2a5\",\"name\":\"kalmarlan\",\"image\":{\"@type\":\"ImageObject\",\"inLanguage\":\"sv-SE\",\"@id\":\"https:\\\/\\\/secure.gravatar.com\\\/avatar\\\/ef1f7dcd1b21be34f0f3e58a032955c2de43794b20090a23118cd0e2a8964e6e?s=96&r=g\",\"url\":\"https:\\\/\\\/secure.gravatar.com\\\/avatar\\\/ef1f7dcd1b21be34f0f3e58a032955c2de43794b20090a23118cd0e2a8964e6e?s=96&r=g\",\"contentUrl\":\"https:\\\/\\\/secure.gravatar.com\\\/avatar\\\/ef1f7dcd1b21be34f0f3e58a032955c2de43794b20090a23118cd0e2a8964e6e?s=96&r=g\",\"caption\":\"kalmarlan\"},\"url\":\"https:\\\/\\\/wp.kristdemokraterna.se\\\/kalmarlan\\\/author\\\/kalmarlan\\\/\"}]}<\/script>\n<!-- \/ Yoast SEO plugin. -->","yoast_head_json":{"title":"EU-valr\u00f6resen \u00e4r ig\u00e5ng! - i Kalmar l\u00e4n","robots":{"index":"index","follow":"follow","max-snippet":"max-snippet:-1","max-image-preview":"max-image-preview:large","max-video-preview":"max-video-preview:-1"},"canonical":"https:\/\/wp.kristdemokraterna.se\/kalmarlan\/gudrun-brunegard-kd-reformera-eu-radda-grisknorren-och-ostersjon\/","og_locale":"sv_SE","og_type":"article","og_title":"EU-valr\u00f6resen \u00e4r ig\u00e5ng! - i Kalmar l\u00e4n","og_description":"Pressmeddelande Kalmar l\u00e4n den 2 maj 2014 &#8211; Den h\u00e4r helgen startar valr\u00f6relsen f\u00f6r mig som Kristdemokraternas Kalmarl\u00e4nskandidat, inf\u00f6r valet till Europaparlamentet om tre veckor. Det \u00e4r viktigt att f\u00e5 v\u00e5ra v\u00e4ljare att g\u00e5 och r\u00f6sta, s\u00e5 att partier med goda, demokratiska v\u00e4rderingar och med m\u00e4nniskov\u00e4rdet som grund beh\u00e5ller majoriteten i parlamentet. Det s\u00e4ger Gudrun Read More","og_url":"https:\/\/wp.kristdemokraterna.se\/kalmarlan\/gudrun-brunegard-kd-reformera-eu-radda-grisknorren-och-ostersjon\/","og_site_name":"i Kalmar l\u00e4n","article_published_time":"2014-05-03T21:15:34+00:00","article_modified_time":"2014-05-03T21:16:56+00:00","og_image":[{"url":"http:\/\/wp.kristdemokraterna.se\/kalmarlan\/files\/2014\/05\/gb-o-aa.-jpg-300x225.jpg","type":"","width":"","height":""}],"author":"kalmarlan","twitter_card":"summary_large_image","twitter_misc":{"Skriven av":"kalmarlan","Ber\u00e4knad l\u00e4stid":"2 minuter"},"schema":{"@context":"https:\/\/schema.org","@graph":[{"@type":"Article","@id":"https:\/\/wp.kristdemokraterna.se\/kalmarlan\/gudrun-brunegard-kd-reformera-eu-radda-grisknorren-och-ostersjon\/#article","isPartOf":{"@id":"https:\/\/wp.kristdemokraterna.se\/kalmarlan\/gudrun-brunegard-kd-reformera-eu-radda-grisknorren-och-ostersjon\/"},"author":{"name":"kalmarlan","@id":"https:\/\/wp.kristdemokraterna.se\/kalmarlan\/#\/schema\/person\/a1856739934bf9c6a11fb258646ea2a5"},"headline":"EU-valr\u00f6resen \u00e4r ig\u00e5ng!","datePublished":"2014-05-03T21:15:34+00:00","dateModified":"2014-05-03T21:16:56+00:00","mainEntityOfPage":{"@id":"https:\/\/wp.kristdemokraterna.se\/kalmarlan\/gudrun-brunegard-kd-reformera-eu-radda-grisknorren-och-ostersjon\/"},"wordCount":459,"image":{"@id":"https:\/\/wp.kristdemokraterna.se\/kalmarlan\/gudrun-brunegard-kd-reformera-eu-radda-grisknorren-och-ostersjon\/#primaryimage"},"thumbnailUrl":"http:\/\/wp.kristdemokraterna.se\/kalmarlan\/files\/2014\/05\/gb-o-aa.-jpg-300x225.jpg","inLanguage":"sv-SE"},{"@type":"WebPage","@id":"https:\/\/wp.kristdemokraterna.se\/kalmarlan\/gudrun-brunegard-kd-reformera-eu-radda-grisknorren-och-ostersjon\/","url":"https:\/\/wp.kristdemokraterna.se\/kalmarlan\/gudrun-brunegard-kd-reformera-eu-radda-grisknorren-och-ostersjon\/","name":"EU-valr\u00f6resen \u00e4r ig\u00e5ng! - i Kalmar l\u00e4n","isPartOf":{"@id":"https:\/\/wp.kristdemokraterna.se\/kalmarlan\/#website"},"primaryImageOfPage":{"@id":"https:\/\/wp.kristdemokraterna.se\/kalmarlan\/gudrun-brunegard-kd-reformera-eu-radda-grisknorren-och-ostersjon\/#primaryimage"},"image":{"@id":"https:\/\/wp.kristdemokraterna.se\/kalmarlan\/gudrun-brunegard-kd-reformera-eu-radda-grisknorren-och-ostersjon\/#primaryimage"},"thumbnailUrl":"http:\/\/wp.kristdemokraterna.se\/kalmarlan\/files\/2014\/05\/gb-o-aa.-jpg-300x225.jpg","datePublished":"2014-05-03T21:15:34+00:00","dateModified":"2014-05-03T21:16:56+00:00","author":{"@id":"https:\/\/wp.kristdemokraterna.se\/kalmarlan\/#\/schema\/person\/a1856739934bf9c6a11fb258646ea2a5"},"breadcrumb":{"@id":"https:\/\/wp.kristdemokraterna.se\/kalmarlan\/gudrun-brunegard-kd-reformera-eu-radda-grisknorren-och-ostersjon\/#breadcrumb"},"inLanguage":"sv-SE","potentialAction":[{"@type":"ReadAction","target":["https:\/\/wp.kristdemokraterna.se\/kalmarlan\/gudrun-brunegard-kd-reformera-eu-radda-grisknorren-och-ostersjon\/"]}]},{"@type":"ImageObject","inLanguage":"sv-SE","@id":"https:\/\/wp.kristdemokraterna.se\/kalmarlan\/gudrun-brunegard-kd-reformera-eu-radda-grisknorren-och-ostersjon\/#primaryimage","url":"https:\/\/wp.kristdemokraterna.se\/kalmarlan\/files\/2014\/05\/gb-o-aa.-jpg.jpg","contentUrl":"https:\/\/wp.kristdemokraterna.se\/kalmarlan\/files\/2014\/05\/gb-o-aa.-jpg.jpg","width":640,"height":480,"caption":"Anders andersson och GudrunBruneg\u00e5rd var i helgen med och sparkade ig\u00e5ng EU-valkamanjen i Kalmar l\u00e4n."},{"@type":"BreadcrumbList","@id":"https:\/\/wp.kristdemokraterna.se\/kalmarlan\/gudrun-brunegard-kd-reformera-eu-radda-grisknorren-och-ostersjon\/#breadcrumb","itemListElement":[{"@type":"ListItem","position":1,"name":"Hem","item":"https:\/\/wp.kristdemokraterna.se\/kalmarlan\/"},{"@type":"ListItem","position":2,"name":"EU-valr\u00f6resen \u00e4r ig\u00e5ng!"}]},{"@type":"WebSite","@id":"https:\/\/wp.kristdemokraterna.se\/kalmarlan\/#website","url":"https:\/\/wp.kristdemokraterna.se\/kalmarlan\/","name":"i Kalmar l\u00e4n","description":"","inLanguage":"sv-SE"},{"@type":"Person","@id":"https:\/\/wp.kristdemokraterna.se\/kalmarlan\/#\/schema\/person\/a1856739934bf9c6a11fb258646ea2a5","name":"kalmarlan","image":{"@type":"ImageObject","inLanguage":"sv-SE","@id":"https:\/\/secure.gravatar.com\/avatar\/ef1f7dcd1b21be34f0f3e58a032955c2de43794b20090a23118cd0e2a8964e6e?s=96&r=g","url":"https:\/\/secure.gravatar.com\/avatar\/ef1f7dcd1b21be34f0f3e58a032955c2de43794b20090a23118cd0e2a8964e6e?s=96&r=g","contentUrl":"https:\/\/secure.gravatar.com\/avatar\/ef1f7dcd1b21be34f0f3e58a032955c2de43794b20090a23118cd0e2a8964e6e?s=96&r=g","caption":"kalmarlan"},"url":"https:\/\/wp.kristdemokraterna.se\/kalmarlan\/author\/kalmarlan\/"}]}},"_links":{"self":[{"href":"https:\/\/wp.kristdemokraterna.se\/kalmarlan\/wp-json\/wp\/v2\/posts\/378","targetHints":{"allow":["GET"]}}],"collection":[{"href":"https:\/\/wp.kristdemokraterna.se\/kalmarlan\/wp-json\/wp\/v2\/posts"}],"about":[{"href":"https:\/\/wp.kristdemokraterna.se\/kalmarlan\/wp-json\/wp\/v2\/types\/post"}],"author":[{"embeddable":true,"href":"https:\/\/wp.kristdemokraterna.se\/kalmarlan\/wp-json\/wp\/v2\/users\/417"}],"replies":[{"embeddable":true,"href":"https:\/\/wp.kristdemokraterna.se\/kalmarlan\/wp-json\/wp\/v2\/comments?post=378"}],"version-history":[{"count":3,"href":"https:\/\/wp.kristdemokraterna.se\/kalmarlan\/wp-json\/wp\/v2\/posts\/378\/revisions"}],"predecessor-version":[{"id":386,"href":"https:\/\/wp.kristdemokraterna.se\/kalmarlan\/wp-json\/wp\/v2\/posts\/378\/revisions\/386"}],"wp:attachment":[{"href":"https:\/\/wp.kristdemokraterna.se\/kalmarlan\/wp-json\/wp\/v2\/media?parent=378"}],"wp:term":[{"taxonomy":"category","embeddable":true,"href":"https:\/\/wp.kristdemokraterna.se\/kalmarlan\/wp-json\/wp\/v2\/categories?post=378"},{"taxonomy":"post_tag","embeddable":true,"href":"https:\/\/wp.kristdemokraterna.se\/kalmarlan\/wp-json\/wp\/v2\/tags?post=378"}],"curies":[{"name":"wp","href":"https:\/\/api.w.org\/{rel}","templated":true}]}}