{"id":388,"date":"2014-05-08T14:59:25","date_gmt":"2014-05-08T12:59:25","guid":{"rendered":"http:\/\/wp.kristdemokraterna.se\/kalmarlan\/?p=388"},"modified":"2014-05-08T14:59:25","modified_gmt":"2014-05-08T12:59:25","slug":"eu-s-jordbruksstod-maste-gynna-god-smalandsk-djurhallning","status":"publish","type":"post","link":"https:\/\/wp.kristdemokraterna.se\/kalmarlan\/eu-s-jordbruksstod-maste-gynna-god-smalandsk-djurhallning\/","title":{"rendered":"EU:s jordbruksst\u00f6d m\u00e5ste gynna god sm\u00e5l\u00e4ndsk djurh\u00e5llning!"},"content":{"rendered":"<p>-Lantbruk som Skur\u00f6 g\u00e5rd har tuffare villkor \u00e4n vad g\u00e5rdar i vissa andra EU-l\u00e4nder har. Det beror dels p\u00e5 att bara en liten andel av jordbruksst\u00f6det g\u00e5r till Sverige. Dels har Sverige h\u00e5rdare krav p\u00e5 djurh\u00e5llningen, vilket g\u00f6r produktionen dyrare. Dessa or\u00e4ttvisor hotar de sm\u00e5l\u00e4ndska g\u00e5rdarna.<br \/>\nDet s\u00e4ger Gudrun Bruneg\u00e5rd, EU-kandidat f\u00f6r Kristdemokraterna, i samband med ett bes\u00f6k p\u00e5 Skur\u00f6 g\u00e5rd och g\u00e5rdsbutik i Figeholm.<\/p>\n<p>-Svenska djurskyddsregler st\u00e4ller oftast h\u00f6gre krav \u00e4n andra l\u00e4nder p\u00e5 djurh\u00e5llningen, exempelvis hur stor yta varje djur ska ha i stallarna. Det leder till att svenska jordbruksprodukter blir dyrare att producera. D\u00e4rigenom missgynnas de sm\u00e5l\u00e4ndska g\u00e5rdarna av EU:s jordbrukssubventioner, vilka huvudsakligen g\u00e5r till franska storb\u00f6nder.<\/p>\n<p>Kristdemokraterna kr\u00e4ver att EU inf\u00f6r gemensamma regler f\u00f6r ursprungsm\u00e4rkning, som kan leda till \u00f6kade krav p\u00e5 b\u00e4ttre djurskydd \u00e4ven i andra europeiska l\u00e4nder. EU-kommissionen ska anv\u00e4nda sin m\u00f6jlighet till vite mot l\u00e4nder som bryter mot djurskyddet.<\/p>\n<p>-Den snedvridna konkurrensen hotar svenskt lantbruk. Vi vill att de merv\u00e4rden som utm\u00e4rker svensk jordbruksproduktion, bland annat i form av starka milj\u00f6- och djurh\u00e5llningsvillkor, ska g\u00e4lla hela EU. I V\u00e4rldshandelsorganisationens (WTO) f\u00f6rhandlingar med l\u00e4nder utanf\u00f6r unionen m\u00e5ste EU st\u00e4lla best\u00e4mda milj\u00f6- och djurskyddskrav. Alla bidrag f\u00f6r transport av levande djur m\u00e5ste upph\u00f6ra. De leder idag till att det blir l\u00f6nsamt att skjutsa omkring djuren, ibland genom flera l\u00e4nder, f\u00f6re slakt.<\/p>\n<p>-Kristdemokraterna vill att den goda djurh\u00e5llning vi har i Sverige ska bli regel \u00e4ven i andra l\u00e4nder. Som kristdemokrat fr\u00e5n Astrid Lindgrens f\u00f6delsestad vill jag f\u00f6ra hennes arv vidare till resten av Europa, avslutar Gudrun Bruneg\u00e5rd.<br \/>\n<div id=\"attachment_389\" style=\"width: 550px\" class=\"wp-caption aligncenter\"><a href=\"http:\/\/wp.kristdemokraterna.se\/kalmarlan\/files\/2014\/05\/skuro-gard.jpg\"><img loading=\"lazy\" decoding=\"async\" aria-describedby=\"caption-attachment-389\" src=\"http:\/\/wp.kristdemokraterna.se\/kalmarlan\/files\/2014\/05\/skuro-gard-540x405.jpg\" alt=\"Gudrun tillsammans med  Bo Pettersson p\u00e5 Skur\u00f6 g\u00e5rd och Ingemar Lennartsson (KD).\" width=\"540\" height=\"405\" class=\"size-large wp-image-389\" srcset=\"https:\/\/wp.kristdemokraterna.se\/kalmarlan\/files\/2014\/05\/skuro-gard-540x405.jpg 540w, https:\/\/wp.kristdemokraterna.se\/kalmarlan\/files\/2014\/05\/skuro-gard-300x225.jpg 300w, https:\/\/wp.kristdemokraterna.se\/kalmarlan\/files\/2014\/05\/skuro-gard-461x346.jpg 461w, https:\/\/wp.kristdemokraterna.se\/kalmarlan\/files\/2014\/05\/skuro-gard-149x112.jpg 149w\" sizes=\"auto, (max-width: 540px) 100vw, 540px\" \/><\/a><p id=\"caption-attachment-389\" class=\"wp-caption-text\">Gudrun tillsammans med  Bo Pettersson p\u00e5 Skur\u00f6 g\u00e5rd och Ingemar Lennartsson (KD).<\/p><\/div><\/p>\n","protected":false},"excerpt":{"rendered":"<p>-Lantbruk som Skur\u00f6 g\u00e5rd har tuffare villkor \u00e4n vad g\u00e5rdar i vissa andra EU-l\u00e4nder har. Det beror dels p\u00e5 att bara en liten andel av jordbruksst\u00f6det g\u00e5r till Sverige. Dels har Sverige h\u00e5rdare krav p\u00e5 djurh\u00e5llningen, vilket g\u00f6r produktionen dyrare. Dessa or\u00e4ttvisor hotar de sm\u00e5l\u00e4ndska g\u00e5rdarna. Det s\u00e4ger Gudrun Bruneg\u00e5rd, EU-kandidat f\u00f6r Kristdemokraterna, i samband <a class=\"read-more-link\" href=\"https:\/\/wp.kristdemokraterna.se\/kalmarlan\/eu-s-jordbruksstod-maste-gynna-god-smalandsk-djurhallning\/\">Read More<\/a><\/p>\n","protected":false},"author":417,"featured_media":0,"comment_status":"closed","ping_status":"closed","sticky":false,"template":"","format":"standard","meta":{"_acf_changed":false,"footnotes":""},"categories":[1],"tags":[],"class_list":["post-388","post","type-post","status-publish","format-standard","hentry","category-okategoriserade"],"acf":[],"yoast_head":"<!-- This site is optimized with the Yoast SEO plugin v27.4 - https:\/\/yoast.com\/product\/yoast-seo-wordpress\/ -->\n<title>EU:s jordbruksst\u00f6d m\u00e5ste gynna god sm\u00e5l\u00e4ndsk djurh\u00e5llning! - i Kalmar l\u00e4n<\/title>\n<meta name=\"robots\" content=\"index, follow, max-snippet:-1, max-image-preview:large, max-video-preview:-1\" \/>\n<link rel=\"canonical\" href=\"https:\/\/wp.kristdemokraterna.se\/kalmarlan\/eu-s-jordbruksstod-maste-gynna-god-smalandsk-djurhallning\/\" \/>\n<meta property=\"og:locale\" content=\"sv_SE\" \/>\n<meta property=\"og:type\" content=\"article\" \/>\n<meta property=\"og:title\" content=\"EU:s jordbruksst\u00f6d m\u00e5ste gynna god sm\u00e5l\u00e4ndsk djurh\u00e5llning! - i Kalmar l\u00e4n\" \/>\n<meta property=\"og:description\" content=\"-Lantbruk som Skur\u00f6 g\u00e5rd har tuffare villkor \u00e4n vad g\u00e5rdar i vissa andra EU-l\u00e4nder har. Det beror dels p\u00e5 att bara en liten andel av jordbruksst\u00f6det g\u00e5r till Sverige. Dels har Sverige h\u00e5rdare krav p\u00e5 djurh\u00e5llningen, vilket g\u00f6r produktionen dyrare. Dessa or\u00e4ttvisor hotar de sm\u00e5l\u00e4ndska g\u00e5rdarna. Det s\u00e4ger Gudrun Bruneg\u00e5rd, EU-kandidat f\u00f6r Kristdemokraterna, i samband Read More\" \/>\n<meta property=\"og:url\" content=\"https:\/\/wp.kristdemokraterna.se\/kalmarlan\/eu-s-jordbruksstod-maste-gynna-god-smalandsk-djurhallning\/\" \/>\n<meta property=\"og:site_name\" content=\"i Kalmar l\u00e4n\" \/>\n<meta property=\"article:published_time\" content=\"2014-05-08T12:59:25+00:00\" \/>\n<meta property=\"og:image\" content=\"http:\/\/wp.kristdemokraterna.se\/kalmarlan\/files\/2014\/05\/skuro-gard-540x405.jpg\" \/>\n<meta name=\"author\" content=\"kalmarlan\" \/>\n<meta name=\"twitter:card\" content=\"summary_large_image\" \/>\n<meta name=\"twitter:label1\" content=\"Skriven av\" \/>\n\t<meta name=\"twitter:data1\" content=\"kalmarlan\" \/>\n\t<meta name=\"twitter:label2\" content=\"Ber\u00e4knad l\u00e4stid\" \/>\n\t<meta name=\"twitter:data2\" content=\"2 minuter\" \/>\n<script type=\"application\/ld+json\" class=\"yoast-schema-graph\">{\"@context\":\"https:\\\/\\\/schema.org\",\"@graph\":[{\"@type\":\"Article\",\"@id\":\"https:\\\/\\\/wp.kristdemokraterna.se\\\/kalmarlan\\\/eu-s-jordbruksstod-maste-gynna-god-smalandsk-djurhallning\\\/#article\",\"isPartOf\":{\"@id\":\"https:\\\/\\\/wp.kristdemokraterna.se\\\/kalmarlan\\\/eu-s-jordbruksstod-maste-gynna-god-smalandsk-djurhallning\\\/\"},\"author\":{\"name\":\"kalmarlan\",\"@id\":\"https:\\\/\\\/wp.kristdemokraterna.se\\\/kalmarlan\\\/#\\\/schema\\\/person\\\/a1856739934bf9c6a11fb258646ea2a5\"},\"headline\":\"EU:s jordbruksst\u00f6d m\u00e5ste gynna god sm\u00e5l\u00e4ndsk djurh\u00e5llning!\",\"datePublished\":\"2014-05-08T12:59:25+00:00\",\"mainEntityOfPage\":{\"@id\":\"https:\\\/\\\/wp.kristdemokraterna.se\\\/kalmarlan\\\/eu-s-jordbruksstod-maste-gynna-god-smalandsk-djurhallning\\\/\"},\"wordCount\":348,\"image\":{\"@id\":\"https:\\\/\\\/wp.kristdemokraterna.se\\\/kalmarlan\\\/eu-s-jordbruksstod-maste-gynna-god-smalandsk-djurhallning\\\/#primaryimage\"},\"thumbnailUrl\":\"http:\\\/\\\/wp.kristdemokraterna.se\\\/kalmarlan\\\/files\\\/2014\\\/05\\\/skuro-gard-540x405.jpg\",\"inLanguage\":\"sv-SE\"},{\"@type\":\"WebPage\",\"@id\":\"https:\\\/\\\/wp.kristdemokraterna.se\\\/kalmarlan\\\/eu-s-jordbruksstod-maste-gynna-god-smalandsk-djurhallning\\\/\",\"url\":\"https:\\\/\\\/wp.kristdemokraterna.se\\\/kalmarlan\\\/eu-s-jordbruksstod-maste-gynna-god-smalandsk-djurhallning\\\/\",\"name\":\"EU:s jordbruksst\u00f6d m\u00e5ste gynna god sm\u00e5l\u00e4ndsk djurh\u00e5llning! - i Kalmar l\u00e4n\",\"isPartOf\":{\"@id\":\"https:\\\/\\\/wp.kristdemokraterna.se\\\/kalmarlan\\\/#website\"},\"primaryImageOfPage\":{\"@id\":\"https:\\\/\\\/wp.kristdemokraterna.se\\\/kalmarlan\\\/eu-s-jordbruksstod-maste-gynna-god-smalandsk-djurhallning\\\/#primaryimage\"},\"image\":{\"@id\":\"https:\\\/\\\/wp.kristdemokraterna.se\\\/kalmarlan\\\/eu-s-jordbruksstod-maste-gynna-god-smalandsk-djurhallning\\\/#primaryimage\"},\"thumbnailUrl\":\"http:\\\/\\\/wp.kristdemokraterna.se\\\/kalmarlan\\\/files\\\/2014\\\/05\\\/skuro-gard-540x405.jpg\",\"datePublished\":\"2014-05-08T12:59:25+00:00\",\"author\":{\"@id\":\"https:\\\/\\\/wp.kristdemokraterna.se\\\/kalmarlan\\\/#\\\/schema\\\/person\\\/a1856739934bf9c6a11fb258646ea2a5\"},\"breadcrumb\":{\"@id\":\"https:\\\/\\\/wp.kristdemokraterna.se\\\/kalmarlan\\\/eu-s-jordbruksstod-maste-gynna-god-smalandsk-djurhallning\\\/#breadcrumb\"},\"inLanguage\":\"sv-SE\",\"potentialAction\":[{\"@type\":\"ReadAction\",\"target\":[\"https:\\\/\\\/wp.kristdemokraterna.se\\\/kalmarlan\\\/eu-s-jordbruksstod-maste-gynna-god-smalandsk-djurhallning\\\/\"]}]},{\"@type\":\"ImageObject\",\"inLanguage\":\"sv-SE\",\"@id\":\"https:\\\/\\\/wp.kristdemokraterna.se\\\/kalmarlan\\\/eu-s-jordbruksstod-maste-gynna-god-smalandsk-djurhallning\\\/#primaryimage\",\"url\":\"https:\\\/\\\/wp.kristdemokraterna.se\\\/kalmarlan\\\/files\\\/2014\\\/05\\\/skuro-gard.jpg\",\"contentUrl\":\"https:\\\/\\\/wp.kristdemokraterna.se\\\/kalmarlan\\\/files\\\/2014\\\/05\\\/skuro-gard.jpg\",\"width\":3264,\"height\":2448,\"caption\":\"Gudrun tillsammans med Bo Pettersson p\u00e5 Skur\u00f6 g\u00e5rd och Ingemar Lennartsson (KD).\"},{\"@type\":\"BreadcrumbList\",\"@id\":\"https:\\\/\\\/wp.kristdemokraterna.se\\\/kalmarlan\\\/eu-s-jordbruksstod-maste-gynna-god-smalandsk-djurhallning\\\/#breadcrumb\",\"itemListElement\":[{\"@type\":\"ListItem\",\"position\":1,\"name\":\"Hem\",\"item\":\"https:\\\/\\\/wp.kristdemokraterna.se\\\/kalmarlan\\\/\"},{\"@type\":\"ListItem\",\"position\":2,\"name\":\"EU:s jordbruksst\u00f6d m\u00e5ste gynna god sm\u00e5l\u00e4ndsk djurh\u00e5llning!\"}]},{\"@type\":\"WebSite\",\"@id\":\"https:\\\/\\\/wp.kristdemokraterna.se\\\/kalmarlan\\\/#website\",\"url\":\"https:\\\/\\\/wp.kristdemokraterna.se\\\/kalmarlan\\\/\",\"name\":\"i Kalmar l\u00e4n\",\"description\":\"\",\"inLanguage\":\"sv-SE\"},{\"@type\":\"Person\",\"@id\":\"https:\\\/\\\/wp.kristdemokraterna.se\\\/kalmarlan\\\/#\\\/schema\\\/person\\\/a1856739934bf9c6a11fb258646ea2a5\",\"name\":\"kalmarlan\",\"image\":{\"@type\":\"ImageObject\",\"inLanguage\":\"sv-SE\",\"@id\":\"https:\\\/\\\/secure.gravatar.com\\\/avatar\\\/ef1f7dcd1b21be34f0f3e58a032955c2de43794b20090a23118cd0e2a8964e6e?s=96&r=g\",\"url\":\"https:\\\/\\\/secure.gravatar.com\\\/avatar\\\/ef1f7dcd1b21be34f0f3e58a032955c2de43794b20090a23118cd0e2a8964e6e?s=96&r=g\",\"contentUrl\":\"https:\\\/\\\/secure.gravatar.com\\\/avatar\\\/ef1f7dcd1b21be34f0f3e58a032955c2de43794b20090a23118cd0e2a8964e6e?s=96&r=g\",\"caption\":\"kalmarlan\"},\"url\":\"https:\\\/\\\/wp.kristdemokraterna.se\\\/kalmarlan\\\/author\\\/kalmarlan\\\/\"}]}<\/script>\n<!-- \/ Yoast SEO plugin. -->","yoast_head_json":{"title":"EU:s jordbruksst\u00f6d m\u00e5ste gynna god sm\u00e5l\u00e4ndsk djurh\u00e5llning! - i Kalmar l\u00e4n","robots":{"index":"index","follow":"follow","max-snippet":"max-snippet:-1","max-image-preview":"max-image-preview:large","max-video-preview":"max-video-preview:-1"},"canonical":"https:\/\/wp.kristdemokraterna.se\/kalmarlan\/eu-s-jordbruksstod-maste-gynna-god-smalandsk-djurhallning\/","og_locale":"sv_SE","og_type":"article","og_title":"EU:s jordbruksst\u00f6d m\u00e5ste gynna god sm\u00e5l\u00e4ndsk djurh\u00e5llning! - i Kalmar l\u00e4n","og_description":"-Lantbruk som Skur\u00f6 g\u00e5rd har tuffare villkor \u00e4n vad g\u00e5rdar i vissa andra EU-l\u00e4nder har. Det beror dels p\u00e5 att bara en liten andel av jordbruksst\u00f6det g\u00e5r till Sverige. Dels har Sverige h\u00e5rdare krav p\u00e5 djurh\u00e5llningen, vilket g\u00f6r produktionen dyrare. Dessa or\u00e4ttvisor hotar de sm\u00e5l\u00e4ndska g\u00e5rdarna. Det s\u00e4ger Gudrun Bruneg\u00e5rd, EU-kandidat f\u00f6r Kristdemokraterna, i samband Read More","og_url":"https:\/\/wp.kristdemokraterna.se\/kalmarlan\/eu-s-jordbruksstod-maste-gynna-god-smalandsk-djurhallning\/","og_site_name":"i Kalmar l\u00e4n","article_published_time":"2014-05-08T12:59:25+00:00","og_image":[{"url":"http:\/\/wp.kristdemokraterna.se\/kalmarlan\/files\/2014\/05\/skuro-gard-540x405.jpg","type":"","width":"","height":""}],"author":"kalmarlan","twitter_card":"summary_large_image","twitter_misc":{"Skriven av":"kalmarlan","Ber\u00e4knad l\u00e4stid":"2 minuter"},"schema":{"@context":"https:\/\/schema.org","@graph":[{"@type":"Article","@id":"https:\/\/wp.kristdemokraterna.se\/kalmarlan\/eu-s-jordbruksstod-maste-gynna-god-smalandsk-djurhallning\/#article","isPartOf":{"@id":"https:\/\/wp.kristdemokraterna.se\/kalmarlan\/eu-s-jordbruksstod-maste-gynna-god-smalandsk-djurhallning\/"},"author":{"name":"kalmarlan","@id":"https:\/\/wp.kristdemokraterna.se\/kalmarlan\/#\/schema\/person\/a1856739934bf9c6a11fb258646ea2a5"},"headline":"EU:s jordbruksst\u00f6d m\u00e5ste gynna god sm\u00e5l\u00e4ndsk djurh\u00e5llning!","datePublished":"2014-05-08T12:59:25+00:00","mainEntityOfPage":{"@id":"https:\/\/wp.kristdemokraterna.se\/kalmarlan\/eu-s-jordbruksstod-maste-gynna-god-smalandsk-djurhallning\/"},"wordCount":348,"image":{"@id":"https:\/\/wp.kristdemokraterna.se\/kalmarlan\/eu-s-jordbruksstod-maste-gynna-god-smalandsk-djurhallning\/#primaryimage"},"thumbnailUrl":"http:\/\/wp.kristdemokraterna.se\/kalmarlan\/files\/2014\/05\/skuro-gard-540x405.jpg","inLanguage":"sv-SE"},{"@type":"WebPage","@id":"https:\/\/wp.kristdemokraterna.se\/kalmarlan\/eu-s-jordbruksstod-maste-gynna-god-smalandsk-djurhallning\/","url":"https:\/\/wp.kristdemokraterna.se\/kalmarlan\/eu-s-jordbruksstod-maste-gynna-god-smalandsk-djurhallning\/","name":"EU:s jordbruksst\u00f6d m\u00e5ste gynna god sm\u00e5l\u00e4ndsk djurh\u00e5llning! - i Kalmar l\u00e4n","isPartOf":{"@id":"https:\/\/wp.kristdemokraterna.se\/kalmarlan\/#website"},"primaryImageOfPage":{"@id":"https:\/\/wp.kristdemokraterna.se\/kalmarlan\/eu-s-jordbruksstod-maste-gynna-god-smalandsk-djurhallning\/#primaryimage"},"image":{"@id":"https:\/\/wp.kristdemokraterna.se\/kalmarlan\/eu-s-jordbruksstod-maste-gynna-god-smalandsk-djurhallning\/#primaryimage"},"thumbnailUrl":"http:\/\/wp.kristdemokraterna.se\/kalmarlan\/files\/2014\/05\/skuro-gard-540x405.jpg","datePublished":"2014-05-08T12:59:25+00:00","author":{"@id":"https:\/\/wp.kristdemokraterna.se\/kalmarlan\/#\/schema\/person\/a1856739934bf9c6a11fb258646ea2a5"},"breadcrumb":{"@id":"https:\/\/wp.kristdemokraterna.se\/kalmarlan\/eu-s-jordbruksstod-maste-gynna-god-smalandsk-djurhallning\/#breadcrumb"},"inLanguage":"sv-SE","potentialAction":[{"@type":"ReadAction","target":["https:\/\/wp.kristdemokraterna.se\/kalmarlan\/eu-s-jordbruksstod-maste-gynna-god-smalandsk-djurhallning\/"]}]},{"@type":"ImageObject","inLanguage":"sv-SE","@id":"https:\/\/wp.kristdemokraterna.se\/kalmarlan\/eu-s-jordbruksstod-maste-gynna-god-smalandsk-djurhallning\/#primaryimage","url":"https:\/\/wp.kristdemokraterna.se\/kalmarlan\/files\/2014\/05\/skuro-gard.jpg","contentUrl":"https:\/\/wp.kristdemokraterna.se\/kalmarlan\/files\/2014\/05\/skuro-gard.jpg","width":3264,"height":2448,"caption":"Gudrun tillsammans med Bo Pettersson p\u00e5 Skur\u00f6 g\u00e5rd och Ingemar Lennartsson (KD)."},{"@type":"BreadcrumbList","@id":"https:\/\/wp.kristdemokraterna.se\/kalmarlan\/eu-s-jordbruksstod-maste-gynna-god-smalandsk-djurhallning\/#breadcrumb","itemListElement":[{"@type":"ListItem","position":1,"name":"Hem","item":"https:\/\/wp.kristdemokraterna.se\/kalmarlan\/"},{"@type":"ListItem","position":2,"name":"EU:s jordbruksst\u00f6d m\u00e5ste gynna god sm\u00e5l\u00e4ndsk djurh\u00e5llning!"}]},{"@type":"WebSite","@id":"https:\/\/wp.kristdemokraterna.se\/kalmarlan\/#website","url":"https:\/\/wp.kristdemokraterna.se\/kalmarlan\/","name":"i Kalmar l\u00e4n","description":"","inLanguage":"sv-SE"},{"@type":"Person","@id":"https:\/\/wp.kristdemokraterna.se\/kalmarlan\/#\/schema\/person\/a1856739934bf9c6a11fb258646ea2a5","name":"kalmarlan","image":{"@type":"ImageObject","inLanguage":"sv-SE","@id":"https:\/\/secure.gravatar.com\/avatar\/ef1f7dcd1b21be34f0f3e58a032955c2de43794b20090a23118cd0e2a8964e6e?s=96&r=g","url":"https:\/\/secure.gravatar.com\/avatar\/ef1f7dcd1b21be34f0f3e58a032955c2de43794b20090a23118cd0e2a8964e6e?s=96&r=g","contentUrl":"https:\/\/secure.gravatar.com\/avatar\/ef1f7dcd1b21be34f0f3e58a032955c2de43794b20090a23118cd0e2a8964e6e?s=96&r=g","caption":"kalmarlan"},"url":"https:\/\/wp.kristdemokraterna.se\/kalmarlan\/author\/kalmarlan\/"}]}},"_links":{"self":[{"href":"https:\/\/wp.kristdemokraterna.se\/kalmarlan\/wp-json\/wp\/v2\/posts\/388","targetHints":{"allow":["GET"]}}],"collection":[{"href":"https:\/\/wp.kristdemokraterna.se\/kalmarlan\/wp-json\/wp\/v2\/posts"}],"about":[{"href":"https:\/\/wp.kristdemokraterna.se\/kalmarlan\/wp-json\/wp\/v2\/types\/post"}],"author":[{"embeddable":true,"href":"https:\/\/wp.kristdemokraterna.se\/kalmarlan\/wp-json\/wp\/v2\/users\/417"}],"replies":[{"embeddable":true,"href":"https:\/\/wp.kristdemokraterna.se\/kalmarlan\/wp-json\/wp\/v2\/comments?post=388"}],"version-history":[{"count":1,"href":"https:\/\/wp.kristdemokraterna.se\/kalmarlan\/wp-json\/wp\/v2\/posts\/388\/revisions"}],"predecessor-version":[{"id":390,"href":"https:\/\/wp.kristdemokraterna.se\/kalmarlan\/wp-json\/wp\/v2\/posts\/388\/revisions\/390"}],"wp:attachment":[{"href":"https:\/\/wp.kristdemokraterna.se\/kalmarlan\/wp-json\/wp\/v2\/media?parent=388"}],"wp:term":[{"taxonomy":"category","embeddable":true,"href":"https:\/\/wp.kristdemokraterna.se\/kalmarlan\/wp-json\/wp\/v2\/categories?post=388"},{"taxonomy":"post_tag","embeddable":true,"href":"https:\/\/wp.kristdemokraterna.se\/kalmarlan\/wp-json\/wp\/v2\/tags?post=388"}],"curies":[{"name":"wp","href":"https:\/\/api.w.org\/{rel}","templated":true}]}}