{"id":39,"date":"2013-03-24T18:21:57","date_gmt":"2013-03-24T17:21:57","guid":{"rendered":"http:\/\/wp.kristdemokraterna.se\/kalmarlan\/?p=39"},"modified":"2013-09-13T20:23:06","modified_gmt":"2013-09-13T18:23:06","slug":"sveriges-modigaste-parti-holl-stamma","status":"publish","type":"post","link":"https:\/\/wp.kristdemokraterna.se\/kalmarlan\/sveriges-modigaste-parti-holl-stamma\/","title":{"rendered":"Sveriges modigaste parti h\u00f6ll st\u00e4mma"},"content":{"rendered":"<div id=\"attachment_77\" style=\"width: 409px\" class=\"wp-caption alignnone\"><a href=\"http:\/\/wp.kristdemokraterna.se\/kalmarlan\/files\/2013\/06\/1.jpg\"><img loading=\"lazy\" decoding=\"async\" aria-describedby=\"caption-attachment-77\" class=\"size-full wp-image-77\" alt=\"1\" src=\"http:\/\/wp.kristdemokraterna.se\/kalmarlan\/files\/2013\/06\/1.jpg\" width=\"399\" height=\"298\" srcset=\"https:\/\/wp.kristdemokraterna.se\/kalmarlan\/files\/2013\/06\/1.jpg 399w, https:\/\/wp.kristdemokraterna.se\/kalmarlan\/files\/2013\/06\/1-300x224.jpg 300w, https:\/\/wp.kristdemokraterna.se\/kalmarlan\/files\/2013\/06\/1-149x112.jpg 149w\" sizes=\"auto, (max-width: 399px) 100vw, 399px\" \/><\/a><p id=\"caption-attachment-77\" class=\"wp-caption-text\">Distriktsordf\u00f6rande Anders Andersson tillsammans med dagens talare, barn- och \u00e4ldreminister Maria Larsson och vice distriktsordf\u00f6rande Jimmy Loord, Nybro, som var v\u00e4rd f\u00f6r st\u00e4mman.<\/p><\/div>\n<p><strong>&#8211; Kristdemokraterna m\u00e5ste vara Sveriges modigaste parti. Vi har utsett barn och ungas uppv\u00e4xtvillkor till v\u00e5r fr\u00e4msta valfr\u00e5ga \u2013 och de har inte ens r\u00f6str\u00e4tt! \u00c4nd\u00e5 arbetar vi f\u00f6r att de ska f\u00e5 en trygg uppv\u00e4xt, god skolg\u00e5ng som ger goda f\u00f6ruts\u00e4ttningar f\u00f6r att de ska f\u00e5 arbete, egen bostad och inte hamna i sociala bekymmer och kriminalitet.<!--more--><\/strong><\/p>\n<p>Det sa barn- och \u00e4ldreminister Maria Larsson (KD) i sitt tal vid partiets distriktsst\u00e4mma i Nybro p\u00e5 l\u00f6rdagen. Jimmy Loord, Nybro, h\u00e4lsade sjuttiotalet ombud och \u00f6vriga deltagare v\u00e4lkomna till st\u00e4mman, d\u00e4r distriktsordf\u00f6rande Anders Andersson, J\u00e4rnforsen, h\u00f6ll ett inledningsanf\u00f6rande, innan han introducerade dagens talare, barn- och \u00e4ldreminister Maria Larssonm Gnosj\u00f6, men b\u00f6rdig fr\u00e5n L\u00e5ngasj\u00f6, tidigare elevr\u00e5dsordf\u00f6rande i \u00c5krah\u00e4llskolan i Nybro.<\/p>\n<p><a href=\"http:\/\/wp.kristdemokraterna.se\/kalmarlan\/files\/2013\/03\/2.jpg\"><img loading=\"lazy\" decoding=\"async\" class=\"alignnone size-full wp-image-81\" alt=\"2\" src=\"http:\/\/wp.kristdemokraterna.se\/kalmarlan\/files\/2013\/03\/2.jpg\" width=\"387\" height=\"299\" srcset=\"https:\/\/wp.kristdemokraterna.se\/kalmarlan\/files\/2013\/03\/2.jpg 387w, https:\/\/wp.kristdemokraterna.se\/kalmarlan\/files\/2013\/03\/2-300x231.jpg 300w, https:\/\/wp.kristdemokraterna.se\/kalmarlan\/files\/2013\/03\/2-144x112.jpg 144w\" sizes=\"auto, (max-width: 387px) 100vw, 387px\" \/><\/a><\/p>\n<p>&#8211; Under de sista \u00e5tta \u00e5rens socialdemokratiska regeringsf\u00f6rklaringar n\u00e4mndes ordet \u201dfamilj\u201d en enda g\u00e5ng. I Alliansen har vi f\u00e5tt geh\u00f6r f\u00f6r ett helt annat t\u00e4nk, d\u00e4r familjen n\u00e4mns massor av g\u00e5nger. Familjen ger trygghet hela livet, mellan generationerna, sa Maria Larsson.<\/p>\n<p>&#8211; Samh\u00e4llet \u00e4r st\u00f6rre \u00e4n staten. Samh\u00e4llet best\u00e5r av det offentliga, n\u00e4ringslivet och civilsamh\u00e4llet, med ideella organisationer, f\u00f6reningar, f\u00f6rsamlingar osv. Vi vill se ett starkt samh\u00e4lle d\u00e4r alla dessa samverkar, sa Maria Larsson.<\/p>\n<p>Barn- och \u00e4ldreministern talade ocks\u00e5 om hur hon genomf\u00f6rt flera reformer f\u00f6r att f\u00f6rb\u00e4ttra \u00e4ldres v\u00e4rdighet och sj\u00e4lvbest\u00e4mmande.<\/p>\n<p><a href=\"http:\/\/wp.kristdemokraterna.se\/kalmarlan\/files\/2013\/03\/3.jpg\"><img loading=\"lazy\" decoding=\"async\" class=\"alignnone size-full wp-image-82\" alt=\"3\" src=\"http:\/\/wp.kristdemokraterna.se\/kalmarlan\/files\/2013\/03\/3.jpg\" width=\"392\" height=\"522\" srcset=\"https:\/\/wp.kristdemokraterna.se\/kalmarlan\/files\/2013\/03\/3.jpg 392w, https:\/\/wp.kristdemokraterna.se\/kalmarlan\/files\/2013\/03\/3-225x300.jpg 225w, https:\/\/wp.kristdemokraterna.se\/kalmarlan\/files\/2013\/03\/3-259x346.jpg 259w, https:\/\/wp.kristdemokraterna.se\/kalmarlan\/files\/2013\/03\/3-84x112.jpg 84w\" sizes=\"auto, (max-width: 392px) 100vw, 392px\" \/><\/a><\/p>\n<p>&#8211; Den \u00e4ldres behov f\u00f6r\u00e4ndras med \u00e5ldern. Det \u00e4r viktigt att se den enskildes behov, ist\u00e4llet f\u00f6r att se \u00e4ldre som ett kollektiv. Genom kvalitetsregister stimuleras kommuner och privata v\u00e5rdgivare att f\u00f6rb\u00e4ttra omv\u00e5rdnaden. P\u00e5 s\u00e5 vis kan medicinberoendet minska, samtidigt som aggressivitet kan avta, utan att kostnaderna \u00f6kar. Det finns levande exempel p\u00e5 detta, exempelvis p\u00e5 Silver\u00e4ngen i Trelleborg, s\u00e4ger Maria Larsson.<\/p>\n<p>&#8211; Lagen om valfrihetssystem, LOV, inneb\u00e4r ett paradigmskifte, n\u00e4r den \u00e4ldre sj\u00e4lv f\u00e5r v\u00e4lja vem som ska utf\u00f6ra v\u00e4lf\u00e4rdstj\u00e4nsterna. Samtidigt stimulerar den kvinnligt f\u00f6retagande, s\u00e4ger Maria Larsson.<\/p>\n<div id=\"attachment_84\" style=\"width: 399px\" class=\"wp-caption alignnone\"><a href=\"http:\/\/wp.kristdemokraterna.se\/kalmarlan\/files\/2013\/03\/4.jpg\"><img loading=\"lazy\" decoding=\"async\" aria-describedby=\"caption-attachment-84\" class=\"size-full wp-image-84\" alt=\"4\" src=\"http:\/\/wp.kristdemokraterna.se\/kalmarlan\/files\/2013\/03\/4.jpg\" width=\"389\" height=\"283\" srcset=\"https:\/\/wp.kristdemokraterna.se\/kalmarlan\/files\/2013\/03\/4.jpg 389w, https:\/\/wp.kristdemokraterna.se\/kalmarlan\/files\/2013\/03\/4-300x218.jpg 300w, https:\/\/wp.kristdemokraterna.se\/kalmarlan\/files\/2013\/03\/4-153x112.jpg 153w\" sizes=\"auto, (max-width: 389px) 100vw, 389px\" \/><\/a><p id=\"caption-attachment-84\" class=\"wp-caption-text\">Distriktsordf\u00f6rande Anders Andersson i inledningen av st\u00e4mman.<\/p><\/div>\n<div id=\"attachment_85\" style=\"width: 407px\" class=\"wp-caption alignnone\"><a href=\"http:\/\/wp.kristdemokraterna.se\/kalmarlan\/files\/2013\/03\/5.jpg\"><img loading=\"lazy\" decoding=\"async\" aria-describedby=\"caption-attachment-85\" class=\"size-full wp-image-85\" alt=\"5\" src=\"http:\/\/wp.kristdemokraterna.se\/kalmarlan\/files\/2013\/03\/5.jpg\" width=\"397\" height=\"302\" srcset=\"https:\/\/wp.kristdemokraterna.se\/kalmarlan\/files\/2013\/03\/5.jpg 397w, https:\/\/wp.kristdemokraterna.se\/kalmarlan\/files\/2013\/03\/5-300x228.jpg 300w, https:\/\/wp.kristdemokraterna.se\/kalmarlan\/files\/2013\/03\/5-147x112.jpg 147w\" sizes=\"auto, (max-width: 397px) 100vw, 397px\" \/><\/a><p id=\"caption-attachment-85\" class=\"wp-caption-text\">Maria Larsson avtackas av Jimmy Loord och Madeleine Rosenqvist.<\/p><\/div>\n<p>Vid st\u00e4mmof\u00f6rhandlingarna valdes distriktspresidiet om, med Anders Andersson, J\u00e4rnforsen, som ordf\u00f6rande, Chatrine P\u00e5lsson Ahlgren, M\u00f6nster\u00e5s, som 1:a vice ordf\u00f6rande och Jimmy Loord, Nybro, som 2:e vice distriktsordf\u00f6rande. Till distriktsstyrelse valdes Gudrun Bruneg\u00e5rd, Vimmerby, Anders Johansson, Emmaboda, \u00c5ke Nilsson, Silverdalen och Kerstin Lahi, V\u00e4stervik f\u00f6r tv\u00e5 \u00e5r till 2015. Vid f\u00f6rra \u00e5rets st\u00e4mma valdes Elisabeth Englund, Oskarshamn, Roger Ohlin, V\u00e4stervik, Marita Bj\u00f6rkvall, H\u00f6gsby, Mikael Almqvist, L\u00f6ttorp och Christopher Dywik att ing\u00e5 i distriktsstyrelsen till 2014. Ers\u00e4ttare i distriktsstyrelsen \u00e4r Ola Gustafsson, Vimmerby, Berit Sj\u00f6\u00f6, Oskarshamn, Jonny Erlandsson, Borgholm, Margreth Johansson, Kalmar, Mats Olsson, Tors\u00e5s, Ingemar Lennartsson, Oskarshamn, Elisabeth Lago Nilsson, Vimmerby, Lars-Jonny Andersson, M\u00f6nster\u00e5s och Marcus Bergenheim, Borgholm. P\u00e5 KDU-mandat sitter Rebecka Englund, Oskarshamn, som ordinarie ledamot och Alexander Br\u00e4nnlund, V\u00e4stervik, som ers\u00e4ttare. Som ordinarie representant f\u00f6r Seniorf\u00f6rbundet finns Karl-Gustav Kyrk, Kalmar. Ers\u00e4ttare f\u00f6r honom \u00e4r Ruth Pahlm, Kalmar.<\/p>\n<p><a href=\"http:\/\/wp.kristdemokraterna.se\/kalmarlan\/files\/2013\/03\/6.jpg\"><img loading=\"lazy\" decoding=\"async\" class=\"alignnone size-full wp-image-87\" alt=\"6\" src=\"http:\/\/wp.kristdemokraterna.se\/kalmarlan\/files\/2013\/03\/6.jpg\" width=\"392\" height=\"294\" srcset=\"https:\/\/wp.kristdemokraterna.se\/kalmarlan\/files\/2013\/03\/6.jpg 392w, https:\/\/wp.kristdemokraterna.se\/kalmarlan\/files\/2013\/03\/6-300x225.jpg 300w, https:\/\/wp.kristdemokraterna.se\/kalmarlan\/files\/2013\/03\/6-149x112.jpg 149w\" sizes=\"auto, (max-width: 392px) 100vw, 392px\" \/><\/a><\/p>\n<p>St\u00e4mman behandlade ocks\u00e5 sexton motioner till rikstinget, som h\u00e5lls i Karlstad i september. Bland fr\u00e5gorna som lyfts fram finns bl.a. ett krav p\u00e5 f\u00f6rb\u00e4ttring av tandv\u00e5rden s\u00e5 att den j\u00e4mst\u00e4lls med sjukv\u00e5rden. I en annan motion lyfts f\u00f6rslag p\u00e5 betald specialistutbildning f\u00f6r sjuksk\u00f6terskor f\u00f6r att klara kvalitet och patients\u00e4kerhet i framtiden. Och i en motion \u00e4r fokus p\u00e5 f\u00f6r\u00e4ndring av strandskyddsreglerna s\u00e5 att fler f\u00e5r chans till sj\u00f6- och vattenn\u00e4ra boende.<\/p>\n<p><strong>Nedan f\u00f6ljer en bildkavalkad fr\u00e5n st\u00e4mman:<\/strong><\/p>\n<div id=\"attachment_89\" style=\"width: 404px\" class=\"wp-caption alignnone\"><a href=\"http:\/\/wp.kristdemokraterna.se\/kalmarlan\/files\/2013\/03\/1a.jpg\"><img loading=\"lazy\" decoding=\"async\" aria-describedby=\"caption-attachment-89\" class=\"size-full wp-image-89\" alt=\"1a\" src=\"http:\/\/wp.kristdemokraterna.se\/kalmarlan\/files\/2013\/03\/1a.jpg\" width=\"394\" height=\"525\" srcset=\"https:\/\/wp.kristdemokraterna.se\/kalmarlan\/files\/2013\/03\/1a.jpg 394w, https:\/\/wp.kristdemokraterna.se\/kalmarlan\/files\/2013\/03\/1a-225x300.jpg 225w, https:\/\/wp.kristdemokraterna.se\/kalmarlan\/files\/2013\/03\/1a-259x346.jpg 259w, https:\/\/wp.kristdemokraterna.se\/kalmarlan\/files\/2013\/03\/1a-84x112.jpg 84w\" sizes=\"auto, (max-width: 394px) 100vw, 394px\" \/><\/a><p id=\"caption-attachment-89\" class=\"wp-caption-text\">Distriktsordf\u00f6rande Anders Andersson<\/p><\/div>\n<div id=\"attachment_90\" style=\"width: 402px\" class=\"wp-caption alignnone\"><a href=\"http:\/\/wp.kristdemokraterna.se\/kalmarlan\/files\/2013\/03\/2a.jpg\"><img loading=\"lazy\" decoding=\"async\" aria-describedby=\"caption-attachment-90\" class=\"size-full wp-image-90\" alt=\"2a\" src=\"http:\/\/wp.kristdemokraterna.se\/kalmarlan\/files\/2013\/03\/2a.jpg\" width=\"392\" height=\"522\" srcset=\"https:\/\/wp.kristdemokraterna.se\/kalmarlan\/files\/2013\/03\/2a.jpg 392w, https:\/\/wp.kristdemokraterna.se\/kalmarlan\/files\/2013\/03\/2a-225x300.jpg 225w, https:\/\/wp.kristdemokraterna.se\/kalmarlan\/files\/2013\/03\/2a-259x346.jpg 259w, https:\/\/wp.kristdemokraterna.se\/kalmarlan\/files\/2013\/03\/2a-84x112.jpg 84w\" sizes=\"auto, (max-width: 392px) 100vw, 392px\" \/><\/a><p id=\"caption-attachment-90\" class=\"wp-caption-text\">F\u00f6rsta vice distriktsordf\u00f6rande Chatrine P\u00e5lsson Ahlgren<\/p><\/div>\n<div id=\"attachment_92\" style=\"width: 409px\" class=\"wp-caption alignnone\"><a href=\"http:\/\/wp.kristdemokraterna.se\/kalmarlan\/files\/2013\/03\/3a.jpg\"><img loading=\"lazy\" decoding=\"async\" aria-describedby=\"caption-attachment-92\" class=\"size-full wp-image-92\" alt=\"3a\" src=\"http:\/\/wp.kristdemokraterna.se\/kalmarlan\/files\/2013\/03\/3a.jpg\" width=\"399\" height=\"588\" srcset=\"https:\/\/wp.kristdemokraterna.se\/kalmarlan\/files\/2013\/03\/3a.jpg 399w, https:\/\/wp.kristdemokraterna.se\/kalmarlan\/files\/2013\/03\/3a-203x300.jpg 203w, https:\/\/wp.kristdemokraterna.se\/kalmarlan\/files\/2013\/03\/3a-366x540.jpg 366w, https:\/\/wp.kristdemokraterna.se\/kalmarlan\/files\/2013\/03\/3a-234x346.jpg 234w, https:\/\/wp.kristdemokraterna.se\/kalmarlan\/files\/2013\/03\/3a-76x112.jpg 76w\" sizes=\"auto, (max-width: 399px) 100vw, 399px\" \/><\/a><p id=\"caption-attachment-92\" class=\"wp-caption-text\">Andre vice distriktsordf\u00f6rande Jimmy Loord. I bakgrunden m\u00f6tespresidiet med Johnny Andersson och \u00c5ke Nilsson.<\/p><\/div>\n<div id=\"attachment_93\" style=\"width: 407px\" class=\"wp-caption alignnone\"><a href=\"http:\/\/wp.kristdemokraterna.se\/kalmarlan\/files\/2013\/03\/presidium.jpg\"><img loading=\"lazy\" decoding=\"async\" aria-describedby=\"caption-attachment-93\" class=\"size-full wp-image-93\" alt=\"presidium\" src=\"http:\/\/wp.kristdemokraterna.se\/kalmarlan\/files\/2013\/03\/presidium.jpg\" width=\"397\" height=\"277\" srcset=\"https:\/\/wp.kristdemokraterna.se\/kalmarlan\/files\/2013\/03\/presidium.jpg 397w, https:\/\/wp.kristdemokraterna.se\/kalmarlan\/files\/2013\/03\/presidium-300x209.jpg 300w, https:\/\/wp.kristdemokraterna.se\/kalmarlan\/files\/2013\/03\/presidium-160x112.jpg 160w\" sizes=\"auto, (max-width: 397px) 100vw, 397px\" \/><\/a><p id=\"caption-attachment-93\" class=\"wp-caption-text\">Distriktsst\u00e4mmopresidiet: Vice ordf\u00f6rande Johnny Andersson, Nybro, ordf\u00f6rande \u00c5ke Nilsson, Silverdalen, och sekreteraren Madeleine Rosenqvist.<\/p><\/div>\n<div id=\"attachment_94\" style=\"width: 406px\" class=\"wp-caption alignnone\"><a href=\"http:\/\/wp.kristdemokraterna.se\/kalmarlan\/files\/2013\/03\/gudrun.jpg\"><img loading=\"lazy\" decoding=\"async\" aria-describedby=\"caption-attachment-94\" class=\"size-full wp-image-94\" alt=\"gudrun\" src=\"http:\/\/wp.kristdemokraterna.se\/kalmarlan\/files\/2013\/03\/gudrun.jpg\" width=\"396\" height=\"524\" srcset=\"https:\/\/wp.kristdemokraterna.se\/kalmarlan\/files\/2013\/03\/gudrun.jpg 396w, https:\/\/wp.kristdemokraterna.se\/kalmarlan\/files\/2013\/03\/gudrun-226x300.jpg 226w, https:\/\/wp.kristdemokraterna.se\/kalmarlan\/files\/2013\/03\/gudrun-261x346.jpg 261w, https:\/\/wp.kristdemokraterna.se\/kalmarlan\/files\/2013\/03\/gudrun-84x112.jpg 84w\" sizes=\"auto, (max-width: 396px) 100vw, 396px\" \/><\/a><p id=\"caption-attachment-94\" class=\"wp-caption-text\">Landstingsr\u00e5det Gudrun Bruneg\u00e5rd informerar om landstingsgruppens arbete.<\/p><\/div>\n<div id=\"attachment_95\" style=\"width: 402px\" class=\"wp-caption alignnone\"><a href=\"http:\/\/wp.kristdemokraterna.se\/kalmarlan\/files\/2013\/03\/lago.jpg\"><img loading=\"lazy\" decoding=\"async\" aria-describedby=\"caption-attachment-95\" class=\"size-full wp-image-95 \" alt=\"lago\" src=\"http:\/\/wp.kristdemokraterna.se\/kalmarlan\/files\/2013\/03\/lago.jpg\" width=\"392\" height=\"294\" srcset=\"https:\/\/wp.kristdemokraterna.se\/kalmarlan\/files\/2013\/03\/lago.jpg 392w, https:\/\/wp.kristdemokraterna.se\/kalmarlan\/files\/2013\/03\/lago-300x225.jpg 300w, https:\/\/wp.kristdemokraterna.se\/kalmarlan\/files\/2013\/03\/lago-149x112.jpg 149w\" sizes=\"auto, (max-width: 392px) 100vw, 392px\" \/><\/a><p id=\"caption-attachment-95\" class=\"wp-caption-text\">Anders Andersson uppm\u00e4rksammar att Elisabeth Lago Nilsson utn\u00e4mnts till \u00c5rets Kristdemokrat.<\/p><\/div>\n<div id=\"attachment_97\" style=\"width: 404px\" class=\"wp-caption alignnone\"><a href=\"http:\/\/wp.kristdemokraterna.se\/kalmarlan\/files\/2013\/03\/roger.jpg\"><img loading=\"lazy\" decoding=\"async\" aria-describedby=\"caption-attachment-97\" class=\"size-full wp-image-97\" title=\"Ett sjuttiotal ombud och \u00f6vriga deltagare var med under st\u00e4mman\" alt=\"roger\" src=\"http:\/\/wp.kristdemokraterna.se\/kalmarlan\/files\/2013\/03\/roger.jpg\" width=\"394\" height=\"295\" srcset=\"https:\/\/wp.kristdemokraterna.se\/kalmarlan\/files\/2013\/03\/roger.jpg 394w, https:\/\/wp.kristdemokraterna.se\/kalmarlan\/files\/2013\/03\/roger-300x224.jpg 300w, https:\/\/wp.kristdemokraterna.se\/kalmarlan\/files\/2013\/03\/roger-149x112.jpg 149w\" sizes=\"auto, (max-width: 394px) 100vw, 394px\" \/><\/a><p id=\"caption-attachment-97\" class=\"wp-caption-text\">Ett sjuttiotal ombud och \u00f6vriga deltagare var med under st\u00e4mman<\/p><\/div>\n<div id=\"attachment_98\" style=\"width: 405px\" class=\"wp-caption alignnone\"><a href=\"http:\/\/wp.kristdemokraterna.se\/kalmarlan\/files\/2013\/03\/publik.jpg\"><img loading=\"lazy\" decoding=\"async\" aria-describedby=\"caption-attachment-98\" class=\"size-full wp-image-98\" alt=\"publik\" src=\"http:\/\/wp.kristdemokraterna.se\/kalmarlan\/files\/2013\/03\/publik.jpg\" width=\"395\" height=\"259\" srcset=\"https:\/\/wp.kristdemokraterna.se\/kalmarlan\/files\/2013\/03\/publik.jpg 395w, https:\/\/wp.kristdemokraterna.se\/kalmarlan\/files\/2013\/03\/publik-300x196.jpg 300w, https:\/\/wp.kristdemokraterna.se\/kalmarlan\/files\/2013\/03\/publik-170x112.jpg 170w\" sizes=\"auto, (max-width: 395px) 100vw, 395px\" \/><\/a><p id=\"caption-attachment-98\" class=\"wp-caption-text\">publik<\/p><\/div>\n<div id=\"attachment_99\" style=\"width: 401px\" class=\"wp-caption alignnone\"><a href=\"http:\/\/wp.kristdemokraterna.se\/kalmarlan\/files\/2013\/03\/provval.jpg\"><img loading=\"lazy\" decoding=\"async\" aria-describedby=\"caption-attachment-99\" class=\"size-full wp-image-99\" alt=\"provval\" src=\"http:\/\/wp.kristdemokraterna.se\/kalmarlan\/files\/2013\/03\/provval.jpg\" width=\"391\" height=\"230\" srcset=\"https:\/\/wp.kristdemokraterna.se\/kalmarlan\/files\/2013\/03\/provval.jpg 391w, https:\/\/wp.kristdemokraterna.se\/kalmarlan\/files\/2013\/03\/provval-300x176.jpg 300w, https:\/\/wp.kristdemokraterna.se\/kalmarlan\/files\/2013\/03\/provval-186x109.jpg 186w\" sizes=\"auto, (max-width: 391px) 100vw, 391px\" \/><\/a><p id=\"caption-attachment-99\" class=\"wp-caption-text\">Under st\u00e4mman f\u00f6rr\u00e4ttades provval inf\u00f6r Europaparlamentsvalet 2014.<\/p><\/div>\n<div id=\"attachment_100\" style=\"width: 400px\" class=\"wp-caption alignnone\"><a href=\"http:\/\/wp.kristdemokraterna.se\/kalmarlan\/files\/2013\/03\/provval2.jpg\"><img loading=\"lazy\" decoding=\"async\" aria-describedby=\"caption-attachment-100\" class=\"size-full wp-image-100\" alt=\"provval2\" src=\"http:\/\/wp.kristdemokraterna.se\/kalmarlan\/files\/2013\/03\/provval2.jpg\" width=\"390\" height=\"293\" srcset=\"https:\/\/wp.kristdemokraterna.se\/kalmarlan\/files\/2013\/03\/provval2.jpg 390w, https:\/\/wp.kristdemokraterna.se\/kalmarlan\/files\/2013\/03\/provval2-300x225.jpg 300w, https:\/\/wp.kristdemokraterna.se\/kalmarlan\/files\/2013\/03\/provval2-149x112.jpg 149w\" sizes=\"auto, (max-width: 390px) 100vw, 390px\" \/><\/a><p id=\"caption-attachment-100\" class=\"wp-caption-text\">Ombuden k\u00f6ade f\u00f6r att f\u00e5 avge sina provvalsr\u00f6ster.<\/p><\/div>\n<div id=\"attachment_102\" style=\"width: 407px\" class=\"wp-caption alignnone\"><a href=\"http:\/\/wp.kristdemokraterna.se\/kalmarlan\/files\/2013\/03\/rebecka.jpg\"><img loading=\"lazy\" decoding=\"async\" aria-describedby=\"caption-attachment-102\" class=\"size-full wp-image-102\" alt=\"rebecka\" src=\"http:\/\/wp.kristdemokraterna.se\/kalmarlan\/files\/2013\/03\/rebecka.jpg\" width=\"397\" height=\"529\" srcset=\"https:\/\/wp.kristdemokraterna.se\/kalmarlan\/files\/2013\/03\/rebecka.jpg 397w, https:\/\/wp.kristdemokraterna.se\/kalmarlan\/files\/2013\/03\/rebecka-225x300.jpg 225w, https:\/\/wp.kristdemokraterna.se\/kalmarlan\/files\/2013\/03\/rebecka-259x346.jpg 259w, https:\/\/wp.kristdemokraterna.se\/kalmarlan\/files\/2013\/03\/rebecka-84x112.jpg 84w\" sizes=\"auto, (max-width: 397px) 100vw, 397px\" \/><\/a><p id=\"caption-attachment-102\" class=\"wp-caption-text\">Rebecka Englund, ordf\u00f6rande f\u00f6r KDU i Kalmar l\u00e4n<\/p><\/div>\n<div id=\"attachment_103\" style=\"width: 404px\" class=\"wp-caption alignnone\"><a href=\"http:\/\/wp.kristdemokraterna.se\/kalmarlan\/files\/2013\/03\/dywik.jpg\"><img loading=\"lazy\" decoding=\"async\" aria-describedby=\"caption-attachment-103\" class=\"size-full wp-image-103\" alt=\"dywik\" src=\"http:\/\/wp.kristdemokraterna.se\/kalmarlan\/files\/2013\/03\/dywik.jpg\" width=\"394\" height=\"525\" srcset=\"https:\/\/wp.kristdemokraterna.se\/kalmarlan\/files\/2013\/03\/dywik.jpg 394w, https:\/\/wp.kristdemokraterna.se\/kalmarlan\/files\/2013\/03\/dywik-225x300.jpg 225w, https:\/\/wp.kristdemokraterna.se\/kalmarlan\/files\/2013\/03\/dywik-259x346.jpg 259w, https:\/\/wp.kristdemokraterna.se\/kalmarlan\/files\/2013\/03\/dywik-84x112.jpg 84w\" sizes=\"auto, (max-width: 394px) 100vw, 394px\" \/><\/a><p id=\"caption-attachment-103\" class=\"wp-caption-text\">Christopher Dywik, Ordf\u00f6rande och gruppledare i Kalmar kommun<\/p><\/div>\n<div id=\"attachment_104\" style=\"width: 404px\" class=\"wp-caption alignnone\"><a href=\"http:\/\/wp.kristdemokraterna.se\/kalmarlan\/files\/2013\/03\/roger2.jpg\"><img loading=\"lazy\" decoding=\"async\" aria-describedby=\"caption-attachment-104\" class=\"size-full wp-image-104\" alt=\"roger2\" src=\"http:\/\/wp.kristdemokraterna.se\/kalmarlan\/files\/2013\/03\/roger2.jpg\" width=\"394\" height=\"607\" srcset=\"https:\/\/wp.kristdemokraterna.se\/kalmarlan\/files\/2013\/03\/roger2.jpg 394w, https:\/\/wp.kristdemokraterna.se\/kalmarlan\/files\/2013\/03\/roger2-194x300.jpg 194w, https:\/\/wp.kristdemokraterna.se\/kalmarlan\/files\/2013\/03\/roger2-350x540.jpg 350w, https:\/\/wp.kristdemokraterna.se\/kalmarlan\/files\/2013\/03\/roger2-224x346.jpg 224w, https:\/\/wp.kristdemokraterna.se\/kalmarlan\/files\/2013\/03\/roger2-72x112.jpg 72w\" sizes=\"auto, (max-width: 394px) 100vw, 394px\" \/><\/a><p id=\"caption-attachment-104\" class=\"wp-caption-text\">Roger Ohlin, ordf\u00f6rande f\u00f6r Kristdemokraterna i V\u00e4stervik<\/p><\/div>\n<div id=\"attachment_105\" style=\"width: 406px\" class=\"wp-caption alignnone\"><a href=\"http:\/\/wp.kristdemokraterna.se\/kalmarlan\/files\/2013\/03\/lennartsson.jpg\"><img loading=\"lazy\" decoding=\"async\" aria-describedby=\"caption-attachment-105\" class=\"size-full wp-image-105\" alt=\"lennartsson\" src=\"http:\/\/wp.kristdemokraterna.se\/kalmarlan\/files\/2013\/03\/lennartsson.jpg\" width=\"396\" height=\"591\" srcset=\"https:\/\/wp.kristdemokraterna.se\/kalmarlan\/files\/2013\/03\/lennartsson.jpg 396w, https:\/\/wp.kristdemokraterna.se\/kalmarlan\/files\/2013\/03\/lennartsson-201x300.jpg 201w, https:\/\/wp.kristdemokraterna.se\/kalmarlan\/files\/2013\/03\/lennartsson-361x540.jpg 361w, https:\/\/wp.kristdemokraterna.se\/kalmarlan\/files\/2013\/03\/lennartsson-231x346.jpg 231w, https:\/\/wp.kristdemokraterna.se\/kalmarlan\/files\/2013\/03\/lennartsson-75x112.jpg 75w\" sizes=\"auto, (max-width: 396px) 100vw, 396px\" \/><\/a><p id=\"caption-attachment-105\" class=\"wp-caption-text\">Ingemar Lennartsson, gruppledare i Oskarshamn<\/p><\/div>\n<div id=\"attachment_106\" style=\"width: 406px\" class=\"wp-caption alignnone\"><a href=\"http:\/\/wp.kristdemokraterna.se\/kalmarlan\/files\/2013\/03\/lago2.jpg\"><img loading=\"lazy\" decoding=\"async\" aria-describedby=\"caption-attachment-106\" class=\"size-full wp-image-106\" alt=\"lago2\" src=\"http:\/\/wp.kristdemokraterna.se\/kalmarlan\/files\/2013\/03\/lago2.jpg\" width=\"396\" height=\"535\" srcset=\"https:\/\/wp.kristdemokraterna.se\/kalmarlan\/files\/2013\/03\/lago2.jpg 396w, https:\/\/wp.kristdemokraterna.se\/kalmarlan\/files\/2013\/03\/lago2-222x300.jpg 222w, https:\/\/wp.kristdemokraterna.se\/kalmarlan\/files\/2013\/03\/lago2-256x346.jpg 256w, https:\/\/wp.kristdemokraterna.se\/kalmarlan\/files\/2013\/03\/lago2-82x112.jpg 82w\" sizes=\"auto, (max-width: 396px) 100vw, 396px\" \/><\/a><p id=\"caption-attachment-106\" class=\"wp-caption-text\">Elisabeth Lago Nilsson, gruppledare i Vimmerby<\/p><\/div>\n<div id=\"attachment_108\" style=\"width: 409px\" class=\"wp-caption alignnone\"><a href=\"http:\/\/wp.kristdemokraterna.se\/kalmarlan\/files\/2013\/03\/berit.jpg\"><img loading=\"lazy\" decoding=\"async\" aria-describedby=\"caption-attachment-108\" class=\"size-full wp-image-108\" alt=\"berit\" src=\"http:\/\/wp.kristdemokraterna.se\/kalmarlan\/files\/2013\/03\/berit.jpg\" width=\"399\" height=\"532\" srcset=\"https:\/\/wp.kristdemokraterna.se\/kalmarlan\/files\/2013\/03\/berit.jpg 399w, https:\/\/wp.kristdemokraterna.se\/kalmarlan\/files\/2013\/03\/berit-225x300.jpg 225w, https:\/\/wp.kristdemokraterna.se\/kalmarlan\/files\/2013\/03\/berit-259x346.jpg 259w, https:\/\/wp.kristdemokraterna.se\/kalmarlan\/files\/2013\/03\/berit-84x112.jpg 84w\" sizes=\"auto, (max-width: 399px) 100vw, 399px\" \/><\/a><p id=\"caption-attachment-108\" class=\"wp-caption-text\">Berit Sj\u00f6\u00f6, Oskarshamn<\/p><\/div>\n<div id=\"attachment_111\" style=\"width: 402px\" class=\"wp-caption alignnone\"><a href=\"http:\/\/wp.kristdemokraterna.se\/kalmarlan\/files\/2013\/03\/kalle.jpg\"><img loading=\"lazy\" decoding=\"async\" aria-describedby=\"caption-attachment-111\" class=\"size-full wp-image-111\" alt=\"kalle\" src=\"http:\/\/wp.kristdemokraterna.se\/kalmarlan\/files\/2013\/03\/kalle.jpg\" width=\"392\" height=\"294\" srcset=\"https:\/\/wp.kristdemokraterna.se\/kalmarlan\/files\/2013\/03\/kalle.jpg 392w, https:\/\/wp.kristdemokraterna.se\/kalmarlan\/files\/2013\/03\/kalle-300x225.jpg 300w, https:\/\/wp.kristdemokraterna.se\/kalmarlan\/files\/2013\/03\/kalle-149x112.jpg 149w\" sizes=\"auto, (max-width: 392px) 100vw, 392px\" \/><\/a><p id=\"caption-attachment-111\" class=\"wp-caption-text\">Karl-Gustav Kyrk, Kalmar<\/p><\/div>\n<div id=\"attachment_112\" style=\"width: 402px\" class=\"wp-caption alignnone\"><a href=\"http:\/\/wp.kristdemokraterna.se\/kalmarlan\/files\/2013\/03\/karin.jpg\"><img loading=\"lazy\" decoding=\"async\" aria-describedby=\"caption-attachment-112\" class=\"size-full wp-image-112\" alt=\"karin\" src=\"http:\/\/wp.kristdemokraterna.se\/kalmarlan\/files\/2013\/03\/karin.jpg\" width=\"392\" height=\"294\" srcset=\"https:\/\/wp.kristdemokraterna.se\/kalmarlan\/files\/2013\/03\/karin.jpg 392w, https:\/\/wp.kristdemokraterna.se\/kalmarlan\/files\/2013\/03\/karin-300x225.jpg 300w, https:\/\/wp.kristdemokraterna.se\/kalmarlan\/files\/2013\/03\/karin-149x112.jpg 149w\" sizes=\"auto, (max-width: 392px) 100vw, 392px\" \/><\/a><p id=\"caption-attachment-112\" class=\"wp-caption-text\">Karin Karlsson, Kalmar<\/p><\/div>\n<div id=\"attachment_117\" style=\"width: 405px\" class=\"wp-caption alignnone\"><a href=\"http:\/\/wp.kristdemokraterna.se\/kalmarlan\/files\/2013\/03\/ola.jpg\"><img loading=\"lazy\" decoding=\"async\" aria-describedby=\"caption-attachment-117\" class=\"size-full wp-image-117\" alt=\"ola\" src=\"http:\/\/wp.kristdemokraterna.se\/kalmarlan\/files\/2013\/03\/ola.jpg\" width=\"395\" height=\"526\" srcset=\"https:\/\/wp.kristdemokraterna.se\/kalmarlan\/files\/2013\/03\/ola.jpg 395w, https:\/\/wp.kristdemokraterna.se\/kalmarlan\/files\/2013\/03\/ola-225x300.jpg 225w, https:\/\/wp.kristdemokraterna.se\/kalmarlan\/files\/2013\/03\/ola-259x346.jpg 259w, https:\/\/wp.kristdemokraterna.se\/kalmarlan\/files\/2013\/03\/ola-84x112.jpg 84w\" sizes=\"auto, (max-width: 395px) 100vw, 395px\" \/><\/a><p id=\"caption-attachment-117\" class=\"wp-caption-text\">Ola Gustafsson, Vimmerby<\/p><\/div>\n<div id=\"attachment_116\" style=\"width: 402px\" class=\"wp-caption alignnone\"><a href=\"http:\/\/wp.kristdemokraterna.se\/kalmarlan\/files\/2013\/03\/fredrik.jpg\"><img loading=\"lazy\" decoding=\"async\" aria-describedby=\"caption-attachment-116\" class=\"size-full wp-image-116\" alt=\"fredrik\" src=\"http:\/\/wp.kristdemokraterna.se\/kalmarlan\/files\/2013\/03\/fredrik.jpg\" width=\"392\" height=\"294\" srcset=\"https:\/\/wp.kristdemokraterna.se\/kalmarlan\/files\/2013\/03\/fredrik.jpg 392w, https:\/\/wp.kristdemokraterna.se\/kalmarlan\/files\/2013\/03\/fredrik-300x225.jpg 300w, https:\/\/wp.kristdemokraterna.se\/kalmarlan\/files\/2013\/03\/fredrik-149x112.jpg 149w\" sizes=\"auto, (max-width: 392px) 100vw, 392px\" \/><\/a><p id=\"caption-attachment-116\" class=\"wp-caption-text\">Fredrik Sj\u00f6mar, Kalmar<\/p><\/div>\n<div id=\"attachment_118\" style=\"width: 407px\" class=\"wp-caption alignnone\"><a href=\"http:\/\/wp.kristdemokraterna.se\/kalmarlan\/files\/2013\/03\/kerstin.jpg\"><img loading=\"lazy\" decoding=\"async\" aria-describedby=\"caption-attachment-118\" class=\"size-full wp-image-118\" alt=\"kerstin\" src=\"http:\/\/wp.kristdemokraterna.se\/kalmarlan\/files\/2013\/03\/kerstin.jpg\" width=\"397\" height=\"298\" srcset=\"https:\/\/wp.kristdemokraterna.se\/kalmarlan\/files\/2013\/03\/kerstin.jpg 397w, https:\/\/wp.kristdemokraterna.se\/kalmarlan\/files\/2013\/03\/kerstin-300x225.jpg 300w, https:\/\/wp.kristdemokraterna.se\/kalmarlan\/files\/2013\/03\/kerstin-149x112.jpg 149w\" sizes=\"auto, (max-width: 397px) 100vw, 397px\" \/><\/a><p id=\"caption-attachment-118\" class=\"wp-caption-text\">Kerstin Lahi, V\u00e4stervik<\/p><\/div>\n<div id=\"attachment_113\" style=\"width: 407px\" class=\"wp-caption alignnone\"><a href=\"http:\/\/wp.kristdemokraterna.se\/kalmarlan\/files\/2013\/03\/margreth.jpg\"><img loading=\"lazy\" decoding=\"async\" aria-describedby=\"caption-attachment-113\" class=\"size-full wp-image-113\" alt=\"margreth\" src=\"http:\/\/wp.kristdemokraterna.se\/kalmarlan\/files\/2013\/03\/margreth.jpg\" width=\"397\" height=\"318\" srcset=\"https:\/\/wp.kristdemokraterna.se\/kalmarlan\/files\/2013\/03\/margreth.jpg 397w, https:\/\/wp.kristdemokraterna.se\/kalmarlan\/files\/2013\/03\/margreth-300x240.jpg 300w, https:\/\/wp.kristdemokraterna.se\/kalmarlan\/files\/2013\/03\/margreth-139x112.jpg 139w\" sizes=\"auto, (max-width: 397px) 100vw, 397px\" \/><\/a><p id=\"caption-attachment-113\" class=\"wp-caption-text\">Margreth Johansson, Kalmar<\/p><\/div>\n<div id=\"attachment_119\" style=\"width: 402px\" class=\"wp-caption alignnone\"><a href=\"http:\/\/wp.kristdemokraterna.se\/kalmarlan\/files\/2013\/03\/torbj\u00f6rn.jpg\"><img loading=\"lazy\" decoding=\"async\" aria-describedby=\"caption-attachment-119\" class=\"size-full wp-image-119\" alt=\"torbj\u00f6rn\" src=\"http:\/\/wp.kristdemokraterna.se\/kalmarlan\/files\/2013\/03\/torbj\u00f6rn.jpg\" width=\"392\" height=\"294\" srcset=\"https:\/\/wp.kristdemokraterna.se\/kalmarlan\/files\/2013\/03\/torbj\u00f6rn.jpg 392w, https:\/\/wp.kristdemokraterna.se\/kalmarlan\/files\/2013\/03\/torbj\u00f6rn-300x225.jpg 300w, https:\/\/wp.kristdemokraterna.se\/kalmarlan\/files\/2013\/03\/torbj\u00f6rn-149x112.jpg 149w\" sizes=\"auto, (max-width: 392px) 100vw, 392px\" \/><\/a><p id=\"caption-attachment-119\" class=\"wp-caption-text\">Torbj\u00f6rn Sandberg, Vimmerby<\/p><\/div>\n<div id=\"attachment_115\" style=\"width: 406px\" class=\"wp-caption alignnone\"><a href=\"http:\/\/wp.kristdemokraterna.se\/kalmarlan\/files\/2013\/03\/christer.jpg\"><img loading=\"lazy\" decoding=\"async\" aria-describedby=\"caption-attachment-115\" class=\"size-full wp-image-115\" alt=\"christer\" src=\"http:\/\/wp.kristdemokraterna.se\/kalmarlan\/files\/2013\/03\/christer.jpg\" width=\"396\" height=\"411\" srcset=\"https:\/\/wp.kristdemokraterna.se\/kalmarlan\/files\/2013\/03\/christer.jpg 396w, https:\/\/wp.kristdemokraterna.se\/kalmarlan\/files\/2013\/03\/christer-289x300.jpg 289w, https:\/\/wp.kristdemokraterna.se\/kalmarlan\/files\/2013\/03\/christer-333x346.jpg 333w, https:\/\/wp.kristdemokraterna.se\/kalmarlan\/files\/2013\/03\/christer-107x112.jpg 107w\" sizes=\"auto, (max-width: 396px) 100vw, 396px\" \/><\/a><p id=\"caption-attachment-115\" class=\"wp-caption-text\">Christer S\u00f6derholm, Tors\u00e5s<\/p><\/div>\n<div id=\"attachment_114\" style=\"width: 405px\" class=\"wp-caption alignnone\"><a href=\"http:\/\/wp.kristdemokraterna.se\/kalmarlan\/files\/2013\/03\/anders.jpg\"><img loading=\"lazy\" decoding=\"async\" aria-describedby=\"caption-attachment-114\" class=\"size-full wp-image-114\" alt=\"anders\" src=\"http:\/\/wp.kristdemokraterna.se\/kalmarlan\/files\/2013\/03\/anders.jpg\" width=\"395\" height=\"526\" srcset=\"https:\/\/wp.kristdemokraterna.se\/kalmarlan\/files\/2013\/03\/anders.jpg 395w, https:\/\/wp.kristdemokraterna.se\/kalmarlan\/files\/2013\/03\/anders-225x300.jpg 225w, https:\/\/wp.kristdemokraterna.se\/kalmarlan\/files\/2013\/03\/anders-259x346.jpg 259w, https:\/\/wp.kristdemokraterna.se\/kalmarlan\/files\/2013\/03\/anders-84x112.jpg 84w\" sizes=\"auto, (max-width: 395px) 100vw, 395px\" \/><\/a><p id=\"caption-attachment-114\" class=\"wp-caption-text\">Anders Andersson avslutar<\/p><\/div>\n","protected":false},"excerpt":{"rendered":"<p>&#8211; Kristdemokraterna m\u00e5ste vara Sveriges modigaste parti. Vi har utsett barn och ungas uppv\u00e4xtvillkor till v\u00e5r fr\u00e4msta valfr\u00e5ga \u2013 och de har inte ens r\u00f6str\u00e4tt! \u00c4nd\u00e5 arbetar vi f\u00f6r att de ska f\u00e5 en trygg uppv\u00e4xt, god skolg\u00e5ng som ger goda f\u00f6ruts\u00e4ttningar f\u00f6r att de ska f\u00e5 arbete, egen bostad och inte hamna i sociala <a class=\"read-more-link\" href=\"https:\/\/wp.kristdemokraterna.se\/kalmarlan\/sveriges-modigaste-parti-holl-stamma\/\">Read More<\/a><\/p>\n","protected":false},"author":417,"featured_media":0,"comment_status":"open","ping_status":"open","sticky":false,"template":"","format":"standard","meta":{"_acf_changed":false,"footnotes":""},"categories":[1],"tags":[],"class_list":["post-39","post","type-post","status-publish","format-standard","hentry","category-okategoriserade"],"acf":[],"yoast_head":"<!-- This site is optimized with the Yoast SEO plugin v27.4 - https:\/\/yoast.com\/product\/yoast-seo-wordpress\/ -->\n<title>Sveriges modigaste parti h\u00f6ll st\u00e4mma - i Kalmar l\u00e4n<\/title>\n<meta name=\"robots\" content=\"index, follow, max-snippet:-1, max-image-preview:large, max-video-preview:-1\" \/>\n<link rel=\"canonical\" href=\"https:\/\/wp.kristdemokraterna.se\/kalmarlan\/sveriges-modigaste-parti-holl-stamma\/\" \/>\n<meta property=\"og:locale\" content=\"sv_SE\" \/>\n<meta property=\"og:type\" content=\"article\" \/>\n<meta property=\"og:title\" content=\"Sveriges modigaste parti h\u00f6ll st\u00e4mma - i Kalmar l\u00e4n\" \/>\n<meta property=\"og:description\" content=\"&#8211; Kristdemokraterna m\u00e5ste vara Sveriges modigaste parti. Vi har utsett barn och ungas uppv\u00e4xtvillkor till v\u00e5r fr\u00e4msta valfr\u00e5ga \u2013 och de har inte ens r\u00f6str\u00e4tt! \u00c4nd\u00e5 arbetar vi f\u00f6r att de ska f\u00e5 en trygg uppv\u00e4xt, god skolg\u00e5ng som ger goda f\u00f6ruts\u00e4ttningar f\u00f6r att de ska f\u00e5 arbete, egen bostad och inte hamna i sociala Read More\" \/>\n<meta property=\"og:url\" content=\"https:\/\/wp.kristdemokraterna.se\/kalmarlan\/sveriges-modigaste-parti-holl-stamma\/\" \/>\n<meta property=\"og:site_name\" content=\"i Kalmar l\u00e4n\" \/>\n<meta property=\"article:published_time\" content=\"2013-03-24T17:21:57+00:00\" \/>\n<meta property=\"article:modified_time\" content=\"2013-09-13T18:23:06+00:00\" \/>\n<meta property=\"og:image\" content=\"http:\/\/wp.kristdemokraterna.se\/kalmarlan\/files\/2013\/06\/1.jpg\" \/>\n<meta name=\"author\" content=\"kalmarlan\" \/>\n<meta name=\"twitter:card\" content=\"summary_large_image\" \/>\n<meta name=\"twitter:label1\" content=\"Skriven av\" \/>\n\t<meta name=\"twitter:data1\" content=\"kalmarlan\" \/>\n\t<meta name=\"twitter:label2\" content=\"Ber\u00e4knad l\u00e4stid\" \/>\n\t<meta name=\"twitter:data2\" content=\"5 minuter\" \/>\n<script type=\"application\/ld+json\" class=\"yoast-schema-graph\">{\"@context\":\"https:\\\/\\\/schema.org\",\"@graph\":[{\"@type\":\"Article\",\"@id\":\"https:\\\/\\\/wp.kristdemokraterna.se\\\/kalmarlan\\\/sveriges-modigaste-parti-holl-stamma\\\/#article\",\"isPartOf\":{\"@id\":\"https:\\\/\\\/wp.kristdemokraterna.se\\\/kalmarlan\\\/sveriges-modigaste-parti-holl-stamma\\\/\"},\"author\":{\"name\":\"kalmarlan\",\"@id\":\"https:\\\/\\\/wp.kristdemokraterna.se\\\/kalmarlan\\\/#\\\/schema\\\/person\\\/a1856739934bf9c6a11fb258646ea2a5\"},\"headline\":\"Sveriges modigaste parti h\u00f6ll st\u00e4mma\",\"datePublished\":\"2013-03-24T17:21:57+00:00\",\"dateModified\":\"2013-09-13T18:23:06+00:00\",\"mainEntityOfPage\":{\"@id\":\"https:\\\/\\\/wp.kristdemokraterna.se\\\/kalmarlan\\\/sveriges-modigaste-parti-holl-stamma\\\/\"},\"wordCount\":1065,\"commentCount\":0,\"image\":{\"@id\":\"https:\\\/\\\/wp.kristdemokraterna.se\\\/kalmarlan\\\/sveriges-modigaste-parti-holl-stamma\\\/#primaryimage\"},\"thumbnailUrl\":\"http:\\\/\\\/wp.kristdemokraterna.se\\\/kalmarlan\\\/files\\\/2013\\\/06\\\/1.jpg\",\"inLanguage\":\"sv-SE\"},{\"@type\":\"WebPage\",\"@id\":\"https:\\\/\\\/wp.kristdemokraterna.se\\\/kalmarlan\\\/sveriges-modigaste-parti-holl-stamma\\\/\",\"url\":\"https:\\\/\\\/wp.kristdemokraterna.se\\\/kalmarlan\\\/sveriges-modigaste-parti-holl-stamma\\\/\",\"name\":\"Sveriges modigaste parti h\u00f6ll st\u00e4mma - i Kalmar l\u00e4n\",\"isPartOf\":{\"@id\":\"https:\\\/\\\/wp.kristdemokraterna.se\\\/kalmarlan\\\/#website\"},\"primaryImageOfPage\":{\"@id\":\"https:\\\/\\\/wp.kristdemokraterna.se\\\/kalmarlan\\\/sveriges-modigaste-parti-holl-stamma\\\/#primaryimage\"},\"image\":{\"@id\":\"https:\\\/\\\/wp.kristdemokraterna.se\\\/kalmarlan\\\/sveriges-modigaste-parti-holl-stamma\\\/#primaryimage\"},\"thumbnailUrl\":\"http:\\\/\\\/wp.kristdemokraterna.se\\\/kalmarlan\\\/files\\\/2013\\\/06\\\/1.jpg\",\"datePublished\":\"2013-03-24T17:21:57+00:00\",\"dateModified\":\"2013-09-13T18:23:06+00:00\",\"author\":{\"@id\":\"https:\\\/\\\/wp.kristdemokraterna.se\\\/kalmarlan\\\/#\\\/schema\\\/person\\\/a1856739934bf9c6a11fb258646ea2a5\"},\"breadcrumb\":{\"@id\":\"https:\\\/\\\/wp.kristdemokraterna.se\\\/kalmarlan\\\/sveriges-modigaste-parti-holl-stamma\\\/#breadcrumb\"},\"inLanguage\":\"sv-SE\",\"potentialAction\":[{\"@type\":\"ReadAction\",\"target\":[\"https:\\\/\\\/wp.kristdemokraterna.se\\\/kalmarlan\\\/sveriges-modigaste-parti-holl-stamma\\\/\"]}]},{\"@type\":\"ImageObject\",\"inLanguage\":\"sv-SE\",\"@id\":\"https:\\\/\\\/wp.kristdemokraterna.se\\\/kalmarlan\\\/sveriges-modigaste-parti-holl-stamma\\\/#primaryimage\",\"url\":\"https:\\\/\\\/wp.kristdemokraterna.se\\\/kalmarlan\\\/files\\\/2013\\\/06\\\/1.jpg\",\"contentUrl\":\"https:\\\/\\\/wp.kristdemokraterna.se\\\/kalmarlan\\\/files\\\/2013\\\/06\\\/1.jpg\",\"width\":399,\"height\":298},{\"@type\":\"BreadcrumbList\",\"@id\":\"https:\\\/\\\/wp.kristdemokraterna.se\\\/kalmarlan\\\/sveriges-modigaste-parti-holl-stamma\\\/#breadcrumb\",\"itemListElement\":[{\"@type\":\"ListItem\",\"position\":1,\"name\":\"Hem\",\"item\":\"https:\\\/\\\/wp.kristdemokraterna.se\\\/kalmarlan\\\/\"},{\"@type\":\"ListItem\",\"position\":2,\"name\":\"Sveriges modigaste parti h\u00f6ll st\u00e4mma\"}]},{\"@type\":\"WebSite\",\"@id\":\"https:\\\/\\\/wp.kristdemokraterna.se\\\/kalmarlan\\\/#website\",\"url\":\"https:\\\/\\\/wp.kristdemokraterna.se\\\/kalmarlan\\\/\",\"name\":\"i Kalmar l\u00e4n\",\"description\":\"\",\"inLanguage\":\"sv-SE\"},{\"@type\":\"Person\",\"@id\":\"https:\\\/\\\/wp.kristdemokraterna.se\\\/kalmarlan\\\/#\\\/schema\\\/person\\\/a1856739934bf9c6a11fb258646ea2a5\",\"name\":\"kalmarlan\",\"image\":{\"@type\":\"ImageObject\",\"inLanguage\":\"sv-SE\",\"@id\":\"https:\\\/\\\/secure.gravatar.com\\\/avatar\\\/ef1f7dcd1b21be34f0f3e58a032955c2de43794b20090a23118cd0e2a8964e6e?s=96&r=g\",\"url\":\"https:\\\/\\\/secure.gravatar.com\\\/avatar\\\/ef1f7dcd1b21be34f0f3e58a032955c2de43794b20090a23118cd0e2a8964e6e?s=96&r=g\",\"contentUrl\":\"https:\\\/\\\/secure.gravatar.com\\\/avatar\\\/ef1f7dcd1b21be34f0f3e58a032955c2de43794b20090a23118cd0e2a8964e6e?s=96&r=g\",\"caption\":\"kalmarlan\"},\"url\":\"https:\\\/\\\/wp.kristdemokraterna.se\\\/kalmarlan\\\/author\\\/kalmarlan\\\/\"}]}<\/script>\n<!-- \/ Yoast SEO plugin. -->","yoast_head_json":{"title":"Sveriges modigaste parti h\u00f6ll st\u00e4mma - i Kalmar l\u00e4n","robots":{"index":"index","follow":"follow","max-snippet":"max-snippet:-1","max-image-preview":"max-image-preview:large","max-video-preview":"max-video-preview:-1"},"canonical":"https:\/\/wp.kristdemokraterna.se\/kalmarlan\/sveriges-modigaste-parti-holl-stamma\/","og_locale":"sv_SE","og_type":"article","og_title":"Sveriges modigaste parti h\u00f6ll st\u00e4mma - i Kalmar l\u00e4n","og_description":"&#8211; Kristdemokraterna m\u00e5ste vara Sveriges modigaste parti. Vi har utsett barn och ungas uppv\u00e4xtvillkor till v\u00e5r fr\u00e4msta valfr\u00e5ga \u2013 och de har inte ens r\u00f6str\u00e4tt! \u00c4nd\u00e5 arbetar vi f\u00f6r att de ska f\u00e5 en trygg uppv\u00e4xt, god skolg\u00e5ng som ger goda f\u00f6ruts\u00e4ttningar f\u00f6r att de ska f\u00e5 arbete, egen bostad och inte hamna i sociala Read More","og_url":"https:\/\/wp.kristdemokraterna.se\/kalmarlan\/sveriges-modigaste-parti-holl-stamma\/","og_site_name":"i Kalmar l\u00e4n","article_published_time":"2013-03-24T17:21:57+00:00","article_modified_time":"2013-09-13T18:23:06+00:00","og_image":[{"url":"http:\/\/wp.kristdemokraterna.se\/kalmarlan\/files\/2013\/06\/1.jpg","type":"","width":"","height":""}],"author":"kalmarlan","twitter_card":"summary_large_image","twitter_misc":{"Skriven av":"kalmarlan","Ber\u00e4knad l\u00e4stid":"5 minuter"},"schema":{"@context":"https:\/\/schema.org","@graph":[{"@type":"Article","@id":"https:\/\/wp.kristdemokraterna.se\/kalmarlan\/sveriges-modigaste-parti-holl-stamma\/#article","isPartOf":{"@id":"https:\/\/wp.kristdemokraterna.se\/kalmarlan\/sveriges-modigaste-parti-holl-stamma\/"},"author":{"name":"kalmarlan","@id":"https:\/\/wp.kristdemokraterna.se\/kalmarlan\/#\/schema\/person\/a1856739934bf9c6a11fb258646ea2a5"},"headline":"Sveriges modigaste parti h\u00f6ll st\u00e4mma","datePublished":"2013-03-24T17:21:57+00:00","dateModified":"2013-09-13T18:23:06+00:00","mainEntityOfPage":{"@id":"https:\/\/wp.kristdemokraterna.se\/kalmarlan\/sveriges-modigaste-parti-holl-stamma\/"},"wordCount":1065,"commentCount":0,"image":{"@id":"https:\/\/wp.kristdemokraterna.se\/kalmarlan\/sveriges-modigaste-parti-holl-stamma\/#primaryimage"},"thumbnailUrl":"http:\/\/wp.kristdemokraterna.se\/kalmarlan\/files\/2013\/06\/1.jpg","inLanguage":"sv-SE"},{"@type":"WebPage","@id":"https:\/\/wp.kristdemokraterna.se\/kalmarlan\/sveriges-modigaste-parti-holl-stamma\/","url":"https:\/\/wp.kristdemokraterna.se\/kalmarlan\/sveriges-modigaste-parti-holl-stamma\/","name":"Sveriges modigaste parti h\u00f6ll st\u00e4mma - i Kalmar l\u00e4n","isPartOf":{"@id":"https:\/\/wp.kristdemokraterna.se\/kalmarlan\/#website"},"primaryImageOfPage":{"@id":"https:\/\/wp.kristdemokraterna.se\/kalmarlan\/sveriges-modigaste-parti-holl-stamma\/#primaryimage"},"image":{"@id":"https:\/\/wp.kristdemokraterna.se\/kalmarlan\/sveriges-modigaste-parti-holl-stamma\/#primaryimage"},"thumbnailUrl":"http:\/\/wp.kristdemokraterna.se\/kalmarlan\/files\/2013\/06\/1.jpg","datePublished":"2013-03-24T17:21:57+00:00","dateModified":"2013-09-13T18:23:06+00:00","author":{"@id":"https:\/\/wp.kristdemokraterna.se\/kalmarlan\/#\/schema\/person\/a1856739934bf9c6a11fb258646ea2a5"},"breadcrumb":{"@id":"https:\/\/wp.kristdemokraterna.se\/kalmarlan\/sveriges-modigaste-parti-holl-stamma\/#breadcrumb"},"inLanguage":"sv-SE","potentialAction":[{"@type":"ReadAction","target":["https:\/\/wp.kristdemokraterna.se\/kalmarlan\/sveriges-modigaste-parti-holl-stamma\/"]}]},{"@type":"ImageObject","inLanguage":"sv-SE","@id":"https:\/\/wp.kristdemokraterna.se\/kalmarlan\/sveriges-modigaste-parti-holl-stamma\/#primaryimage","url":"https:\/\/wp.kristdemokraterna.se\/kalmarlan\/files\/2013\/06\/1.jpg","contentUrl":"https:\/\/wp.kristdemokraterna.se\/kalmarlan\/files\/2013\/06\/1.jpg","width":399,"height":298},{"@type":"BreadcrumbList","@id":"https:\/\/wp.kristdemokraterna.se\/kalmarlan\/sveriges-modigaste-parti-holl-stamma\/#breadcrumb","itemListElement":[{"@type":"ListItem","position":1,"name":"Hem","item":"https:\/\/wp.kristdemokraterna.se\/kalmarlan\/"},{"@type":"ListItem","position":2,"name":"Sveriges modigaste parti h\u00f6ll st\u00e4mma"}]},{"@type":"WebSite","@id":"https:\/\/wp.kristdemokraterna.se\/kalmarlan\/#website","url":"https:\/\/wp.kristdemokraterna.se\/kalmarlan\/","name":"i Kalmar l\u00e4n","description":"","inLanguage":"sv-SE"},{"@type":"Person","@id":"https:\/\/wp.kristdemokraterna.se\/kalmarlan\/#\/schema\/person\/a1856739934bf9c6a11fb258646ea2a5","name":"kalmarlan","image":{"@type":"ImageObject","inLanguage":"sv-SE","@id":"https:\/\/secure.gravatar.com\/avatar\/ef1f7dcd1b21be34f0f3e58a032955c2de43794b20090a23118cd0e2a8964e6e?s=96&r=g","url":"https:\/\/secure.gravatar.com\/avatar\/ef1f7dcd1b21be34f0f3e58a032955c2de43794b20090a23118cd0e2a8964e6e?s=96&r=g","contentUrl":"https:\/\/secure.gravatar.com\/avatar\/ef1f7dcd1b21be34f0f3e58a032955c2de43794b20090a23118cd0e2a8964e6e?s=96&r=g","caption":"kalmarlan"},"url":"https:\/\/wp.kristdemokraterna.se\/kalmarlan\/author\/kalmarlan\/"}]}},"_links":{"self":[{"href":"https:\/\/wp.kristdemokraterna.se\/kalmarlan\/wp-json\/wp\/v2\/posts\/39","targetHints":{"allow":["GET"]}}],"collection":[{"href":"https:\/\/wp.kristdemokraterna.se\/kalmarlan\/wp-json\/wp\/v2\/posts"}],"about":[{"href":"https:\/\/wp.kristdemokraterna.se\/kalmarlan\/wp-json\/wp\/v2\/types\/post"}],"author":[{"embeddable":true,"href":"https:\/\/wp.kristdemokraterna.se\/kalmarlan\/wp-json\/wp\/v2\/users\/417"}],"replies":[{"embeddable":true,"href":"https:\/\/wp.kristdemokraterna.se\/kalmarlan\/wp-json\/wp\/v2\/comments?post=39"}],"version-history":[{"count":16,"href":"https:\/\/wp.kristdemokraterna.se\/kalmarlan\/wp-json\/wp\/v2\/posts\/39\/revisions"}],"predecessor-version":[{"id":213,"href":"https:\/\/wp.kristdemokraterna.se\/kalmarlan\/wp-json\/wp\/v2\/posts\/39\/revisions\/213"}],"wp:attachment":[{"href":"https:\/\/wp.kristdemokraterna.se\/kalmarlan\/wp-json\/wp\/v2\/media?parent=39"}],"wp:term":[{"taxonomy":"category","embeddable":true,"href":"https:\/\/wp.kristdemokraterna.se\/kalmarlan\/wp-json\/wp\/v2\/categories?post=39"},{"taxonomy":"post_tag","embeddable":true,"href":"https:\/\/wp.kristdemokraterna.se\/kalmarlan\/wp-json\/wp\/v2\/tags?post=39"}],"curies":[{"name":"wp","href":"https:\/\/api.w.org\/{rel}","templated":true}]}}