{"id":391,"date":"2014-05-09T22:28:24","date_gmt":"2014-05-09T20:28:24","guid":{"rendered":"http:\/\/wp.kristdemokraterna.se\/kalmarlan\/?p=391"},"modified":"2014-05-09T22:28:24","modified_gmt":"2014-05-09T20:28:24","slug":"informera-omgaende-om-tandvardsstodet","status":"publish","type":"post","link":"https:\/\/wp.kristdemokraterna.se\/kalmarlan\/informera-omgaende-om-tandvardsstodet\/","title":{"rendered":"Informera omg\u00e5ende om tandv\u00e5rdsst\u00f6det"},"content":{"rendered":"<p><em>Pressmeddelande<br \/>\n2014-05-09<\/em><\/p>\n<p><strong>\u2013 Tandv\u00e5rdsst\u00f6det \u00e4r inte till f\u00f6r att fylla p\u00e5 Anders Borgs budgeth\u00e5l. Detta st\u00f6d \u00e4r till f\u00f6r att hj\u00e4lpa vanliga m\u00e4nniskor med att klara dyra tandv\u00e5rdskostnader.<\/p>\n<p>Det s\u00e4ger Anders Andersson (KD), riksdagsledamot f\u00f6r Kristdemokraterna och talesperson i tandv\u00e5rdsfr\u00e5gor. <\/strong><\/p>\n<p>\u2013 F\u00f6r mig \u00e4r det oacceptabelt att det redovisas \u00f6verskott i tandv\u00e5rdsst\u00f6det samtidigt som vi vet att tandv\u00e5rdskostnader \u00e4r ett av de stora bekymmer som m\u00e5nga m\u00e4nniskor upplever. Det \u00e4r h\u00f6g tid att TLV och landstingen tillsammans g\u00e5r ut offensivt och informera om de m\u00f6jligheter som drabbade patienter har av att f\u00e5 50 resp 85 % i tandv\u00e5rdsst\u00f6d.<\/p>\n<p>\u2013 G\u00f6ran H\u00e4gglund har ocks\u00e5 tillsatt en utredning f\u00f6r vem som sen b\u00f6r ha det \u00f6vergripande ansvaret f\u00f6r information om det statliga tandv\u00e5rdsst\u00f6det, avslutar Anders Andersson.<\/p>\n","protected":false},"excerpt":{"rendered":"<p>Pressmeddelande 2014-05-09 \u2013 Tandv\u00e5rdsst\u00f6det \u00e4r inte till f\u00f6r att fylla p\u00e5 Anders Borgs budgeth\u00e5l. Detta st\u00f6d \u00e4r till f\u00f6r att hj\u00e4lpa vanliga m\u00e4nniskor med att klara dyra tandv\u00e5rdskostnader. Det s\u00e4ger Anders Andersson (KD), riksdagsledamot f\u00f6r Kristdemokraterna och talesperson i tandv\u00e5rdsfr\u00e5gor. \u2013 F\u00f6r mig \u00e4r det oacceptabelt att det redovisas \u00f6verskott i tandv\u00e5rdsst\u00f6det samtidigt som vi <a class=\"read-more-link\" href=\"https:\/\/wp.kristdemokraterna.se\/kalmarlan\/informera-omgaende-om-tandvardsstodet\/\">Read More<\/a><\/p>\n","protected":false},"author":417,"featured_media":0,"comment_status":"open","ping_status":"open","sticky":false,"template":"","format":"standard","meta":{"_acf_changed":false,"footnotes":""},"categories":[1],"tags":[],"class_list":["post-391","post","type-post","status-publish","format-standard","hentry","category-okategoriserade"],"acf":[],"yoast_head":"<!-- This site is optimized with the Yoast SEO plugin v27.4 - https:\/\/yoast.com\/product\/yoast-seo-wordpress\/ -->\n<title>Informera omg\u00e5ende om tandv\u00e5rdsst\u00f6det - i Kalmar l\u00e4n<\/title>\n<meta name=\"robots\" content=\"index, follow, max-snippet:-1, max-image-preview:large, max-video-preview:-1\" \/>\n<link rel=\"canonical\" href=\"https:\/\/wp.kristdemokraterna.se\/kalmarlan\/informera-omgaende-om-tandvardsstodet\/\" \/>\n<meta property=\"og:locale\" content=\"sv_SE\" \/>\n<meta property=\"og:type\" content=\"article\" \/>\n<meta property=\"og:title\" content=\"Informera omg\u00e5ende om tandv\u00e5rdsst\u00f6det - i Kalmar l\u00e4n\" \/>\n<meta property=\"og:description\" content=\"Pressmeddelande 2014-05-09 \u2013 Tandv\u00e5rdsst\u00f6det \u00e4r inte till f\u00f6r att fylla p\u00e5 Anders Borgs budgeth\u00e5l. Detta st\u00f6d \u00e4r till f\u00f6r att hj\u00e4lpa vanliga m\u00e4nniskor med att klara dyra tandv\u00e5rdskostnader. Det s\u00e4ger Anders Andersson (KD), riksdagsledamot f\u00f6r Kristdemokraterna och talesperson i tandv\u00e5rdsfr\u00e5gor. \u2013 F\u00f6r mig \u00e4r det oacceptabelt att det redovisas \u00f6verskott i tandv\u00e5rdsst\u00f6det samtidigt som vi Read More\" \/>\n<meta property=\"og:url\" content=\"https:\/\/wp.kristdemokraterna.se\/kalmarlan\/informera-omgaende-om-tandvardsstodet\/\" \/>\n<meta property=\"og:site_name\" content=\"i Kalmar l\u00e4n\" \/>\n<meta property=\"article:published_time\" content=\"2014-05-09T20:28:24+00:00\" \/>\n<meta name=\"author\" content=\"kalmarlan\" \/>\n<meta name=\"twitter:card\" content=\"summary_large_image\" \/>\n<meta name=\"twitter:label1\" content=\"Skriven av\" \/>\n\t<meta name=\"twitter:data1\" content=\"kalmarlan\" \/>\n\t<meta name=\"twitter:label2\" content=\"Ber\u00e4knad l\u00e4stid\" \/>\n\t<meta name=\"twitter:data2\" content=\"1 minut\" \/>\n<script type=\"application\/ld+json\" class=\"yoast-schema-graph\">{\"@context\":\"https:\\\/\\\/schema.org\",\"@graph\":[{\"@type\":\"Article\",\"@id\":\"https:\\\/\\\/wp.kristdemokraterna.se\\\/kalmarlan\\\/informera-omgaende-om-tandvardsstodet\\\/#article\",\"isPartOf\":{\"@id\":\"https:\\\/\\\/wp.kristdemokraterna.se\\\/kalmarlan\\\/informera-omgaende-om-tandvardsstodet\\\/\"},\"author\":{\"name\":\"kalmarlan\",\"@id\":\"https:\\\/\\\/wp.kristdemokraterna.se\\\/kalmarlan\\\/#\\\/schema\\\/person\\\/a1856739934bf9c6a11fb258646ea2a5\"},\"headline\":\"Informera omg\u00e5ende om tandv\u00e5rdsst\u00f6det\",\"datePublished\":\"2014-05-09T20:28:24+00:00\",\"mainEntityOfPage\":{\"@id\":\"https:\\\/\\\/wp.kristdemokraterna.se\\\/kalmarlan\\\/informera-omgaende-om-tandvardsstodet\\\/\"},\"wordCount\":157,\"commentCount\":0,\"inLanguage\":\"sv-SE\"},{\"@type\":\"WebPage\",\"@id\":\"https:\\\/\\\/wp.kristdemokraterna.se\\\/kalmarlan\\\/informera-omgaende-om-tandvardsstodet\\\/\",\"url\":\"https:\\\/\\\/wp.kristdemokraterna.se\\\/kalmarlan\\\/informera-omgaende-om-tandvardsstodet\\\/\",\"name\":\"Informera omg\u00e5ende om tandv\u00e5rdsst\u00f6det - i Kalmar l\u00e4n\",\"isPartOf\":{\"@id\":\"https:\\\/\\\/wp.kristdemokraterna.se\\\/kalmarlan\\\/#website\"},\"datePublished\":\"2014-05-09T20:28:24+00:00\",\"author\":{\"@id\":\"https:\\\/\\\/wp.kristdemokraterna.se\\\/kalmarlan\\\/#\\\/schema\\\/person\\\/a1856739934bf9c6a11fb258646ea2a5\"},\"breadcrumb\":{\"@id\":\"https:\\\/\\\/wp.kristdemokraterna.se\\\/kalmarlan\\\/informera-omgaende-om-tandvardsstodet\\\/#breadcrumb\"},\"inLanguage\":\"sv-SE\",\"potentialAction\":[{\"@type\":\"ReadAction\",\"target\":[\"https:\\\/\\\/wp.kristdemokraterna.se\\\/kalmarlan\\\/informera-omgaende-om-tandvardsstodet\\\/\"]}]},{\"@type\":\"BreadcrumbList\",\"@id\":\"https:\\\/\\\/wp.kristdemokraterna.se\\\/kalmarlan\\\/informera-omgaende-om-tandvardsstodet\\\/#breadcrumb\",\"itemListElement\":[{\"@type\":\"ListItem\",\"position\":1,\"name\":\"Hem\",\"item\":\"https:\\\/\\\/wp.kristdemokraterna.se\\\/kalmarlan\\\/\"},{\"@type\":\"ListItem\",\"position\":2,\"name\":\"Informera omg\u00e5ende om tandv\u00e5rdsst\u00f6det\"}]},{\"@type\":\"WebSite\",\"@id\":\"https:\\\/\\\/wp.kristdemokraterna.se\\\/kalmarlan\\\/#website\",\"url\":\"https:\\\/\\\/wp.kristdemokraterna.se\\\/kalmarlan\\\/\",\"name\":\"i Kalmar l\u00e4n\",\"description\":\"\",\"inLanguage\":\"sv-SE\"},{\"@type\":\"Person\",\"@id\":\"https:\\\/\\\/wp.kristdemokraterna.se\\\/kalmarlan\\\/#\\\/schema\\\/person\\\/a1856739934bf9c6a11fb258646ea2a5\",\"name\":\"kalmarlan\",\"image\":{\"@type\":\"ImageObject\",\"inLanguage\":\"sv-SE\",\"@id\":\"https:\\\/\\\/secure.gravatar.com\\\/avatar\\\/ef1f7dcd1b21be34f0f3e58a032955c2de43794b20090a23118cd0e2a8964e6e?s=96&r=g\",\"url\":\"https:\\\/\\\/secure.gravatar.com\\\/avatar\\\/ef1f7dcd1b21be34f0f3e58a032955c2de43794b20090a23118cd0e2a8964e6e?s=96&r=g\",\"contentUrl\":\"https:\\\/\\\/secure.gravatar.com\\\/avatar\\\/ef1f7dcd1b21be34f0f3e58a032955c2de43794b20090a23118cd0e2a8964e6e?s=96&r=g\",\"caption\":\"kalmarlan\"},\"url\":\"https:\\\/\\\/wp.kristdemokraterna.se\\\/kalmarlan\\\/author\\\/kalmarlan\\\/\"}]}<\/script>\n<!-- \/ Yoast SEO plugin. -->","yoast_head_json":{"title":"Informera omg\u00e5ende om tandv\u00e5rdsst\u00f6det - i Kalmar l\u00e4n","robots":{"index":"index","follow":"follow","max-snippet":"max-snippet:-1","max-image-preview":"max-image-preview:large","max-video-preview":"max-video-preview:-1"},"canonical":"https:\/\/wp.kristdemokraterna.se\/kalmarlan\/informera-omgaende-om-tandvardsstodet\/","og_locale":"sv_SE","og_type":"article","og_title":"Informera omg\u00e5ende om tandv\u00e5rdsst\u00f6det - i Kalmar l\u00e4n","og_description":"Pressmeddelande 2014-05-09 \u2013 Tandv\u00e5rdsst\u00f6det \u00e4r inte till f\u00f6r att fylla p\u00e5 Anders Borgs budgeth\u00e5l. Detta st\u00f6d \u00e4r till f\u00f6r att hj\u00e4lpa vanliga m\u00e4nniskor med att klara dyra tandv\u00e5rdskostnader. Det s\u00e4ger Anders Andersson (KD), riksdagsledamot f\u00f6r Kristdemokraterna och talesperson i tandv\u00e5rdsfr\u00e5gor. \u2013 F\u00f6r mig \u00e4r det oacceptabelt att det redovisas \u00f6verskott i tandv\u00e5rdsst\u00f6det samtidigt som vi Read More","og_url":"https:\/\/wp.kristdemokraterna.se\/kalmarlan\/informera-omgaende-om-tandvardsstodet\/","og_site_name":"i Kalmar l\u00e4n","article_published_time":"2014-05-09T20:28:24+00:00","author":"kalmarlan","twitter_card":"summary_large_image","twitter_misc":{"Skriven av":"kalmarlan","Ber\u00e4knad l\u00e4stid":"1 minut"},"schema":{"@context":"https:\/\/schema.org","@graph":[{"@type":"Article","@id":"https:\/\/wp.kristdemokraterna.se\/kalmarlan\/informera-omgaende-om-tandvardsstodet\/#article","isPartOf":{"@id":"https:\/\/wp.kristdemokraterna.se\/kalmarlan\/informera-omgaende-om-tandvardsstodet\/"},"author":{"name":"kalmarlan","@id":"https:\/\/wp.kristdemokraterna.se\/kalmarlan\/#\/schema\/person\/a1856739934bf9c6a11fb258646ea2a5"},"headline":"Informera omg\u00e5ende om tandv\u00e5rdsst\u00f6det","datePublished":"2014-05-09T20:28:24+00:00","mainEntityOfPage":{"@id":"https:\/\/wp.kristdemokraterna.se\/kalmarlan\/informera-omgaende-om-tandvardsstodet\/"},"wordCount":157,"commentCount":0,"inLanguage":"sv-SE"},{"@type":"WebPage","@id":"https:\/\/wp.kristdemokraterna.se\/kalmarlan\/informera-omgaende-om-tandvardsstodet\/","url":"https:\/\/wp.kristdemokraterna.se\/kalmarlan\/informera-omgaende-om-tandvardsstodet\/","name":"Informera omg\u00e5ende om tandv\u00e5rdsst\u00f6det - i Kalmar l\u00e4n","isPartOf":{"@id":"https:\/\/wp.kristdemokraterna.se\/kalmarlan\/#website"},"datePublished":"2014-05-09T20:28:24+00:00","author":{"@id":"https:\/\/wp.kristdemokraterna.se\/kalmarlan\/#\/schema\/person\/a1856739934bf9c6a11fb258646ea2a5"},"breadcrumb":{"@id":"https:\/\/wp.kristdemokraterna.se\/kalmarlan\/informera-omgaende-om-tandvardsstodet\/#breadcrumb"},"inLanguage":"sv-SE","potentialAction":[{"@type":"ReadAction","target":["https:\/\/wp.kristdemokraterna.se\/kalmarlan\/informera-omgaende-om-tandvardsstodet\/"]}]},{"@type":"BreadcrumbList","@id":"https:\/\/wp.kristdemokraterna.se\/kalmarlan\/informera-omgaende-om-tandvardsstodet\/#breadcrumb","itemListElement":[{"@type":"ListItem","position":1,"name":"Hem","item":"https:\/\/wp.kristdemokraterna.se\/kalmarlan\/"},{"@type":"ListItem","position":2,"name":"Informera omg\u00e5ende om tandv\u00e5rdsst\u00f6det"}]},{"@type":"WebSite","@id":"https:\/\/wp.kristdemokraterna.se\/kalmarlan\/#website","url":"https:\/\/wp.kristdemokraterna.se\/kalmarlan\/","name":"i Kalmar l\u00e4n","description":"","inLanguage":"sv-SE"},{"@type":"Person","@id":"https:\/\/wp.kristdemokraterna.se\/kalmarlan\/#\/schema\/person\/a1856739934bf9c6a11fb258646ea2a5","name":"kalmarlan","image":{"@type":"ImageObject","inLanguage":"sv-SE","@id":"https:\/\/secure.gravatar.com\/avatar\/ef1f7dcd1b21be34f0f3e58a032955c2de43794b20090a23118cd0e2a8964e6e?s=96&r=g","url":"https:\/\/secure.gravatar.com\/avatar\/ef1f7dcd1b21be34f0f3e58a032955c2de43794b20090a23118cd0e2a8964e6e?s=96&r=g","contentUrl":"https:\/\/secure.gravatar.com\/avatar\/ef1f7dcd1b21be34f0f3e58a032955c2de43794b20090a23118cd0e2a8964e6e?s=96&r=g","caption":"kalmarlan"},"url":"https:\/\/wp.kristdemokraterna.se\/kalmarlan\/author\/kalmarlan\/"}]}},"_links":{"self":[{"href":"https:\/\/wp.kristdemokraterna.se\/kalmarlan\/wp-json\/wp\/v2\/posts\/391","targetHints":{"allow":["GET"]}}],"collection":[{"href":"https:\/\/wp.kristdemokraterna.se\/kalmarlan\/wp-json\/wp\/v2\/posts"}],"about":[{"href":"https:\/\/wp.kristdemokraterna.se\/kalmarlan\/wp-json\/wp\/v2\/types\/post"}],"author":[{"embeddable":true,"href":"https:\/\/wp.kristdemokraterna.se\/kalmarlan\/wp-json\/wp\/v2\/users\/417"}],"replies":[{"embeddable":true,"href":"https:\/\/wp.kristdemokraterna.se\/kalmarlan\/wp-json\/wp\/v2\/comments?post=391"}],"version-history":[{"count":1,"href":"https:\/\/wp.kristdemokraterna.se\/kalmarlan\/wp-json\/wp\/v2\/posts\/391\/revisions"}],"predecessor-version":[{"id":392,"href":"https:\/\/wp.kristdemokraterna.se\/kalmarlan\/wp-json\/wp\/v2\/posts\/391\/revisions\/392"}],"wp:attachment":[{"href":"https:\/\/wp.kristdemokraterna.se\/kalmarlan\/wp-json\/wp\/v2\/media?parent=391"}],"wp:term":[{"taxonomy":"category","embeddable":true,"href":"https:\/\/wp.kristdemokraterna.se\/kalmarlan\/wp-json\/wp\/v2\/categories?post=391"},{"taxonomy":"post_tag","embeddable":true,"href":"https:\/\/wp.kristdemokraterna.se\/kalmarlan\/wp-json\/wp\/v2\/tags?post=391"}],"curies":[{"name":"wp","href":"https:\/\/api.w.org\/{rel}","templated":true}]}}