{"id":394,"date":"2014-05-09T22:33:02","date_gmt":"2014-05-09T20:33:02","guid":{"rendered":"http:\/\/wp.kristdemokraterna.se\/kalmarlan\/?p=394"},"modified":"2014-05-09T22:33:02","modified_gmt":"2014-05-09T20:33:02","slug":"kapelluddens-asylboende-foredome-for-eu","status":"publish","type":"post","link":"https:\/\/wp.kristdemokraterna.se\/kalmarlan\/kapelluddens-asylboende-foredome-for-eu\/","title":{"rendered":"Kapelluddens asylboende f\u00f6red\u00f6me f\u00f6r EU"},"content":{"rendered":"<p>Ta till vapen och d\u00f6da forna grannar och v\u00e4nner, bli d\u00f6dad i inb\u00f6rdeskriget eller fly till ett fr\u00e4mmande land f\u00f6r att r\u00e4dda livet p\u00e5 hustru och barn? Vilket skulle du v\u00e4lja om du st\u00e4lldes inf\u00f6r dessa tre alternativ? De flesta som har den minsta gnutta empati tror jag kan f\u00f6rst\u00e5 vad som f\u00f6rt runt 15,000 syrier till Sverige p\u00e5 senare \u00e5r. Men i EU, som \u00e4r en av v\u00e4rldens rikaste regioner, borde alla l\u00e4nder hj\u00e4lpas \u00e5t att ta ansvar f\u00f6r m\u00e4nniskor p\u00e5 flykt undan krig, v\u00e4pnade konflikter och f\u00f6rf\u00f6ljelse.<\/p>\n<p>Det s\u00e4ger Gudrun Bruneg\u00e5rd,  EU-kandidat f\u00f6r Kristdemokraterna, i samband med ett bes\u00f6k p\u00e5 Migrationsverkets asylboende p\u00e5 Kapelludden i Borgholm, tillsammans med Marcus Bergenheim, gruppledare f\u00f6r KD Borgholm.<\/p>\n<p>2,7 miljoner syrier har flytt undan inb\u00f6rdeskriget i sitt hemland. Av dem har 14 700 s\u00f6kt asyl i Sverige, varav \u00e5tskilliga hundra har passerat genom asylboendena p\u00e5 \u00d6land under de tre \u00e5r som konflikten p\u00e5g\u00e5tt.<\/p>\n<p>&#8211; De syriska flyktigar jag m\u00f6tte var fulla av tacksamhet till Sverige, som tagit emot dem v\u00e4l. Migrationsverkets personal vid fick stor uppskattning.<\/p>\n<p>&#8211; Vid m\u00f6tet med asyls\u00f6kande fick jag bekr\u00e4ftelse f\u00f6r att Kristdemokraterna ligger r\u00e4tt i sin asylpolitik. Vi menar att m\u00e4nniskor fr\u00e5n konfliktomr\u00e5den ska kunna s\u00f6ka asyl via ambassaden, ist\u00e4llet f\u00f6r att uts\u00e4tta sig f\u00f6r livsfara i \u00f6verlastade b\u00e5tar eller i h\u00e4nderna p\u00e5 samvetsl\u00f6sa m\u00e4nniskosmugglare. Flyktingar m\u00e5ste tas emot och f\u00e5 sina asylsk\u00e4l pr\u00f6vade p\u00e5 ett likv\u00e4rdigt och r\u00e4ttss\u00e4kert s\u00e4tt, vare sig de kommer till Sverige eller till Italien och Grekland.<\/p>\n<p>&#8211; Vi beh\u00f6ver ocks\u00e5 trycka p\u00e5 hos andra EU-l\u00e4nder s\u00e5 att de inf\u00f6r m\u00f6jligheten till anh\u00f6riginvandring, som finns i Sverige. Detta var en fr\u00e5ga som man tryckte p\u00e5 vid v\u00e5rt samtal.<\/p>\n<p>&#8211; Den 25 maj \u00e4r det val till Europaparlamentet. F\u00f6r oss kristdemokrater \u00e4r det viktigt att det blir majoritet f\u00f6r partier som framh\u00e5ller frihet, ansvar och medm\u00e4nsklighet som b\u00e4rande v\u00e4rderingar. V\u00e4rderingar som f\u00e5r sin praktiska till\u00e4mpning i hur vi tar hand om m\u00e4nniskor som flytt f\u00f6r sina liv fr\u00e5n l\u00e4nder d\u00e4r m\u00e4nniskov\u00e4rdet f\u00f6rtrycks, avslutar Gudrun Bruneg\u00e5rd.<\/p>\n<p><a href=\"http:\/\/wp.kristdemokraterna.se\/kalmarlan\/files\/2014\/05\/20140509-223009.jpg\"><img decoding=\"async\" src=\"http:\/\/wp.kristdemokraterna.se\/kalmarlan\/files\/2014\/05\/20140509-223009.jpg\" alt=\"20140509-223009.jpg\" class=\"alignnone size-full\" \/><\/a><br \/>\nP\u00e5 bilden syns: Marcus Bergenheim, gruppledare KD Borgholm, Gudrun Bruneg\u00e5rd, EU-kandidat, Ahmad Al Cheikh Ali, Hassan Cheikh Khamis med sonen Mohammad Kheir Khamis, och Mattias Facchini fr\u00e5n Migrationsverket. Fotot \u00e4r taget av Per-Einar Tuvesson p\u00e5 Migrationsverket.<\/p>\n","protected":false},"excerpt":{"rendered":"<p>Ta till vapen och d\u00f6da forna grannar och v\u00e4nner, bli d\u00f6dad i inb\u00f6rdeskriget eller fly till ett fr\u00e4mmande land f\u00f6r att r\u00e4dda livet p\u00e5 hustru och barn? Vilket skulle du v\u00e4lja om du st\u00e4lldes inf\u00f6r dessa tre alternativ? De flesta som har den minsta gnutta empati tror jag kan f\u00f6rst\u00e5 vad som f\u00f6rt runt 15,000 <a class=\"read-more-link\" href=\"https:\/\/wp.kristdemokraterna.se\/kalmarlan\/kapelluddens-asylboende-foredome-for-eu\/\">Read More<\/a><\/p>\n","protected":false},"author":417,"featured_media":0,"comment_status":"open","ping_status":"open","sticky":false,"template":"","format":"standard","meta":{"_acf_changed":false,"footnotes":""},"categories":[1],"tags":[],"class_list":["post-394","post","type-post","status-publish","format-standard","hentry","category-okategoriserade"],"acf":[],"yoast_head":"<!-- This site is optimized with the Yoast SEO plugin v27.4 - https:\/\/yoast.com\/product\/yoast-seo-wordpress\/ -->\n<title>Kapelluddens asylboende f\u00f6red\u00f6me f\u00f6r EU - i Kalmar l\u00e4n<\/title>\n<meta name=\"robots\" content=\"index, follow, max-snippet:-1, max-image-preview:large, max-video-preview:-1\" \/>\n<link rel=\"canonical\" href=\"https:\/\/wp.kristdemokraterna.se\/kalmarlan\/kapelluddens-asylboende-foredome-for-eu\/\" \/>\n<meta property=\"og:locale\" content=\"sv_SE\" \/>\n<meta property=\"og:type\" content=\"article\" \/>\n<meta property=\"og:title\" content=\"Kapelluddens asylboende f\u00f6red\u00f6me f\u00f6r EU - i Kalmar l\u00e4n\" \/>\n<meta property=\"og:description\" content=\"Ta till vapen och d\u00f6da forna grannar och v\u00e4nner, bli d\u00f6dad i inb\u00f6rdeskriget eller fly till ett fr\u00e4mmande land f\u00f6r att r\u00e4dda livet p\u00e5 hustru och barn? Vilket skulle du v\u00e4lja om du st\u00e4lldes inf\u00f6r dessa tre alternativ? De flesta som har den minsta gnutta empati tror jag kan f\u00f6rst\u00e5 vad som f\u00f6rt runt 15,000 Read More\" \/>\n<meta property=\"og:url\" content=\"https:\/\/wp.kristdemokraterna.se\/kalmarlan\/kapelluddens-asylboende-foredome-for-eu\/\" \/>\n<meta property=\"og:site_name\" content=\"i Kalmar l\u00e4n\" \/>\n<meta property=\"article:published_time\" content=\"2014-05-09T20:33:02+00:00\" \/>\n<meta property=\"og:image\" content=\"http:\/\/wp.kristdemokraterna.se\/kalmarlan\/files\/2014\/05\/20140509-223009.jpg\" \/>\n<meta name=\"author\" content=\"kalmarlan\" \/>\n<meta name=\"twitter:card\" content=\"summary_large_image\" \/>\n<meta name=\"twitter:label1\" content=\"Skriven av\" \/>\n\t<meta name=\"twitter:data1\" content=\"kalmarlan\" \/>\n\t<meta name=\"twitter:label2\" content=\"Ber\u00e4knad l\u00e4stid\" \/>\n\t<meta name=\"twitter:data2\" content=\"2 minuter\" \/>\n<script type=\"application\/ld+json\" class=\"yoast-schema-graph\">{\"@context\":\"https:\\\/\\\/schema.org\",\"@graph\":[{\"@type\":\"Article\",\"@id\":\"https:\\\/\\\/wp.kristdemokraterna.se\\\/kalmarlan\\\/kapelluddens-asylboende-foredome-for-eu\\\/#article\",\"isPartOf\":{\"@id\":\"https:\\\/\\\/wp.kristdemokraterna.se\\\/kalmarlan\\\/kapelluddens-asylboende-foredome-for-eu\\\/\"},\"author\":{\"name\":\"kalmarlan\",\"@id\":\"https:\\\/\\\/wp.kristdemokraterna.se\\\/kalmarlan\\\/#\\\/schema\\\/person\\\/a1856739934bf9c6a11fb258646ea2a5\"},\"headline\":\"Kapelluddens asylboende f\u00f6red\u00f6me f\u00f6r EU\",\"datePublished\":\"2014-05-09T20:33:02+00:00\",\"mainEntityOfPage\":{\"@id\":\"https:\\\/\\\/wp.kristdemokraterna.se\\\/kalmarlan\\\/kapelluddens-asylboende-foredome-for-eu\\\/\"},\"wordCount\":452,\"commentCount\":0,\"image\":{\"@id\":\"https:\\\/\\\/wp.kristdemokraterna.se\\\/kalmarlan\\\/kapelluddens-asylboende-foredome-for-eu\\\/#primaryimage\"},\"thumbnailUrl\":\"http:\\\/\\\/wp.kristdemokraterna.se\\\/kalmarlan\\\/files\\\/2014\\\/05\\\/20140509-223009.jpg\",\"inLanguage\":\"sv-SE\"},{\"@type\":\"WebPage\",\"@id\":\"https:\\\/\\\/wp.kristdemokraterna.se\\\/kalmarlan\\\/kapelluddens-asylboende-foredome-for-eu\\\/\",\"url\":\"https:\\\/\\\/wp.kristdemokraterna.se\\\/kalmarlan\\\/kapelluddens-asylboende-foredome-for-eu\\\/\",\"name\":\"Kapelluddens asylboende f\u00f6red\u00f6me f\u00f6r EU - i Kalmar l\u00e4n\",\"isPartOf\":{\"@id\":\"https:\\\/\\\/wp.kristdemokraterna.se\\\/kalmarlan\\\/#website\"},\"primaryImageOfPage\":{\"@id\":\"https:\\\/\\\/wp.kristdemokraterna.se\\\/kalmarlan\\\/kapelluddens-asylboende-foredome-for-eu\\\/#primaryimage\"},\"image\":{\"@id\":\"https:\\\/\\\/wp.kristdemokraterna.se\\\/kalmarlan\\\/kapelluddens-asylboende-foredome-for-eu\\\/#primaryimage\"},\"thumbnailUrl\":\"http:\\\/\\\/wp.kristdemokraterna.se\\\/kalmarlan\\\/files\\\/2014\\\/05\\\/20140509-223009.jpg\",\"datePublished\":\"2014-05-09T20:33:02+00:00\",\"author\":{\"@id\":\"https:\\\/\\\/wp.kristdemokraterna.se\\\/kalmarlan\\\/#\\\/schema\\\/person\\\/a1856739934bf9c6a11fb258646ea2a5\"},\"breadcrumb\":{\"@id\":\"https:\\\/\\\/wp.kristdemokraterna.se\\\/kalmarlan\\\/kapelluddens-asylboende-foredome-for-eu\\\/#breadcrumb\"},\"inLanguage\":\"sv-SE\",\"potentialAction\":[{\"@type\":\"ReadAction\",\"target\":[\"https:\\\/\\\/wp.kristdemokraterna.se\\\/kalmarlan\\\/kapelluddens-asylboende-foredome-for-eu\\\/\"]}]},{\"@type\":\"ImageObject\",\"inLanguage\":\"sv-SE\",\"@id\":\"https:\\\/\\\/wp.kristdemokraterna.se\\\/kalmarlan\\\/kapelluddens-asylboende-foredome-for-eu\\\/#primaryimage\",\"url\":\"https:\\\/\\\/wp.kristdemokraterna.se\\\/kalmarlan\\\/files\\\/2014\\\/05\\\/20140509-223009.jpg\",\"contentUrl\":\"https:\\\/\\\/wp.kristdemokraterna.se\\\/kalmarlan\\\/files\\\/2014\\\/05\\\/20140509-223009.jpg\",\"width\":540,\"height\":482},{\"@type\":\"BreadcrumbList\",\"@id\":\"https:\\\/\\\/wp.kristdemokraterna.se\\\/kalmarlan\\\/kapelluddens-asylboende-foredome-for-eu\\\/#breadcrumb\",\"itemListElement\":[{\"@type\":\"ListItem\",\"position\":1,\"name\":\"Hem\",\"item\":\"https:\\\/\\\/wp.kristdemokraterna.se\\\/kalmarlan\\\/\"},{\"@type\":\"ListItem\",\"position\":2,\"name\":\"Kapelluddens asylboende f\u00f6red\u00f6me f\u00f6r EU\"}]},{\"@type\":\"WebSite\",\"@id\":\"https:\\\/\\\/wp.kristdemokraterna.se\\\/kalmarlan\\\/#website\",\"url\":\"https:\\\/\\\/wp.kristdemokraterna.se\\\/kalmarlan\\\/\",\"name\":\"i Kalmar l\u00e4n\",\"description\":\"\",\"inLanguage\":\"sv-SE\"},{\"@type\":\"Person\",\"@id\":\"https:\\\/\\\/wp.kristdemokraterna.se\\\/kalmarlan\\\/#\\\/schema\\\/person\\\/a1856739934bf9c6a11fb258646ea2a5\",\"name\":\"kalmarlan\",\"image\":{\"@type\":\"ImageObject\",\"inLanguage\":\"sv-SE\",\"@id\":\"https:\\\/\\\/secure.gravatar.com\\\/avatar\\\/ef1f7dcd1b21be34f0f3e58a032955c2de43794b20090a23118cd0e2a8964e6e?s=96&r=g\",\"url\":\"https:\\\/\\\/secure.gravatar.com\\\/avatar\\\/ef1f7dcd1b21be34f0f3e58a032955c2de43794b20090a23118cd0e2a8964e6e?s=96&r=g\",\"contentUrl\":\"https:\\\/\\\/secure.gravatar.com\\\/avatar\\\/ef1f7dcd1b21be34f0f3e58a032955c2de43794b20090a23118cd0e2a8964e6e?s=96&r=g\",\"caption\":\"kalmarlan\"},\"url\":\"https:\\\/\\\/wp.kristdemokraterna.se\\\/kalmarlan\\\/author\\\/kalmarlan\\\/\"}]}<\/script>\n<!-- \/ Yoast SEO plugin. -->","yoast_head_json":{"title":"Kapelluddens asylboende f\u00f6red\u00f6me f\u00f6r EU - i Kalmar l\u00e4n","robots":{"index":"index","follow":"follow","max-snippet":"max-snippet:-1","max-image-preview":"max-image-preview:large","max-video-preview":"max-video-preview:-1"},"canonical":"https:\/\/wp.kristdemokraterna.se\/kalmarlan\/kapelluddens-asylboende-foredome-for-eu\/","og_locale":"sv_SE","og_type":"article","og_title":"Kapelluddens asylboende f\u00f6red\u00f6me f\u00f6r EU - i Kalmar l\u00e4n","og_description":"Ta till vapen och d\u00f6da forna grannar och v\u00e4nner, bli d\u00f6dad i inb\u00f6rdeskriget eller fly till ett fr\u00e4mmande land f\u00f6r att r\u00e4dda livet p\u00e5 hustru och barn? Vilket skulle du v\u00e4lja om du st\u00e4lldes inf\u00f6r dessa tre alternativ? De flesta som har den minsta gnutta empati tror jag kan f\u00f6rst\u00e5 vad som f\u00f6rt runt 15,000 Read More","og_url":"https:\/\/wp.kristdemokraterna.se\/kalmarlan\/kapelluddens-asylboende-foredome-for-eu\/","og_site_name":"i Kalmar l\u00e4n","article_published_time":"2014-05-09T20:33:02+00:00","og_image":[{"url":"http:\/\/wp.kristdemokraterna.se\/kalmarlan\/files\/2014\/05\/20140509-223009.jpg","type":"","width":"","height":""}],"author":"kalmarlan","twitter_card":"summary_large_image","twitter_misc":{"Skriven av":"kalmarlan","Ber\u00e4knad l\u00e4stid":"2 minuter"},"schema":{"@context":"https:\/\/schema.org","@graph":[{"@type":"Article","@id":"https:\/\/wp.kristdemokraterna.se\/kalmarlan\/kapelluddens-asylboende-foredome-for-eu\/#article","isPartOf":{"@id":"https:\/\/wp.kristdemokraterna.se\/kalmarlan\/kapelluddens-asylboende-foredome-for-eu\/"},"author":{"name":"kalmarlan","@id":"https:\/\/wp.kristdemokraterna.se\/kalmarlan\/#\/schema\/person\/a1856739934bf9c6a11fb258646ea2a5"},"headline":"Kapelluddens asylboende f\u00f6red\u00f6me f\u00f6r EU","datePublished":"2014-05-09T20:33:02+00:00","mainEntityOfPage":{"@id":"https:\/\/wp.kristdemokraterna.se\/kalmarlan\/kapelluddens-asylboende-foredome-for-eu\/"},"wordCount":452,"commentCount":0,"image":{"@id":"https:\/\/wp.kristdemokraterna.se\/kalmarlan\/kapelluddens-asylboende-foredome-for-eu\/#primaryimage"},"thumbnailUrl":"http:\/\/wp.kristdemokraterna.se\/kalmarlan\/files\/2014\/05\/20140509-223009.jpg","inLanguage":"sv-SE"},{"@type":"WebPage","@id":"https:\/\/wp.kristdemokraterna.se\/kalmarlan\/kapelluddens-asylboende-foredome-for-eu\/","url":"https:\/\/wp.kristdemokraterna.se\/kalmarlan\/kapelluddens-asylboende-foredome-for-eu\/","name":"Kapelluddens asylboende f\u00f6red\u00f6me f\u00f6r EU - i Kalmar l\u00e4n","isPartOf":{"@id":"https:\/\/wp.kristdemokraterna.se\/kalmarlan\/#website"},"primaryImageOfPage":{"@id":"https:\/\/wp.kristdemokraterna.se\/kalmarlan\/kapelluddens-asylboende-foredome-for-eu\/#primaryimage"},"image":{"@id":"https:\/\/wp.kristdemokraterna.se\/kalmarlan\/kapelluddens-asylboende-foredome-for-eu\/#primaryimage"},"thumbnailUrl":"http:\/\/wp.kristdemokraterna.se\/kalmarlan\/files\/2014\/05\/20140509-223009.jpg","datePublished":"2014-05-09T20:33:02+00:00","author":{"@id":"https:\/\/wp.kristdemokraterna.se\/kalmarlan\/#\/schema\/person\/a1856739934bf9c6a11fb258646ea2a5"},"breadcrumb":{"@id":"https:\/\/wp.kristdemokraterna.se\/kalmarlan\/kapelluddens-asylboende-foredome-for-eu\/#breadcrumb"},"inLanguage":"sv-SE","potentialAction":[{"@type":"ReadAction","target":["https:\/\/wp.kristdemokraterna.se\/kalmarlan\/kapelluddens-asylboende-foredome-for-eu\/"]}]},{"@type":"ImageObject","inLanguage":"sv-SE","@id":"https:\/\/wp.kristdemokraterna.se\/kalmarlan\/kapelluddens-asylboende-foredome-for-eu\/#primaryimage","url":"https:\/\/wp.kristdemokraterna.se\/kalmarlan\/files\/2014\/05\/20140509-223009.jpg","contentUrl":"https:\/\/wp.kristdemokraterna.se\/kalmarlan\/files\/2014\/05\/20140509-223009.jpg","width":540,"height":482},{"@type":"BreadcrumbList","@id":"https:\/\/wp.kristdemokraterna.se\/kalmarlan\/kapelluddens-asylboende-foredome-for-eu\/#breadcrumb","itemListElement":[{"@type":"ListItem","position":1,"name":"Hem","item":"https:\/\/wp.kristdemokraterna.se\/kalmarlan\/"},{"@type":"ListItem","position":2,"name":"Kapelluddens asylboende f\u00f6red\u00f6me f\u00f6r EU"}]},{"@type":"WebSite","@id":"https:\/\/wp.kristdemokraterna.se\/kalmarlan\/#website","url":"https:\/\/wp.kristdemokraterna.se\/kalmarlan\/","name":"i Kalmar l\u00e4n","description":"","inLanguage":"sv-SE"},{"@type":"Person","@id":"https:\/\/wp.kristdemokraterna.se\/kalmarlan\/#\/schema\/person\/a1856739934bf9c6a11fb258646ea2a5","name":"kalmarlan","image":{"@type":"ImageObject","inLanguage":"sv-SE","@id":"https:\/\/secure.gravatar.com\/avatar\/ef1f7dcd1b21be34f0f3e58a032955c2de43794b20090a23118cd0e2a8964e6e?s=96&r=g","url":"https:\/\/secure.gravatar.com\/avatar\/ef1f7dcd1b21be34f0f3e58a032955c2de43794b20090a23118cd0e2a8964e6e?s=96&r=g","contentUrl":"https:\/\/secure.gravatar.com\/avatar\/ef1f7dcd1b21be34f0f3e58a032955c2de43794b20090a23118cd0e2a8964e6e?s=96&r=g","caption":"kalmarlan"},"url":"https:\/\/wp.kristdemokraterna.se\/kalmarlan\/author\/kalmarlan\/"}]}},"_links":{"self":[{"href":"https:\/\/wp.kristdemokraterna.se\/kalmarlan\/wp-json\/wp\/v2\/posts\/394","targetHints":{"allow":["GET"]}}],"collection":[{"href":"https:\/\/wp.kristdemokraterna.se\/kalmarlan\/wp-json\/wp\/v2\/posts"}],"about":[{"href":"https:\/\/wp.kristdemokraterna.se\/kalmarlan\/wp-json\/wp\/v2\/types\/post"}],"author":[{"embeddable":true,"href":"https:\/\/wp.kristdemokraterna.se\/kalmarlan\/wp-json\/wp\/v2\/users\/417"}],"replies":[{"embeddable":true,"href":"https:\/\/wp.kristdemokraterna.se\/kalmarlan\/wp-json\/wp\/v2\/comments?post=394"}],"version-history":[{"count":1,"href":"https:\/\/wp.kristdemokraterna.se\/kalmarlan\/wp-json\/wp\/v2\/posts\/394\/revisions"}],"predecessor-version":[{"id":395,"href":"https:\/\/wp.kristdemokraterna.se\/kalmarlan\/wp-json\/wp\/v2\/posts\/394\/revisions\/395"}],"wp:attachment":[{"href":"https:\/\/wp.kristdemokraterna.se\/kalmarlan\/wp-json\/wp\/v2\/media?parent=394"}],"wp:term":[{"taxonomy":"category","embeddable":true,"href":"https:\/\/wp.kristdemokraterna.se\/kalmarlan\/wp-json\/wp\/v2\/categories?post=394"},{"taxonomy":"post_tag","embeddable":true,"href":"https:\/\/wp.kristdemokraterna.se\/kalmarlan\/wp-json\/wp\/v2\/tags?post=394"}],"curies":[{"name":"wp","href":"https:\/\/api.w.org\/{rel}","templated":true}]}}