{"id":397,"date":"2014-05-26T09:36:31","date_gmt":"2014-05-26T07:36:31","guid":{"rendered":"http:\/\/wp.kristdemokraterna.se\/kalmarlan\/?p=397"},"modified":"2014-05-26T09:36:31","modified_gmt":"2014-05-26T07:36:31","slug":"ge-smalandska-bonder-betalt-for-knorren","status":"publish","type":"post","link":"https:\/\/wp.kristdemokraterna.se\/kalmarlan\/ge-smalandska-bonder-betalt-for-knorren\/","title":{"rendered":"Ge sm\u00e5l\u00e4ndska b\u00f6nder betalt f\u00f6r knorren!"},"content":{"rendered":"<p><strong>&#8211; Svenska b\u00f6nder \u00e4r p\u00e5 v\u00e4g att konkurreras ut, p\u00e5 grund av v\u00e5ra h\u00e5rdare djurskyddsregler. Reglerna \u00e4r bra och g\u00f6r att svenska grisar slipper f\u00e5 knorren avknipsad. Men det kostar att h\u00e5lla h\u00f6gre kvalitet. Svenska b\u00f6nder m\u00e5ste f\u00e5 betalt f\u00f6r att grisarna f\u00e5r ha knorren kvar!<\/strong><\/p>\n<p>Det s\u00e4ger Gudrun Bruneg\u00e5rd, Kristdemokraternas EU-kandidat f\u00f6r Kalmar l\u00e4n, i samband med ett bes\u00f6k hos Daniel Juneberg p\u00e5 Juneg\u00e5rden i F\u00f6rl\u00f6sa.<br \/>\n<a href=\"http:\/\/wp.kristdemokraterna.se\/kalmarlan\/files\/2014\/05\/gudrungris.jpg\"><img loading=\"lazy\" decoding=\"async\" src=\"http:\/\/wp.kristdemokraterna.se\/kalmarlan\/files\/2014\/05\/gudrungris-225x300.jpg\" alt=\"Gudrungris\" width=\"225\" height=\"300\" class=\"alignleft size-medium wp-image-398\" srcset=\"https:\/\/wp.kristdemokraterna.se\/kalmarlan\/files\/2014\/05\/gudrungris-225x300.jpg 225w, https:\/\/wp.kristdemokraterna.se\/kalmarlan\/files\/2014\/05\/gudrungris-405x540.jpg 405w, https:\/\/wp.kristdemokraterna.se\/kalmarlan\/files\/2014\/05\/gudrungris-259x346.jpg 259w, https:\/\/wp.kristdemokraterna.se\/kalmarlan\/files\/2014\/05\/gudrungris-84x112.jpg 84w\" sizes=\"auto, (max-width: 225px) 100vw, 225px\" \/><\/a><br \/>\n-Svenska djurskyddskrav f\u00f6r grisuppf\u00f6dning s\u00e4ger att varje sugga ska ha sex kvadratmeter i boxen, mot fyra kvadratmeter i Danmark, v\u00e5ra fr\u00e4msta konkurrenter. \u00c4r det f\u00f6r tr\u00e5ngt och det inte finns halm och str\u00f6 att b\u00f6ka i blir grisarna stressade och b\u00f6rjar bita varandra. D\u00e4rf\u00f6r knipsas svansen av p\u00e5 danska grisar. Svenska grisar, som har mer utrymme, kan ha knorren kvar. <\/p>\n<p>Svensk djurh\u00e5llning \u00e4r dyrare \u00e4n i konkurrentl\u00e4nderna, med st\u00f6rre utrymmen f\u00f6r djuren och lager f\u00f6r halm och str\u00f6 till boxarna, och st\u00f6rre behov av arbetskraft. Sammantaget kostar det 2,50 kr mer per kilo att producera svenskt grisk\u00f6tt \u00e4n danskt. Den snedvridna konkurrensen g\u00f6r att svensk grisuppf\u00f6dning h\u00e5ller p\u00e5 utrotas. Antalet grisuppf\u00f6dare har n\u00e4rmast halverats p\u00e5 senare \u00e5r.  <\/p>\n<p>-De svenska, h\u00f6gt st\u00e4llda hygienreglerna, g\u00f6r att man bara i undantagsfall beh\u00f6ver anv\u00e4nda antibiotika. I andra l\u00e4nder anv\u00e4nds antibiotika rutinartat i djurfoder, med resistensutveckling som f\u00f6ljd, n\u00e5got som inte f\u00f6rekommer hos svenska grisar.<\/p>\n<p>-Det finns allts\u00e5 starka sk\u00e4l att se till att svenska djurskyddsregler inf\u00f6rs i \u00f6vriga EU-l\u00e4nder. B\u00e5de f\u00f6r att beh\u00e5lla en svensk k\u00f6ttproduktion och f\u00f6r att grisen ska f\u00e5 beh\u00e5lla sin knorr p\u00e5 svansen, men inte minst f\u00f6r att h\u00e5lla tillbaka resistenutvecklingen mot antibiotika, som \u00e4r ett stort hot mot samh\u00e4llet p\u00e5 sikt. EU-kandidaten Ebba Busch Thor har anm\u00e4lt Danmark till EU-kommissionen f\u00f6r att de struntat i de regler som finns. Nu m\u00e5ste det skapas tryck i fr\u00e5gan, f\u00f6r att ge \u00e4ven danska grisar ett b\u00e4ttre liv och svenska b\u00f6nder konkurrenskraft, avslutar Gudrun Bruneg\u00e5rd.<\/p>\n","protected":false},"excerpt":{"rendered":"<p>&#8211; Svenska b\u00f6nder \u00e4r p\u00e5 v\u00e4g att konkurreras ut, p\u00e5 grund av v\u00e5ra h\u00e5rdare djurskyddsregler. Reglerna \u00e4r bra och g\u00f6r att svenska grisar slipper f\u00e5 knorren avknipsad. Men det kostar att h\u00e5lla h\u00f6gre kvalitet. Svenska b\u00f6nder m\u00e5ste f\u00e5 betalt f\u00f6r att grisarna f\u00e5r ha knorren kvar! Det s\u00e4ger Gudrun Bruneg\u00e5rd, Kristdemokraternas EU-kandidat f\u00f6r Kalmar l\u00e4n, <a class=\"read-more-link\" href=\"https:\/\/wp.kristdemokraterna.se\/kalmarlan\/ge-smalandska-bonder-betalt-for-knorren\/\">Read More<\/a><\/p>\n","protected":false},"author":417,"featured_media":0,"comment_status":"closed","ping_status":"closed","sticky":false,"template":"","format":"standard","meta":{"_acf_changed":false,"footnotes":""},"categories":[1],"tags":[],"class_list":["post-397","post","type-post","status-publish","format-standard","hentry","category-okategoriserade"],"acf":[],"yoast_head":"<!-- This site is optimized with the Yoast SEO plugin v27.4 - https:\/\/yoast.com\/product\/yoast-seo-wordpress\/ -->\n<title>Ge sm\u00e5l\u00e4ndska b\u00f6nder betalt f\u00f6r knorren! - i Kalmar l\u00e4n<\/title>\n<meta name=\"robots\" content=\"index, follow, max-snippet:-1, max-image-preview:large, max-video-preview:-1\" \/>\n<link rel=\"canonical\" href=\"https:\/\/wp.kristdemokraterna.se\/kalmarlan\/ge-smalandska-bonder-betalt-for-knorren\/\" \/>\n<meta property=\"og:locale\" content=\"sv_SE\" \/>\n<meta property=\"og:type\" content=\"article\" \/>\n<meta property=\"og:title\" content=\"Ge sm\u00e5l\u00e4ndska b\u00f6nder betalt f\u00f6r knorren! - i Kalmar l\u00e4n\" \/>\n<meta property=\"og:description\" content=\"&#8211; Svenska b\u00f6nder \u00e4r p\u00e5 v\u00e4g att konkurreras ut, p\u00e5 grund av v\u00e5ra h\u00e5rdare djurskyddsregler. Reglerna \u00e4r bra och g\u00f6r att svenska grisar slipper f\u00e5 knorren avknipsad. Men det kostar att h\u00e5lla h\u00f6gre kvalitet. Svenska b\u00f6nder m\u00e5ste f\u00e5 betalt f\u00f6r att grisarna f\u00e5r ha knorren kvar! Det s\u00e4ger Gudrun Bruneg\u00e5rd, Kristdemokraternas EU-kandidat f\u00f6r Kalmar l\u00e4n, Read More\" \/>\n<meta property=\"og:url\" content=\"https:\/\/wp.kristdemokraterna.se\/kalmarlan\/ge-smalandska-bonder-betalt-for-knorren\/\" \/>\n<meta property=\"og:site_name\" content=\"i Kalmar l\u00e4n\" \/>\n<meta property=\"article:published_time\" content=\"2014-05-26T07:36:31+00:00\" \/>\n<meta property=\"og:image\" content=\"http:\/\/wp.kristdemokraterna.se\/kalmarlan\/files\/2014\/05\/gudrungris-225x300.jpg\" \/>\n<meta name=\"author\" content=\"kalmarlan\" \/>\n<meta name=\"twitter:card\" content=\"summary_large_image\" \/>\n<meta name=\"twitter:label1\" content=\"Skriven av\" \/>\n\t<meta name=\"twitter:data1\" content=\"kalmarlan\" \/>\n\t<meta name=\"twitter:label2\" content=\"Ber\u00e4knad l\u00e4stid\" \/>\n\t<meta name=\"twitter:data2\" content=\"2 minuter\" \/>\n<script type=\"application\/ld+json\" class=\"yoast-schema-graph\">{\"@context\":\"https:\\\/\\\/schema.org\",\"@graph\":[{\"@type\":\"Article\",\"@id\":\"https:\\\/\\\/wp.kristdemokraterna.se\\\/kalmarlan\\\/ge-smalandska-bonder-betalt-for-knorren\\\/#article\",\"isPartOf\":{\"@id\":\"https:\\\/\\\/wp.kristdemokraterna.se\\\/kalmarlan\\\/ge-smalandska-bonder-betalt-for-knorren\\\/\"},\"author\":{\"name\":\"kalmarlan\",\"@id\":\"https:\\\/\\\/wp.kristdemokraterna.se\\\/kalmarlan\\\/#\\\/schema\\\/person\\\/a1856739934bf9c6a11fb258646ea2a5\"},\"headline\":\"Ge sm\u00e5l\u00e4ndska b\u00f6nder betalt f\u00f6r knorren!\",\"datePublished\":\"2014-05-26T07:36:31+00:00\",\"mainEntityOfPage\":{\"@id\":\"https:\\\/\\\/wp.kristdemokraterna.se\\\/kalmarlan\\\/ge-smalandska-bonder-betalt-for-knorren\\\/\"},\"wordCount\":391,\"image\":{\"@id\":\"https:\\\/\\\/wp.kristdemokraterna.se\\\/kalmarlan\\\/ge-smalandska-bonder-betalt-for-knorren\\\/#primaryimage\"},\"thumbnailUrl\":\"http:\\\/\\\/wp.kristdemokraterna.se\\\/kalmarlan\\\/files\\\/2014\\\/05\\\/gudrungris-225x300.jpg\",\"inLanguage\":\"sv-SE\"},{\"@type\":\"WebPage\",\"@id\":\"https:\\\/\\\/wp.kristdemokraterna.se\\\/kalmarlan\\\/ge-smalandska-bonder-betalt-for-knorren\\\/\",\"url\":\"https:\\\/\\\/wp.kristdemokraterna.se\\\/kalmarlan\\\/ge-smalandska-bonder-betalt-for-knorren\\\/\",\"name\":\"Ge sm\u00e5l\u00e4ndska b\u00f6nder betalt f\u00f6r knorren! - i Kalmar l\u00e4n\",\"isPartOf\":{\"@id\":\"https:\\\/\\\/wp.kristdemokraterna.se\\\/kalmarlan\\\/#website\"},\"primaryImageOfPage\":{\"@id\":\"https:\\\/\\\/wp.kristdemokraterna.se\\\/kalmarlan\\\/ge-smalandska-bonder-betalt-for-knorren\\\/#primaryimage\"},\"image\":{\"@id\":\"https:\\\/\\\/wp.kristdemokraterna.se\\\/kalmarlan\\\/ge-smalandska-bonder-betalt-for-knorren\\\/#primaryimage\"},\"thumbnailUrl\":\"http:\\\/\\\/wp.kristdemokraterna.se\\\/kalmarlan\\\/files\\\/2014\\\/05\\\/gudrungris-225x300.jpg\",\"datePublished\":\"2014-05-26T07:36:31+00:00\",\"author\":{\"@id\":\"https:\\\/\\\/wp.kristdemokraterna.se\\\/kalmarlan\\\/#\\\/schema\\\/person\\\/a1856739934bf9c6a11fb258646ea2a5\"},\"breadcrumb\":{\"@id\":\"https:\\\/\\\/wp.kristdemokraterna.se\\\/kalmarlan\\\/ge-smalandska-bonder-betalt-for-knorren\\\/#breadcrumb\"},\"inLanguage\":\"sv-SE\",\"potentialAction\":[{\"@type\":\"ReadAction\",\"target\":[\"https:\\\/\\\/wp.kristdemokraterna.se\\\/kalmarlan\\\/ge-smalandska-bonder-betalt-for-knorren\\\/\"]}]},{\"@type\":\"ImageObject\",\"inLanguage\":\"sv-SE\",\"@id\":\"https:\\\/\\\/wp.kristdemokraterna.se\\\/kalmarlan\\\/ge-smalandska-bonder-betalt-for-knorren\\\/#primaryimage\",\"url\":\"https:\\\/\\\/wp.kristdemokraterna.se\\\/kalmarlan\\\/files\\\/2014\\\/05\\\/gudrungris.jpg\",\"contentUrl\":\"https:\\\/\\\/wp.kristdemokraterna.se\\\/kalmarlan\\\/files\\\/2014\\\/05\\\/gudrungris.jpg\",\"width\":2448,\"height\":3264},{\"@type\":\"BreadcrumbList\",\"@id\":\"https:\\\/\\\/wp.kristdemokraterna.se\\\/kalmarlan\\\/ge-smalandska-bonder-betalt-for-knorren\\\/#breadcrumb\",\"itemListElement\":[{\"@type\":\"ListItem\",\"position\":1,\"name\":\"Hem\",\"item\":\"https:\\\/\\\/wp.kristdemokraterna.se\\\/kalmarlan\\\/\"},{\"@type\":\"ListItem\",\"position\":2,\"name\":\"Ge sm\u00e5l\u00e4ndska b\u00f6nder betalt f\u00f6r knorren!\"}]},{\"@type\":\"WebSite\",\"@id\":\"https:\\\/\\\/wp.kristdemokraterna.se\\\/kalmarlan\\\/#website\",\"url\":\"https:\\\/\\\/wp.kristdemokraterna.se\\\/kalmarlan\\\/\",\"name\":\"i Kalmar l\u00e4n\",\"description\":\"\",\"inLanguage\":\"sv-SE\"},{\"@type\":\"Person\",\"@id\":\"https:\\\/\\\/wp.kristdemokraterna.se\\\/kalmarlan\\\/#\\\/schema\\\/person\\\/a1856739934bf9c6a11fb258646ea2a5\",\"name\":\"kalmarlan\",\"image\":{\"@type\":\"ImageObject\",\"inLanguage\":\"sv-SE\",\"@id\":\"https:\\\/\\\/secure.gravatar.com\\\/avatar\\\/ef1f7dcd1b21be34f0f3e58a032955c2de43794b20090a23118cd0e2a8964e6e?s=96&r=g\",\"url\":\"https:\\\/\\\/secure.gravatar.com\\\/avatar\\\/ef1f7dcd1b21be34f0f3e58a032955c2de43794b20090a23118cd0e2a8964e6e?s=96&r=g\",\"contentUrl\":\"https:\\\/\\\/secure.gravatar.com\\\/avatar\\\/ef1f7dcd1b21be34f0f3e58a032955c2de43794b20090a23118cd0e2a8964e6e?s=96&r=g\",\"caption\":\"kalmarlan\"},\"url\":\"https:\\\/\\\/wp.kristdemokraterna.se\\\/kalmarlan\\\/author\\\/kalmarlan\\\/\"}]}<\/script>\n<!-- \/ Yoast SEO plugin. -->","yoast_head_json":{"title":"Ge sm\u00e5l\u00e4ndska b\u00f6nder betalt f\u00f6r knorren! - i Kalmar l\u00e4n","robots":{"index":"index","follow":"follow","max-snippet":"max-snippet:-1","max-image-preview":"max-image-preview:large","max-video-preview":"max-video-preview:-1"},"canonical":"https:\/\/wp.kristdemokraterna.se\/kalmarlan\/ge-smalandska-bonder-betalt-for-knorren\/","og_locale":"sv_SE","og_type":"article","og_title":"Ge sm\u00e5l\u00e4ndska b\u00f6nder betalt f\u00f6r knorren! - i Kalmar l\u00e4n","og_description":"&#8211; Svenska b\u00f6nder \u00e4r p\u00e5 v\u00e4g att konkurreras ut, p\u00e5 grund av v\u00e5ra h\u00e5rdare djurskyddsregler. Reglerna \u00e4r bra och g\u00f6r att svenska grisar slipper f\u00e5 knorren avknipsad. Men det kostar att h\u00e5lla h\u00f6gre kvalitet. Svenska b\u00f6nder m\u00e5ste f\u00e5 betalt f\u00f6r att grisarna f\u00e5r ha knorren kvar! Det s\u00e4ger Gudrun Bruneg\u00e5rd, Kristdemokraternas EU-kandidat f\u00f6r Kalmar l\u00e4n, Read More","og_url":"https:\/\/wp.kristdemokraterna.se\/kalmarlan\/ge-smalandska-bonder-betalt-for-knorren\/","og_site_name":"i Kalmar l\u00e4n","article_published_time":"2014-05-26T07:36:31+00:00","og_image":[{"url":"http:\/\/wp.kristdemokraterna.se\/kalmarlan\/files\/2014\/05\/gudrungris-225x300.jpg","type":"","width":"","height":""}],"author":"kalmarlan","twitter_card":"summary_large_image","twitter_misc":{"Skriven av":"kalmarlan","Ber\u00e4knad l\u00e4stid":"2 minuter"},"schema":{"@context":"https:\/\/schema.org","@graph":[{"@type":"Article","@id":"https:\/\/wp.kristdemokraterna.se\/kalmarlan\/ge-smalandska-bonder-betalt-for-knorren\/#article","isPartOf":{"@id":"https:\/\/wp.kristdemokraterna.se\/kalmarlan\/ge-smalandska-bonder-betalt-for-knorren\/"},"author":{"name":"kalmarlan","@id":"https:\/\/wp.kristdemokraterna.se\/kalmarlan\/#\/schema\/person\/a1856739934bf9c6a11fb258646ea2a5"},"headline":"Ge sm\u00e5l\u00e4ndska b\u00f6nder betalt f\u00f6r knorren!","datePublished":"2014-05-26T07:36:31+00:00","mainEntityOfPage":{"@id":"https:\/\/wp.kristdemokraterna.se\/kalmarlan\/ge-smalandska-bonder-betalt-for-knorren\/"},"wordCount":391,"image":{"@id":"https:\/\/wp.kristdemokraterna.se\/kalmarlan\/ge-smalandska-bonder-betalt-for-knorren\/#primaryimage"},"thumbnailUrl":"http:\/\/wp.kristdemokraterna.se\/kalmarlan\/files\/2014\/05\/gudrungris-225x300.jpg","inLanguage":"sv-SE"},{"@type":"WebPage","@id":"https:\/\/wp.kristdemokraterna.se\/kalmarlan\/ge-smalandska-bonder-betalt-for-knorren\/","url":"https:\/\/wp.kristdemokraterna.se\/kalmarlan\/ge-smalandska-bonder-betalt-for-knorren\/","name":"Ge sm\u00e5l\u00e4ndska b\u00f6nder betalt f\u00f6r knorren! - i Kalmar l\u00e4n","isPartOf":{"@id":"https:\/\/wp.kristdemokraterna.se\/kalmarlan\/#website"},"primaryImageOfPage":{"@id":"https:\/\/wp.kristdemokraterna.se\/kalmarlan\/ge-smalandska-bonder-betalt-for-knorren\/#primaryimage"},"image":{"@id":"https:\/\/wp.kristdemokraterna.se\/kalmarlan\/ge-smalandska-bonder-betalt-for-knorren\/#primaryimage"},"thumbnailUrl":"http:\/\/wp.kristdemokraterna.se\/kalmarlan\/files\/2014\/05\/gudrungris-225x300.jpg","datePublished":"2014-05-26T07:36:31+00:00","author":{"@id":"https:\/\/wp.kristdemokraterna.se\/kalmarlan\/#\/schema\/person\/a1856739934bf9c6a11fb258646ea2a5"},"breadcrumb":{"@id":"https:\/\/wp.kristdemokraterna.se\/kalmarlan\/ge-smalandska-bonder-betalt-for-knorren\/#breadcrumb"},"inLanguage":"sv-SE","potentialAction":[{"@type":"ReadAction","target":["https:\/\/wp.kristdemokraterna.se\/kalmarlan\/ge-smalandska-bonder-betalt-for-knorren\/"]}]},{"@type":"ImageObject","inLanguage":"sv-SE","@id":"https:\/\/wp.kristdemokraterna.se\/kalmarlan\/ge-smalandska-bonder-betalt-for-knorren\/#primaryimage","url":"https:\/\/wp.kristdemokraterna.se\/kalmarlan\/files\/2014\/05\/gudrungris.jpg","contentUrl":"https:\/\/wp.kristdemokraterna.se\/kalmarlan\/files\/2014\/05\/gudrungris.jpg","width":2448,"height":3264},{"@type":"BreadcrumbList","@id":"https:\/\/wp.kristdemokraterna.se\/kalmarlan\/ge-smalandska-bonder-betalt-for-knorren\/#breadcrumb","itemListElement":[{"@type":"ListItem","position":1,"name":"Hem","item":"https:\/\/wp.kristdemokraterna.se\/kalmarlan\/"},{"@type":"ListItem","position":2,"name":"Ge sm\u00e5l\u00e4ndska b\u00f6nder betalt f\u00f6r knorren!"}]},{"@type":"WebSite","@id":"https:\/\/wp.kristdemokraterna.se\/kalmarlan\/#website","url":"https:\/\/wp.kristdemokraterna.se\/kalmarlan\/","name":"i Kalmar l\u00e4n","description":"","inLanguage":"sv-SE"},{"@type":"Person","@id":"https:\/\/wp.kristdemokraterna.se\/kalmarlan\/#\/schema\/person\/a1856739934bf9c6a11fb258646ea2a5","name":"kalmarlan","image":{"@type":"ImageObject","inLanguage":"sv-SE","@id":"https:\/\/secure.gravatar.com\/avatar\/ef1f7dcd1b21be34f0f3e58a032955c2de43794b20090a23118cd0e2a8964e6e?s=96&r=g","url":"https:\/\/secure.gravatar.com\/avatar\/ef1f7dcd1b21be34f0f3e58a032955c2de43794b20090a23118cd0e2a8964e6e?s=96&r=g","contentUrl":"https:\/\/secure.gravatar.com\/avatar\/ef1f7dcd1b21be34f0f3e58a032955c2de43794b20090a23118cd0e2a8964e6e?s=96&r=g","caption":"kalmarlan"},"url":"https:\/\/wp.kristdemokraterna.se\/kalmarlan\/author\/kalmarlan\/"}]}},"_links":{"self":[{"href":"https:\/\/wp.kristdemokraterna.se\/kalmarlan\/wp-json\/wp\/v2\/posts\/397","targetHints":{"allow":["GET"]}}],"collection":[{"href":"https:\/\/wp.kristdemokraterna.se\/kalmarlan\/wp-json\/wp\/v2\/posts"}],"about":[{"href":"https:\/\/wp.kristdemokraterna.se\/kalmarlan\/wp-json\/wp\/v2\/types\/post"}],"author":[{"embeddable":true,"href":"https:\/\/wp.kristdemokraterna.se\/kalmarlan\/wp-json\/wp\/v2\/users\/417"}],"replies":[{"embeddable":true,"href":"https:\/\/wp.kristdemokraterna.se\/kalmarlan\/wp-json\/wp\/v2\/comments?post=397"}],"version-history":[{"count":1,"href":"https:\/\/wp.kristdemokraterna.se\/kalmarlan\/wp-json\/wp\/v2\/posts\/397\/revisions"}],"predecessor-version":[{"id":399,"href":"https:\/\/wp.kristdemokraterna.se\/kalmarlan\/wp-json\/wp\/v2\/posts\/397\/revisions\/399"}],"wp:attachment":[{"href":"https:\/\/wp.kristdemokraterna.se\/kalmarlan\/wp-json\/wp\/v2\/media?parent=397"}],"wp:term":[{"taxonomy":"category","embeddable":true,"href":"https:\/\/wp.kristdemokraterna.se\/kalmarlan\/wp-json\/wp\/v2\/categories?post=397"},{"taxonomy":"post_tag","embeddable":true,"href":"https:\/\/wp.kristdemokraterna.se\/kalmarlan\/wp-json\/wp\/v2\/tags?post=397"}],"curies":[{"name":"wp","href":"https:\/\/api.w.org\/{rel}","templated":true}]}}