{"id":400,"date":"2014-05-26T09:44:55","date_gmt":"2014-05-26T07:44:55","guid":{"rendered":"http:\/\/wp.kristdemokraterna.se\/kalmarlan\/?p=400"},"modified":"2014-05-26T09:44:55","modified_gmt":"2014-05-26T07:44:55","slug":"svenska-bonder-maste-fa-betalt-for-kvaliteten","status":"publish","type":"post","link":"https:\/\/wp.kristdemokraterna.se\/kalmarlan\/svenska-bonder-maste-fa-betalt-for-kvaliteten\/","title":{"rendered":"Svenska b\u00f6nder m\u00e5ste f\u00e5 betalt f\u00f6r kvaliteten!"},"content":{"rendered":"<p>&#8211; Lantbruk som Tveta G\u00e5rd utanf\u00f6r M\u00f6rlunda har tuffare villkor \u00e4n vad g\u00e5rdar i flera andra EU-l\u00e4nder har. Det beror dels p\u00e5 att bara en liten andel av jordbruksst\u00f6det g\u00e5r till Sverige. Dels har Sverige h\u00e5rdare krav p\u00e5 djurh\u00e5llningen, vilket g\u00f6r produktionen dyrare. Dessa or\u00e4ttvisor hotar de sm\u00e5l\u00e4ndska g\u00e5rdarna. Den d\u00e5liga l\u00f6nsamheten g\u00f6r att antalet mj\u00f6lkb\u00f6nder minskar.<\/p>\n<p>Det s\u00e4ger Gudrun Bruneg\u00e5rd, EU-kandidat f\u00f6r Kristdemokraterna, i samband med ett bes\u00f6k hos Folke Pleijert p\u00e5 Tveta G\u00e5rd utanf\u00f6r M\u00f6rlunda och systern Kristin Pleijert med upplevelsef\u00f6retaget Kulta. Bes\u00f6ket gjordes tillsammans med \u00c5ke Nilsson, Silverdalen, och Jimmy Loord, b\u00f6rdig fr\u00e5n M\u00f6rlunda.<br \/>\n<!--more--><br \/>\nSvenska djurskyddsregler st\u00e4ller oftast h\u00f6gre krav \u00e4n andra l\u00e4nder p\u00e5 djurh\u00e5llningen, exempelvis hur stor yta varje djur ska ha i stallarna, tillg\u00e5ng till halm och str\u00f6, antibiotikaanv\u00e4ndning, kornas r\u00e4tt att beta ute om somrarna etc. Allt detta leder till att svenska jordbruksprodukter blir dyrare att producera. <\/p>\n<p>&#8211;\tVi kristdemokrater kr\u00e4ver av EU att beslutade djurskyddsregler ska till\u00e4mpas i \u00f6vriga europeiska l\u00e4nder och att det inf\u00f6rs gemensamma regler f\u00f6r ursprungsm\u00e4rkning. S\u00e5dana \u00e5tg\u00e4rder skulle leda till \u00f6kade krav p\u00e5 b\u00e4ttre djurskydd \u00e4ven i andra europeiska l\u00e4nder. EU-kommissionen ska anv\u00e4nda sin m\u00f6jlighet till vite mot l\u00e4nder som bryter mot djurskyddet, s\u00e4ger Gudrun Bruneg\u00e5rd. <\/p>\n<p>&#8211; Den snedvridna konkurrensen hotar svenskt lantbruk. Vi vill att de merv\u00e4rden som utm\u00e4rker svensk jordbruksproduktion, bland annat i form av starka milj\u00f6- och djurh\u00e5llningsvillkor, ska g\u00e4lla hela EU. I V\u00e4rldshandelsorganisationens (WTO) f\u00f6rhandlingar med l\u00e4nder utanf\u00f6r unionen m\u00e5ste EU st\u00e4lla best\u00e4mda milj\u00f6- och djurskyddskrav. Alla bidrag f\u00f6r transport av levande djur m\u00e5ste upph\u00f6ra. De leder idag till att det blir l\u00f6nsamt att skjutsa omkring djuren, ibland genom flera l\u00e4nder, f\u00f6re slakt. <\/p>\n<p>&#8211; Kristdemokraterna vill att den goda djurh\u00e5llning vi har i Sverige ska bli regel \u00e4ven i andra EU-l\u00e4nder \u2013 f\u00f6r djurens skull och f\u00f6r att undanr\u00f6ja den snedvridna konkurrensen f\u00f6r utrotningshotade svenska b\u00f6nder, avslutar Gudrun Bruneg\u00e5rd.<\/p>\n","protected":false},"excerpt":{"rendered":"<p>&#8211; Lantbruk som Tveta G\u00e5rd utanf\u00f6r M\u00f6rlunda har tuffare villkor \u00e4n vad g\u00e5rdar i flera andra EU-l\u00e4nder har. Det beror dels p\u00e5 att bara en liten andel av jordbruksst\u00f6det g\u00e5r till Sverige. Dels har Sverige h\u00e5rdare krav p\u00e5 djurh\u00e5llningen, vilket g\u00f6r produktionen dyrare. Dessa or\u00e4ttvisor hotar de sm\u00e5l\u00e4ndska g\u00e5rdarna. Den d\u00e5liga l\u00f6nsamheten g\u00f6r att antalet <a class=\"read-more-link\" href=\"https:\/\/wp.kristdemokraterna.se\/kalmarlan\/svenska-bonder-maste-fa-betalt-for-kvaliteten\/\">Read More<\/a><\/p>\n","protected":false},"author":417,"featured_media":0,"comment_status":"closed","ping_status":"closed","sticky":false,"template":"","format":"standard","meta":{"_acf_changed":false,"footnotes":""},"categories":[1],"tags":[],"class_list":["post-400","post","type-post","status-publish","format-standard","hentry","category-okategoriserade"],"acf":[],"yoast_head":"<!-- This site is optimized with the Yoast SEO plugin v27.4 - https:\/\/yoast.com\/product\/yoast-seo-wordpress\/ -->\n<title>Svenska b\u00f6nder m\u00e5ste f\u00e5 betalt f\u00f6r kvaliteten! - i Kalmar l\u00e4n<\/title>\n<meta name=\"robots\" content=\"index, follow, max-snippet:-1, max-image-preview:large, max-video-preview:-1\" \/>\n<link rel=\"canonical\" href=\"https:\/\/wp.kristdemokraterna.se\/kalmarlan\/svenska-bonder-maste-fa-betalt-for-kvaliteten\/\" \/>\n<meta property=\"og:locale\" content=\"sv_SE\" \/>\n<meta property=\"og:type\" content=\"article\" \/>\n<meta property=\"og:title\" content=\"Svenska b\u00f6nder m\u00e5ste f\u00e5 betalt f\u00f6r kvaliteten! - i Kalmar l\u00e4n\" \/>\n<meta property=\"og:description\" content=\"&#8211; Lantbruk som Tveta G\u00e5rd utanf\u00f6r M\u00f6rlunda har tuffare villkor \u00e4n vad g\u00e5rdar i flera andra EU-l\u00e4nder har. Det beror dels p\u00e5 att bara en liten andel av jordbruksst\u00f6det g\u00e5r till Sverige. Dels har Sverige h\u00e5rdare krav p\u00e5 djurh\u00e5llningen, vilket g\u00f6r produktionen dyrare. Dessa or\u00e4ttvisor hotar de sm\u00e5l\u00e4ndska g\u00e5rdarna. Den d\u00e5liga l\u00f6nsamheten g\u00f6r att antalet Read More\" \/>\n<meta property=\"og:url\" content=\"https:\/\/wp.kristdemokraterna.se\/kalmarlan\/svenska-bonder-maste-fa-betalt-for-kvaliteten\/\" \/>\n<meta property=\"og:site_name\" content=\"i Kalmar l\u00e4n\" \/>\n<meta property=\"article:published_time\" content=\"2014-05-26T07:44:55+00:00\" \/>\n<meta name=\"author\" content=\"kalmarlan\" \/>\n<meta name=\"twitter:card\" content=\"summary_large_image\" \/>\n<meta name=\"twitter:label1\" content=\"Skriven av\" \/>\n\t<meta name=\"twitter:data1\" content=\"kalmarlan\" \/>\n\t<meta name=\"twitter:label2\" content=\"Ber\u00e4knad l\u00e4stid\" \/>\n\t<meta name=\"twitter:data2\" content=\"2 minuter\" \/>\n<script type=\"application\/ld+json\" class=\"yoast-schema-graph\">{\"@context\":\"https:\\\/\\\/schema.org\",\"@graph\":[{\"@type\":\"Article\",\"@id\":\"https:\\\/\\\/wp.kristdemokraterna.se\\\/kalmarlan\\\/svenska-bonder-maste-fa-betalt-for-kvaliteten\\\/#article\",\"isPartOf\":{\"@id\":\"https:\\\/\\\/wp.kristdemokraterna.se\\\/kalmarlan\\\/svenska-bonder-maste-fa-betalt-for-kvaliteten\\\/\"},\"author\":{\"name\":\"kalmarlan\",\"@id\":\"https:\\\/\\\/wp.kristdemokraterna.se\\\/kalmarlan\\\/#\\\/schema\\\/person\\\/a1856739934bf9c6a11fb258646ea2a5\"},\"headline\":\"Svenska b\u00f6nder m\u00e5ste f\u00e5 betalt f\u00f6r kvaliteten!\",\"datePublished\":\"2014-05-26T07:44:55+00:00\",\"mainEntityOfPage\":{\"@id\":\"https:\\\/\\\/wp.kristdemokraterna.se\\\/kalmarlan\\\/svenska-bonder-maste-fa-betalt-for-kvaliteten\\\/\"},\"wordCount\":393,\"inLanguage\":\"sv-SE\"},{\"@type\":\"WebPage\",\"@id\":\"https:\\\/\\\/wp.kristdemokraterna.se\\\/kalmarlan\\\/svenska-bonder-maste-fa-betalt-for-kvaliteten\\\/\",\"url\":\"https:\\\/\\\/wp.kristdemokraterna.se\\\/kalmarlan\\\/svenska-bonder-maste-fa-betalt-for-kvaliteten\\\/\",\"name\":\"Svenska b\u00f6nder m\u00e5ste f\u00e5 betalt f\u00f6r kvaliteten! - i Kalmar l\u00e4n\",\"isPartOf\":{\"@id\":\"https:\\\/\\\/wp.kristdemokraterna.se\\\/kalmarlan\\\/#website\"},\"datePublished\":\"2014-05-26T07:44:55+00:00\",\"author\":{\"@id\":\"https:\\\/\\\/wp.kristdemokraterna.se\\\/kalmarlan\\\/#\\\/schema\\\/person\\\/a1856739934bf9c6a11fb258646ea2a5\"},\"breadcrumb\":{\"@id\":\"https:\\\/\\\/wp.kristdemokraterna.se\\\/kalmarlan\\\/svenska-bonder-maste-fa-betalt-for-kvaliteten\\\/#breadcrumb\"},\"inLanguage\":\"sv-SE\",\"potentialAction\":[{\"@type\":\"ReadAction\",\"target\":[\"https:\\\/\\\/wp.kristdemokraterna.se\\\/kalmarlan\\\/svenska-bonder-maste-fa-betalt-for-kvaliteten\\\/\"]}]},{\"@type\":\"BreadcrumbList\",\"@id\":\"https:\\\/\\\/wp.kristdemokraterna.se\\\/kalmarlan\\\/svenska-bonder-maste-fa-betalt-for-kvaliteten\\\/#breadcrumb\",\"itemListElement\":[{\"@type\":\"ListItem\",\"position\":1,\"name\":\"Hem\",\"item\":\"https:\\\/\\\/wp.kristdemokraterna.se\\\/kalmarlan\\\/\"},{\"@type\":\"ListItem\",\"position\":2,\"name\":\"Svenska b\u00f6nder m\u00e5ste f\u00e5 betalt f\u00f6r kvaliteten!\"}]},{\"@type\":\"WebSite\",\"@id\":\"https:\\\/\\\/wp.kristdemokraterna.se\\\/kalmarlan\\\/#website\",\"url\":\"https:\\\/\\\/wp.kristdemokraterna.se\\\/kalmarlan\\\/\",\"name\":\"i Kalmar l\u00e4n\",\"description\":\"\",\"inLanguage\":\"sv-SE\"},{\"@type\":\"Person\",\"@id\":\"https:\\\/\\\/wp.kristdemokraterna.se\\\/kalmarlan\\\/#\\\/schema\\\/person\\\/a1856739934bf9c6a11fb258646ea2a5\",\"name\":\"kalmarlan\",\"image\":{\"@type\":\"ImageObject\",\"inLanguage\":\"sv-SE\",\"@id\":\"https:\\\/\\\/secure.gravatar.com\\\/avatar\\\/ef1f7dcd1b21be34f0f3e58a032955c2de43794b20090a23118cd0e2a8964e6e?s=96&r=g\",\"url\":\"https:\\\/\\\/secure.gravatar.com\\\/avatar\\\/ef1f7dcd1b21be34f0f3e58a032955c2de43794b20090a23118cd0e2a8964e6e?s=96&r=g\",\"contentUrl\":\"https:\\\/\\\/secure.gravatar.com\\\/avatar\\\/ef1f7dcd1b21be34f0f3e58a032955c2de43794b20090a23118cd0e2a8964e6e?s=96&r=g\",\"caption\":\"kalmarlan\"},\"url\":\"https:\\\/\\\/wp.kristdemokraterna.se\\\/kalmarlan\\\/author\\\/kalmarlan\\\/\"}]}<\/script>\n<!-- \/ Yoast SEO plugin. -->","yoast_head_json":{"title":"Svenska b\u00f6nder m\u00e5ste f\u00e5 betalt f\u00f6r kvaliteten! - i Kalmar l\u00e4n","robots":{"index":"index","follow":"follow","max-snippet":"max-snippet:-1","max-image-preview":"max-image-preview:large","max-video-preview":"max-video-preview:-1"},"canonical":"https:\/\/wp.kristdemokraterna.se\/kalmarlan\/svenska-bonder-maste-fa-betalt-for-kvaliteten\/","og_locale":"sv_SE","og_type":"article","og_title":"Svenska b\u00f6nder m\u00e5ste f\u00e5 betalt f\u00f6r kvaliteten! - i Kalmar l\u00e4n","og_description":"&#8211; Lantbruk som Tveta G\u00e5rd utanf\u00f6r M\u00f6rlunda har tuffare villkor \u00e4n vad g\u00e5rdar i flera andra EU-l\u00e4nder har. Det beror dels p\u00e5 att bara en liten andel av jordbruksst\u00f6det g\u00e5r till Sverige. Dels har Sverige h\u00e5rdare krav p\u00e5 djurh\u00e5llningen, vilket g\u00f6r produktionen dyrare. Dessa or\u00e4ttvisor hotar de sm\u00e5l\u00e4ndska g\u00e5rdarna. Den d\u00e5liga l\u00f6nsamheten g\u00f6r att antalet Read More","og_url":"https:\/\/wp.kristdemokraterna.se\/kalmarlan\/svenska-bonder-maste-fa-betalt-for-kvaliteten\/","og_site_name":"i Kalmar l\u00e4n","article_published_time":"2014-05-26T07:44:55+00:00","author":"kalmarlan","twitter_card":"summary_large_image","twitter_misc":{"Skriven av":"kalmarlan","Ber\u00e4knad l\u00e4stid":"2 minuter"},"schema":{"@context":"https:\/\/schema.org","@graph":[{"@type":"Article","@id":"https:\/\/wp.kristdemokraterna.se\/kalmarlan\/svenska-bonder-maste-fa-betalt-for-kvaliteten\/#article","isPartOf":{"@id":"https:\/\/wp.kristdemokraterna.se\/kalmarlan\/svenska-bonder-maste-fa-betalt-for-kvaliteten\/"},"author":{"name":"kalmarlan","@id":"https:\/\/wp.kristdemokraterna.se\/kalmarlan\/#\/schema\/person\/a1856739934bf9c6a11fb258646ea2a5"},"headline":"Svenska b\u00f6nder m\u00e5ste f\u00e5 betalt f\u00f6r kvaliteten!","datePublished":"2014-05-26T07:44:55+00:00","mainEntityOfPage":{"@id":"https:\/\/wp.kristdemokraterna.se\/kalmarlan\/svenska-bonder-maste-fa-betalt-for-kvaliteten\/"},"wordCount":393,"inLanguage":"sv-SE"},{"@type":"WebPage","@id":"https:\/\/wp.kristdemokraterna.se\/kalmarlan\/svenska-bonder-maste-fa-betalt-for-kvaliteten\/","url":"https:\/\/wp.kristdemokraterna.se\/kalmarlan\/svenska-bonder-maste-fa-betalt-for-kvaliteten\/","name":"Svenska b\u00f6nder m\u00e5ste f\u00e5 betalt f\u00f6r kvaliteten! - i Kalmar l\u00e4n","isPartOf":{"@id":"https:\/\/wp.kristdemokraterna.se\/kalmarlan\/#website"},"datePublished":"2014-05-26T07:44:55+00:00","author":{"@id":"https:\/\/wp.kristdemokraterna.se\/kalmarlan\/#\/schema\/person\/a1856739934bf9c6a11fb258646ea2a5"},"breadcrumb":{"@id":"https:\/\/wp.kristdemokraterna.se\/kalmarlan\/svenska-bonder-maste-fa-betalt-for-kvaliteten\/#breadcrumb"},"inLanguage":"sv-SE","potentialAction":[{"@type":"ReadAction","target":["https:\/\/wp.kristdemokraterna.se\/kalmarlan\/svenska-bonder-maste-fa-betalt-for-kvaliteten\/"]}]},{"@type":"BreadcrumbList","@id":"https:\/\/wp.kristdemokraterna.se\/kalmarlan\/svenska-bonder-maste-fa-betalt-for-kvaliteten\/#breadcrumb","itemListElement":[{"@type":"ListItem","position":1,"name":"Hem","item":"https:\/\/wp.kristdemokraterna.se\/kalmarlan\/"},{"@type":"ListItem","position":2,"name":"Svenska b\u00f6nder m\u00e5ste f\u00e5 betalt f\u00f6r kvaliteten!"}]},{"@type":"WebSite","@id":"https:\/\/wp.kristdemokraterna.se\/kalmarlan\/#website","url":"https:\/\/wp.kristdemokraterna.se\/kalmarlan\/","name":"i Kalmar l\u00e4n","description":"","inLanguage":"sv-SE"},{"@type":"Person","@id":"https:\/\/wp.kristdemokraterna.se\/kalmarlan\/#\/schema\/person\/a1856739934bf9c6a11fb258646ea2a5","name":"kalmarlan","image":{"@type":"ImageObject","inLanguage":"sv-SE","@id":"https:\/\/secure.gravatar.com\/avatar\/ef1f7dcd1b21be34f0f3e58a032955c2de43794b20090a23118cd0e2a8964e6e?s=96&r=g","url":"https:\/\/secure.gravatar.com\/avatar\/ef1f7dcd1b21be34f0f3e58a032955c2de43794b20090a23118cd0e2a8964e6e?s=96&r=g","contentUrl":"https:\/\/secure.gravatar.com\/avatar\/ef1f7dcd1b21be34f0f3e58a032955c2de43794b20090a23118cd0e2a8964e6e?s=96&r=g","caption":"kalmarlan"},"url":"https:\/\/wp.kristdemokraterna.se\/kalmarlan\/author\/kalmarlan\/"}]}},"_links":{"self":[{"href":"https:\/\/wp.kristdemokraterna.se\/kalmarlan\/wp-json\/wp\/v2\/posts\/400","targetHints":{"allow":["GET"]}}],"collection":[{"href":"https:\/\/wp.kristdemokraterna.se\/kalmarlan\/wp-json\/wp\/v2\/posts"}],"about":[{"href":"https:\/\/wp.kristdemokraterna.se\/kalmarlan\/wp-json\/wp\/v2\/types\/post"}],"author":[{"embeddable":true,"href":"https:\/\/wp.kristdemokraterna.se\/kalmarlan\/wp-json\/wp\/v2\/users\/417"}],"replies":[{"embeddable":true,"href":"https:\/\/wp.kristdemokraterna.se\/kalmarlan\/wp-json\/wp\/v2\/comments?post=400"}],"version-history":[{"count":2,"href":"https:\/\/wp.kristdemokraterna.se\/kalmarlan\/wp-json\/wp\/v2\/posts\/400\/revisions"}],"predecessor-version":[{"id":402,"href":"https:\/\/wp.kristdemokraterna.se\/kalmarlan\/wp-json\/wp\/v2\/posts\/400\/revisions\/402"}],"wp:attachment":[{"href":"https:\/\/wp.kristdemokraterna.se\/kalmarlan\/wp-json\/wp\/v2\/media?parent=400"}],"wp:term":[{"taxonomy":"category","embeddable":true,"href":"https:\/\/wp.kristdemokraterna.se\/kalmarlan\/wp-json\/wp\/v2\/categories?post=400"},{"taxonomy":"post_tag","embeddable":true,"href":"https:\/\/wp.kristdemokraterna.se\/kalmarlan\/wp-json\/wp\/v2\/tags?post=400"}],"curies":[{"name":"wp","href":"https:\/\/api.w.org\/{rel}","templated":true}]}}