{"id":409,"date":"2014-05-27T12:13:41","date_gmt":"2014-05-27T10:13:41","guid":{"rendered":"http:\/\/wp.kristdemokraterna.se\/kalmarlan\/?p=409"},"modified":"2014-05-27T12:13:41","modified_gmt":"2014-05-27T10:13:41","slug":"radda-ostersjon-fran-overgodning-och-bottendod","status":"publish","type":"post","link":"https:\/\/wp.kristdemokraterna.se\/kalmarlan\/radda-ostersjon-fran-overgodning-och-bottendod\/","title":{"rendered":"R\u00e4dda \u00d6stersj\u00f6n fr\u00e5n \u00f6verg\u00f6dning och bottend\u00f6d!"},"content":{"rendered":"<p><strong>-\u00d6stersj\u00f6n \u00e4r ett mycket k\u00e4nsligt innanhav. Bottend\u00f6den till f\u00f6ljd av \u00f6verg\u00f6dning breder ut sig. Nu beh\u00f6vs gemensamma krafttag inom EU f\u00f6r att r\u00e4dda \u00d6stersj\u00f6n. Det s\u00e4ger Gudrun Bruneg\u00e5rd, Kristdemokraternas EU-kandidat fr\u00e5n Kalmar l\u00e4n. <\/strong><br \/>\n<a href=\"http:\/\/wp.kristdemokraterna.se\/kalmarlan\/files\/2014\/05\/gudrun-sylten-mas.jpg\"><img loading=\"lazy\" decoding=\"async\" src=\"http:\/\/wp.kristdemokraterna.se\/kalmarlan\/files\/2014\/05\/gudrun-sylten-mas-300x225.jpg\" alt=\"\" width=\"300\" height=\"225\" class=\"alignleft size-medium wp-image-410\" srcset=\"https:\/\/wp.kristdemokraterna.se\/kalmarlan\/files\/2014\/05\/gudrun-sylten-mas-300x225.jpg 300w, https:\/\/wp.kristdemokraterna.se\/kalmarlan\/files\/2014\/05\/gudrun-sylten-mas-540x405.jpg 540w, https:\/\/wp.kristdemokraterna.se\/kalmarlan\/files\/2014\/05\/gudrun-sylten-mas-461x346.jpg 461w, https:\/\/wp.kristdemokraterna.se\/kalmarlan\/files\/2014\/05\/gudrun-sylten-mas-149x112.jpg 149w\" sizes=\"auto, (max-width: 300px) 100vw, 300px\" \/><\/a><br \/>\n-I Sverige har mycket gjorts f\u00f6r att minska utsl\u00e4ppen av kv\u00e4ve och fosfat fr\u00e5n jordbruken. Exempelvis har man p\u00e5 flera h\u00e5ll byggt kv\u00e4vef\u00e4llor i form av dammar och anlagda v\u00e5tmarker i vattendrag, f\u00f6r att rena avrinningen fr\u00e5n \u00e5krarna innan det f\u00f6rs vidare ut i sj\u00f6ar och hav. <\/p>\n<p>I M\u00f6nster\u00e5s kommun finns flera s\u00e5dana exempel, d\u00e4r mark\u00e4gare, p\u00e5 eget initiativ och bekostnad eller i samarbete med kommunen och kanske L\u00e4nsstyrelsen, har anlagt v\u00e5tmarker. Dit h\u00f6r H\u00f6gem\u00e5la, Kugg\u00e5s och Blankeberg. P\u00e5 olika h\u00e5ll runt om i l\u00e4net finns fler exempel.<\/p>\n<p>-Det hj\u00e4lper f\u00f6ga om svenska b\u00f6nder och myndigheter l\u00e4gger ned hela sin sj\u00e4l i att st\u00e4lla om till ett mer milj\u00f6v\u00e4nligt jordbruk om v\u00e5ra grannar i \u00f6vriga l\u00e4nder runt om v\u00e5rt gemensamma innanhav forts\u00e4tter med konstg\u00f6dning p\u00e5 sina \u00e5krar, utan rening innan n\u00e4rings\u00e4mnena fl\u00f6dar ut i havet, s\u00e4ger Gudrun Bruneg\u00e5rd.<\/p>\n<p>-D\u00e4rf\u00f6r vill jag verka f\u00f6r att EU:s jordbruksst\u00f6d och g\u00e5rdsst\u00f6d ska styras om. Idag g\u00e5r 80 procent av g\u00e5rdsst\u00f6det till 20 procent av de gamla medlemsl\u00e4ndernas st\u00f6rsta g\u00e5rdar. Franska storb\u00f6nder \u00e4r de som gynnas mest av denna konstruktion. Ist\u00e4llet borde st\u00f6det g\u00e5 till att st\u00f6dja omst\u00e4llningen till milj\u00f6v\u00e4nligt jordbruk i b\u00e5de Sverige, Polen, Litauen och andra \u00d6stersj\u00f6l\u00e4nder. Det \u00e4r i h\u00f6gsta grad ett gemensamt intresse att r\u00e4dda \u00d6stersj\u00f6n, forts\u00e4tter Gudrun Bruneg\u00e5rd.<\/p>\n<p>P\u00e5 senare \u00e5r har man kunnat se att \u00e5tg\u00e4rder f\u00f6r att skydda torskens lekomr\u00e5den har bidragit till att torskbest\u00e5ndet b\u00f6rjat \u00e5terh\u00e4mta sig. Det visar att det g\u00e5r att med gemensamma krafter v\u00e4nda en negativ trend. <\/p>\n<p>-EU ska \u00e4gna sig \u00e5t fr\u00e5gor d\u00e4r det verkligen beh\u00f6vs ett \u00f6verstatligt samarbete. Milj\u00f6n \u00e4r ett s\u00e5dant och \u00d6stersj\u00f6n \u00e4r ett tydligt exempel p\u00e5 att det inte r\u00e4cker med ett lands ensidiga insatser. Det \u00e4r \u00d6stersj\u00f6l\u00e4ndernas gemensamma ansvar att hj\u00e4lpas \u00e5t f\u00f6r att inte \u00d6stersj\u00f6n ska bli ett d\u00f6tt hav. Detta borde vara en h\u00f6gt prioriterad fr\u00e5ga p\u00e5 EU:s dagordning under kommande mandatperiod, avslutar Gudrun Bruneg\u00e5rd.<\/p>\n","protected":false},"excerpt":{"rendered":"<p>-\u00d6stersj\u00f6n \u00e4r ett mycket k\u00e4nsligt innanhav. Bottend\u00f6den till f\u00f6ljd av \u00f6verg\u00f6dning breder ut sig. Nu beh\u00f6vs gemensamma krafttag inom EU f\u00f6r att r\u00e4dda \u00d6stersj\u00f6n. Det s\u00e4ger Gudrun Bruneg\u00e5rd, Kristdemokraternas EU-kandidat fr\u00e5n Kalmar l\u00e4n. -I Sverige har mycket gjorts f\u00f6r att minska utsl\u00e4ppen av kv\u00e4ve och fosfat fr\u00e5n jordbruken. Exempelvis har man p\u00e5 flera h\u00e5ll byggt <a class=\"read-more-link\" href=\"https:\/\/wp.kristdemokraterna.se\/kalmarlan\/radda-ostersjon-fran-overgodning-och-bottendod\/\">Read More<\/a><\/p>\n","protected":false},"author":417,"featured_media":0,"comment_status":"closed","ping_status":"closed","sticky":false,"template":"","format":"standard","meta":{"_acf_changed":false,"footnotes":""},"categories":[1],"tags":[],"class_list":["post-409","post","type-post","status-publish","format-standard","hentry","category-okategoriserade"],"acf":[],"yoast_head":"<!-- This site is optimized with the Yoast SEO plugin v27.4 - https:\/\/yoast.com\/product\/yoast-seo-wordpress\/ -->\n<title>R\u00e4dda \u00d6stersj\u00f6n fr\u00e5n \u00f6verg\u00f6dning och bottend\u00f6d! - i Kalmar l\u00e4n<\/title>\n<meta name=\"robots\" content=\"index, follow, max-snippet:-1, max-image-preview:large, max-video-preview:-1\" \/>\n<link rel=\"canonical\" href=\"https:\/\/wp.kristdemokraterna.se\/kalmarlan\/radda-ostersjon-fran-overgodning-och-bottendod\/\" \/>\n<meta property=\"og:locale\" content=\"sv_SE\" \/>\n<meta property=\"og:type\" content=\"article\" \/>\n<meta property=\"og:title\" content=\"R\u00e4dda \u00d6stersj\u00f6n fr\u00e5n \u00f6verg\u00f6dning och bottend\u00f6d! - i Kalmar l\u00e4n\" \/>\n<meta property=\"og:description\" content=\"-\u00d6stersj\u00f6n \u00e4r ett mycket k\u00e4nsligt innanhav. Bottend\u00f6den till f\u00f6ljd av \u00f6verg\u00f6dning breder ut sig. Nu beh\u00f6vs gemensamma krafttag inom EU f\u00f6r att r\u00e4dda \u00d6stersj\u00f6n. Det s\u00e4ger Gudrun Bruneg\u00e5rd, Kristdemokraternas EU-kandidat fr\u00e5n Kalmar l\u00e4n. -I Sverige har mycket gjorts f\u00f6r att minska utsl\u00e4ppen av kv\u00e4ve och fosfat fr\u00e5n jordbruken. Exempelvis har man p\u00e5 flera h\u00e5ll byggt Read More\" \/>\n<meta property=\"og:url\" content=\"https:\/\/wp.kristdemokraterna.se\/kalmarlan\/radda-ostersjon-fran-overgodning-och-bottendod\/\" \/>\n<meta property=\"og:site_name\" content=\"i Kalmar l\u00e4n\" \/>\n<meta property=\"article:published_time\" content=\"2014-05-27T10:13:41+00:00\" \/>\n<meta property=\"og:image\" content=\"http:\/\/wp.kristdemokraterna.se\/kalmarlan\/files\/2014\/05\/gudrun-sylten-mas-300x225.jpg\" \/>\n<meta name=\"author\" content=\"kalmarlan\" \/>\n<meta name=\"twitter:card\" content=\"summary_large_image\" \/>\n<meta name=\"twitter:label1\" content=\"Skriven av\" \/>\n\t<meta name=\"twitter:data1\" content=\"kalmarlan\" \/>\n\t<meta name=\"twitter:label2\" content=\"Ber\u00e4knad l\u00e4stid\" \/>\n\t<meta name=\"twitter:data2\" content=\"2 minuter\" \/>\n<script type=\"application\/ld+json\" class=\"yoast-schema-graph\">{\"@context\":\"https:\\\/\\\/schema.org\",\"@graph\":[{\"@type\":\"Article\",\"@id\":\"https:\\\/\\\/wp.kristdemokraterna.se\\\/kalmarlan\\\/radda-ostersjon-fran-overgodning-och-bottendod\\\/#article\",\"isPartOf\":{\"@id\":\"https:\\\/\\\/wp.kristdemokraterna.se\\\/kalmarlan\\\/radda-ostersjon-fran-overgodning-och-bottendod\\\/\"},\"author\":{\"name\":\"kalmarlan\",\"@id\":\"https:\\\/\\\/wp.kristdemokraterna.se\\\/kalmarlan\\\/#\\\/schema\\\/person\\\/a1856739934bf9c6a11fb258646ea2a5\"},\"headline\":\"R\u00e4dda \u00d6stersj\u00f6n fr\u00e5n \u00f6verg\u00f6dning och bottend\u00f6d!\",\"datePublished\":\"2014-05-27T10:13:41+00:00\",\"mainEntityOfPage\":{\"@id\":\"https:\\\/\\\/wp.kristdemokraterna.se\\\/kalmarlan\\\/radda-ostersjon-fran-overgodning-och-bottendod\\\/\"},\"wordCount\":462,\"image\":{\"@id\":\"https:\\\/\\\/wp.kristdemokraterna.se\\\/kalmarlan\\\/radda-ostersjon-fran-overgodning-och-bottendod\\\/#primaryimage\"},\"thumbnailUrl\":\"http:\\\/\\\/wp.kristdemokraterna.se\\\/kalmarlan\\\/files\\\/2014\\\/05\\\/gudrun-sylten-mas-300x225.jpg\",\"inLanguage\":\"sv-SE\"},{\"@type\":\"WebPage\",\"@id\":\"https:\\\/\\\/wp.kristdemokraterna.se\\\/kalmarlan\\\/radda-ostersjon-fran-overgodning-och-bottendod\\\/\",\"url\":\"https:\\\/\\\/wp.kristdemokraterna.se\\\/kalmarlan\\\/radda-ostersjon-fran-overgodning-och-bottendod\\\/\",\"name\":\"R\u00e4dda \u00d6stersj\u00f6n fr\u00e5n \u00f6verg\u00f6dning och bottend\u00f6d! - i Kalmar l\u00e4n\",\"isPartOf\":{\"@id\":\"https:\\\/\\\/wp.kristdemokraterna.se\\\/kalmarlan\\\/#website\"},\"primaryImageOfPage\":{\"@id\":\"https:\\\/\\\/wp.kristdemokraterna.se\\\/kalmarlan\\\/radda-ostersjon-fran-overgodning-och-bottendod\\\/#primaryimage\"},\"image\":{\"@id\":\"https:\\\/\\\/wp.kristdemokraterna.se\\\/kalmarlan\\\/radda-ostersjon-fran-overgodning-och-bottendod\\\/#primaryimage\"},\"thumbnailUrl\":\"http:\\\/\\\/wp.kristdemokraterna.se\\\/kalmarlan\\\/files\\\/2014\\\/05\\\/gudrun-sylten-mas-300x225.jpg\",\"datePublished\":\"2014-05-27T10:13:41+00:00\",\"author\":{\"@id\":\"https:\\\/\\\/wp.kristdemokraterna.se\\\/kalmarlan\\\/#\\\/schema\\\/person\\\/a1856739934bf9c6a11fb258646ea2a5\"},\"breadcrumb\":{\"@id\":\"https:\\\/\\\/wp.kristdemokraterna.se\\\/kalmarlan\\\/radda-ostersjon-fran-overgodning-och-bottendod\\\/#breadcrumb\"},\"inLanguage\":\"sv-SE\",\"potentialAction\":[{\"@type\":\"ReadAction\",\"target\":[\"https:\\\/\\\/wp.kristdemokraterna.se\\\/kalmarlan\\\/radda-ostersjon-fran-overgodning-och-bottendod\\\/\"]}]},{\"@type\":\"ImageObject\",\"inLanguage\":\"sv-SE\",\"@id\":\"https:\\\/\\\/wp.kristdemokraterna.se\\\/kalmarlan\\\/radda-ostersjon-fran-overgodning-och-bottendod\\\/#primaryimage\",\"url\":\"https:\\\/\\\/wp.kristdemokraterna.se\\\/kalmarlan\\\/files\\\/2014\\\/05\\\/gudrun-sylten-mas.jpg\",\"contentUrl\":\"https:\\\/\\\/wp.kristdemokraterna.se\\\/kalmarlan\\\/files\\\/2014\\\/05\\\/gudrun-sylten-mas.jpg\",\"width\":3264,\"height\":2448},{\"@type\":\"BreadcrumbList\",\"@id\":\"https:\\\/\\\/wp.kristdemokraterna.se\\\/kalmarlan\\\/radda-ostersjon-fran-overgodning-och-bottendod\\\/#breadcrumb\",\"itemListElement\":[{\"@type\":\"ListItem\",\"position\":1,\"name\":\"Hem\",\"item\":\"https:\\\/\\\/wp.kristdemokraterna.se\\\/kalmarlan\\\/\"},{\"@type\":\"ListItem\",\"position\":2,\"name\":\"R\u00e4dda \u00d6stersj\u00f6n fr\u00e5n \u00f6verg\u00f6dning och bottend\u00f6d!\"}]},{\"@type\":\"WebSite\",\"@id\":\"https:\\\/\\\/wp.kristdemokraterna.se\\\/kalmarlan\\\/#website\",\"url\":\"https:\\\/\\\/wp.kristdemokraterna.se\\\/kalmarlan\\\/\",\"name\":\"i Kalmar l\u00e4n\",\"description\":\"\",\"inLanguage\":\"sv-SE\"},{\"@type\":\"Person\",\"@id\":\"https:\\\/\\\/wp.kristdemokraterna.se\\\/kalmarlan\\\/#\\\/schema\\\/person\\\/a1856739934bf9c6a11fb258646ea2a5\",\"name\":\"kalmarlan\",\"image\":{\"@type\":\"ImageObject\",\"inLanguage\":\"sv-SE\",\"@id\":\"https:\\\/\\\/secure.gravatar.com\\\/avatar\\\/ef1f7dcd1b21be34f0f3e58a032955c2de43794b20090a23118cd0e2a8964e6e?s=96&r=g\",\"url\":\"https:\\\/\\\/secure.gravatar.com\\\/avatar\\\/ef1f7dcd1b21be34f0f3e58a032955c2de43794b20090a23118cd0e2a8964e6e?s=96&r=g\",\"contentUrl\":\"https:\\\/\\\/secure.gravatar.com\\\/avatar\\\/ef1f7dcd1b21be34f0f3e58a032955c2de43794b20090a23118cd0e2a8964e6e?s=96&r=g\",\"caption\":\"kalmarlan\"},\"url\":\"https:\\\/\\\/wp.kristdemokraterna.se\\\/kalmarlan\\\/author\\\/kalmarlan\\\/\"}]}<\/script>\n<!-- \/ Yoast SEO plugin. -->","yoast_head_json":{"title":"R\u00e4dda \u00d6stersj\u00f6n fr\u00e5n \u00f6verg\u00f6dning och bottend\u00f6d! - i Kalmar l\u00e4n","robots":{"index":"index","follow":"follow","max-snippet":"max-snippet:-1","max-image-preview":"max-image-preview:large","max-video-preview":"max-video-preview:-1"},"canonical":"https:\/\/wp.kristdemokraterna.se\/kalmarlan\/radda-ostersjon-fran-overgodning-och-bottendod\/","og_locale":"sv_SE","og_type":"article","og_title":"R\u00e4dda \u00d6stersj\u00f6n fr\u00e5n \u00f6verg\u00f6dning och bottend\u00f6d! - i Kalmar l\u00e4n","og_description":"-\u00d6stersj\u00f6n \u00e4r ett mycket k\u00e4nsligt innanhav. Bottend\u00f6den till f\u00f6ljd av \u00f6verg\u00f6dning breder ut sig. Nu beh\u00f6vs gemensamma krafttag inom EU f\u00f6r att r\u00e4dda \u00d6stersj\u00f6n. Det s\u00e4ger Gudrun Bruneg\u00e5rd, Kristdemokraternas EU-kandidat fr\u00e5n Kalmar l\u00e4n. -I Sverige har mycket gjorts f\u00f6r att minska utsl\u00e4ppen av kv\u00e4ve och fosfat fr\u00e5n jordbruken. Exempelvis har man p\u00e5 flera h\u00e5ll byggt Read More","og_url":"https:\/\/wp.kristdemokraterna.se\/kalmarlan\/radda-ostersjon-fran-overgodning-och-bottendod\/","og_site_name":"i Kalmar l\u00e4n","article_published_time":"2014-05-27T10:13:41+00:00","og_image":[{"url":"http:\/\/wp.kristdemokraterna.se\/kalmarlan\/files\/2014\/05\/gudrun-sylten-mas-300x225.jpg","type":"","width":"","height":""}],"author":"kalmarlan","twitter_card":"summary_large_image","twitter_misc":{"Skriven av":"kalmarlan","Ber\u00e4knad l\u00e4stid":"2 minuter"},"schema":{"@context":"https:\/\/schema.org","@graph":[{"@type":"Article","@id":"https:\/\/wp.kristdemokraterna.se\/kalmarlan\/radda-ostersjon-fran-overgodning-och-bottendod\/#article","isPartOf":{"@id":"https:\/\/wp.kristdemokraterna.se\/kalmarlan\/radda-ostersjon-fran-overgodning-och-bottendod\/"},"author":{"name":"kalmarlan","@id":"https:\/\/wp.kristdemokraterna.se\/kalmarlan\/#\/schema\/person\/a1856739934bf9c6a11fb258646ea2a5"},"headline":"R\u00e4dda \u00d6stersj\u00f6n fr\u00e5n \u00f6verg\u00f6dning och bottend\u00f6d!","datePublished":"2014-05-27T10:13:41+00:00","mainEntityOfPage":{"@id":"https:\/\/wp.kristdemokraterna.se\/kalmarlan\/radda-ostersjon-fran-overgodning-och-bottendod\/"},"wordCount":462,"image":{"@id":"https:\/\/wp.kristdemokraterna.se\/kalmarlan\/radda-ostersjon-fran-overgodning-och-bottendod\/#primaryimage"},"thumbnailUrl":"http:\/\/wp.kristdemokraterna.se\/kalmarlan\/files\/2014\/05\/gudrun-sylten-mas-300x225.jpg","inLanguage":"sv-SE"},{"@type":"WebPage","@id":"https:\/\/wp.kristdemokraterna.se\/kalmarlan\/radda-ostersjon-fran-overgodning-och-bottendod\/","url":"https:\/\/wp.kristdemokraterna.se\/kalmarlan\/radda-ostersjon-fran-overgodning-och-bottendod\/","name":"R\u00e4dda \u00d6stersj\u00f6n fr\u00e5n \u00f6verg\u00f6dning och bottend\u00f6d! - i Kalmar l\u00e4n","isPartOf":{"@id":"https:\/\/wp.kristdemokraterna.se\/kalmarlan\/#website"},"primaryImageOfPage":{"@id":"https:\/\/wp.kristdemokraterna.se\/kalmarlan\/radda-ostersjon-fran-overgodning-och-bottendod\/#primaryimage"},"image":{"@id":"https:\/\/wp.kristdemokraterna.se\/kalmarlan\/radda-ostersjon-fran-overgodning-och-bottendod\/#primaryimage"},"thumbnailUrl":"http:\/\/wp.kristdemokraterna.se\/kalmarlan\/files\/2014\/05\/gudrun-sylten-mas-300x225.jpg","datePublished":"2014-05-27T10:13:41+00:00","author":{"@id":"https:\/\/wp.kristdemokraterna.se\/kalmarlan\/#\/schema\/person\/a1856739934bf9c6a11fb258646ea2a5"},"breadcrumb":{"@id":"https:\/\/wp.kristdemokraterna.se\/kalmarlan\/radda-ostersjon-fran-overgodning-och-bottendod\/#breadcrumb"},"inLanguage":"sv-SE","potentialAction":[{"@type":"ReadAction","target":["https:\/\/wp.kristdemokraterna.se\/kalmarlan\/radda-ostersjon-fran-overgodning-och-bottendod\/"]}]},{"@type":"ImageObject","inLanguage":"sv-SE","@id":"https:\/\/wp.kristdemokraterna.se\/kalmarlan\/radda-ostersjon-fran-overgodning-och-bottendod\/#primaryimage","url":"https:\/\/wp.kristdemokraterna.se\/kalmarlan\/files\/2014\/05\/gudrun-sylten-mas.jpg","contentUrl":"https:\/\/wp.kristdemokraterna.se\/kalmarlan\/files\/2014\/05\/gudrun-sylten-mas.jpg","width":3264,"height":2448},{"@type":"BreadcrumbList","@id":"https:\/\/wp.kristdemokraterna.se\/kalmarlan\/radda-ostersjon-fran-overgodning-och-bottendod\/#breadcrumb","itemListElement":[{"@type":"ListItem","position":1,"name":"Hem","item":"https:\/\/wp.kristdemokraterna.se\/kalmarlan\/"},{"@type":"ListItem","position":2,"name":"R\u00e4dda \u00d6stersj\u00f6n fr\u00e5n \u00f6verg\u00f6dning och bottend\u00f6d!"}]},{"@type":"WebSite","@id":"https:\/\/wp.kristdemokraterna.se\/kalmarlan\/#website","url":"https:\/\/wp.kristdemokraterna.se\/kalmarlan\/","name":"i Kalmar l\u00e4n","description":"","inLanguage":"sv-SE"},{"@type":"Person","@id":"https:\/\/wp.kristdemokraterna.se\/kalmarlan\/#\/schema\/person\/a1856739934bf9c6a11fb258646ea2a5","name":"kalmarlan","image":{"@type":"ImageObject","inLanguage":"sv-SE","@id":"https:\/\/secure.gravatar.com\/avatar\/ef1f7dcd1b21be34f0f3e58a032955c2de43794b20090a23118cd0e2a8964e6e?s=96&r=g","url":"https:\/\/secure.gravatar.com\/avatar\/ef1f7dcd1b21be34f0f3e58a032955c2de43794b20090a23118cd0e2a8964e6e?s=96&r=g","contentUrl":"https:\/\/secure.gravatar.com\/avatar\/ef1f7dcd1b21be34f0f3e58a032955c2de43794b20090a23118cd0e2a8964e6e?s=96&r=g","caption":"kalmarlan"},"url":"https:\/\/wp.kristdemokraterna.se\/kalmarlan\/author\/kalmarlan\/"}]}},"_links":{"self":[{"href":"https:\/\/wp.kristdemokraterna.se\/kalmarlan\/wp-json\/wp\/v2\/posts\/409","targetHints":{"allow":["GET"]}}],"collection":[{"href":"https:\/\/wp.kristdemokraterna.se\/kalmarlan\/wp-json\/wp\/v2\/posts"}],"about":[{"href":"https:\/\/wp.kristdemokraterna.se\/kalmarlan\/wp-json\/wp\/v2\/types\/post"}],"author":[{"embeddable":true,"href":"https:\/\/wp.kristdemokraterna.se\/kalmarlan\/wp-json\/wp\/v2\/users\/417"}],"replies":[{"embeddable":true,"href":"https:\/\/wp.kristdemokraterna.se\/kalmarlan\/wp-json\/wp\/v2\/comments?post=409"}],"version-history":[{"count":1,"href":"https:\/\/wp.kristdemokraterna.se\/kalmarlan\/wp-json\/wp\/v2\/posts\/409\/revisions"}],"predecessor-version":[{"id":411,"href":"https:\/\/wp.kristdemokraterna.se\/kalmarlan\/wp-json\/wp\/v2\/posts\/409\/revisions\/411"}],"wp:attachment":[{"href":"https:\/\/wp.kristdemokraterna.se\/kalmarlan\/wp-json\/wp\/v2\/media?parent=409"}],"wp:term":[{"taxonomy":"category","embeddable":true,"href":"https:\/\/wp.kristdemokraterna.se\/kalmarlan\/wp-json\/wp\/v2\/categories?post=409"},{"taxonomy":"post_tag","embeddable":true,"href":"https:\/\/wp.kristdemokraterna.se\/kalmarlan\/wp-json\/wp\/v2\/tags?post=409"}],"curies":[{"name":"wp","href":"https:\/\/api.w.org\/{rel}","templated":true}]}}