{"id":412,"date":"2014-05-27T12:20:58","date_gmt":"2014-05-27T10:20:58","guid":{"rendered":"http:\/\/wp.kristdemokraterna.se\/kalmarlan\/?p=412"},"modified":"2014-05-27T12:20:58","modified_gmt":"2014-05-27T10:20:58","slug":"grindmossen-och-pelnabrobacken-forebilder-for-att-radda-olands-turism","status":"publish","type":"post","link":"https:\/\/wp.kristdemokraterna.se\/kalmarlan\/grindmossen-och-pelnabrobacken-forebilder-for-att-radda-olands-turism\/","title":{"rendered":"Grindmossen och Pelnabrob\u00e4cken f\u00f6rebilder f\u00f6r att r\u00e4dda \u00d6lands turism!"},"content":{"rendered":"<p><strong>V\u00e5tmarker som Grindmossen beh\u00f6vs \u00e4ven i andra l\u00e4nder f\u00f6r att r\u00e4dda \u00d6stersj\u00f6n fr\u00e5n \u00f6verg\u00f6dning. \u00d6stersj\u00f6n \u00e4r ett mycket k\u00e4nsligt innanhav. Bottend\u00f6den till f\u00f6ljd av \u00f6verg\u00f6dning breder ut sig. Det leder till omfattande algblomning som allvarligt hotar \u00d6lands turistn\u00e4ring, n\u00e5got som varit tydligt de senaste somrarna.<br \/>\nNu beh\u00f6vs gemensamma krafttag inom EU f\u00f6r att r\u00e4dda \u00d6stersj\u00f6n. Det s\u00e4ger Gudrun Bruneg\u00e5rd, Kristdemokraternas EU-kandidat fr\u00e5n Kalmar l\u00e4n, i samband med ett bes\u00f6k vid Grindmossen, tillsammans med Jonny Erlandsson, R\u00e4lla. <\/strong><br \/>\n<div id=\"attachment_413\" style=\"width: 310px\" class=\"wp-caption alignleft\"><a href=\"http:\/\/wp.kristdemokraterna.se\/kalmarlan\/files\/2014\/05\/gb-je-grindmossen-bro.jpg\"><img loading=\"lazy\" decoding=\"async\" aria-describedby=\"caption-attachment-413\" src=\"http:\/\/wp.kristdemokraterna.se\/kalmarlan\/files\/2014\/05\/gb-je-grindmossen-bro-300x225.jpg\" alt=\"Gudrun Bruneg\u00e5rd och Jonny Erlandsson vid Grindmossen\" width=\"300\" height=\"225\" class=\"size-medium wp-image-413\" srcset=\"https:\/\/wp.kristdemokraterna.se\/kalmarlan\/files\/2014\/05\/gb-je-grindmossen-bro-300x225.jpg 300w, https:\/\/wp.kristdemokraterna.se\/kalmarlan\/files\/2014\/05\/gb-je-grindmossen-bro-540x405.jpg 540w, https:\/\/wp.kristdemokraterna.se\/kalmarlan\/files\/2014\/05\/gb-je-grindmossen-bro-461x346.jpg 461w, https:\/\/wp.kristdemokraterna.se\/kalmarlan\/files\/2014\/05\/gb-je-grindmossen-bro-149x112.jpg 149w\" sizes=\"auto, (max-width: 300px) 100vw, 300px\" \/><\/a><p id=\"caption-attachment-413\" class=\"wp-caption-text\">Gudrun Bruneg\u00e5rd och Jonny Erlandsson vid Grindmossen<\/p><\/div><br \/>\n-I Sverige har mycket gjorts f\u00f6r att minska utsl\u00e4ppen av kv\u00e4ve och fosfat fr\u00e5n jordbruken. Bara fr\u00e5n Pelnabrob\u00e4cken ber\u00e4knades 60 ton kv\u00e4ve rinna ut i \u00d6stersj\u00f6n och bidra till \u00f6verg\u00f6dningen. L\u00e4ngs b\u00e4cken, fr\u00e5n Gl\u00f6mminge till utloppet n\u00e4ra Runsten, har L\u00e4nsstyrelsen tillsammans med ideella krafter, Borgholms och M\u00f6rbyl\u00e5nga kommun p\u00e5 senare \u00e5r anlagt kv\u00e4vef\u00e4llor i form av dammar och anlagda v\u00e5tmarker i vattendrag.Detta bidrar till att rena avrinningen fr\u00e5n \u00e5krarna innan det f\u00f6rs vidare ut i \u00d6stersj\u00f6n, s\u00e4ger Gudrun Bruneg\u00e5rd. <\/p>\n<p>-Det hj\u00e4lper f\u00f6ga om svenska myndigheter, organisationer och frivilliga l\u00e4gger ned hela sin sj\u00e4l i liknande projekt, om v\u00e5ra grannar i \u00f6vriga l\u00e4nder runt om v\u00e5rt gemensamma innanhav forts\u00e4tter med konstg\u00f6dning p\u00e5 sina \u00e5krar, utan rening innan n\u00e4rings\u00e4mnena fl\u00f6dar ut i havet, s\u00e4ger Gudrun Bruneg\u00e5rd.<\/p>\n<p>-D\u00e4rf\u00f6r vill jag verka f\u00f6r att EU:s jordbruksst\u00f6d och g\u00e5rdsst\u00f6d ska styras om. Idag g\u00e5r 80 procent av g\u00e5rdsst\u00f6det till 20 procent av de gamla medlemsl\u00e4ndernas st\u00f6rsta g\u00e5rdar. Franska storb\u00f6nder \u00e4r de som gynnas mest av denna konstruktion. Ist\u00e4llet borde st\u00f6det g\u00e5 till att st\u00f6dja omst\u00e4llningen till milj\u00f6v\u00e4nligt jordbruk i b\u00e5de Sverige, Polen, Litauen och andra \u00d6stersj\u00f6l\u00e4nder. Det \u00e4r i h\u00f6gsta grad ett gemensamt intresse att r\u00e4dda \u00d6stersj\u00f6n, forts\u00e4tter Gudrun Bruneg\u00e5rd. <\/p>\n<p>-Det \u00e4r \u00d6stersj\u00f6l\u00e4ndernas gemensamma ansvar att hj\u00e4lpas \u00e5t f\u00f6r att inte \u00d6stersj\u00f6n ska bli ett d\u00f6tt hav. Detta borde vara en h\u00f6gt prioriterad fr\u00e5ga p\u00e5 EU:s dagordning under kommande mandatperiod, avslutar Gudrun Bruneg\u00e5rd.<br \/>\n<a href=\"http:\/\/wp.kristdemokraterna.se\/kalmarlan\/files\/2014\/05\/je-gb-grindmossen-2.jpg\"><img loading=\"lazy\" decoding=\"async\" src=\"http:\/\/wp.kristdemokraterna.se\/kalmarlan\/files\/2014\/05\/je-gb-grindmossen-2-540x405.jpg\" alt=\"JE GB Grindmossen 2\" width=\"540\" height=\"405\" class=\"alignleft size-large wp-image-414\" srcset=\"https:\/\/wp.kristdemokraterna.se\/kalmarlan\/files\/2014\/05\/je-gb-grindmossen-2-540x405.jpg 540w, https:\/\/wp.kristdemokraterna.se\/kalmarlan\/files\/2014\/05\/je-gb-grindmossen-2-300x225.jpg 300w, https:\/\/wp.kristdemokraterna.se\/kalmarlan\/files\/2014\/05\/je-gb-grindmossen-2-461x346.jpg 461w, https:\/\/wp.kristdemokraterna.se\/kalmarlan\/files\/2014\/05\/je-gb-grindmossen-2-149x112.jpg 149w\" sizes=\"auto, (max-width: 540px) 100vw, 540px\" \/><\/a><\/p>\n","protected":false},"excerpt":{"rendered":"<p>V\u00e5tmarker som Grindmossen beh\u00f6vs \u00e4ven i andra l\u00e4nder f\u00f6r att r\u00e4dda \u00d6stersj\u00f6n fr\u00e5n \u00f6verg\u00f6dning. \u00d6stersj\u00f6n \u00e4r ett mycket k\u00e4nsligt innanhav. Bottend\u00f6den till f\u00f6ljd av \u00f6verg\u00f6dning breder ut sig. Det leder till omfattande algblomning som allvarligt hotar \u00d6lands turistn\u00e4ring, n\u00e5got som varit tydligt de senaste somrarna. Nu beh\u00f6vs gemensamma krafttag inom EU f\u00f6r att r\u00e4dda \u00d6stersj\u00f6n. <a class=\"read-more-link\" href=\"https:\/\/wp.kristdemokraterna.se\/kalmarlan\/grindmossen-och-pelnabrobacken-forebilder-for-att-radda-olands-turism\/\">Read More<\/a><\/p>\n","protected":false},"author":417,"featured_media":0,"comment_status":"closed","ping_status":"closed","sticky":false,"template":"","format":"standard","meta":{"_acf_changed":false,"footnotes":""},"categories":[1],"tags":[],"class_list":["post-412","post","type-post","status-publish","format-standard","hentry","category-okategoriserade"],"acf":[],"yoast_head":"<!-- This site is optimized with the Yoast SEO plugin v27.4 - https:\/\/yoast.com\/product\/yoast-seo-wordpress\/ -->\n<title>Grindmossen och Pelnabrob\u00e4cken f\u00f6rebilder f\u00f6r att r\u00e4dda \u00d6lands turism! - i Kalmar l\u00e4n<\/title>\n<meta name=\"robots\" content=\"index, follow, max-snippet:-1, max-image-preview:large, max-video-preview:-1\" \/>\n<link rel=\"canonical\" href=\"https:\/\/wp.kristdemokraterna.se\/kalmarlan\/grindmossen-och-pelnabrobacken-forebilder-for-att-radda-olands-turism\/\" \/>\n<meta property=\"og:locale\" content=\"sv_SE\" \/>\n<meta property=\"og:type\" content=\"article\" \/>\n<meta property=\"og:title\" content=\"Grindmossen och Pelnabrob\u00e4cken f\u00f6rebilder f\u00f6r att r\u00e4dda \u00d6lands turism! - i Kalmar l\u00e4n\" \/>\n<meta property=\"og:description\" content=\"V\u00e5tmarker som Grindmossen beh\u00f6vs \u00e4ven i andra l\u00e4nder f\u00f6r att r\u00e4dda \u00d6stersj\u00f6n fr\u00e5n \u00f6verg\u00f6dning. \u00d6stersj\u00f6n \u00e4r ett mycket k\u00e4nsligt innanhav. Bottend\u00f6den till f\u00f6ljd av \u00f6verg\u00f6dning breder ut sig. Det leder till omfattande algblomning som allvarligt hotar \u00d6lands turistn\u00e4ring, n\u00e5got som varit tydligt de senaste somrarna. Nu beh\u00f6vs gemensamma krafttag inom EU f\u00f6r att r\u00e4dda \u00d6stersj\u00f6n. Read More\" \/>\n<meta property=\"og:url\" content=\"https:\/\/wp.kristdemokraterna.se\/kalmarlan\/grindmossen-och-pelnabrobacken-forebilder-for-att-radda-olands-turism\/\" \/>\n<meta property=\"og:site_name\" content=\"i Kalmar l\u00e4n\" \/>\n<meta property=\"article:published_time\" content=\"2014-05-27T10:20:58+00:00\" \/>\n<meta property=\"og:image\" content=\"http:\/\/wp.kristdemokraterna.se\/kalmarlan\/files\/2014\/05\/gb-je-grindmossen-bro-300x225.jpg\" \/>\n<meta name=\"author\" content=\"kalmarlan\" \/>\n<meta name=\"twitter:card\" content=\"summary_large_image\" \/>\n<meta name=\"twitter:label1\" content=\"Skriven av\" \/>\n\t<meta name=\"twitter:data1\" content=\"kalmarlan\" \/>\n\t<meta name=\"twitter:label2\" content=\"Ber\u00e4knad l\u00e4stid\" \/>\n\t<meta name=\"twitter:data2\" content=\"2 minuter\" \/>\n<script type=\"application\/ld+json\" class=\"yoast-schema-graph\">{\"@context\":\"https:\\\/\\\/schema.org\",\"@graph\":[{\"@type\":\"Article\",\"@id\":\"https:\\\/\\\/wp.kristdemokraterna.se\\\/kalmarlan\\\/grindmossen-och-pelnabrobacken-forebilder-for-att-radda-olands-turism\\\/#article\",\"isPartOf\":{\"@id\":\"https:\\\/\\\/wp.kristdemokraterna.se\\\/kalmarlan\\\/grindmossen-och-pelnabrobacken-forebilder-for-att-radda-olands-turism\\\/\"},\"author\":{\"name\":\"kalmarlan\",\"@id\":\"https:\\\/\\\/wp.kristdemokraterna.se\\\/kalmarlan\\\/#\\\/schema\\\/person\\\/a1856739934bf9c6a11fb258646ea2a5\"},\"headline\":\"Grindmossen och Pelnabrob\u00e4cken f\u00f6rebilder f\u00f6r att r\u00e4dda \u00d6lands turism!\",\"datePublished\":\"2014-05-27T10:20:58+00:00\",\"mainEntityOfPage\":{\"@id\":\"https:\\\/\\\/wp.kristdemokraterna.se\\\/kalmarlan\\\/grindmossen-och-pelnabrobacken-forebilder-for-att-radda-olands-turism\\\/\"},\"wordCount\":433,\"image\":{\"@id\":\"https:\\\/\\\/wp.kristdemokraterna.se\\\/kalmarlan\\\/grindmossen-och-pelnabrobacken-forebilder-for-att-radda-olands-turism\\\/#primaryimage\"},\"thumbnailUrl\":\"http:\\\/\\\/wp.kristdemokraterna.se\\\/kalmarlan\\\/files\\\/2014\\\/05\\\/gb-je-grindmossen-bro-300x225.jpg\",\"inLanguage\":\"sv-SE\"},{\"@type\":\"WebPage\",\"@id\":\"https:\\\/\\\/wp.kristdemokraterna.se\\\/kalmarlan\\\/grindmossen-och-pelnabrobacken-forebilder-for-att-radda-olands-turism\\\/\",\"url\":\"https:\\\/\\\/wp.kristdemokraterna.se\\\/kalmarlan\\\/grindmossen-och-pelnabrobacken-forebilder-for-att-radda-olands-turism\\\/\",\"name\":\"Grindmossen och Pelnabrob\u00e4cken f\u00f6rebilder f\u00f6r att r\u00e4dda \u00d6lands turism! - i Kalmar l\u00e4n\",\"isPartOf\":{\"@id\":\"https:\\\/\\\/wp.kristdemokraterna.se\\\/kalmarlan\\\/#website\"},\"primaryImageOfPage\":{\"@id\":\"https:\\\/\\\/wp.kristdemokraterna.se\\\/kalmarlan\\\/grindmossen-och-pelnabrobacken-forebilder-for-att-radda-olands-turism\\\/#primaryimage\"},\"image\":{\"@id\":\"https:\\\/\\\/wp.kristdemokraterna.se\\\/kalmarlan\\\/grindmossen-och-pelnabrobacken-forebilder-for-att-radda-olands-turism\\\/#primaryimage\"},\"thumbnailUrl\":\"http:\\\/\\\/wp.kristdemokraterna.se\\\/kalmarlan\\\/files\\\/2014\\\/05\\\/gb-je-grindmossen-bro-300x225.jpg\",\"datePublished\":\"2014-05-27T10:20:58+00:00\",\"author\":{\"@id\":\"https:\\\/\\\/wp.kristdemokraterna.se\\\/kalmarlan\\\/#\\\/schema\\\/person\\\/a1856739934bf9c6a11fb258646ea2a5\"},\"breadcrumb\":{\"@id\":\"https:\\\/\\\/wp.kristdemokraterna.se\\\/kalmarlan\\\/grindmossen-och-pelnabrobacken-forebilder-for-att-radda-olands-turism\\\/#breadcrumb\"},\"inLanguage\":\"sv-SE\",\"potentialAction\":[{\"@type\":\"ReadAction\",\"target\":[\"https:\\\/\\\/wp.kristdemokraterna.se\\\/kalmarlan\\\/grindmossen-och-pelnabrobacken-forebilder-for-att-radda-olands-turism\\\/\"]}]},{\"@type\":\"ImageObject\",\"inLanguage\":\"sv-SE\",\"@id\":\"https:\\\/\\\/wp.kristdemokraterna.se\\\/kalmarlan\\\/grindmossen-och-pelnabrobacken-forebilder-for-att-radda-olands-turism\\\/#primaryimage\",\"url\":\"https:\\\/\\\/wp.kristdemokraterna.se\\\/kalmarlan\\\/files\\\/2014\\\/05\\\/gb-je-grindmossen-bro.jpg\",\"contentUrl\":\"https:\\\/\\\/wp.kristdemokraterna.se\\\/kalmarlan\\\/files\\\/2014\\\/05\\\/gb-je-grindmossen-bro.jpg\",\"width\":3264,\"height\":2448,\"caption\":\"Gudrun Bruneg\u00e5rd och Jonny Erlandsson vid Grindmossen\"},{\"@type\":\"BreadcrumbList\",\"@id\":\"https:\\\/\\\/wp.kristdemokraterna.se\\\/kalmarlan\\\/grindmossen-och-pelnabrobacken-forebilder-for-att-radda-olands-turism\\\/#breadcrumb\",\"itemListElement\":[{\"@type\":\"ListItem\",\"position\":1,\"name\":\"Hem\",\"item\":\"https:\\\/\\\/wp.kristdemokraterna.se\\\/kalmarlan\\\/\"},{\"@type\":\"ListItem\",\"position\":2,\"name\":\"Grindmossen och Pelnabrob\u00e4cken f\u00f6rebilder f\u00f6r att r\u00e4dda \u00d6lands turism!\"}]},{\"@type\":\"WebSite\",\"@id\":\"https:\\\/\\\/wp.kristdemokraterna.se\\\/kalmarlan\\\/#website\",\"url\":\"https:\\\/\\\/wp.kristdemokraterna.se\\\/kalmarlan\\\/\",\"name\":\"i Kalmar l\u00e4n\",\"description\":\"\",\"inLanguage\":\"sv-SE\"},{\"@type\":\"Person\",\"@id\":\"https:\\\/\\\/wp.kristdemokraterna.se\\\/kalmarlan\\\/#\\\/schema\\\/person\\\/a1856739934bf9c6a11fb258646ea2a5\",\"name\":\"kalmarlan\",\"image\":{\"@type\":\"ImageObject\",\"inLanguage\":\"sv-SE\",\"@id\":\"https:\\\/\\\/secure.gravatar.com\\\/avatar\\\/ef1f7dcd1b21be34f0f3e58a032955c2de43794b20090a23118cd0e2a8964e6e?s=96&r=g\",\"url\":\"https:\\\/\\\/secure.gravatar.com\\\/avatar\\\/ef1f7dcd1b21be34f0f3e58a032955c2de43794b20090a23118cd0e2a8964e6e?s=96&r=g\",\"contentUrl\":\"https:\\\/\\\/secure.gravatar.com\\\/avatar\\\/ef1f7dcd1b21be34f0f3e58a032955c2de43794b20090a23118cd0e2a8964e6e?s=96&r=g\",\"caption\":\"kalmarlan\"},\"url\":\"https:\\\/\\\/wp.kristdemokraterna.se\\\/kalmarlan\\\/author\\\/kalmarlan\\\/\"}]}<\/script>\n<!-- \/ Yoast SEO plugin. -->","yoast_head_json":{"title":"Grindmossen och Pelnabrob\u00e4cken f\u00f6rebilder f\u00f6r att r\u00e4dda \u00d6lands turism! - i Kalmar l\u00e4n","robots":{"index":"index","follow":"follow","max-snippet":"max-snippet:-1","max-image-preview":"max-image-preview:large","max-video-preview":"max-video-preview:-1"},"canonical":"https:\/\/wp.kristdemokraterna.se\/kalmarlan\/grindmossen-och-pelnabrobacken-forebilder-for-att-radda-olands-turism\/","og_locale":"sv_SE","og_type":"article","og_title":"Grindmossen och Pelnabrob\u00e4cken f\u00f6rebilder f\u00f6r att r\u00e4dda \u00d6lands turism! - i Kalmar l\u00e4n","og_description":"V\u00e5tmarker som Grindmossen beh\u00f6vs \u00e4ven i andra l\u00e4nder f\u00f6r att r\u00e4dda \u00d6stersj\u00f6n fr\u00e5n \u00f6verg\u00f6dning. \u00d6stersj\u00f6n \u00e4r ett mycket k\u00e4nsligt innanhav. Bottend\u00f6den till f\u00f6ljd av \u00f6verg\u00f6dning breder ut sig. Det leder till omfattande algblomning som allvarligt hotar \u00d6lands turistn\u00e4ring, n\u00e5got som varit tydligt de senaste somrarna. Nu beh\u00f6vs gemensamma krafttag inom EU f\u00f6r att r\u00e4dda \u00d6stersj\u00f6n. Read More","og_url":"https:\/\/wp.kristdemokraterna.se\/kalmarlan\/grindmossen-och-pelnabrobacken-forebilder-for-att-radda-olands-turism\/","og_site_name":"i Kalmar l\u00e4n","article_published_time":"2014-05-27T10:20:58+00:00","og_image":[{"url":"http:\/\/wp.kristdemokraterna.se\/kalmarlan\/files\/2014\/05\/gb-je-grindmossen-bro-300x225.jpg","type":"","width":"","height":""}],"author":"kalmarlan","twitter_card":"summary_large_image","twitter_misc":{"Skriven av":"kalmarlan","Ber\u00e4knad l\u00e4stid":"2 minuter"},"schema":{"@context":"https:\/\/schema.org","@graph":[{"@type":"Article","@id":"https:\/\/wp.kristdemokraterna.se\/kalmarlan\/grindmossen-och-pelnabrobacken-forebilder-for-att-radda-olands-turism\/#article","isPartOf":{"@id":"https:\/\/wp.kristdemokraterna.se\/kalmarlan\/grindmossen-och-pelnabrobacken-forebilder-for-att-radda-olands-turism\/"},"author":{"name":"kalmarlan","@id":"https:\/\/wp.kristdemokraterna.se\/kalmarlan\/#\/schema\/person\/a1856739934bf9c6a11fb258646ea2a5"},"headline":"Grindmossen och Pelnabrob\u00e4cken f\u00f6rebilder f\u00f6r att r\u00e4dda \u00d6lands turism!","datePublished":"2014-05-27T10:20:58+00:00","mainEntityOfPage":{"@id":"https:\/\/wp.kristdemokraterna.se\/kalmarlan\/grindmossen-och-pelnabrobacken-forebilder-for-att-radda-olands-turism\/"},"wordCount":433,"image":{"@id":"https:\/\/wp.kristdemokraterna.se\/kalmarlan\/grindmossen-och-pelnabrobacken-forebilder-for-att-radda-olands-turism\/#primaryimage"},"thumbnailUrl":"http:\/\/wp.kristdemokraterna.se\/kalmarlan\/files\/2014\/05\/gb-je-grindmossen-bro-300x225.jpg","inLanguage":"sv-SE"},{"@type":"WebPage","@id":"https:\/\/wp.kristdemokraterna.se\/kalmarlan\/grindmossen-och-pelnabrobacken-forebilder-for-att-radda-olands-turism\/","url":"https:\/\/wp.kristdemokraterna.se\/kalmarlan\/grindmossen-och-pelnabrobacken-forebilder-for-att-radda-olands-turism\/","name":"Grindmossen och Pelnabrob\u00e4cken f\u00f6rebilder f\u00f6r att r\u00e4dda \u00d6lands turism! - i Kalmar l\u00e4n","isPartOf":{"@id":"https:\/\/wp.kristdemokraterna.se\/kalmarlan\/#website"},"primaryImageOfPage":{"@id":"https:\/\/wp.kristdemokraterna.se\/kalmarlan\/grindmossen-och-pelnabrobacken-forebilder-for-att-radda-olands-turism\/#primaryimage"},"image":{"@id":"https:\/\/wp.kristdemokraterna.se\/kalmarlan\/grindmossen-och-pelnabrobacken-forebilder-for-att-radda-olands-turism\/#primaryimage"},"thumbnailUrl":"http:\/\/wp.kristdemokraterna.se\/kalmarlan\/files\/2014\/05\/gb-je-grindmossen-bro-300x225.jpg","datePublished":"2014-05-27T10:20:58+00:00","author":{"@id":"https:\/\/wp.kristdemokraterna.se\/kalmarlan\/#\/schema\/person\/a1856739934bf9c6a11fb258646ea2a5"},"breadcrumb":{"@id":"https:\/\/wp.kristdemokraterna.se\/kalmarlan\/grindmossen-och-pelnabrobacken-forebilder-for-att-radda-olands-turism\/#breadcrumb"},"inLanguage":"sv-SE","potentialAction":[{"@type":"ReadAction","target":["https:\/\/wp.kristdemokraterna.se\/kalmarlan\/grindmossen-och-pelnabrobacken-forebilder-for-att-radda-olands-turism\/"]}]},{"@type":"ImageObject","inLanguage":"sv-SE","@id":"https:\/\/wp.kristdemokraterna.se\/kalmarlan\/grindmossen-och-pelnabrobacken-forebilder-for-att-radda-olands-turism\/#primaryimage","url":"https:\/\/wp.kristdemokraterna.se\/kalmarlan\/files\/2014\/05\/gb-je-grindmossen-bro.jpg","contentUrl":"https:\/\/wp.kristdemokraterna.se\/kalmarlan\/files\/2014\/05\/gb-je-grindmossen-bro.jpg","width":3264,"height":2448,"caption":"Gudrun Bruneg\u00e5rd och Jonny Erlandsson vid Grindmossen"},{"@type":"BreadcrumbList","@id":"https:\/\/wp.kristdemokraterna.se\/kalmarlan\/grindmossen-och-pelnabrobacken-forebilder-for-att-radda-olands-turism\/#breadcrumb","itemListElement":[{"@type":"ListItem","position":1,"name":"Hem","item":"https:\/\/wp.kristdemokraterna.se\/kalmarlan\/"},{"@type":"ListItem","position":2,"name":"Grindmossen och Pelnabrob\u00e4cken f\u00f6rebilder f\u00f6r att r\u00e4dda \u00d6lands turism!"}]},{"@type":"WebSite","@id":"https:\/\/wp.kristdemokraterna.se\/kalmarlan\/#website","url":"https:\/\/wp.kristdemokraterna.se\/kalmarlan\/","name":"i Kalmar l\u00e4n","description":"","inLanguage":"sv-SE"},{"@type":"Person","@id":"https:\/\/wp.kristdemokraterna.se\/kalmarlan\/#\/schema\/person\/a1856739934bf9c6a11fb258646ea2a5","name":"kalmarlan","image":{"@type":"ImageObject","inLanguage":"sv-SE","@id":"https:\/\/secure.gravatar.com\/avatar\/ef1f7dcd1b21be34f0f3e58a032955c2de43794b20090a23118cd0e2a8964e6e?s=96&r=g","url":"https:\/\/secure.gravatar.com\/avatar\/ef1f7dcd1b21be34f0f3e58a032955c2de43794b20090a23118cd0e2a8964e6e?s=96&r=g","contentUrl":"https:\/\/secure.gravatar.com\/avatar\/ef1f7dcd1b21be34f0f3e58a032955c2de43794b20090a23118cd0e2a8964e6e?s=96&r=g","caption":"kalmarlan"},"url":"https:\/\/wp.kristdemokraterna.se\/kalmarlan\/author\/kalmarlan\/"}]}},"_links":{"self":[{"href":"https:\/\/wp.kristdemokraterna.se\/kalmarlan\/wp-json\/wp\/v2\/posts\/412","targetHints":{"allow":["GET"]}}],"collection":[{"href":"https:\/\/wp.kristdemokraterna.se\/kalmarlan\/wp-json\/wp\/v2\/posts"}],"about":[{"href":"https:\/\/wp.kristdemokraterna.se\/kalmarlan\/wp-json\/wp\/v2\/types\/post"}],"author":[{"embeddable":true,"href":"https:\/\/wp.kristdemokraterna.se\/kalmarlan\/wp-json\/wp\/v2\/users\/417"}],"replies":[{"embeddable":true,"href":"https:\/\/wp.kristdemokraterna.se\/kalmarlan\/wp-json\/wp\/v2\/comments?post=412"}],"version-history":[{"count":3,"href":"https:\/\/wp.kristdemokraterna.se\/kalmarlan\/wp-json\/wp\/v2\/posts\/412\/revisions"}],"predecessor-version":[{"id":417,"href":"https:\/\/wp.kristdemokraterna.se\/kalmarlan\/wp-json\/wp\/v2\/posts\/412\/revisions\/417"}],"wp:attachment":[{"href":"https:\/\/wp.kristdemokraterna.se\/kalmarlan\/wp-json\/wp\/v2\/media?parent=412"}],"wp:term":[{"taxonomy":"category","embeddable":true,"href":"https:\/\/wp.kristdemokraterna.se\/kalmarlan\/wp-json\/wp\/v2\/categories?post=412"},{"taxonomy":"post_tag","embeddable":true,"href":"https:\/\/wp.kristdemokraterna.se\/kalmarlan\/wp-json\/wp\/v2\/tags?post=412"}],"curies":[{"name":"wp","href":"https:\/\/api.w.org\/{rel}","templated":true}]}}