{"id":418,"date":"2014-05-27T12:26:09","date_gmt":"2014-05-27T10:26:09","guid":{"rendered":"http:\/\/wp.kristdemokraterna.se\/kalmarlan\/?p=418"},"modified":"2014-05-27T12:26:46","modified_gmt":"2014-05-27T10:26:46","slug":"eu-valet-ett-framgangsval-for-kristdemokraterna-2","status":"publish","type":"post","link":"https:\/\/wp.kristdemokraterna.se\/kalmarlan\/eu-valet-ett-framgangsval-for-kristdemokraterna-2\/","title":{"rendered":"EU-valet ett framg\u00e5ngsval f\u00f6r Kristdemokraterna!"},"content":{"rendered":"<p><strong>-Valet till Europaparlamentet \u00e4r en stor framg\u00e5ng f\u00f6r Kristdemokraterna, b\u00e5de nationellt och i Kalmar l\u00e4n. I riket \u00f6kade partiet fr\u00e5n 4,7 till 6,0 procent. \u00d6kningen i l\u00e4net \u00e4r n\u00e4stan lika stor, dessutom p\u00e5 en h\u00f6gre niv\u00e5, fr\u00e5n 6,2 till 7,4 procent. Det \u00e4r en god utg\u00e5ngspunkt f\u00f6r h\u00f6stens val.<br \/>\nDet s\u00e4ger Gudrun Bruneg\u00e5rd, Kristdemokraternas kandidat fr\u00e5n Kalmar l\u00e4n, med anledning av valnattsresultatet. <\/strong><\/p>\n<a href=\"http:\/\/wp.kristdemokraterna.se\/kalmarlan\/files\/2014\/05\/valvaka-jubel.jpg\"><img loading=\"lazy\" decoding=\"async\" class=\"size-medium wp-image-405\" src=\"http:\/\/wp.kristdemokraterna.se\/kalmarlan\/files\/2014\/05\/valvaka-jubel-300x225.jpg\" alt=\"Jubel \u00f6ver valresultatet\" width=\"300\" height=\"225\" srcset=\"https:\/\/wp.kristdemokraterna.se\/kalmarlan\/files\/2014\/05\/valvaka-jubel-300x225.jpg 300w, https:\/\/wp.kristdemokraterna.se\/kalmarlan\/files\/2014\/05\/valvaka-jubel-540x405.jpg 540w, https:\/\/wp.kristdemokraterna.se\/kalmarlan\/files\/2014\/05\/valvaka-jubel-461x346.jpg 461w, https:\/\/wp.kristdemokraterna.se\/kalmarlan\/files\/2014\/05\/valvaka-jubel-149x112.jpg 149w, https:\/\/wp.kristdemokraterna.se\/kalmarlan\/files\/2014\/05\/valvaka-jubel.jpg 960w\" sizes=\"auto, (max-width: 300px) 100vw, 300px\" \/>\n<p>-Jublet var stort p\u00e5 valvakan hemma hos mig, n\u00e4r det f\u00f6rsta resultatet kom klockan elva p\u00e5 kv\u00e4llen och vi kunde konstatera att Kristdemokraterna har s\u00e4krat sitt mandat i Europaparlametet. Det k\u00e4ndes s\u00e4rskilt gott, med tanke p\u00e5 hur m\u00e5nga olyckskorpar som hade r\u00e4knat ut oss. S\u00e4rskilt roligt \u00e4r det att partiet n\u00e4ra nog f\u00e5tt f\u00f6rdubblat v\u00e4ljarst\u00f6d i V\u00e4stervik, d\u00e4r resultatet nu ligger p\u00e5 hedersamma 7,7 procent, en \u00f6kning med 3,2 procentenheter, s\u00e4ger Gudrun Bruneg\u00e5rd.<\/p>\n<p>H\u00f6gst \u00e4r valresultatet i Hultsfred (10,0 %), Oskarshamn (9,3 %) och Gudrun Bruneg\u00e5rds hemkommun Vimmerby (9,1 %). I Vimmerby finns valdistrikt d\u00e4r Kristdemokraterna \u00e4r st\u00f6rsta parti, med 24,3 %.<\/p>\n<p>-Jag ser valframg\u00e5ngen som ett resultat av Lars Adaktusson som v\u00e4lk\u00e4nd huvudkandidat, i kombination med tydlig politik, om r\u00e4tt agenda i Bryssel. EU ska \u00e4gna sig \u00e5t r\u00e4tt saker, s\u00e5dant som beh\u00f6ver l\u00f6sas genom gemensamma \u00f6verenskommelser, som milj\u00f6fr\u00e5gor och fr\u00e5gor om m\u00e4nskliga r\u00e4ttigheter kontra gr\u00e4ns\u00f6verskridande brottslighet. \u00d6vriga fr\u00e5gor ska \u00e5terf\u00f6ras till nationell niv\u00e5. Frihet, ansvar och medm\u00e4nsklighet \u00e4r viktiga kristdemokratiska v\u00e4rden, som v\u00e4ldigt m\u00e5nga v\u00e4ljare st\u00e4ller sig bakom, s\u00e4ger Gudrun Bruneg\u00e5rd.<\/p>\n","protected":false},"excerpt":{"rendered":"<p>-Valet till Europaparlamentet \u00e4r en stor framg\u00e5ng f\u00f6r Kristdemokraterna, b\u00e5de nationellt och i Kalmar l\u00e4n. I riket \u00f6kade partiet fr\u00e5n 4,7 till 6,0 procent. \u00d6kningen i l\u00e4net \u00e4r n\u00e4stan lika stor, dessutom p\u00e5 en h\u00f6gre niv\u00e5, fr\u00e5n 6,2 till 7,4 procent. Det \u00e4r en god utg\u00e5ngspunkt f\u00f6r h\u00f6stens val. Det s\u00e4ger Gudrun Bruneg\u00e5rd, Kristdemokraternas kandidat <a class=\"read-more-link\" href=\"https:\/\/wp.kristdemokraterna.se\/kalmarlan\/eu-valet-ett-framgangsval-for-kristdemokraterna-2\/\">Read More<\/a><\/p>\n","protected":false},"author":417,"featured_media":0,"comment_status":"closed","ping_status":"closed","sticky":false,"template":"","format":"standard","meta":{"_acf_changed":false,"footnotes":""},"categories":[1],"tags":[],"class_list":["post-418","post","type-post","status-publish","format-standard","hentry","category-okategoriserade"],"acf":[],"yoast_head":"<!-- This site is optimized with the Yoast SEO plugin v27.4 - https:\/\/yoast.com\/product\/yoast-seo-wordpress\/ -->\n<title>EU-valet ett framg\u00e5ngsval f\u00f6r Kristdemokraterna! - i Kalmar l\u00e4n<\/title>\n<meta name=\"robots\" content=\"index, follow, max-snippet:-1, max-image-preview:large, max-video-preview:-1\" \/>\n<link rel=\"canonical\" href=\"https:\/\/wp.kristdemokraterna.se\/kalmarlan\/eu-valet-ett-framgangsval-for-kristdemokraterna-2\/\" \/>\n<meta property=\"og:locale\" content=\"sv_SE\" \/>\n<meta property=\"og:type\" content=\"article\" \/>\n<meta property=\"og:title\" content=\"EU-valet ett framg\u00e5ngsval f\u00f6r Kristdemokraterna! - i Kalmar l\u00e4n\" \/>\n<meta property=\"og:description\" content=\"-Valet till Europaparlamentet \u00e4r en stor framg\u00e5ng f\u00f6r Kristdemokraterna, b\u00e5de nationellt och i Kalmar l\u00e4n. I riket \u00f6kade partiet fr\u00e5n 4,7 till 6,0 procent. \u00d6kningen i l\u00e4net \u00e4r n\u00e4stan lika stor, dessutom p\u00e5 en h\u00f6gre niv\u00e5, fr\u00e5n 6,2 till 7,4 procent. Det \u00e4r en god utg\u00e5ngspunkt f\u00f6r h\u00f6stens val. Det s\u00e4ger Gudrun Bruneg\u00e5rd, Kristdemokraternas kandidat Read More\" \/>\n<meta property=\"og:url\" content=\"https:\/\/wp.kristdemokraterna.se\/kalmarlan\/eu-valet-ett-framgangsval-for-kristdemokraterna-2\/\" \/>\n<meta property=\"og:site_name\" content=\"i Kalmar l\u00e4n\" \/>\n<meta property=\"article:published_time\" content=\"2014-05-27T10:26:09+00:00\" \/>\n<meta property=\"article:modified_time\" content=\"2014-05-27T10:26:46+00:00\" \/>\n<meta property=\"og:image\" content=\"http:\/\/wp.kristdemokraterna.se\/kalmarlan\/files\/2014\/05\/valvaka-jubel-300x225.jpg\" \/>\n<meta name=\"author\" content=\"kalmarlan\" \/>\n<meta name=\"twitter:card\" content=\"summary_large_image\" \/>\n<meta name=\"twitter:label1\" content=\"Skriven av\" \/>\n\t<meta name=\"twitter:data1\" content=\"kalmarlan\" \/>\n\t<meta name=\"twitter:label2\" content=\"Ber\u00e4knad l\u00e4stid\" \/>\n\t<meta name=\"twitter:data2\" content=\"1 minut\" \/>\n<script type=\"application\/ld+json\" class=\"yoast-schema-graph\">{\"@context\":\"https:\\\/\\\/schema.org\",\"@graph\":[{\"@type\":\"Article\",\"@id\":\"https:\\\/\\\/wp.kristdemokraterna.se\\\/kalmarlan\\\/eu-valet-ett-framgangsval-for-kristdemokraterna-2\\\/#article\",\"isPartOf\":{\"@id\":\"https:\\\/\\\/wp.kristdemokraterna.se\\\/kalmarlan\\\/eu-valet-ett-framgangsval-for-kristdemokraterna-2\\\/\"},\"author\":{\"name\":\"kalmarlan\",\"@id\":\"https:\\\/\\\/wp.kristdemokraterna.se\\\/kalmarlan\\\/#\\\/schema\\\/person\\\/a1856739934bf9c6a11fb258646ea2a5\"},\"headline\":\"EU-valet ett framg\u00e5ngsval f\u00f6r Kristdemokraterna!\",\"datePublished\":\"2014-05-27T10:26:09+00:00\",\"dateModified\":\"2014-05-27T10:26:46+00:00\",\"mainEntityOfPage\":{\"@id\":\"https:\\\/\\\/wp.kristdemokraterna.se\\\/kalmarlan\\\/eu-valet-ett-framgangsval-for-kristdemokraterna-2\\\/\"},\"wordCount\":298,\"image\":{\"@id\":\"https:\\\/\\\/wp.kristdemokraterna.se\\\/kalmarlan\\\/eu-valet-ett-framgangsval-for-kristdemokraterna-2\\\/#primaryimage\"},\"thumbnailUrl\":\"http:\\\/\\\/wp.kristdemokraterna.se\\\/kalmarlan\\\/files\\\/2014\\\/05\\\/valvaka-jubel-300x225.jpg\",\"inLanguage\":\"sv-SE\"},{\"@type\":\"WebPage\",\"@id\":\"https:\\\/\\\/wp.kristdemokraterna.se\\\/kalmarlan\\\/eu-valet-ett-framgangsval-for-kristdemokraterna-2\\\/\",\"url\":\"https:\\\/\\\/wp.kristdemokraterna.se\\\/kalmarlan\\\/eu-valet-ett-framgangsval-for-kristdemokraterna-2\\\/\",\"name\":\"EU-valet ett framg\u00e5ngsval f\u00f6r Kristdemokraterna! - i Kalmar l\u00e4n\",\"isPartOf\":{\"@id\":\"https:\\\/\\\/wp.kristdemokraterna.se\\\/kalmarlan\\\/#website\"},\"primaryImageOfPage\":{\"@id\":\"https:\\\/\\\/wp.kristdemokraterna.se\\\/kalmarlan\\\/eu-valet-ett-framgangsval-for-kristdemokraterna-2\\\/#primaryimage\"},\"image\":{\"@id\":\"https:\\\/\\\/wp.kristdemokraterna.se\\\/kalmarlan\\\/eu-valet-ett-framgangsval-for-kristdemokraterna-2\\\/#primaryimage\"},\"thumbnailUrl\":\"http:\\\/\\\/wp.kristdemokraterna.se\\\/kalmarlan\\\/files\\\/2014\\\/05\\\/valvaka-jubel-300x225.jpg\",\"datePublished\":\"2014-05-27T10:26:09+00:00\",\"dateModified\":\"2014-05-27T10:26:46+00:00\",\"author\":{\"@id\":\"https:\\\/\\\/wp.kristdemokraterna.se\\\/kalmarlan\\\/#\\\/schema\\\/person\\\/a1856739934bf9c6a11fb258646ea2a5\"},\"breadcrumb\":{\"@id\":\"https:\\\/\\\/wp.kristdemokraterna.se\\\/kalmarlan\\\/eu-valet-ett-framgangsval-for-kristdemokraterna-2\\\/#breadcrumb\"},\"inLanguage\":\"sv-SE\",\"potentialAction\":[{\"@type\":\"ReadAction\",\"target\":[\"https:\\\/\\\/wp.kristdemokraterna.se\\\/kalmarlan\\\/eu-valet-ett-framgangsval-for-kristdemokraterna-2\\\/\"]}]},{\"@type\":\"ImageObject\",\"inLanguage\":\"sv-SE\",\"@id\":\"https:\\\/\\\/wp.kristdemokraterna.se\\\/kalmarlan\\\/eu-valet-ett-framgangsval-for-kristdemokraterna-2\\\/#primaryimage\",\"url\":\"https:\\\/\\\/wp.kristdemokraterna.se\\\/kalmarlan\\\/files\\\/2014\\\/05\\\/valvaka-jubel.jpg\",\"contentUrl\":\"https:\\\/\\\/wp.kristdemokraterna.se\\\/kalmarlan\\\/files\\\/2014\\\/05\\\/valvaka-jubel.jpg\",\"width\":960,\"height\":720,\"caption\":\"Jubel \u00f6ver valresultatet\"},{\"@type\":\"BreadcrumbList\",\"@id\":\"https:\\\/\\\/wp.kristdemokraterna.se\\\/kalmarlan\\\/eu-valet-ett-framgangsval-for-kristdemokraterna-2\\\/#breadcrumb\",\"itemListElement\":[{\"@type\":\"ListItem\",\"position\":1,\"name\":\"Hem\",\"item\":\"https:\\\/\\\/wp.kristdemokraterna.se\\\/kalmarlan\\\/\"},{\"@type\":\"ListItem\",\"position\":2,\"name\":\"EU-valet ett framg\u00e5ngsval f\u00f6r Kristdemokraterna!\"}]},{\"@type\":\"WebSite\",\"@id\":\"https:\\\/\\\/wp.kristdemokraterna.se\\\/kalmarlan\\\/#website\",\"url\":\"https:\\\/\\\/wp.kristdemokraterna.se\\\/kalmarlan\\\/\",\"name\":\"i Kalmar l\u00e4n\",\"description\":\"\",\"inLanguage\":\"sv-SE\"},{\"@type\":\"Person\",\"@id\":\"https:\\\/\\\/wp.kristdemokraterna.se\\\/kalmarlan\\\/#\\\/schema\\\/person\\\/a1856739934bf9c6a11fb258646ea2a5\",\"name\":\"kalmarlan\",\"image\":{\"@type\":\"ImageObject\",\"inLanguage\":\"sv-SE\",\"@id\":\"https:\\\/\\\/secure.gravatar.com\\\/avatar\\\/ef1f7dcd1b21be34f0f3e58a032955c2de43794b20090a23118cd0e2a8964e6e?s=96&r=g\",\"url\":\"https:\\\/\\\/secure.gravatar.com\\\/avatar\\\/ef1f7dcd1b21be34f0f3e58a032955c2de43794b20090a23118cd0e2a8964e6e?s=96&r=g\",\"contentUrl\":\"https:\\\/\\\/secure.gravatar.com\\\/avatar\\\/ef1f7dcd1b21be34f0f3e58a032955c2de43794b20090a23118cd0e2a8964e6e?s=96&r=g\",\"caption\":\"kalmarlan\"},\"url\":\"https:\\\/\\\/wp.kristdemokraterna.se\\\/kalmarlan\\\/author\\\/kalmarlan\\\/\"}]}<\/script>\n<!-- \/ Yoast SEO plugin. -->","yoast_head_json":{"title":"EU-valet ett framg\u00e5ngsval f\u00f6r Kristdemokraterna! - i Kalmar l\u00e4n","robots":{"index":"index","follow":"follow","max-snippet":"max-snippet:-1","max-image-preview":"max-image-preview:large","max-video-preview":"max-video-preview:-1"},"canonical":"https:\/\/wp.kristdemokraterna.se\/kalmarlan\/eu-valet-ett-framgangsval-for-kristdemokraterna-2\/","og_locale":"sv_SE","og_type":"article","og_title":"EU-valet ett framg\u00e5ngsval f\u00f6r Kristdemokraterna! - i Kalmar l\u00e4n","og_description":"-Valet till Europaparlamentet \u00e4r en stor framg\u00e5ng f\u00f6r Kristdemokraterna, b\u00e5de nationellt och i Kalmar l\u00e4n. I riket \u00f6kade partiet fr\u00e5n 4,7 till 6,0 procent. \u00d6kningen i l\u00e4net \u00e4r n\u00e4stan lika stor, dessutom p\u00e5 en h\u00f6gre niv\u00e5, fr\u00e5n 6,2 till 7,4 procent. Det \u00e4r en god utg\u00e5ngspunkt f\u00f6r h\u00f6stens val. Det s\u00e4ger Gudrun Bruneg\u00e5rd, Kristdemokraternas kandidat Read More","og_url":"https:\/\/wp.kristdemokraterna.se\/kalmarlan\/eu-valet-ett-framgangsval-for-kristdemokraterna-2\/","og_site_name":"i Kalmar l\u00e4n","article_published_time":"2014-05-27T10:26:09+00:00","article_modified_time":"2014-05-27T10:26:46+00:00","og_image":[{"url":"http:\/\/wp.kristdemokraterna.se\/kalmarlan\/files\/2014\/05\/valvaka-jubel-300x225.jpg","type":"","width":"","height":""}],"author":"kalmarlan","twitter_card":"summary_large_image","twitter_misc":{"Skriven av":"kalmarlan","Ber\u00e4knad l\u00e4stid":"1 minut"},"schema":{"@context":"https:\/\/schema.org","@graph":[{"@type":"Article","@id":"https:\/\/wp.kristdemokraterna.se\/kalmarlan\/eu-valet-ett-framgangsval-for-kristdemokraterna-2\/#article","isPartOf":{"@id":"https:\/\/wp.kristdemokraterna.se\/kalmarlan\/eu-valet-ett-framgangsval-for-kristdemokraterna-2\/"},"author":{"name":"kalmarlan","@id":"https:\/\/wp.kristdemokraterna.se\/kalmarlan\/#\/schema\/person\/a1856739934bf9c6a11fb258646ea2a5"},"headline":"EU-valet ett framg\u00e5ngsval f\u00f6r Kristdemokraterna!","datePublished":"2014-05-27T10:26:09+00:00","dateModified":"2014-05-27T10:26:46+00:00","mainEntityOfPage":{"@id":"https:\/\/wp.kristdemokraterna.se\/kalmarlan\/eu-valet-ett-framgangsval-for-kristdemokraterna-2\/"},"wordCount":298,"image":{"@id":"https:\/\/wp.kristdemokraterna.se\/kalmarlan\/eu-valet-ett-framgangsval-for-kristdemokraterna-2\/#primaryimage"},"thumbnailUrl":"http:\/\/wp.kristdemokraterna.se\/kalmarlan\/files\/2014\/05\/valvaka-jubel-300x225.jpg","inLanguage":"sv-SE"},{"@type":"WebPage","@id":"https:\/\/wp.kristdemokraterna.se\/kalmarlan\/eu-valet-ett-framgangsval-for-kristdemokraterna-2\/","url":"https:\/\/wp.kristdemokraterna.se\/kalmarlan\/eu-valet-ett-framgangsval-for-kristdemokraterna-2\/","name":"EU-valet ett framg\u00e5ngsval f\u00f6r Kristdemokraterna! - i Kalmar l\u00e4n","isPartOf":{"@id":"https:\/\/wp.kristdemokraterna.se\/kalmarlan\/#website"},"primaryImageOfPage":{"@id":"https:\/\/wp.kristdemokraterna.se\/kalmarlan\/eu-valet-ett-framgangsval-for-kristdemokraterna-2\/#primaryimage"},"image":{"@id":"https:\/\/wp.kristdemokraterna.se\/kalmarlan\/eu-valet-ett-framgangsval-for-kristdemokraterna-2\/#primaryimage"},"thumbnailUrl":"http:\/\/wp.kristdemokraterna.se\/kalmarlan\/files\/2014\/05\/valvaka-jubel-300x225.jpg","datePublished":"2014-05-27T10:26:09+00:00","dateModified":"2014-05-27T10:26:46+00:00","author":{"@id":"https:\/\/wp.kristdemokraterna.se\/kalmarlan\/#\/schema\/person\/a1856739934bf9c6a11fb258646ea2a5"},"breadcrumb":{"@id":"https:\/\/wp.kristdemokraterna.se\/kalmarlan\/eu-valet-ett-framgangsval-for-kristdemokraterna-2\/#breadcrumb"},"inLanguage":"sv-SE","potentialAction":[{"@type":"ReadAction","target":["https:\/\/wp.kristdemokraterna.se\/kalmarlan\/eu-valet-ett-framgangsval-for-kristdemokraterna-2\/"]}]},{"@type":"ImageObject","inLanguage":"sv-SE","@id":"https:\/\/wp.kristdemokraterna.se\/kalmarlan\/eu-valet-ett-framgangsval-for-kristdemokraterna-2\/#primaryimage","url":"https:\/\/wp.kristdemokraterna.se\/kalmarlan\/files\/2014\/05\/valvaka-jubel.jpg","contentUrl":"https:\/\/wp.kristdemokraterna.se\/kalmarlan\/files\/2014\/05\/valvaka-jubel.jpg","width":960,"height":720,"caption":"Jubel \u00f6ver valresultatet"},{"@type":"BreadcrumbList","@id":"https:\/\/wp.kristdemokraterna.se\/kalmarlan\/eu-valet-ett-framgangsval-for-kristdemokraterna-2\/#breadcrumb","itemListElement":[{"@type":"ListItem","position":1,"name":"Hem","item":"https:\/\/wp.kristdemokraterna.se\/kalmarlan\/"},{"@type":"ListItem","position":2,"name":"EU-valet ett framg\u00e5ngsval f\u00f6r Kristdemokraterna!"}]},{"@type":"WebSite","@id":"https:\/\/wp.kristdemokraterna.se\/kalmarlan\/#website","url":"https:\/\/wp.kristdemokraterna.se\/kalmarlan\/","name":"i Kalmar l\u00e4n","description":"","inLanguage":"sv-SE"},{"@type":"Person","@id":"https:\/\/wp.kristdemokraterna.se\/kalmarlan\/#\/schema\/person\/a1856739934bf9c6a11fb258646ea2a5","name":"kalmarlan","image":{"@type":"ImageObject","inLanguage":"sv-SE","@id":"https:\/\/secure.gravatar.com\/avatar\/ef1f7dcd1b21be34f0f3e58a032955c2de43794b20090a23118cd0e2a8964e6e?s=96&r=g","url":"https:\/\/secure.gravatar.com\/avatar\/ef1f7dcd1b21be34f0f3e58a032955c2de43794b20090a23118cd0e2a8964e6e?s=96&r=g","contentUrl":"https:\/\/secure.gravatar.com\/avatar\/ef1f7dcd1b21be34f0f3e58a032955c2de43794b20090a23118cd0e2a8964e6e?s=96&r=g","caption":"kalmarlan"},"url":"https:\/\/wp.kristdemokraterna.se\/kalmarlan\/author\/kalmarlan\/"}]}},"_links":{"self":[{"href":"https:\/\/wp.kristdemokraterna.se\/kalmarlan\/wp-json\/wp\/v2\/posts\/418","targetHints":{"allow":["GET"]}}],"collection":[{"href":"https:\/\/wp.kristdemokraterna.se\/kalmarlan\/wp-json\/wp\/v2\/posts"}],"about":[{"href":"https:\/\/wp.kristdemokraterna.se\/kalmarlan\/wp-json\/wp\/v2\/types\/post"}],"author":[{"embeddable":true,"href":"https:\/\/wp.kristdemokraterna.se\/kalmarlan\/wp-json\/wp\/v2\/users\/417"}],"replies":[{"embeddable":true,"href":"https:\/\/wp.kristdemokraterna.se\/kalmarlan\/wp-json\/wp\/v2\/comments?post=418"}],"version-history":[{"count":4,"href":"https:\/\/wp.kristdemokraterna.se\/kalmarlan\/wp-json\/wp\/v2\/posts\/418\/revisions"}],"predecessor-version":[{"id":422,"href":"https:\/\/wp.kristdemokraterna.se\/kalmarlan\/wp-json\/wp\/v2\/posts\/418\/revisions\/422"}],"wp:attachment":[{"href":"https:\/\/wp.kristdemokraterna.se\/kalmarlan\/wp-json\/wp\/v2\/media?parent=418"}],"wp:term":[{"taxonomy":"category","embeddable":true,"href":"https:\/\/wp.kristdemokraterna.se\/kalmarlan\/wp-json\/wp\/v2\/categories?post=418"},{"taxonomy":"post_tag","embeddable":true,"href":"https:\/\/wp.kristdemokraterna.se\/kalmarlan\/wp-json\/wp\/v2\/tags?post=418"}],"curies":[{"name":"wp","href":"https:\/\/api.w.org\/{rel}","templated":true}]}}