{"id":426,"date":"2014-06-03T22:31:30","date_gmt":"2014-06-03T20:31:30","guid":{"rendered":"http:\/\/wp.kristdemokraterna.se\/kalmarlan\/?p=426"},"modified":"2014-06-03T22:31:30","modified_gmt":"2014-06-03T20:31:30","slug":"stoder-landstinget-svensk-djurvanlig-kottproduktion-som-minskar-risken-for-antibiotikaresistens","status":"publish","type":"post","link":"https:\/\/wp.kristdemokraterna.se\/kalmarlan\/stoder-landstinget-svensk-djurvanlig-kottproduktion-som-minskar-risken-for-antibiotikaresistens\/","title":{"rendered":"St\u00f6der landstinget svensk, djurv\u00e4nlig k\u00f6ttproduktion, som minskar risken f\u00f6r antibiotikaresistens?"},"content":{"rendered":"<p>Interpellation st\u00e4lld till<br \/>\nLandstingsstyrelsens ordf\u00f6rande Anders Henriksson vid landstingsfullm\u00e4ktige den 4 juni.<\/p>\n<p>WHO pekade f\u00f6r n\u00e5gra veckor sedan ut den \u00f6kade antibiotikaresistensen som ett av de st\u00f6rsta hoten mot den globala h\u00e4lsan. Vi \u00e4r, enligt WHO, p\u00e5 v\u00e4g mot en post-antibiotika-era, d\u00e4r vanliga sjukdomar som lunginflammation \u00e5ter kommer att vara fruktade sjukdomar som leder till d\u00f6den och kirurgi kommer att vara f\u00f6rknippat med allt h\u00f6gre risk f\u00f6r allvarliga infektioner.<br \/>\nDen vanligaste anledningen till att antibiotikaresistens uppst\u00e5r \u00e4r allt f\u00f6r frikostig, f\u00f6r att inte s\u00e4ga urskillningsl\u00f6s, anv\u00e4ndning av antibiotika. Mikroorganismerna utvecklar d\u00e5 skyddsmekanismer f\u00f6r att \u00f6verleva. D\u00e4rf\u00f6r finns i Sverige strikta indikationer f\u00f6r n\u00e4r man f\u00e5r anv\u00e4nda antibiotika, f\u00f6r att ha behandlingar att gripa till n\u00e4r det verkligen beh\u00f6vs. I m\u00e5nga andra l\u00e4nder \u00e4r tillg\u00e5ngen till antibiotika h\u00f6g.<br \/>\nEtt s\u00e5dant omr\u00e5de, d\u00e4r antibiotika anv\u00e4nds rutinm\u00e4ssigt, \u00e4r i djuruppf\u00f6dning, d\u00e4r man i exempelvis Danmark anv\u00e4nder antibiotika i f\u00f6rebyggande syfte, blandat med djurfoder. Resultatet blir dock att resistens utvecklas. P\u00e5 senare tid har man kunnat koppla fyra d\u00f6dsfall i Danmark till att personerna hade \u00e4tit k\u00f6tt med antibiotikaresistenta bakterier.<br \/>\nI Sverige \u00e4r kraven p\u00e5 djurh\u00e5llning strikta, b\u00e5de vad g\u00e4ller djurens yta, tillg\u00e5ng till halm och str\u00f6, utevistelse sommartid och strikt anv\u00e4ndning av antibiotika. Det g\u00f6r den svenska livsmedelsproduktionen dyrare \u00e4n i konkurrentl\u00e4nderna. I geng\u00e4ld h\u00e5ller svenskt k\u00f6tt oftast mycket god kvalitet, med n\u00e4rmast obefintliga rester av antibiotika och ingen antibiotikaresistens. Ett bekymmer \u00e4r dock att m\u00e5nga konsumenter, stora som sm\u00e5, rutinm\u00e4ssigt v\u00e4ljer det billigaste alternativet, utan att reflektera \u00f6ver vare sig djurskydd eller antibiotikaresistens. Det g\u00f6r att den svenska djuruppf\u00f6dningen har sv\u00e5rt att f\u00e5 l\u00f6nsamhet. Det f\u00f6rekommer ocks\u00e5 att djur f\u00f6ds i ett land, f\u00f6ds upp i ett annat och slaktas i ett tredje. F\u00f6rutom att s\u00e5dana transporter kan vara pl\u00e5gsamma f\u00f6r djuren, s\u00e5 minskar m\u00f6jligheten att kontrollera djurets uppf\u00f6dningsvillkor. Det k\u00f6tt som st\u00e4mplas som svenskt kan komma fr\u00e5n ett djur som \u00e4r uppf\u00f6tt i ett annat land.<br \/>\nLandstinget har i sin upphandling av livsmedel st\u00e4llt en rad krav p\u00e5 produktionen av det k\u00f6tt som k\u00f6ps in. Kraven \u00e5terspeglar senare \u00e5rs diskussioner kring djurskydd och antibiotikaanv\u00e4ndning.<br \/>\nJag vill nu, med anledning av den aktuella samh\u00e4llsdebatten, st\u00e4lla f\u00f6ljande fr\u00e5gor:<br \/>\n-G\u00f6r Landstinget i Kalmar l\u00e4n n\u00e5gon regelbunden kontroll och uppf\u00f6ljning av att levererat k\u00f6tt motsvarar de krav som st\u00e4llts i upphandlingen, vad g\u00e4ller antibiotikaanv\u00e4ndning, maximal transporttid f\u00f6re slakt, grisars r\u00f6relsefrihet och att k\u00f6ttet inte \u00e4r vacuumf\u00f6rpackat?<br \/>\n-Anser du att det finns anledning att ytterligare sk\u00e4rpa kraven inf\u00f6r kommande upphandling, exempelvis avseende ursprungsm\u00e4rkning, f\u00f6r att undanr\u00f6ja risken att ett djur forslats runt mellan l\u00e4nder med annan syn p\u00e5 antibiotikaanv\u00e4ndning tidigare under uppf\u00f6dningen?<\/p>\n<p>Kalmar den 22 maj 2014<\/p>\n<p>Gudrun Bruneg\u00e5rd<\/p>\n","protected":false},"excerpt":{"rendered":"<p>Interpellation st\u00e4lld till Landstingsstyrelsens ordf\u00f6rande Anders Henriksson vid landstingsfullm\u00e4ktige den 4 juni. WHO pekade f\u00f6r n\u00e5gra veckor sedan ut den \u00f6kade antibiotikaresistensen som ett av de st\u00f6rsta hoten mot den globala h\u00e4lsan. Vi \u00e4r, enligt WHO, p\u00e5 v\u00e4g mot en post-antibiotika-era, d\u00e4r vanliga sjukdomar som lunginflammation \u00e5ter kommer att vara fruktade sjukdomar som leder till <a class=\"read-more-link\" href=\"https:\/\/wp.kristdemokraterna.se\/kalmarlan\/stoder-landstinget-svensk-djurvanlig-kottproduktion-som-minskar-risken-for-antibiotikaresistens\/\">Read More<\/a><\/p>\n","protected":false},"author":417,"featured_media":0,"comment_status":"closed","ping_status":"closed","sticky":false,"template":"","format":"standard","meta":{"_acf_changed":false,"footnotes":""},"categories":[1],"tags":[],"class_list":["post-426","post","type-post","status-publish","format-standard","hentry","category-okategoriserade"],"acf":[],"yoast_head":"<!-- This site is optimized with the Yoast SEO plugin v27.4 - https:\/\/yoast.com\/product\/yoast-seo-wordpress\/ -->\n<title>St\u00f6der landstinget svensk, djurv\u00e4nlig k\u00f6ttproduktion, som minskar risken f\u00f6r antibiotikaresistens? - i Kalmar l\u00e4n<\/title>\n<meta name=\"robots\" content=\"index, follow, max-snippet:-1, max-image-preview:large, max-video-preview:-1\" \/>\n<link rel=\"canonical\" href=\"https:\/\/wp.kristdemokraterna.se\/kalmarlan\/stoder-landstinget-svensk-djurvanlig-kottproduktion-som-minskar-risken-for-antibiotikaresistens\/\" \/>\n<meta property=\"og:locale\" content=\"sv_SE\" \/>\n<meta property=\"og:type\" content=\"article\" \/>\n<meta property=\"og:title\" content=\"St\u00f6der landstinget svensk, djurv\u00e4nlig k\u00f6ttproduktion, som minskar risken f\u00f6r antibiotikaresistens? - i Kalmar l\u00e4n\" \/>\n<meta property=\"og:description\" content=\"Interpellation st\u00e4lld till Landstingsstyrelsens ordf\u00f6rande Anders Henriksson vid landstingsfullm\u00e4ktige den 4 juni. WHO pekade f\u00f6r n\u00e5gra veckor sedan ut den \u00f6kade antibiotikaresistensen som ett av de st\u00f6rsta hoten mot den globala h\u00e4lsan. Vi \u00e4r, enligt WHO, p\u00e5 v\u00e4g mot en post-antibiotika-era, d\u00e4r vanliga sjukdomar som lunginflammation \u00e5ter kommer att vara fruktade sjukdomar som leder till Read More\" \/>\n<meta property=\"og:url\" content=\"https:\/\/wp.kristdemokraterna.se\/kalmarlan\/stoder-landstinget-svensk-djurvanlig-kottproduktion-som-minskar-risken-for-antibiotikaresistens\/\" \/>\n<meta property=\"og:site_name\" content=\"i Kalmar l\u00e4n\" \/>\n<meta property=\"article:published_time\" content=\"2014-06-03T20:31:30+00:00\" \/>\n<meta name=\"author\" content=\"kalmarlan\" \/>\n<meta name=\"twitter:card\" content=\"summary_large_image\" \/>\n<meta name=\"twitter:label1\" content=\"Skriven av\" \/>\n\t<meta name=\"twitter:data1\" content=\"kalmarlan\" \/>\n\t<meta name=\"twitter:label2\" content=\"Ber\u00e4knad l\u00e4stid\" \/>\n\t<meta name=\"twitter:data2\" content=\"3 minuter\" \/>\n<script type=\"application\/ld+json\" class=\"yoast-schema-graph\">{\"@context\":\"https:\\\/\\\/schema.org\",\"@graph\":[{\"@type\":\"Article\",\"@id\":\"https:\\\/\\\/wp.kristdemokraterna.se\\\/kalmarlan\\\/stoder-landstinget-svensk-djurvanlig-kottproduktion-som-minskar-risken-for-antibiotikaresistens\\\/#article\",\"isPartOf\":{\"@id\":\"https:\\\/\\\/wp.kristdemokraterna.se\\\/kalmarlan\\\/stoder-landstinget-svensk-djurvanlig-kottproduktion-som-minskar-risken-for-antibiotikaresistens\\\/\"},\"author\":{\"name\":\"kalmarlan\",\"@id\":\"https:\\\/\\\/wp.kristdemokraterna.se\\\/kalmarlan\\\/#\\\/schema\\\/person\\\/a1856739934bf9c6a11fb258646ea2a5\"},\"headline\":\"St\u00f6der landstinget svensk, djurv\u00e4nlig k\u00f6ttproduktion, som minskar risken f\u00f6r antibiotikaresistens?\",\"datePublished\":\"2014-06-03T20:31:30+00:00\",\"mainEntityOfPage\":{\"@id\":\"https:\\\/\\\/wp.kristdemokraterna.se\\\/kalmarlan\\\/stoder-landstinget-svensk-djurvanlig-kottproduktion-som-minskar-risken-for-antibiotikaresistens\\\/\"},\"wordCount\":548,\"inLanguage\":\"sv-SE\"},{\"@type\":\"WebPage\",\"@id\":\"https:\\\/\\\/wp.kristdemokraterna.se\\\/kalmarlan\\\/stoder-landstinget-svensk-djurvanlig-kottproduktion-som-minskar-risken-for-antibiotikaresistens\\\/\",\"url\":\"https:\\\/\\\/wp.kristdemokraterna.se\\\/kalmarlan\\\/stoder-landstinget-svensk-djurvanlig-kottproduktion-som-minskar-risken-for-antibiotikaresistens\\\/\",\"name\":\"St\u00f6der landstinget svensk, djurv\u00e4nlig k\u00f6ttproduktion, som minskar risken f\u00f6r antibiotikaresistens? - i Kalmar l\u00e4n\",\"isPartOf\":{\"@id\":\"https:\\\/\\\/wp.kristdemokraterna.se\\\/kalmarlan\\\/#website\"},\"datePublished\":\"2014-06-03T20:31:30+00:00\",\"author\":{\"@id\":\"https:\\\/\\\/wp.kristdemokraterna.se\\\/kalmarlan\\\/#\\\/schema\\\/person\\\/a1856739934bf9c6a11fb258646ea2a5\"},\"breadcrumb\":{\"@id\":\"https:\\\/\\\/wp.kristdemokraterna.se\\\/kalmarlan\\\/stoder-landstinget-svensk-djurvanlig-kottproduktion-som-minskar-risken-for-antibiotikaresistens\\\/#breadcrumb\"},\"inLanguage\":\"sv-SE\",\"potentialAction\":[{\"@type\":\"ReadAction\",\"target\":[\"https:\\\/\\\/wp.kristdemokraterna.se\\\/kalmarlan\\\/stoder-landstinget-svensk-djurvanlig-kottproduktion-som-minskar-risken-for-antibiotikaresistens\\\/\"]}]},{\"@type\":\"BreadcrumbList\",\"@id\":\"https:\\\/\\\/wp.kristdemokraterna.se\\\/kalmarlan\\\/stoder-landstinget-svensk-djurvanlig-kottproduktion-som-minskar-risken-for-antibiotikaresistens\\\/#breadcrumb\",\"itemListElement\":[{\"@type\":\"ListItem\",\"position\":1,\"name\":\"Hem\",\"item\":\"https:\\\/\\\/wp.kristdemokraterna.se\\\/kalmarlan\\\/\"},{\"@type\":\"ListItem\",\"position\":2,\"name\":\"St\u00f6der landstinget svensk, djurv\u00e4nlig k\u00f6ttproduktion, som minskar risken f\u00f6r antibiotikaresistens?\"}]},{\"@type\":\"WebSite\",\"@id\":\"https:\\\/\\\/wp.kristdemokraterna.se\\\/kalmarlan\\\/#website\",\"url\":\"https:\\\/\\\/wp.kristdemokraterna.se\\\/kalmarlan\\\/\",\"name\":\"i Kalmar l\u00e4n\",\"description\":\"\",\"inLanguage\":\"sv-SE\"},{\"@type\":\"Person\",\"@id\":\"https:\\\/\\\/wp.kristdemokraterna.se\\\/kalmarlan\\\/#\\\/schema\\\/person\\\/a1856739934bf9c6a11fb258646ea2a5\",\"name\":\"kalmarlan\",\"image\":{\"@type\":\"ImageObject\",\"inLanguage\":\"sv-SE\",\"@id\":\"https:\\\/\\\/secure.gravatar.com\\\/avatar\\\/ef1f7dcd1b21be34f0f3e58a032955c2de43794b20090a23118cd0e2a8964e6e?s=96&r=g\",\"url\":\"https:\\\/\\\/secure.gravatar.com\\\/avatar\\\/ef1f7dcd1b21be34f0f3e58a032955c2de43794b20090a23118cd0e2a8964e6e?s=96&r=g\",\"contentUrl\":\"https:\\\/\\\/secure.gravatar.com\\\/avatar\\\/ef1f7dcd1b21be34f0f3e58a032955c2de43794b20090a23118cd0e2a8964e6e?s=96&r=g\",\"caption\":\"kalmarlan\"},\"url\":\"https:\\\/\\\/wp.kristdemokraterna.se\\\/kalmarlan\\\/author\\\/kalmarlan\\\/\"}]}<\/script>\n<!-- \/ Yoast SEO plugin. -->","yoast_head_json":{"title":"St\u00f6der landstinget svensk, djurv\u00e4nlig k\u00f6ttproduktion, som minskar risken f\u00f6r antibiotikaresistens? - i Kalmar l\u00e4n","robots":{"index":"index","follow":"follow","max-snippet":"max-snippet:-1","max-image-preview":"max-image-preview:large","max-video-preview":"max-video-preview:-1"},"canonical":"https:\/\/wp.kristdemokraterna.se\/kalmarlan\/stoder-landstinget-svensk-djurvanlig-kottproduktion-som-minskar-risken-for-antibiotikaresistens\/","og_locale":"sv_SE","og_type":"article","og_title":"St\u00f6der landstinget svensk, djurv\u00e4nlig k\u00f6ttproduktion, som minskar risken f\u00f6r antibiotikaresistens? - i Kalmar l\u00e4n","og_description":"Interpellation st\u00e4lld till Landstingsstyrelsens ordf\u00f6rande Anders Henriksson vid landstingsfullm\u00e4ktige den 4 juni. WHO pekade f\u00f6r n\u00e5gra veckor sedan ut den \u00f6kade antibiotikaresistensen som ett av de st\u00f6rsta hoten mot den globala h\u00e4lsan. Vi \u00e4r, enligt WHO, p\u00e5 v\u00e4g mot en post-antibiotika-era, d\u00e4r vanliga sjukdomar som lunginflammation \u00e5ter kommer att vara fruktade sjukdomar som leder till Read More","og_url":"https:\/\/wp.kristdemokraterna.se\/kalmarlan\/stoder-landstinget-svensk-djurvanlig-kottproduktion-som-minskar-risken-for-antibiotikaresistens\/","og_site_name":"i Kalmar l\u00e4n","article_published_time":"2014-06-03T20:31:30+00:00","author":"kalmarlan","twitter_card":"summary_large_image","twitter_misc":{"Skriven av":"kalmarlan","Ber\u00e4knad l\u00e4stid":"3 minuter"},"schema":{"@context":"https:\/\/schema.org","@graph":[{"@type":"Article","@id":"https:\/\/wp.kristdemokraterna.se\/kalmarlan\/stoder-landstinget-svensk-djurvanlig-kottproduktion-som-minskar-risken-for-antibiotikaresistens\/#article","isPartOf":{"@id":"https:\/\/wp.kristdemokraterna.se\/kalmarlan\/stoder-landstinget-svensk-djurvanlig-kottproduktion-som-minskar-risken-for-antibiotikaresistens\/"},"author":{"name":"kalmarlan","@id":"https:\/\/wp.kristdemokraterna.se\/kalmarlan\/#\/schema\/person\/a1856739934bf9c6a11fb258646ea2a5"},"headline":"St\u00f6der landstinget svensk, djurv\u00e4nlig k\u00f6ttproduktion, som minskar risken f\u00f6r antibiotikaresistens?","datePublished":"2014-06-03T20:31:30+00:00","mainEntityOfPage":{"@id":"https:\/\/wp.kristdemokraterna.se\/kalmarlan\/stoder-landstinget-svensk-djurvanlig-kottproduktion-som-minskar-risken-for-antibiotikaresistens\/"},"wordCount":548,"inLanguage":"sv-SE"},{"@type":"WebPage","@id":"https:\/\/wp.kristdemokraterna.se\/kalmarlan\/stoder-landstinget-svensk-djurvanlig-kottproduktion-som-minskar-risken-for-antibiotikaresistens\/","url":"https:\/\/wp.kristdemokraterna.se\/kalmarlan\/stoder-landstinget-svensk-djurvanlig-kottproduktion-som-minskar-risken-for-antibiotikaresistens\/","name":"St\u00f6der landstinget svensk, djurv\u00e4nlig k\u00f6ttproduktion, som minskar risken f\u00f6r antibiotikaresistens? - i Kalmar l\u00e4n","isPartOf":{"@id":"https:\/\/wp.kristdemokraterna.se\/kalmarlan\/#website"},"datePublished":"2014-06-03T20:31:30+00:00","author":{"@id":"https:\/\/wp.kristdemokraterna.se\/kalmarlan\/#\/schema\/person\/a1856739934bf9c6a11fb258646ea2a5"},"breadcrumb":{"@id":"https:\/\/wp.kristdemokraterna.se\/kalmarlan\/stoder-landstinget-svensk-djurvanlig-kottproduktion-som-minskar-risken-for-antibiotikaresistens\/#breadcrumb"},"inLanguage":"sv-SE","potentialAction":[{"@type":"ReadAction","target":["https:\/\/wp.kristdemokraterna.se\/kalmarlan\/stoder-landstinget-svensk-djurvanlig-kottproduktion-som-minskar-risken-for-antibiotikaresistens\/"]}]},{"@type":"BreadcrumbList","@id":"https:\/\/wp.kristdemokraterna.se\/kalmarlan\/stoder-landstinget-svensk-djurvanlig-kottproduktion-som-minskar-risken-for-antibiotikaresistens\/#breadcrumb","itemListElement":[{"@type":"ListItem","position":1,"name":"Hem","item":"https:\/\/wp.kristdemokraterna.se\/kalmarlan\/"},{"@type":"ListItem","position":2,"name":"St\u00f6der landstinget svensk, djurv\u00e4nlig k\u00f6ttproduktion, som minskar risken f\u00f6r antibiotikaresistens?"}]},{"@type":"WebSite","@id":"https:\/\/wp.kristdemokraterna.se\/kalmarlan\/#website","url":"https:\/\/wp.kristdemokraterna.se\/kalmarlan\/","name":"i Kalmar l\u00e4n","description":"","inLanguage":"sv-SE"},{"@type":"Person","@id":"https:\/\/wp.kristdemokraterna.se\/kalmarlan\/#\/schema\/person\/a1856739934bf9c6a11fb258646ea2a5","name":"kalmarlan","image":{"@type":"ImageObject","inLanguage":"sv-SE","@id":"https:\/\/secure.gravatar.com\/avatar\/ef1f7dcd1b21be34f0f3e58a032955c2de43794b20090a23118cd0e2a8964e6e?s=96&r=g","url":"https:\/\/secure.gravatar.com\/avatar\/ef1f7dcd1b21be34f0f3e58a032955c2de43794b20090a23118cd0e2a8964e6e?s=96&r=g","contentUrl":"https:\/\/secure.gravatar.com\/avatar\/ef1f7dcd1b21be34f0f3e58a032955c2de43794b20090a23118cd0e2a8964e6e?s=96&r=g","caption":"kalmarlan"},"url":"https:\/\/wp.kristdemokraterna.se\/kalmarlan\/author\/kalmarlan\/"}]}},"_links":{"self":[{"href":"https:\/\/wp.kristdemokraterna.se\/kalmarlan\/wp-json\/wp\/v2\/posts\/426","targetHints":{"allow":["GET"]}}],"collection":[{"href":"https:\/\/wp.kristdemokraterna.se\/kalmarlan\/wp-json\/wp\/v2\/posts"}],"about":[{"href":"https:\/\/wp.kristdemokraterna.se\/kalmarlan\/wp-json\/wp\/v2\/types\/post"}],"author":[{"embeddable":true,"href":"https:\/\/wp.kristdemokraterna.se\/kalmarlan\/wp-json\/wp\/v2\/users\/417"}],"replies":[{"embeddable":true,"href":"https:\/\/wp.kristdemokraterna.se\/kalmarlan\/wp-json\/wp\/v2\/comments?post=426"}],"version-history":[{"count":2,"href":"https:\/\/wp.kristdemokraterna.se\/kalmarlan\/wp-json\/wp\/v2\/posts\/426\/revisions"}],"predecessor-version":[{"id":428,"href":"https:\/\/wp.kristdemokraterna.se\/kalmarlan\/wp-json\/wp\/v2\/posts\/426\/revisions\/428"}],"wp:attachment":[{"href":"https:\/\/wp.kristdemokraterna.se\/kalmarlan\/wp-json\/wp\/v2\/media?parent=426"}],"wp:term":[{"taxonomy":"category","embeddable":true,"href":"https:\/\/wp.kristdemokraterna.se\/kalmarlan\/wp-json\/wp\/v2\/categories?post=426"},{"taxonomy":"post_tag","embeddable":true,"href":"https:\/\/wp.kristdemokraterna.se\/kalmarlan\/wp-json\/wp\/v2\/tags?post=426"}],"curies":[{"name":"wp","href":"https:\/\/api.w.org\/{rel}","templated":true}]}}