{"id":429,"date":"2014-06-03T22:34:37","date_gmt":"2014-06-03T20:34:37","guid":{"rendered":"http:\/\/wp.kristdemokraterna.se\/kalmarlan\/?p=429"},"modified":"2014-06-03T22:34:37","modified_gmt":"2014-06-03T20:34:37","slug":"trappklattrare","status":"publish","type":"post","link":"https:\/\/wp.kristdemokraterna.se\/kalmarlan\/trappklattrare\/","title":{"rendered":"Trappkl\u00e4ttrare"},"content":{"rendered":"<p>Landstingsfullm\u00e4ktige <\/p>\n<p>Fr\u00e5ga till Trafikstyrelsens ordf\u00f6rande Ulf Nilsson (S)<\/p>\n<p>N\u00e4r en person som har f\u00e4rdtj\u00e4nst ringer KLT och best\u00e4ller skjuts finns m\u00f6jligheten att f\u00e5 hj\u00e4lp ur sin bostad med hj\u00e4lp av en s\u00e5 kallad trappkl\u00e4ttrare. Detta g\u00e4ller bara i bostaden som en extra service fram till det att personen i fr\u00e5ga f\u00e5tt bostadsanpassning. Trappkl\u00e4ttraren kan d\u00e4remot inte anv\u00e4ndas i den bostad\/lokal som man \u00e5ker f\u00e4rdtj\u00e4nst till. D\u00e5 h\u00e4nvisar KLT till att det blir ett extra riskmoment f\u00f6r chauff\u00f6ren och att KLT jobbar med trafikfr\u00e5gor. Detta inneb\u00e4r dock en stor inskr\u00e4nkning i personens m\u00f6jlighet till social samvaro och r\u00e4tt till ett j\u00e4mlikt liv trots funktionsneds\u00e4ttning. Det har kommit till min k\u00e4nnedom att det finns en stor efterfr\u00e5gan p\u00e5 att t ex runt jul kunna \u00e5ka till sina barn och d\u00e5 f\u00e5 hj\u00e4lp av en mobil trappkl\u00e4ttrare f\u00f6r att kunna ta sig in i deras bostad.<\/p>\n<p>Min fr\u00e5ga \u00e4r:<br \/>\nFinns det m\u00f6jlighet att kunna erbjuda service fr\u00e5n KLT att som en till\u00e4ggstj\u00e4nst, som personen sj\u00e4lv betalar f\u00f6r, kunna f\u00e5 hj\u00e4lp av en mobil trappkl\u00e4ttrare \u00e4ven p\u00e5 bes\u00f6ksadressen som man \u00e5ker till?<\/p>\n<p>Vimmerby 2014 05 27<\/p>\n<p>Elisabeth Lago Nilsson<br \/>\nKristdemokraterna<\/p>\n","protected":false},"excerpt":{"rendered":"<p>Landstingsfullm\u00e4ktige Fr\u00e5ga till Trafikstyrelsens ordf\u00f6rande Ulf Nilsson (S) N\u00e4r en person som har f\u00e4rdtj\u00e4nst ringer KLT och best\u00e4ller skjuts finns m\u00f6jligheten att f\u00e5 hj\u00e4lp ur sin bostad med hj\u00e4lp av en s\u00e5 kallad trappkl\u00e4ttrare. Detta g\u00e4ller bara i bostaden som en extra service fram till det att personen i fr\u00e5ga f\u00e5tt bostadsanpassning. Trappkl\u00e4ttraren kan d\u00e4remot <a class=\"read-more-link\" href=\"https:\/\/wp.kristdemokraterna.se\/kalmarlan\/trappklattrare\/\">Read More<\/a><\/p>\n","protected":false},"author":417,"featured_media":0,"comment_status":"closed","ping_status":"closed","sticky":false,"template":"","format":"standard","meta":{"_acf_changed":false,"footnotes":""},"categories":[1],"tags":[],"class_list":["post-429","post","type-post","status-publish","format-standard","hentry","category-okategoriserade"],"acf":[],"yoast_head":"<!-- This site is optimized with the Yoast SEO plugin v27.4 - https:\/\/yoast.com\/product\/yoast-seo-wordpress\/ -->\n<title>Trappkl\u00e4ttrare - i Kalmar l\u00e4n<\/title>\n<meta name=\"robots\" content=\"index, follow, max-snippet:-1, max-image-preview:large, max-video-preview:-1\" \/>\n<link rel=\"canonical\" href=\"https:\/\/wp.kristdemokraterna.se\/kalmarlan\/trappklattrare\/\" \/>\n<meta property=\"og:locale\" content=\"sv_SE\" \/>\n<meta property=\"og:type\" content=\"article\" \/>\n<meta property=\"og:title\" content=\"Trappkl\u00e4ttrare - i Kalmar l\u00e4n\" \/>\n<meta property=\"og:description\" content=\"Landstingsfullm\u00e4ktige Fr\u00e5ga till Trafikstyrelsens ordf\u00f6rande Ulf Nilsson (S) N\u00e4r en person som har f\u00e4rdtj\u00e4nst ringer KLT och best\u00e4ller skjuts finns m\u00f6jligheten att f\u00e5 hj\u00e4lp ur sin bostad med hj\u00e4lp av en s\u00e5 kallad trappkl\u00e4ttrare. Detta g\u00e4ller bara i bostaden som en extra service fram till det att personen i fr\u00e5ga f\u00e5tt bostadsanpassning. Trappkl\u00e4ttraren kan d\u00e4remot Read More\" \/>\n<meta property=\"og:url\" content=\"https:\/\/wp.kristdemokraterna.se\/kalmarlan\/trappklattrare\/\" \/>\n<meta property=\"og:site_name\" content=\"i Kalmar l\u00e4n\" \/>\n<meta property=\"article:published_time\" content=\"2014-06-03T20:34:37+00:00\" \/>\n<meta name=\"author\" content=\"kalmarlan\" \/>\n<meta name=\"twitter:card\" content=\"summary_large_image\" \/>\n<meta name=\"twitter:label1\" content=\"Skriven av\" \/>\n\t<meta name=\"twitter:data1\" content=\"kalmarlan\" \/>\n\t<meta name=\"twitter:label2\" content=\"Ber\u00e4knad l\u00e4stid\" \/>\n\t<meta name=\"twitter:data2\" content=\"1 minut\" \/>\n<script type=\"application\/ld+json\" class=\"yoast-schema-graph\">{\"@context\":\"https:\\\/\\\/schema.org\",\"@graph\":[{\"@type\":\"Article\",\"@id\":\"https:\\\/\\\/wp.kristdemokraterna.se\\\/kalmarlan\\\/trappklattrare\\\/#article\",\"isPartOf\":{\"@id\":\"https:\\\/\\\/wp.kristdemokraterna.se\\\/kalmarlan\\\/trappklattrare\\\/\"},\"author\":{\"name\":\"kalmarlan\",\"@id\":\"https:\\\/\\\/wp.kristdemokraterna.se\\\/kalmarlan\\\/#\\\/schema\\\/person\\\/a1856739934bf9c6a11fb258646ea2a5\"},\"headline\":\"Trappkl\u00e4ttrare\",\"datePublished\":\"2014-06-03T20:34:37+00:00\",\"mainEntityOfPage\":{\"@id\":\"https:\\\/\\\/wp.kristdemokraterna.se\\\/kalmarlan\\\/trappklattrare\\\/\"},\"wordCount\":230,\"inLanguage\":\"sv-SE\"},{\"@type\":\"WebPage\",\"@id\":\"https:\\\/\\\/wp.kristdemokraterna.se\\\/kalmarlan\\\/trappklattrare\\\/\",\"url\":\"https:\\\/\\\/wp.kristdemokraterna.se\\\/kalmarlan\\\/trappklattrare\\\/\",\"name\":\"Trappkl\u00e4ttrare - i Kalmar l\u00e4n\",\"isPartOf\":{\"@id\":\"https:\\\/\\\/wp.kristdemokraterna.se\\\/kalmarlan\\\/#website\"},\"datePublished\":\"2014-06-03T20:34:37+00:00\",\"author\":{\"@id\":\"https:\\\/\\\/wp.kristdemokraterna.se\\\/kalmarlan\\\/#\\\/schema\\\/person\\\/a1856739934bf9c6a11fb258646ea2a5\"},\"breadcrumb\":{\"@id\":\"https:\\\/\\\/wp.kristdemokraterna.se\\\/kalmarlan\\\/trappklattrare\\\/#breadcrumb\"},\"inLanguage\":\"sv-SE\",\"potentialAction\":[{\"@type\":\"ReadAction\",\"target\":[\"https:\\\/\\\/wp.kristdemokraterna.se\\\/kalmarlan\\\/trappklattrare\\\/\"]}]},{\"@type\":\"BreadcrumbList\",\"@id\":\"https:\\\/\\\/wp.kristdemokraterna.se\\\/kalmarlan\\\/trappklattrare\\\/#breadcrumb\",\"itemListElement\":[{\"@type\":\"ListItem\",\"position\":1,\"name\":\"Hem\",\"item\":\"https:\\\/\\\/wp.kristdemokraterna.se\\\/kalmarlan\\\/\"},{\"@type\":\"ListItem\",\"position\":2,\"name\":\"Trappkl\u00e4ttrare\"}]},{\"@type\":\"WebSite\",\"@id\":\"https:\\\/\\\/wp.kristdemokraterna.se\\\/kalmarlan\\\/#website\",\"url\":\"https:\\\/\\\/wp.kristdemokraterna.se\\\/kalmarlan\\\/\",\"name\":\"i Kalmar l\u00e4n\",\"description\":\"\",\"inLanguage\":\"sv-SE\"},{\"@type\":\"Person\",\"@id\":\"https:\\\/\\\/wp.kristdemokraterna.se\\\/kalmarlan\\\/#\\\/schema\\\/person\\\/a1856739934bf9c6a11fb258646ea2a5\",\"name\":\"kalmarlan\",\"image\":{\"@type\":\"ImageObject\",\"inLanguage\":\"sv-SE\",\"@id\":\"https:\\\/\\\/secure.gravatar.com\\\/avatar\\\/ef1f7dcd1b21be34f0f3e58a032955c2de43794b20090a23118cd0e2a8964e6e?s=96&r=g\",\"url\":\"https:\\\/\\\/secure.gravatar.com\\\/avatar\\\/ef1f7dcd1b21be34f0f3e58a032955c2de43794b20090a23118cd0e2a8964e6e?s=96&r=g\",\"contentUrl\":\"https:\\\/\\\/secure.gravatar.com\\\/avatar\\\/ef1f7dcd1b21be34f0f3e58a032955c2de43794b20090a23118cd0e2a8964e6e?s=96&r=g\",\"caption\":\"kalmarlan\"},\"url\":\"https:\\\/\\\/wp.kristdemokraterna.se\\\/kalmarlan\\\/author\\\/kalmarlan\\\/\"}]}<\/script>\n<!-- \/ Yoast SEO plugin. -->","yoast_head_json":{"title":"Trappkl\u00e4ttrare - i Kalmar l\u00e4n","robots":{"index":"index","follow":"follow","max-snippet":"max-snippet:-1","max-image-preview":"max-image-preview:large","max-video-preview":"max-video-preview:-1"},"canonical":"https:\/\/wp.kristdemokraterna.se\/kalmarlan\/trappklattrare\/","og_locale":"sv_SE","og_type":"article","og_title":"Trappkl\u00e4ttrare - i Kalmar l\u00e4n","og_description":"Landstingsfullm\u00e4ktige Fr\u00e5ga till Trafikstyrelsens ordf\u00f6rande Ulf Nilsson (S) N\u00e4r en person som har f\u00e4rdtj\u00e4nst ringer KLT och best\u00e4ller skjuts finns m\u00f6jligheten att f\u00e5 hj\u00e4lp ur sin bostad med hj\u00e4lp av en s\u00e5 kallad trappkl\u00e4ttrare. Detta g\u00e4ller bara i bostaden som en extra service fram till det att personen i fr\u00e5ga f\u00e5tt bostadsanpassning. Trappkl\u00e4ttraren kan d\u00e4remot Read More","og_url":"https:\/\/wp.kristdemokraterna.se\/kalmarlan\/trappklattrare\/","og_site_name":"i Kalmar l\u00e4n","article_published_time":"2014-06-03T20:34:37+00:00","author":"kalmarlan","twitter_card":"summary_large_image","twitter_misc":{"Skriven av":"kalmarlan","Ber\u00e4knad l\u00e4stid":"1 minut"},"schema":{"@context":"https:\/\/schema.org","@graph":[{"@type":"Article","@id":"https:\/\/wp.kristdemokraterna.se\/kalmarlan\/trappklattrare\/#article","isPartOf":{"@id":"https:\/\/wp.kristdemokraterna.se\/kalmarlan\/trappklattrare\/"},"author":{"name":"kalmarlan","@id":"https:\/\/wp.kristdemokraterna.se\/kalmarlan\/#\/schema\/person\/a1856739934bf9c6a11fb258646ea2a5"},"headline":"Trappkl\u00e4ttrare","datePublished":"2014-06-03T20:34:37+00:00","mainEntityOfPage":{"@id":"https:\/\/wp.kristdemokraterna.se\/kalmarlan\/trappklattrare\/"},"wordCount":230,"inLanguage":"sv-SE"},{"@type":"WebPage","@id":"https:\/\/wp.kristdemokraterna.se\/kalmarlan\/trappklattrare\/","url":"https:\/\/wp.kristdemokraterna.se\/kalmarlan\/trappklattrare\/","name":"Trappkl\u00e4ttrare - i Kalmar l\u00e4n","isPartOf":{"@id":"https:\/\/wp.kristdemokraterna.se\/kalmarlan\/#website"},"datePublished":"2014-06-03T20:34:37+00:00","author":{"@id":"https:\/\/wp.kristdemokraterna.se\/kalmarlan\/#\/schema\/person\/a1856739934bf9c6a11fb258646ea2a5"},"breadcrumb":{"@id":"https:\/\/wp.kristdemokraterna.se\/kalmarlan\/trappklattrare\/#breadcrumb"},"inLanguage":"sv-SE","potentialAction":[{"@type":"ReadAction","target":["https:\/\/wp.kristdemokraterna.se\/kalmarlan\/trappklattrare\/"]}]},{"@type":"BreadcrumbList","@id":"https:\/\/wp.kristdemokraterna.se\/kalmarlan\/trappklattrare\/#breadcrumb","itemListElement":[{"@type":"ListItem","position":1,"name":"Hem","item":"https:\/\/wp.kristdemokraterna.se\/kalmarlan\/"},{"@type":"ListItem","position":2,"name":"Trappkl\u00e4ttrare"}]},{"@type":"WebSite","@id":"https:\/\/wp.kristdemokraterna.se\/kalmarlan\/#website","url":"https:\/\/wp.kristdemokraterna.se\/kalmarlan\/","name":"i Kalmar l\u00e4n","description":"","inLanguage":"sv-SE"},{"@type":"Person","@id":"https:\/\/wp.kristdemokraterna.se\/kalmarlan\/#\/schema\/person\/a1856739934bf9c6a11fb258646ea2a5","name":"kalmarlan","image":{"@type":"ImageObject","inLanguage":"sv-SE","@id":"https:\/\/secure.gravatar.com\/avatar\/ef1f7dcd1b21be34f0f3e58a032955c2de43794b20090a23118cd0e2a8964e6e?s=96&r=g","url":"https:\/\/secure.gravatar.com\/avatar\/ef1f7dcd1b21be34f0f3e58a032955c2de43794b20090a23118cd0e2a8964e6e?s=96&r=g","contentUrl":"https:\/\/secure.gravatar.com\/avatar\/ef1f7dcd1b21be34f0f3e58a032955c2de43794b20090a23118cd0e2a8964e6e?s=96&r=g","caption":"kalmarlan"},"url":"https:\/\/wp.kristdemokraterna.se\/kalmarlan\/author\/kalmarlan\/"}]}},"_links":{"self":[{"href":"https:\/\/wp.kristdemokraterna.se\/kalmarlan\/wp-json\/wp\/v2\/posts\/429","targetHints":{"allow":["GET"]}}],"collection":[{"href":"https:\/\/wp.kristdemokraterna.se\/kalmarlan\/wp-json\/wp\/v2\/posts"}],"about":[{"href":"https:\/\/wp.kristdemokraterna.se\/kalmarlan\/wp-json\/wp\/v2\/types\/post"}],"author":[{"embeddable":true,"href":"https:\/\/wp.kristdemokraterna.se\/kalmarlan\/wp-json\/wp\/v2\/users\/417"}],"replies":[{"embeddable":true,"href":"https:\/\/wp.kristdemokraterna.se\/kalmarlan\/wp-json\/wp\/v2\/comments?post=429"}],"version-history":[{"count":2,"href":"https:\/\/wp.kristdemokraterna.se\/kalmarlan\/wp-json\/wp\/v2\/posts\/429\/revisions"}],"predecessor-version":[{"id":431,"href":"https:\/\/wp.kristdemokraterna.se\/kalmarlan\/wp-json\/wp\/v2\/posts\/429\/revisions\/431"}],"wp:attachment":[{"href":"https:\/\/wp.kristdemokraterna.se\/kalmarlan\/wp-json\/wp\/v2\/media?parent=429"}],"wp:term":[{"taxonomy":"category","embeddable":true,"href":"https:\/\/wp.kristdemokraterna.se\/kalmarlan\/wp-json\/wp\/v2\/categories?post=429"},{"taxonomy":"post_tag","embeddable":true,"href":"https:\/\/wp.kristdemokraterna.se\/kalmarlan\/wp-json\/wp\/v2\/tags?post=429"}],"curies":[{"name":"wp","href":"https:\/\/api.w.org\/{rel}","templated":true}]}}