{"id":43,"date":"2013-02-28T17:51:21","date_gmt":"2013-02-28T16:51:21","guid":{"rendered":"http:\/\/wp.kristdemokraterna.se\/kalmarlan\/?p=43"},"modified":"2013-09-13T20:23:58","modified_gmt":"2013-09-13T18:23:58","slug":"aldresjukskoterska-hojer-kvaliteten-i-varden","status":"publish","type":"post","link":"https:\/\/wp.kristdemokraterna.se\/kalmarlan\/aldresjukskoterska-hojer-kvaliteten-i-varden\/","title":{"rendered":"\u00c4ldresjuksk\u00f6terska h\u00f6jer kvaliteten i v\u00e5rden"},"content":{"rendered":"<blockquote><p>Pressmeddelande 2013-02-28<\/p><\/blockquote>\n<p>&#8211; De allra flesta av prim\u00e4rv\u00e5rdens patienter \u00e4r \u00e4ldre. Likas\u00e5 de som har behov av sjukv\u00e5rd inom slutenv\u00e5rdens specialiteter. \u00c4ldresjuksk\u00f6terskor i sjukv\u00e5rden skulle h\u00f6ja kvaliteten i sjukv\u00e5rden och avlasta l\u00e4kare vissa arbetsuppgifter. Jag beklagar att majoriteten inte vill ta steget och peka ut f\u00e4rdriktningen, genom att inr\u00e4tta \u00e4ldresjuksk\u00f6terskor i landstinget.<\/p>\n<p>Det s\u00e4ger Gudrun Bruneg\u00e5rd, landstingsr\u00e5d f\u00f6r Kristdemokraterna, med anledning av landstingsfullm\u00e4ktiges behandling av kristdemokraternas motion.<!--more-->H\u00e4rom veckan bes\u00f6kte socialminister G\u00f6ran H\u00e4gglund (KD) Kalmar, f\u00f6r att tillsammans med regeringens \u00e4ldresamordnare och representanter f\u00f6r Sveriges Kommuner och Landsting h\u00f6ra hur vi i l\u00e4net arbetar f\u00f6r att f\u00f6rb\u00e4ttra v\u00e5rden av de mest sjuka \u00e4ldre. Landstingsledningen valde d\u00e5 att lyfta fram \u00e4ldresjuksk\u00f6terskan vid Nybro och Emmaboda H\u00e4lsocentraler som ett gott exempel. Hon samordnar v\u00e5rden kring \u00e4ldre p\u00e5 ett s\u00e4tt som minskar patienters och anh\u00f6rigas oro, underl\u00e4ttar f\u00f6r ansvarig l\u00e4kare och f\u00f6rb\u00e4ttrar samverkan med den kommunala \u00e4ldreomsorgen. Vi kristdemokrater har h\u00f6rt mycket gott om detta och vill vidareutveckla modellen och inf\u00f6ra den i hela l\u00e4net.<\/p>\n<p>Vi menar att alla h\u00e4lsocentraler borde ha sjuksk\u00f6terska med s\u00e4rskild \u00e4ldrekompetens och ansvar att samordna v\u00e5rden kring de mest sjuka \u00e4ldre. Det kommer jag att kr\u00e4va, n\u00e4r landstingsfullm\u00e4ktige samlas denna vecka och ska behandla v\u00e5r motion om \u00e4ldresjuksk\u00f6terska. Landstingsmajoriteten vill inte ge n\u00e5got s\u00e5dant uppdrag till h\u00e4lsocentralerna. D\u00e4rigenom blir v\u00e5rden av de \u00e4ldre oj\u00e4mnt f\u00f6rdelad i l\u00e4net och beroende av den enskilda h\u00e4lsocentralens prioritering.<\/p>\n<p>N\u00e4r det blir dags att uppdatera reglerna f\u00f6r H\u00e4lsoval Kalmar vill vi l\u00e4gga in fr\u00e5gan om \u00e4ldrekompetens generellt. I v\u00e4ntan p\u00e5 det ser vi inga hinder att uppmuntra landstingets egna h\u00e4lsocentraler att fortbilda sin personal till en f\u00f6rdjupad kompetens inom omr\u00e5det.<\/p>\n<p>Det finns redan p\u00e5 flera h\u00e5ll i landet, t ex Region Sk\u00e5ne, V\u00e4stra G\u00f6taland, med mycket goda erfarenheter.<\/p>\n<p>I ett brev fr\u00e5n Socialstyrelsen har motionen uppm\u00e4rksammats. Handl\u00e4ggaren skriver att han tycker som vi \u201datt det skulle vara bra om man fick mer av geriatrik p\u00e5 h\u00e4lsocentralerna\u201d \u2026 och f\u00f6r att f\u00f6rb\u00e4ttra kontinuiteten i v\u00e5rden. Man pekar p\u00e5 att man\u201d i V\u00e4stra G\u00f6taland kunna se att mycket l\u00e4karresurser skulle kunna anv\u00e4ndas effektivare om man inf\u00f6rde \u00e4ldresjuksk\u00f6terskor som kan ta \u00f6ver mycket av uppf\u00f6ljning och kontakter med \u00e4ldre patienter med psykisk oh\u00e4lsa\u201d. Med tanke p\u00e5 att flertalet \u00e4ldre som \u00e4r sv\u00e5rt sjuka b\u00e5de har somatisk sjukdom och psykisk sjukdom b\u00e5de \u00e4ldresjuksk\u00f6terskor vara idealiskt.<\/p>\n<p>Men majoriteten vill inte ta detta viktiga steg och peka ut f\u00e4rdriktningen, utan v\u00e4ljer en modell d\u00e4r det \u00e4r upp till varje enskild h\u00e4lsocentral att avg\u00f6ra om man vill ha en \u00e4ldresjuksk\u00f6terska. P\u00e5 s\u00e5 vis bygger majoriteten in en oj\u00e4mlikhet i l\u00e4net. Det beklagar jag, avslutar Gudrun Bruneg\u00e5rd.<\/p>\n<p><strong>Mer info:<\/strong><br \/>\nGudrun Bruneg\u00e5rd<br \/>\nLandstingsr\u00e5d (KD)<br \/>\n0480-848 26 (arb)<br \/>\n070-581 52 78 (mob)<\/p>\n","protected":false},"excerpt":{"rendered":"<p>Pressmeddelande 2013-02-28 &#8211; De allra flesta av prim\u00e4rv\u00e5rdens patienter \u00e4r \u00e4ldre. Likas\u00e5 de som har behov av sjukv\u00e5rd inom slutenv\u00e5rdens specialiteter. \u00c4ldresjuksk\u00f6terskor i sjukv\u00e5rden skulle h\u00f6ja kvaliteten i sjukv\u00e5rden och avlasta l\u00e4kare vissa arbetsuppgifter. Jag beklagar att majoriteten inte vill ta steget och peka ut f\u00e4rdriktningen, genom att inr\u00e4tta \u00e4ldresjuksk\u00f6terskor i landstinget. Det s\u00e4ger Gudrun <a class=\"read-more-link\" href=\"https:\/\/wp.kristdemokraterna.se\/kalmarlan\/aldresjukskoterska-hojer-kvaliteten-i-varden\/\">Read More<\/a><\/p>\n","protected":false},"author":417,"featured_media":0,"comment_status":"open","ping_status":"open","sticky":false,"template":"","format":"standard","meta":{"_acf_changed":false,"footnotes":""},"categories":[1],"tags":[],"class_list":["post-43","post","type-post","status-publish","format-standard","hentry","category-okategoriserade"],"acf":[],"yoast_head":"<!-- This site is optimized with the Yoast SEO plugin v27.4 - https:\/\/yoast.com\/product\/yoast-seo-wordpress\/ -->\n<title>\u00c4ldresjuksk\u00f6terska h\u00f6jer kvaliteten i v\u00e5rden - i Kalmar l\u00e4n<\/title>\n<meta name=\"robots\" content=\"index, follow, max-snippet:-1, max-image-preview:large, max-video-preview:-1\" \/>\n<link rel=\"canonical\" href=\"https:\/\/wp.kristdemokraterna.se\/kalmarlan\/aldresjukskoterska-hojer-kvaliteten-i-varden\/\" \/>\n<meta property=\"og:locale\" content=\"sv_SE\" \/>\n<meta property=\"og:type\" content=\"article\" \/>\n<meta property=\"og:title\" content=\"\u00c4ldresjuksk\u00f6terska h\u00f6jer kvaliteten i v\u00e5rden - i Kalmar l\u00e4n\" \/>\n<meta property=\"og:description\" content=\"Pressmeddelande 2013-02-28 &#8211; De allra flesta av prim\u00e4rv\u00e5rdens patienter \u00e4r \u00e4ldre. Likas\u00e5 de som har behov av sjukv\u00e5rd inom slutenv\u00e5rdens specialiteter. \u00c4ldresjuksk\u00f6terskor i sjukv\u00e5rden skulle h\u00f6ja kvaliteten i sjukv\u00e5rden och avlasta l\u00e4kare vissa arbetsuppgifter. Jag beklagar att majoriteten inte vill ta steget och peka ut f\u00e4rdriktningen, genom att inr\u00e4tta \u00e4ldresjuksk\u00f6terskor i landstinget. Det s\u00e4ger Gudrun Read More\" \/>\n<meta property=\"og:url\" content=\"https:\/\/wp.kristdemokraterna.se\/kalmarlan\/aldresjukskoterska-hojer-kvaliteten-i-varden\/\" \/>\n<meta property=\"og:site_name\" content=\"i Kalmar l\u00e4n\" \/>\n<meta property=\"article:published_time\" content=\"2013-02-28T16:51:21+00:00\" \/>\n<meta property=\"article:modified_time\" content=\"2013-09-13T18:23:58+00:00\" \/>\n<meta name=\"author\" content=\"kalmarlan\" \/>\n<meta name=\"twitter:card\" content=\"summary_large_image\" \/>\n<meta name=\"twitter:label1\" content=\"Skriven av\" \/>\n\t<meta name=\"twitter:data1\" content=\"kalmarlan\" \/>\n\t<meta name=\"twitter:label2\" content=\"Ber\u00e4knad l\u00e4stid\" \/>\n\t<meta name=\"twitter:data2\" content=\"3 minuter\" \/>\n<script type=\"application\/ld+json\" class=\"yoast-schema-graph\">{\"@context\":\"https:\\\/\\\/schema.org\",\"@graph\":[{\"@type\":\"Article\",\"@id\":\"https:\\\/\\\/wp.kristdemokraterna.se\\\/kalmarlan\\\/aldresjukskoterska-hojer-kvaliteten-i-varden\\\/#article\",\"isPartOf\":{\"@id\":\"https:\\\/\\\/wp.kristdemokraterna.se\\\/kalmarlan\\\/aldresjukskoterska-hojer-kvaliteten-i-varden\\\/\"},\"author\":{\"name\":\"kalmarlan\",\"@id\":\"https:\\\/\\\/wp.kristdemokraterna.se\\\/kalmarlan\\\/#\\\/schema\\\/person\\\/a1856739934bf9c6a11fb258646ea2a5\"},\"headline\":\"\u00c4ldresjuksk\u00f6terska h\u00f6jer kvaliteten i v\u00e5rden\",\"datePublished\":\"2013-02-28T16:51:21+00:00\",\"dateModified\":\"2013-09-13T18:23:58+00:00\",\"mainEntityOfPage\":{\"@id\":\"https:\\\/\\\/wp.kristdemokraterna.se\\\/kalmarlan\\\/aldresjukskoterska-hojer-kvaliteten-i-varden\\\/\"},\"wordCount\":548,\"commentCount\":0,\"inLanguage\":\"sv-SE\"},{\"@type\":\"WebPage\",\"@id\":\"https:\\\/\\\/wp.kristdemokraterna.se\\\/kalmarlan\\\/aldresjukskoterska-hojer-kvaliteten-i-varden\\\/\",\"url\":\"https:\\\/\\\/wp.kristdemokraterna.se\\\/kalmarlan\\\/aldresjukskoterska-hojer-kvaliteten-i-varden\\\/\",\"name\":\"\u00c4ldresjuksk\u00f6terska h\u00f6jer kvaliteten i v\u00e5rden - i Kalmar l\u00e4n\",\"isPartOf\":{\"@id\":\"https:\\\/\\\/wp.kristdemokraterna.se\\\/kalmarlan\\\/#website\"},\"datePublished\":\"2013-02-28T16:51:21+00:00\",\"dateModified\":\"2013-09-13T18:23:58+00:00\",\"author\":{\"@id\":\"https:\\\/\\\/wp.kristdemokraterna.se\\\/kalmarlan\\\/#\\\/schema\\\/person\\\/a1856739934bf9c6a11fb258646ea2a5\"},\"breadcrumb\":{\"@id\":\"https:\\\/\\\/wp.kristdemokraterna.se\\\/kalmarlan\\\/aldresjukskoterska-hojer-kvaliteten-i-varden\\\/#breadcrumb\"},\"inLanguage\":\"sv-SE\",\"potentialAction\":[{\"@type\":\"ReadAction\",\"target\":[\"https:\\\/\\\/wp.kristdemokraterna.se\\\/kalmarlan\\\/aldresjukskoterska-hojer-kvaliteten-i-varden\\\/\"]}]},{\"@type\":\"BreadcrumbList\",\"@id\":\"https:\\\/\\\/wp.kristdemokraterna.se\\\/kalmarlan\\\/aldresjukskoterska-hojer-kvaliteten-i-varden\\\/#breadcrumb\",\"itemListElement\":[{\"@type\":\"ListItem\",\"position\":1,\"name\":\"Hem\",\"item\":\"https:\\\/\\\/wp.kristdemokraterna.se\\\/kalmarlan\\\/\"},{\"@type\":\"ListItem\",\"position\":2,\"name\":\"\u00c4ldresjuksk\u00f6terska h\u00f6jer kvaliteten i v\u00e5rden\"}]},{\"@type\":\"WebSite\",\"@id\":\"https:\\\/\\\/wp.kristdemokraterna.se\\\/kalmarlan\\\/#website\",\"url\":\"https:\\\/\\\/wp.kristdemokraterna.se\\\/kalmarlan\\\/\",\"name\":\"i Kalmar l\u00e4n\",\"description\":\"\",\"inLanguage\":\"sv-SE\"},{\"@type\":\"Person\",\"@id\":\"https:\\\/\\\/wp.kristdemokraterna.se\\\/kalmarlan\\\/#\\\/schema\\\/person\\\/a1856739934bf9c6a11fb258646ea2a5\",\"name\":\"kalmarlan\",\"image\":{\"@type\":\"ImageObject\",\"inLanguage\":\"sv-SE\",\"@id\":\"https:\\\/\\\/secure.gravatar.com\\\/avatar\\\/ef1f7dcd1b21be34f0f3e58a032955c2de43794b20090a23118cd0e2a8964e6e?s=96&r=g\",\"url\":\"https:\\\/\\\/secure.gravatar.com\\\/avatar\\\/ef1f7dcd1b21be34f0f3e58a032955c2de43794b20090a23118cd0e2a8964e6e?s=96&r=g\",\"contentUrl\":\"https:\\\/\\\/secure.gravatar.com\\\/avatar\\\/ef1f7dcd1b21be34f0f3e58a032955c2de43794b20090a23118cd0e2a8964e6e?s=96&r=g\",\"caption\":\"kalmarlan\"},\"url\":\"https:\\\/\\\/wp.kristdemokraterna.se\\\/kalmarlan\\\/author\\\/kalmarlan\\\/\"}]}<\/script>\n<!-- \/ Yoast SEO plugin. -->","yoast_head_json":{"title":"\u00c4ldresjuksk\u00f6terska h\u00f6jer kvaliteten i v\u00e5rden - i Kalmar l\u00e4n","robots":{"index":"index","follow":"follow","max-snippet":"max-snippet:-1","max-image-preview":"max-image-preview:large","max-video-preview":"max-video-preview:-1"},"canonical":"https:\/\/wp.kristdemokraterna.se\/kalmarlan\/aldresjukskoterska-hojer-kvaliteten-i-varden\/","og_locale":"sv_SE","og_type":"article","og_title":"\u00c4ldresjuksk\u00f6terska h\u00f6jer kvaliteten i v\u00e5rden - i Kalmar l\u00e4n","og_description":"Pressmeddelande 2013-02-28 &#8211; De allra flesta av prim\u00e4rv\u00e5rdens patienter \u00e4r \u00e4ldre. Likas\u00e5 de som har behov av sjukv\u00e5rd inom slutenv\u00e5rdens specialiteter. \u00c4ldresjuksk\u00f6terskor i sjukv\u00e5rden skulle h\u00f6ja kvaliteten i sjukv\u00e5rden och avlasta l\u00e4kare vissa arbetsuppgifter. Jag beklagar att majoriteten inte vill ta steget och peka ut f\u00e4rdriktningen, genom att inr\u00e4tta \u00e4ldresjuksk\u00f6terskor i landstinget. Det s\u00e4ger Gudrun Read More","og_url":"https:\/\/wp.kristdemokraterna.se\/kalmarlan\/aldresjukskoterska-hojer-kvaliteten-i-varden\/","og_site_name":"i Kalmar l\u00e4n","article_published_time":"2013-02-28T16:51:21+00:00","article_modified_time":"2013-09-13T18:23:58+00:00","author":"kalmarlan","twitter_card":"summary_large_image","twitter_misc":{"Skriven av":"kalmarlan","Ber\u00e4knad l\u00e4stid":"3 minuter"},"schema":{"@context":"https:\/\/schema.org","@graph":[{"@type":"Article","@id":"https:\/\/wp.kristdemokraterna.se\/kalmarlan\/aldresjukskoterska-hojer-kvaliteten-i-varden\/#article","isPartOf":{"@id":"https:\/\/wp.kristdemokraterna.se\/kalmarlan\/aldresjukskoterska-hojer-kvaliteten-i-varden\/"},"author":{"name":"kalmarlan","@id":"https:\/\/wp.kristdemokraterna.se\/kalmarlan\/#\/schema\/person\/a1856739934bf9c6a11fb258646ea2a5"},"headline":"\u00c4ldresjuksk\u00f6terska h\u00f6jer kvaliteten i v\u00e5rden","datePublished":"2013-02-28T16:51:21+00:00","dateModified":"2013-09-13T18:23:58+00:00","mainEntityOfPage":{"@id":"https:\/\/wp.kristdemokraterna.se\/kalmarlan\/aldresjukskoterska-hojer-kvaliteten-i-varden\/"},"wordCount":548,"commentCount":0,"inLanguage":"sv-SE"},{"@type":"WebPage","@id":"https:\/\/wp.kristdemokraterna.se\/kalmarlan\/aldresjukskoterska-hojer-kvaliteten-i-varden\/","url":"https:\/\/wp.kristdemokraterna.se\/kalmarlan\/aldresjukskoterska-hojer-kvaliteten-i-varden\/","name":"\u00c4ldresjuksk\u00f6terska h\u00f6jer kvaliteten i v\u00e5rden - i Kalmar l\u00e4n","isPartOf":{"@id":"https:\/\/wp.kristdemokraterna.se\/kalmarlan\/#website"},"datePublished":"2013-02-28T16:51:21+00:00","dateModified":"2013-09-13T18:23:58+00:00","author":{"@id":"https:\/\/wp.kristdemokraterna.se\/kalmarlan\/#\/schema\/person\/a1856739934bf9c6a11fb258646ea2a5"},"breadcrumb":{"@id":"https:\/\/wp.kristdemokraterna.se\/kalmarlan\/aldresjukskoterska-hojer-kvaliteten-i-varden\/#breadcrumb"},"inLanguage":"sv-SE","potentialAction":[{"@type":"ReadAction","target":["https:\/\/wp.kristdemokraterna.se\/kalmarlan\/aldresjukskoterska-hojer-kvaliteten-i-varden\/"]}]},{"@type":"BreadcrumbList","@id":"https:\/\/wp.kristdemokraterna.se\/kalmarlan\/aldresjukskoterska-hojer-kvaliteten-i-varden\/#breadcrumb","itemListElement":[{"@type":"ListItem","position":1,"name":"Hem","item":"https:\/\/wp.kristdemokraterna.se\/kalmarlan\/"},{"@type":"ListItem","position":2,"name":"\u00c4ldresjuksk\u00f6terska h\u00f6jer kvaliteten i v\u00e5rden"}]},{"@type":"WebSite","@id":"https:\/\/wp.kristdemokraterna.se\/kalmarlan\/#website","url":"https:\/\/wp.kristdemokraterna.se\/kalmarlan\/","name":"i Kalmar l\u00e4n","description":"","inLanguage":"sv-SE"},{"@type":"Person","@id":"https:\/\/wp.kristdemokraterna.se\/kalmarlan\/#\/schema\/person\/a1856739934bf9c6a11fb258646ea2a5","name":"kalmarlan","image":{"@type":"ImageObject","inLanguage":"sv-SE","@id":"https:\/\/secure.gravatar.com\/avatar\/ef1f7dcd1b21be34f0f3e58a032955c2de43794b20090a23118cd0e2a8964e6e?s=96&r=g","url":"https:\/\/secure.gravatar.com\/avatar\/ef1f7dcd1b21be34f0f3e58a032955c2de43794b20090a23118cd0e2a8964e6e?s=96&r=g","contentUrl":"https:\/\/secure.gravatar.com\/avatar\/ef1f7dcd1b21be34f0f3e58a032955c2de43794b20090a23118cd0e2a8964e6e?s=96&r=g","caption":"kalmarlan"},"url":"https:\/\/wp.kristdemokraterna.se\/kalmarlan\/author\/kalmarlan\/"}]}},"_links":{"self":[{"href":"https:\/\/wp.kristdemokraterna.se\/kalmarlan\/wp-json\/wp\/v2\/posts\/43","targetHints":{"allow":["GET"]}}],"collection":[{"href":"https:\/\/wp.kristdemokraterna.se\/kalmarlan\/wp-json\/wp\/v2\/posts"}],"about":[{"href":"https:\/\/wp.kristdemokraterna.se\/kalmarlan\/wp-json\/wp\/v2\/types\/post"}],"author":[{"embeddable":true,"href":"https:\/\/wp.kristdemokraterna.se\/kalmarlan\/wp-json\/wp\/v2\/users\/417"}],"replies":[{"embeddable":true,"href":"https:\/\/wp.kristdemokraterna.se\/kalmarlan\/wp-json\/wp\/v2\/comments?post=43"}],"version-history":[{"count":5,"href":"https:\/\/wp.kristdemokraterna.se\/kalmarlan\/wp-json\/wp\/v2\/posts\/43\/revisions"}],"predecessor-version":[{"id":217,"href":"https:\/\/wp.kristdemokraterna.se\/kalmarlan\/wp-json\/wp\/v2\/posts\/43\/revisions\/217"}],"wp:attachment":[{"href":"https:\/\/wp.kristdemokraterna.se\/kalmarlan\/wp-json\/wp\/v2\/media?parent=43"}],"wp:term":[{"taxonomy":"category","embeddable":true,"href":"https:\/\/wp.kristdemokraterna.se\/kalmarlan\/wp-json\/wp\/v2\/categories?post=43"},{"taxonomy":"post_tag","embeddable":true,"href":"https:\/\/wp.kristdemokraterna.se\/kalmarlan\/wp-json\/wp\/v2\/tags?post=43"}],"curies":[{"name":"wp","href":"https:\/\/api.w.org\/{rel}","templated":true}]}}