{"id":434,"date":"2014-06-03T22:39:26","date_gmt":"2014-06-03T20:39:26","guid":{"rendered":"http:\/\/wp.kristdemokraterna.se\/kalmarlan\/?p=434"},"modified":"2014-06-03T22:39:26","modified_gmt":"2014-06-03T20:39:26","slug":"hoj-glasogonbidraget-upp-till-18-ars-alder-viktig-kd-fraga-infor-valet","status":"publish","type":"post","link":"https:\/\/wp.kristdemokraterna.se\/kalmarlan\/hoj-glasogonbidraget-upp-till-18-ars-alder-viktig-kd-fraga-infor-valet\/","title":{"rendered":"H\u00f6j glas\u00f6gonbidraget upp till 18 \u00e5rs \u00e5lder! Viktig KD-fr\u00e5ga inf\u00f6r valet"},"content":{"rendered":"<p>Pressmeddelande den 3 juni 2014:<\/p>\n<p>Det \u00e4r inte rimligt att barn som skulle beh\u00f6va glas\u00f6gon inte f\u00e5r det, p\u00e5 grund av att familjerna inte har r\u00e5d. D\u00e4rf\u00f6r borde glas\u00f6gon f\u00f6r barn bed\u00f6mas som hj\u00e4lpmedel, motsvarande som vid h\u00f6rselhj\u00e4lpmedel. \u00a0<\/p>\n<p>Det s\u00e4ger landstingsr\u00e5det Gudrun Bruneg\u00e5rd, KD, med anledning av kristdemokraternas gruppm\u00f6te inf\u00f6r mandatperiodens sista landstingsfullm\u00e4ktige f\u00f6re valet. <\/p>\n<p>&#8211;\u00a0Fr\u00e5gan om barnglas\u00f6gon har v\u00e4ckt stort engagemang i v\u00e5r landstingsgrupp de senaste \u00e5ren. Olika ledam\u00f6ter har skrivit b\u00e5de ins\u00e4ndare i lokalpressen och motion till Kristdemokraternas riksting i h\u00f6stas. Motionen om barnglas\u00f6gon som hj\u00e4lpmedel bif\u00f6lls av rikstinget, s\u00e4ger Gudrun Bruneg\u00e5rd.<\/p>\n<p>-Vi kommer att driva fr\u00e5gan i valr\u00f6relsen. F\u00f6r oss \u00e4r det en fr\u00e5ga om b\u00e5de solidaritet och j\u00e4mlikhet. Jag har sj\u00e4lv bakgrund som skolsk\u00f6terska. Jag vet av erfarenhet att det f\u00f6rekommer att barn sitter med huvudv\u00e4rk och har sv\u00e5rt att h\u00e4nga med p\u00e5 lektionerna f\u00f6r att de har synproblem och skulle beh\u00f6va glas\u00f6gon, men att familjen inte har m\u00f6jlighet att prioritera utgiften, s\u00e4ger Gudrun Bruneg\u00e5rd.<br \/>\n\u00a0<\/p>\n<p>F\u00f6r mer information:<\/p>\n<p>Gudrun Bruneg\u00e5rd<br \/>\nlandstingsr\u00e5d<br \/>\ntel. 0480-848 26<br \/>\nmobil. 070-581 52 78<\/p>\n<p>hemsida:<br \/>\nwww.kristdemokraterna.se<\/p>\n<p>bildbank:<br \/>\nwww.bildbank.kristdemokraterna.se<\/p>\n","protected":false},"excerpt":{"rendered":"<p>Pressmeddelande den 3 juni 2014: Det \u00e4r inte rimligt att barn som skulle beh\u00f6va glas\u00f6gon inte f\u00e5r det, p\u00e5 grund av att familjerna inte har r\u00e5d. D\u00e4rf\u00f6r borde glas\u00f6gon f\u00f6r barn bed\u00f6mas som hj\u00e4lpmedel, motsvarande som vid h\u00f6rselhj\u00e4lpmedel. \u00a0 Det s\u00e4ger landstingsr\u00e5det Gudrun Bruneg\u00e5rd, KD, med anledning av kristdemokraternas gruppm\u00f6te inf\u00f6r mandatperiodens sista landstingsfullm\u00e4ktige f\u00f6re <a class=\"read-more-link\" href=\"https:\/\/wp.kristdemokraterna.se\/kalmarlan\/hoj-glasogonbidraget-upp-till-18-ars-alder-viktig-kd-fraga-infor-valet\/\">Read More<\/a><\/p>\n","protected":false},"author":417,"featured_media":0,"comment_status":"closed","ping_status":"closed","sticky":false,"template":"","format":"standard","meta":{"_acf_changed":false,"footnotes":""},"categories":[1],"tags":[],"class_list":["post-434","post","type-post","status-publish","format-standard","hentry","category-okategoriserade"],"acf":[],"yoast_head":"<!-- This site is optimized with the Yoast SEO plugin v27.4 - https:\/\/yoast.com\/product\/yoast-seo-wordpress\/ -->\n<title>H\u00f6j glas\u00f6gonbidraget upp till 18 \u00e5rs \u00e5lder! Viktig KD-fr\u00e5ga inf\u00f6r valet - i Kalmar l\u00e4n<\/title>\n<meta name=\"robots\" content=\"index, follow, max-snippet:-1, max-image-preview:large, max-video-preview:-1\" \/>\n<link rel=\"canonical\" href=\"https:\/\/wp.kristdemokraterna.se\/kalmarlan\/hoj-glasogonbidraget-upp-till-18-ars-alder-viktig-kd-fraga-infor-valet\/\" \/>\n<meta property=\"og:locale\" content=\"sv_SE\" \/>\n<meta property=\"og:type\" content=\"article\" \/>\n<meta property=\"og:title\" content=\"H\u00f6j glas\u00f6gonbidraget upp till 18 \u00e5rs \u00e5lder! Viktig KD-fr\u00e5ga inf\u00f6r valet - i Kalmar l\u00e4n\" \/>\n<meta property=\"og:description\" content=\"Pressmeddelande den 3 juni 2014: Det \u00e4r inte rimligt att barn som skulle beh\u00f6va glas\u00f6gon inte f\u00e5r det, p\u00e5 grund av att familjerna inte har r\u00e5d. D\u00e4rf\u00f6r borde glas\u00f6gon f\u00f6r barn bed\u00f6mas som hj\u00e4lpmedel, motsvarande som vid h\u00f6rselhj\u00e4lpmedel. \u00a0 Det s\u00e4ger landstingsr\u00e5det Gudrun Bruneg\u00e5rd, KD, med anledning av kristdemokraternas gruppm\u00f6te inf\u00f6r mandatperiodens sista landstingsfullm\u00e4ktige f\u00f6re Read More\" \/>\n<meta property=\"og:url\" content=\"https:\/\/wp.kristdemokraterna.se\/kalmarlan\/hoj-glasogonbidraget-upp-till-18-ars-alder-viktig-kd-fraga-infor-valet\/\" \/>\n<meta property=\"og:site_name\" content=\"i Kalmar l\u00e4n\" \/>\n<meta property=\"article:published_time\" content=\"2014-06-03T20:39:26+00:00\" \/>\n<meta name=\"author\" content=\"kalmarlan\" \/>\n<meta name=\"twitter:card\" content=\"summary_large_image\" \/>\n<meta name=\"twitter:label1\" content=\"Skriven av\" \/>\n\t<meta name=\"twitter:data1\" content=\"kalmarlan\" \/>\n\t<meta name=\"twitter:label2\" content=\"Ber\u00e4knad l\u00e4stid\" \/>\n\t<meta name=\"twitter:data2\" content=\"1 minut\" \/>\n<script type=\"application\/ld+json\" class=\"yoast-schema-graph\">{\"@context\":\"https:\\\/\\\/schema.org\",\"@graph\":[{\"@type\":\"Article\",\"@id\":\"https:\\\/\\\/wp.kristdemokraterna.se\\\/kalmarlan\\\/hoj-glasogonbidraget-upp-till-18-ars-alder-viktig-kd-fraga-infor-valet\\\/#article\",\"isPartOf\":{\"@id\":\"https:\\\/\\\/wp.kristdemokraterna.se\\\/kalmarlan\\\/hoj-glasogonbidraget-upp-till-18-ars-alder-viktig-kd-fraga-infor-valet\\\/\"},\"author\":{\"name\":\"kalmarlan\",\"@id\":\"https:\\\/\\\/wp.kristdemokraterna.se\\\/kalmarlan\\\/#\\\/schema\\\/person\\\/a1856739934bf9c6a11fb258646ea2a5\"},\"headline\":\"H\u00f6j glas\u00f6gonbidraget upp till 18 \u00e5rs \u00e5lder! Viktig KD-fr\u00e5ga inf\u00f6r valet\",\"datePublished\":\"2014-06-03T20:39:26+00:00\",\"mainEntityOfPage\":{\"@id\":\"https:\\\/\\\/wp.kristdemokraterna.se\\\/kalmarlan\\\/hoj-glasogonbidraget-upp-till-18-ars-alder-viktig-kd-fraga-infor-valet\\\/\"},\"wordCount\":244,\"inLanguage\":\"sv-SE\"},{\"@type\":\"WebPage\",\"@id\":\"https:\\\/\\\/wp.kristdemokraterna.se\\\/kalmarlan\\\/hoj-glasogonbidraget-upp-till-18-ars-alder-viktig-kd-fraga-infor-valet\\\/\",\"url\":\"https:\\\/\\\/wp.kristdemokraterna.se\\\/kalmarlan\\\/hoj-glasogonbidraget-upp-till-18-ars-alder-viktig-kd-fraga-infor-valet\\\/\",\"name\":\"H\u00f6j glas\u00f6gonbidraget upp till 18 \u00e5rs \u00e5lder! Viktig KD-fr\u00e5ga inf\u00f6r valet - i Kalmar l\u00e4n\",\"isPartOf\":{\"@id\":\"https:\\\/\\\/wp.kristdemokraterna.se\\\/kalmarlan\\\/#website\"},\"datePublished\":\"2014-06-03T20:39:26+00:00\",\"author\":{\"@id\":\"https:\\\/\\\/wp.kristdemokraterna.se\\\/kalmarlan\\\/#\\\/schema\\\/person\\\/a1856739934bf9c6a11fb258646ea2a5\"},\"breadcrumb\":{\"@id\":\"https:\\\/\\\/wp.kristdemokraterna.se\\\/kalmarlan\\\/hoj-glasogonbidraget-upp-till-18-ars-alder-viktig-kd-fraga-infor-valet\\\/#breadcrumb\"},\"inLanguage\":\"sv-SE\",\"potentialAction\":[{\"@type\":\"ReadAction\",\"target\":[\"https:\\\/\\\/wp.kristdemokraterna.se\\\/kalmarlan\\\/hoj-glasogonbidraget-upp-till-18-ars-alder-viktig-kd-fraga-infor-valet\\\/\"]}]},{\"@type\":\"BreadcrumbList\",\"@id\":\"https:\\\/\\\/wp.kristdemokraterna.se\\\/kalmarlan\\\/hoj-glasogonbidraget-upp-till-18-ars-alder-viktig-kd-fraga-infor-valet\\\/#breadcrumb\",\"itemListElement\":[{\"@type\":\"ListItem\",\"position\":1,\"name\":\"Hem\",\"item\":\"https:\\\/\\\/wp.kristdemokraterna.se\\\/kalmarlan\\\/\"},{\"@type\":\"ListItem\",\"position\":2,\"name\":\"H\u00f6j glas\u00f6gonbidraget upp till 18 \u00e5rs \u00e5lder! Viktig KD-fr\u00e5ga inf\u00f6r valet\"}]},{\"@type\":\"WebSite\",\"@id\":\"https:\\\/\\\/wp.kristdemokraterna.se\\\/kalmarlan\\\/#website\",\"url\":\"https:\\\/\\\/wp.kristdemokraterna.se\\\/kalmarlan\\\/\",\"name\":\"i Kalmar l\u00e4n\",\"description\":\"\",\"inLanguage\":\"sv-SE\"},{\"@type\":\"Person\",\"@id\":\"https:\\\/\\\/wp.kristdemokraterna.se\\\/kalmarlan\\\/#\\\/schema\\\/person\\\/a1856739934bf9c6a11fb258646ea2a5\",\"name\":\"kalmarlan\",\"image\":{\"@type\":\"ImageObject\",\"inLanguage\":\"sv-SE\",\"@id\":\"https:\\\/\\\/secure.gravatar.com\\\/avatar\\\/ef1f7dcd1b21be34f0f3e58a032955c2de43794b20090a23118cd0e2a8964e6e?s=96&r=g\",\"url\":\"https:\\\/\\\/secure.gravatar.com\\\/avatar\\\/ef1f7dcd1b21be34f0f3e58a032955c2de43794b20090a23118cd0e2a8964e6e?s=96&r=g\",\"contentUrl\":\"https:\\\/\\\/secure.gravatar.com\\\/avatar\\\/ef1f7dcd1b21be34f0f3e58a032955c2de43794b20090a23118cd0e2a8964e6e?s=96&r=g\",\"caption\":\"kalmarlan\"},\"url\":\"https:\\\/\\\/wp.kristdemokraterna.se\\\/kalmarlan\\\/author\\\/kalmarlan\\\/\"}]}<\/script>\n<!-- \/ Yoast SEO plugin. -->","yoast_head_json":{"title":"H\u00f6j glas\u00f6gonbidraget upp till 18 \u00e5rs \u00e5lder! Viktig KD-fr\u00e5ga inf\u00f6r valet - i Kalmar l\u00e4n","robots":{"index":"index","follow":"follow","max-snippet":"max-snippet:-1","max-image-preview":"max-image-preview:large","max-video-preview":"max-video-preview:-1"},"canonical":"https:\/\/wp.kristdemokraterna.se\/kalmarlan\/hoj-glasogonbidraget-upp-till-18-ars-alder-viktig-kd-fraga-infor-valet\/","og_locale":"sv_SE","og_type":"article","og_title":"H\u00f6j glas\u00f6gonbidraget upp till 18 \u00e5rs \u00e5lder! Viktig KD-fr\u00e5ga inf\u00f6r valet - i Kalmar l\u00e4n","og_description":"Pressmeddelande den 3 juni 2014: Det \u00e4r inte rimligt att barn som skulle beh\u00f6va glas\u00f6gon inte f\u00e5r det, p\u00e5 grund av att familjerna inte har r\u00e5d. D\u00e4rf\u00f6r borde glas\u00f6gon f\u00f6r barn bed\u00f6mas som hj\u00e4lpmedel, motsvarande som vid h\u00f6rselhj\u00e4lpmedel. \u00a0 Det s\u00e4ger landstingsr\u00e5det Gudrun Bruneg\u00e5rd, KD, med anledning av kristdemokraternas gruppm\u00f6te inf\u00f6r mandatperiodens sista landstingsfullm\u00e4ktige f\u00f6re Read More","og_url":"https:\/\/wp.kristdemokraterna.se\/kalmarlan\/hoj-glasogonbidraget-upp-till-18-ars-alder-viktig-kd-fraga-infor-valet\/","og_site_name":"i Kalmar l\u00e4n","article_published_time":"2014-06-03T20:39:26+00:00","author":"kalmarlan","twitter_card":"summary_large_image","twitter_misc":{"Skriven av":"kalmarlan","Ber\u00e4knad l\u00e4stid":"1 minut"},"schema":{"@context":"https:\/\/schema.org","@graph":[{"@type":"Article","@id":"https:\/\/wp.kristdemokraterna.se\/kalmarlan\/hoj-glasogonbidraget-upp-till-18-ars-alder-viktig-kd-fraga-infor-valet\/#article","isPartOf":{"@id":"https:\/\/wp.kristdemokraterna.se\/kalmarlan\/hoj-glasogonbidraget-upp-till-18-ars-alder-viktig-kd-fraga-infor-valet\/"},"author":{"name":"kalmarlan","@id":"https:\/\/wp.kristdemokraterna.se\/kalmarlan\/#\/schema\/person\/a1856739934bf9c6a11fb258646ea2a5"},"headline":"H\u00f6j glas\u00f6gonbidraget upp till 18 \u00e5rs \u00e5lder! Viktig KD-fr\u00e5ga inf\u00f6r valet","datePublished":"2014-06-03T20:39:26+00:00","mainEntityOfPage":{"@id":"https:\/\/wp.kristdemokraterna.se\/kalmarlan\/hoj-glasogonbidraget-upp-till-18-ars-alder-viktig-kd-fraga-infor-valet\/"},"wordCount":244,"inLanguage":"sv-SE"},{"@type":"WebPage","@id":"https:\/\/wp.kristdemokraterna.se\/kalmarlan\/hoj-glasogonbidraget-upp-till-18-ars-alder-viktig-kd-fraga-infor-valet\/","url":"https:\/\/wp.kristdemokraterna.se\/kalmarlan\/hoj-glasogonbidraget-upp-till-18-ars-alder-viktig-kd-fraga-infor-valet\/","name":"H\u00f6j glas\u00f6gonbidraget upp till 18 \u00e5rs \u00e5lder! Viktig KD-fr\u00e5ga inf\u00f6r valet - i Kalmar l\u00e4n","isPartOf":{"@id":"https:\/\/wp.kristdemokraterna.se\/kalmarlan\/#website"},"datePublished":"2014-06-03T20:39:26+00:00","author":{"@id":"https:\/\/wp.kristdemokraterna.se\/kalmarlan\/#\/schema\/person\/a1856739934bf9c6a11fb258646ea2a5"},"breadcrumb":{"@id":"https:\/\/wp.kristdemokraterna.se\/kalmarlan\/hoj-glasogonbidraget-upp-till-18-ars-alder-viktig-kd-fraga-infor-valet\/#breadcrumb"},"inLanguage":"sv-SE","potentialAction":[{"@type":"ReadAction","target":["https:\/\/wp.kristdemokraterna.se\/kalmarlan\/hoj-glasogonbidraget-upp-till-18-ars-alder-viktig-kd-fraga-infor-valet\/"]}]},{"@type":"BreadcrumbList","@id":"https:\/\/wp.kristdemokraterna.se\/kalmarlan\/hoj-glasogonbidraget-upp-till-18-ars-alder-viktig-kd-fraga-infor-valet\/#breadcrumb","itemListElement":[{"@type":"ListItem","position":1,"name":"Hem","item":"https:\/\/wp.kristdemokraterna.se\/kalmarlan\/"},{"@type":"ListItem","position":2,"name":"H\u00f6j glas\u00f6gonbidraget upp till 18 \u00e5rs \u00e5lder! Viktig KD-fr\u00e5ga inf\u00f6r valet"}]},{"@type":"WebSite","@id":"https:\/\/wp.kristdemokraterna.se\/kalmarlan\/#website","url":"https:\/\/wp.kristdemokraterna.se\/kalmarlan\/","name":"i Kalmar l\u00e4n","description":"","inLanguage":"sv-SE"},{"@type":"Person","@id":"https:\/\/wp.kristdemokraterna.se\/kalmarlan\/#\/schema\/person\/a1856739934bf9c6a11fb258646ea2a5","name":"kalmarlan","image":{"@type":"ImageObject","inLanguage":"sv-SE","@id":"https:\/\/secure.gravatar.com\/avatar\/ef1f7dcd1b21be34f0f3e58a032955c2de43794b20090a23118cd0e2a8964e6e?s=96&r=g","url":"https:\/\/secure.gravatar.com\/avatar\/ef1f7dcd1b21be34f0f3e58a032955c2de43794b20090a23118cd0e2a8964e6e?s=96&r=g","contentUrl":"https:\/\/secure.gravatar.com\/avatar\/ef1f7dcd1b21be34f0f3e58a032955c2de43794b20090a23118cd0e2a8964e6e?s=96&r=g","caption":"kalmarlan"},"url":"https:\/\/wp.kristdemokraterna.se\/kalmarlan\/author\/kalmarlan\/"}]}},"_links":{"self":[{"href":"https:\/\/wp.kristdemokraterna.se\/kalmarlan\/wp-json\/wp\/v2\/posts\/434","targetHints":{"allow":["GET"]}}],"collection":[{"href":"https:\/\/wp.kristdemokraterna.se\/kalmarlan\/wp-json\/wp\/v2\/posts"}],"about":[{"href":"https:\/\/wp.kristdemokraterna.se\/kalmarlan\/wp-json\/wp\/v2\/types\/post"}],"author":[{"embeddable":true,"href":"https:\/\/wp.kristdemokraterna.se\/kalmarlan\/wp-json\/wp\/v2\/users\/417"}],"replies":[{"embeddable":true,"href":"https:\/\/wp.kristdemokraterna.se\/kalmarlan\/wp-json\/wp\/v2\/comments?post=434"}],"version-history":[{"count":2,"href":"https:\/\/wp.kristdemokraterna.se\/kalmarlan\/wp-json\/wp\/v2\/posts\/434\/revisions"}],"predecessor-version":[{"id":436,"href":"https:\/\/wp.kristdemokraterna.se\/kalmarlan\/wp-json\/wp\/v2\/posts\/434\/revisions\/436"}],"wp:attachment":[{"href":"https:\/\/wp.kristdemokraterna.se\/kalmarlan\/wp-json\/wp\/v2\/media?parent=434"}],"wp:term":[{"taxonomy":"category","embeddable":true,"href":"https:\/\/wp.kristdemokraterna.se\/kalmarlan\/wp-json\/wp\/v2\/categories?post=434"},{"taxonomy":"post_tag","embeddable":true,"href":"https:\/\/wp.kristdemokraterna.se\/kalmarlan\/wp-json\/wp\/v2\/tags?post=434"}],"curies":[{"name":"wp","href":"https:\/\/api.w.org\/{rel}","templated":true}]}}