{"id":438,"date":"2014-06-17T23:19:17","date_gmt":"2014-06-17T21:19:17","guid":{"rendered":"http:\/\/wp.kristdemokraterna.se\/kalmarlan\/?p=438"},"modified":"2014-06-17T23:19:17","modified_gmt":"2014-06-17T21:19:17","slug":"pressmeddelande-s-loften-utan-fortroendekapital","status":"publish","type":"post","link":"https:\/\/wp.kristdemokraterna.se\/kalmarlan\/pressmeddelande-s-loften-utan-fortroendekapital\/","title":{"rendered":"Pressmeddelande: S-l\u00f6ften utan f\u00f6rtroendekapital!"},"content":{"rendered":"<p><strong>Likt kejsaren utan kl\u00e4der stod b\u00e5de Anders Henriksson och Lena Hallengren under tisdagsmorgonen i en tv-s\u00e4nd presskonferens p\u00e5 Helgeandsholmen.<br \/>\n-Platsens namn \u00e4r det enda fromma i sammanhanget. Forts\u00e4ttningen \u00e4r en ohederlig lektion i hur man f\u00f6r v\u00e4ljare bortom ljuset, s\u00e4ger Anders Andersson (Kd).<br \/>\n-H\u00f6jdpunkten i dramat \u00e4r n\u00e4r Anders Henriksson s\u00e4ger sig nationellt vilja ta krafttag mot l\u00e5nga v\u00e4ntetider inom cancerv\u00e5rden. N\u00e5got han sj\u00e4lv, hemma i Kalmar, fullst\u00e4ndigt misslyckats med, menar Gudrun Bruneg\u00e5rd som \u00e4r kristdemokraternas landstingsr\u00e5d.<\/strong><\/p>\n<p>Landstingsstyrelsens ordf\u00f6rande Anders Henriksson kunde p\u00e5 tisdagsmorgonen besk\u00e5das i nationell tv d\u00e4r han tillsammans med Lena Hallengren och n\u00e5gra till utlovade socialdemokratiska krafttag i samtliga landsting vad g\u00e4ller cancerv\u00e5rden. Det anm\u00e4rkningsv\u00e4rda \u00e4r att detta \u00e4r n\u00e5got som Henriksson sj\u00e4lv inte alls lyckats med i sitt eget landsting. Efter \u00e5tta \u00e5r med Henriksson vid makten s\u00e5 har Kalmar l\u00e4n snarare n\u00e5gra av de l\u00e4ngsta v\u00e4ntetiderna f\u00f6r cancerpatienter vad g\u00e4ller vissa diagnoser.<\/p>\n<p>&#8211; H\u00f6sten 2011 utlovade S med Anders Henriksson i spetsen ett patientkontrakt f\u00f6r cancerpatienter som skulle garantera v\u00e5rd inom 28 dagar. Tre \u00e5r senare s\u00e5 har man inte lyckats leverera sina l\u00f6ften och d\u00e5 kan det tyckas magstarkt att st\u00e4lla sig i nationell tv och utlova samma sak till hela svenska folket. Trov\u00e4rdigheten hade varit aningens st\u00f6rre om man f\u00f6rst kunde leverera p\u00e5 hemmaplan, s\u00e4ger Gudrun Bruneg\u00e5rd.<\/p>\n<p>-Lena Hallengren f\u00f6renklar sin vana trogen och tillsammans med sina kompisar lovar hon en m\u00e4ngd saker som hon anser att hon inte beh\u00f6ver s\u00e4tta en enda prislapp p\u00e5. Det \u00e4r en ansvarsl\u00f6s politik som ingen v\u00e4ljare kan s\u00e4tta sin tillit till, menar riksdagsledamot Anders Andersson. De problem som Socialdemokraterna \u00e5samkat Kalmar l\u00e4n med bl.a. l\u00e5nga v\u00e4ntetider inom cancerv\u00e5rden visar att det finns anledning att se \u00f6ver om staten beh\u00f6ver ta ett st\u00f6rre ansvar f\u00f6r att vi ska klara av att ge varje patient i hela landet en god v\u00e5rd p\u00e5 lika villkor, forts\u00e4tter Anders Andersson.<\/p>\n","protected":false},"excerpt":{"rendered":"<p>Likt kejsaren utan kl\u00e4der stod b\u00e5de Anders Henriksson och Lena Hallengren under tisdagsmorgonen i en tv-s\u00e4nd presskonferens p\u00e5 Helgeandsholmen. -Platsens namn \u00e4r det enda fromma i sammanhanget. Forts\u00e4ttningen \u00e4r en ohederlig lektion i hur man f\u00f6r v\u00e4ljare bortom ljuset, s\u00e4ger Anders Andersson (Kd). -H\u00f6jdpunkten i dramat \u00e4r n\u00e4r Anders Henriksson s\u00e4ger sig nationellt vilja ta <a class=\"read-more-link\" href=\"https:\/\/wp.kristdemokraterna.se\/kalmarlan\/pressmeddelande-s-loften-utan-fortroendekapital\/\">Read More<\/a><\/p>\n","protected":false},"author":417,"featured_media":0,"comment_status":"open","ping_status":"open","sticky":false,"template":"","format":"standard","meta":{"_acf_changed":false,"footnotes":""},"categories":[1],"tags":[],"class_list":["post-438","post","type-post","status-publish","format-standard","hentry","category-okategoriserade"],"acf":[],"yoast_head":"<!-- This site is optimized with the Yoast SEO plugin v27.4 - https:\/\/yoast.com\/product\/yoast-seo-wordpress\/ -->\n<title>Pressmeddelande: S-l\u00f6ften utan f\u00f6rtroendekapital! - i Kalmar l\u00e4n<\/title>\n<meta name=\"robots\" content=\"index, follow, max-snippet:-1, max-image-preview:large, max-video-preview:-1\" \/>\n<link rel=\"canonical\" href=\"https:\/\/wp.kristdemokraterna.se\/kalmarlan\/pressmeddelande-s-loften-utan-fortroendekapital\/\" \/>\n<meta property=\"og:locale\" content=\"sv_SE\" \/>\n<meta property=\"og:type\" content=\"article\" \/>\n<meta property=\"og:title\" content=\"Pressmeddelande: S-l\u00f6ften utan f\u00f6rtroendekapital! - i Kalmar l\u00e4n\" \/>\n<meta property=\"og:description\" content=\"Likt kejsaren utan kl\u00e4der stod b\u00e5de Anders Henriksson och Lena Hallengren under tisdagsmorgonen i en tv-s\u00e4nd presskonferens p\u00e5 Helgeandsholmen. -Platsens namn \u00e4r det enda fromma i sammanhanget. Forts\u00e4ttningen \u00e4r en ohederlig lektion i hur man f\u00f6r v\u00e4ljare bortom ljuset, s\u00e4ger Anders Andersson (Kd). -H\u00f6jdpunkten i dramat \u00e4r n\u00e4r Anders Henriksson s\u00e4ger sig nationellt vilja ta Read More\" \/>\n<meta property=\"og:url\" content=\"https:\/\/wp.kristdemokraterna.se\/kalmarlan\/pressmeddelande-s-loften-utan-fortroendekapital\/\" \/>\n<meta property=\"og:site_name\" content=\"i Kalmar l\u00e4n\" \/>\n<meta property=\"article:published_time\" content=\"2014-06-17T21:19:17+00:00\" \/>\n<meta name=\"author\" content=\"kalmarlan\" \/>\n<meta name=\"twitter:card\" content=\"summary_large_image\" \/>\n<meta name=\"twitter:label1\" content=\"Skriven av\" \/>\n\t<meta name=\"twitter:data1\" content=\"kalmarlan\" \/>\n\t<meta name=\"twitter:label2\" content=\"Ber\u00e4knad l\u00e4stid\" \/>\n\t<meta name=\"twitter:data2\" content=\"2 minuter\" \/>\n<script type=\"application\/ld+json\" class=\"yoast-schema-graph\">{\"@context\":\"https:\\\/\\\/schema.org\",\"@graph\":[{\"@type\":\"Article\",\"@id\":\"https:\\\/\\\/wp.kristdemokraterna.se\\\/kalmarlan\\\/pressmeddelande-s-loften-utan-fortroendekapital\\\/#article\",\"isPartOf\":{\"@id\":\"https:\\\/\\\/wp.kristdemokraterna.se\\\/kalmarlan\\\/pressmeddelande-s-loften-utan-fortroendekapital\\\/\"},\"author\":{\"name\":\"kalmarlan\",\"@id\":\"https:\\\/\\\/wp.kristdemokraterna.se\\\/kalmarlan\\\/#\\\/schema\\\/person\\\/a1856739934bf9c6a11fb258646ea2a5\"},\"headline\":\"Pressmeddelande: S-l\u00f6ften utan f\u00f6rtroendekapital!\",\"datePublished\":\"2014-06-17T21:19:17+00:00\",\"mainEntityOfPage\":{\"@id\":\"https:\\\/\\\/wp.kristdemokraterna.se\\\/kalmarlan\\\/pressmeddelande-s-loften-utan-fortroendekapital\\\/\"},\"wordCount\":374,\"commentCount\":0,\"inLanguage\":\"sv-SE\"},{\"@type\":\"WebPage\",\"@id\":\"https:\\\/\\\/wp.kristdemokraterna.se\\\/kalmarlan\\\/pressmeddelande-s-loften-utan-fortroendekapital\\\/\",\"url\":\"https:\\\/\\\/wp.kristdemokraterna.se\\\/kalmarlan\\\/pressmeddelande-s-loften-utan-fortroendekapital\\\/\",\"name\":\"Pressmeddelande: S-l\u00f6ften utan f\u00f6rtroendekapital! - i Kalmar l\u00e4n\",\"isPartOf\":{\"@id\":\"https:\\\/\\\/wp.kristdemokraterna.se\\\/kalmarlan\\\/#website\"},\"datePublished\":\"2014-06-17T21:19:17+00:00\",\"author\":{\"@id\":\"https:\\\/\\\/wp.kristdemokraterna.se\\\/kalmarlan\\\/#\\\/schema\\\/person\\\/a1856739934bf9c6a11fb258646ea2a5\"},\"breadcrumb\":{\"@id\":\"https:\\\/\\\/wp.kristdemokraterna.se\\\/kalmarlan\\\/pressmeddelande-s-loften-utan-fortroendekapital\\\/#breadcrumb\"},\"inLanguage\":\"sv-SE\",\"potentialAction\":[{\"@type\":\"ReadAction\",\"target\":[\"https:\\\/\\\/wp.kristdemokraterna.se\\\/kalmarlan\\\/pressmeddelande-s-loften-utan-fortroendekapital\\\/\"]}]},{\"@type\":\"BreadcrumbList\",\"@id\":\"https:\\\/\\\/wp.kristdemokraterna.se\\\/kalmarlan\\\/pressmeddelande-s-loften-utan-fortroendekapital\\\/#breadcrumb\",\"itemListElement\":[{\"@type\":\"ListItem\",\"position\":1,\"name\":\"Hem\",\"item\":\"https:\\\/\\\/wp.kristdemokraterna.se\\\/kalmarlan\\\/\"},{\"@type\":\"ListItem\",\"position\":2,\"name\":\"Pressmeddelande: S-l\u00f6ften utan f\u00f6rtroendekapital!\"}]},{\"@type\":\"WebSite\",\"@id\":\"https:\\\/\\\/wp.kristdemokraterna.se\\\/kalmarlan\\\/#website\",\"url\":\"https:\\\/\\\/wp.kristdemokraterna.se\\\/kalmarlan\\\/\",\"name\":\"i Kalmar l\u00e4n\",\"description\":\"\",\"inLanguage\":\"sv-SE\"},{\"@type\":\"Person\",\"@id\":\"https:\\\/\\\/wp.kristdemokraterna.se\\\/kalmarlan\\\/#\\\/schema\\\/person\\\/a1856739934bf9c6a11fb258646ea2a5\",\"name\":\"kalmarlan\",\"image\":{\"@type\":\"ImageObject\",\"inLanguage\":\"sv-SE\",\"@id\":\"https:\\\/\\\/secure.gravatar.com\\\/avatar\\\/ef1f7dcd1b21be34f0f3e58a032955c2de43794b20090a23118cd0e2a8964e6e?s=96&r=g\",\"url\":\"https:\\\/\\\/secure.gravatar.com\\\/avatar\\\/ef1f7dcd1b21be34f0f3e58a032955c2de43794b20090a23118cd0e2a8964e6e?s=96&r=g\",\"contentUrl\":\"https:\\\/\\\/secure.gravatar.com\\\/avatar\\\/ef1f7dcd1b21be34f0f3e58a032955c2de43794b20090a23118cd0e2a8964e6e?s=96&r=g\",\"caption\":\"kalmarlan\"},\"url\":\"https:\\\/\\\/wp.kristdemokraterna.se\\\/kalmarlan\\\/author\\\/kalmarlan\\\/\"}]}<\/script>\n<!-- \/ Yoast SEO plugin. -->","yoast_head_json":{"title":"Pressmeddelande: S-l\u00f6ften utan f\u00f6rtroendekapital! - i Kalmar l\u00e4n","robots":{"index":"index","follow":"follow","max-snippet":"max-snippet:-1","max-image-preview":"max-image-preview:large","max-video-preview":"max-video-preview:-1"},"canonical":"https:\/\/wp.kristdemokraterna.se\/kalmarlan\/pressmeddelande-s-loften-utan-fortroendekapital\/","og_locale":"sv_SE","og_type":"article","og_title":"Pressmeddelande: S-l\u00f6ften utan f\u00f6rtroendekapital! - i Kalmar l\u00e4n","og_description":"Likt kejsaren utan kl\u00e4der stod b\u00e5de Anders Henriksson och Lena Hallengren under tisdagsmorgonen i en tv-s\u00e4nd presskonferens p\u00e5 Helgeandsholmen. -Platsens namn \u00e4r det enda fromma i sammanhanget. Forts\u00e4ttningen \u00e4r en ohederlig lektion i hur man f\u00f6r v\u00e4ljare bortom ljuset, s\u00e4ger Anders Andersson (Kd). -H\u00f6jdpunkten i dramat \u00e4r n\u00e4r Anders Henriksson s\u00e4ger sig nationellt vilja ta Read More","og_url":"https:\/\/wp.kristdemokraterna.se\/kalmarlan\/pressmeddelande-s-loften-utan-fortroendekapital\/","og_site_name":"i Kalmar l\u00e4n","article_published_time":"2014-06-17T21:19:17+00:00","author":"kalmarlan","twitter_card":"summary_large_image","twitter_misc":{"Skriven av":"kalmarlan","Ber\u00e4knad l\u00e4stid":"2 minuter"},"schema":{"@context":"https:\/\/schema.org","@graph":[{"@type":"Article","@id":"https:\/\/wp.kristdemokraterna.se\/kalmarlan\/pressmeddelande-s-loften-utan-fortroendekapital\/#article","isPartOf":{"@id":"https:\/\/wp.kristdemokraterna.se\/kalmarlan\/pressmeddelande-s-loften-utan-fortroendekapital\/"},"author":{"name":"kalmarlan","@id":"https:\/\/wp.kristdemokraterna.se\/kalmarlan\/#\/schema\/person\/a1856739934bf9c6a11fb258646ea2a5"},"headline":"Pressmeddelande: S-l\u00f6ften utan f\u00f6rtroendekapital!","datePublished":"2014-06-17T21:19:17+00:00","mainEntityOfPage":{"@id":"https:\/\/wp.kristdemokraterna.se\/kalmarlan\/pressmeddelande-s-loften-utan-fortroendekapital\/"},"wordCount":374,"commentCount":0,"inLanguage":"sv-SE"},{"@type":"WebPage","@id":"https:\/\/wp.kristdemokraterna.se\/kalmarlan\/pressmeddelande-s-loften-utan-fortroendekapital\/","url":"https:\/\/wp.kristdemokraterna.se\/kalmarlan\/pressmeddelande-s-loften-utan-fortroendekapital\/","name":"Pressmeddelande: S-l\u00f6ften utan f\u00f6rtroendekapital! - i Kalmar l\u00e4n","isPartOf":{"@id":"https:\/\/wp.kristdemokraterna.se\/kalmarlan\/#website"},"datePublished":"2014-06-17T21:19:17+00:00","author":{"@id":"https:\/\/wp.kristdemokraterna.se\/kalmarlan\/#\/schema\/person\/a1856739934bf9c6a11fb258646ea2a5"},"breadcrumb":{"@id":"https:\/\/wp.kristdemokraterna.se\/kalmarlan\/pressmeddelande-s-loften-utan-fortroendekapital\/#breadcrumb"},"inLanguage":"sv-SE","potentialAction":[{"@type":"ReadAction","target":["https:\/\/wp.kristdemokraterna.se\/kalmarlan\/pressmeddelande-s-loften-utan-fortroendekapital\/"]}]},{"@type":"BreadcrumbList","@id":"https:\/\/wp.kristdemokraterna.se\/kalmarlan\/pressmeddelande-s-loften-utan-fortroendekapital\/#breadcrumb","itemListElement":[{"@type":"ListItem","position":1,"name":"Hem","item":"https:\/\/wp.kristdemokraterna.se\/kalmarlan\/"},{"@type":"ListItem","position":2,"name":"Pressmeddelande: S-l\u00f6ften utan f\u00f6rtroendekapital!"}]},{"@type":"WebSite","@id":"https:\/\/wp.kristdemokraterna.se\/kalmarlan\/#website","url":"https:\/\/wp.kristdemokraterna.se\/kalmarlan\/","name":"i Kalmar l\u00e4n","description":"","inLanguage":"sv-SE"},{"@type":"Person","@id":"https:\/\/wp.kristdemokraterna.se\/kalmarlan\/#\/schema\/person\/a1856739934bf9c6a11fb258646ea2a5","name":"kalmarlan","image":{"@type":"ImageObject","inLanguage":"sv-SE","@id":"https:\/\/secure.gravatar.com\/avatar\/ef1f7dcd1b21be34f0f3e58a032955c2de43794b20090a23118cd0e2a8964e6e?s=96&r=g","url":"https:\/\/secure.gravatar.com\/avatar\/ef1f7dcd1b21be34f0f3e58a032955c2de43794b20090a23118cd0e2a8964e6e?s=96&r=g","contentUrl":"https:\/\/secure.gravatar.com\/avatar\/ef1f7dcd1b21be34f0f3e58a032955c2de43794b20090a23118cd0e2a8964e6e?s=96&r=g","caption":"kalmarlan"},"url":"https:\/\/wp.kristdemokraterna.se\/kalmarlan\/author\/kalmarlan\/"}]}},"_links":{"self":[{"href":"https:\/\/wp.kristdemokraterna.se\/kalmarlan\/wp-json\/wp\/v2\/posts\/438","targetHints":{"allow":["GET"]}}],"collection":[{"href":"https:\/\/wp.kristdemokraterna.se\/kalmarlan\/wp-json\/wp\/v2\/posts"}],"about":[{"href":"https:\/\/wp.kristdemokraterna.se\/kalmarlan\/wp-json\/wp\/v2\/types\/post"}],"author":[{"embeddable":true,"href":"https:\/\/wp.kristdemokraterna.se\/kalmarlan\/wp-json\/wp\/v2\/users\/417"}],"replies":[{"embeddable":true,"href":"https:\/\/wp.kristdemokraterna.se\/kalmarlan\/wp-json\/wp\/v2\/comments?post=438"}],"version-history":[{"count":1,"href":"https:\/\/wp.kristdemokraterna.se\/kalmarlan\/wp-json\/wp\/v2\/posts\/438\/revisions"}],"predecessor-version":[{"id":439,"href":"https:\/\/wp.kristdemokraterna.se\/kalmarlan\/wp-json\/wp\/v2\/posts\/438\/revisions\/439"}],"wp:attachment":[{"href":"https:\/\/wp.kristdemokraterna.se\/kalmarlan\/wp-json\/wp\/v2\/media?parent=438"}],"wp:term":[{"taxonomy":"category","embeddable":true,"href":"https:\/\/wp.kristdemokraterna.se\/kalmarlan\/wp-json\/wp\/v2\/categories?post=438"},{"taxonomy":"post_tag","embeddable":true,"href":"https:\/\/wp.kristdemokraterna.se\/kalmarlan\/wp-json\/wp\/v2\/tags?post=438"}],"curies":[{"name":"wp","href":"https:\/\/api.w.org\/{rel}","templated":true}]}}