{"id":441,"date":"2014-08-06T22:03:35","date_gmt":"2014-08-06T20:03:35","guid":{"rendered":"http:\/\/wp.kristdemokraterna.se\/kalmarlan\/?p=441"},"modified":"2014-08-06T22:03:35","modified_gmt":"2014-08-06T20:03:35","slug":"villainbrott-ett-vaxande-hot-mot-tryggheten","status":"publish","type":"post","link":"https:\/\/wp.kristdemokraterna.se\/kalmarlan\/villainbrott-ett-vaxande-hot-mot-tryggheten\/","title":{"rendered":"Villainbrott \u2013 ett v\u00e4xande hot mot tryggheten"},"content":{"rendered":"<p><strong>Debattartikel:<\/p>\n<p>Bostadsinbrott \u00e4r det brott som flest m\u00e4nniskor oroar sig \u00f6ver att r\u00e5ka ut f\u00f6r. Samtidigt \u00e4r uppklarningsprocenten l\u00e4gre \u00e4n f\u00f6r andra brott. Det v\u00e4rsta med att uts\u00e4ttas f\u00f6r ett inbrott \u00e4r inte att ens saker f\u00f6rsvinner. Det v\u00e4rsta \u00e4r upplevelsen av kr\u00e4nkning. N\u00e5gon har varit inne i ditt hem utan att fr\u00e5ga om lov.<br \/>\n<\/strong><br \/>\nSom medborgare m\u00e5ste jag kunna lita p\u00e5 att \u201dmitt hem \u00e4r min borg\u201d. Men varje \u00e5r anm\u00e4ls n\u00e4ra 30 000 bostadsinbrott i Sverige. Varje inbrott \u00e4r en fruktansv\u00e4rd upplevelse f\u00f6r den som drabbas. Det v\u00e4rsta \u00e4r inte att ens tillh\u00f6righeter f\u00f6rsvinner. Det v\u00e4rsta \u00e4r upplevelsen av kr\u00e4nkning. K\u00e4nslan n\u00e4r n\u00e5gon har varit inne i ditt hem utan att fr\u00e5ga om lov. Otryggheten. Inte s\u00e4llan flyttar den som varit utsatt f\u00f6r inbrott \u2013 k\u00e4nslan av intr\u00e5ng \u00e4r alltf\u00f6r stor \u2013 och blir d\u00e4rmed dubbelt drabbad. Enligt BR\u00c5:s nationella trygghetsunders\u00f6kning \u00e4r bostadsinbrott det brott som flest m\u00e4nniskor oroar sig \u00f6ver att r\u00e5ka ut f\u00f6r. Inte minst \u00e4r oron stor nu under semestern.<\/p>\n<p>Inbrottstjuvarna ing\u00e5r ofta i olika typer av kriminella n\u00e4tverk som r\u00f6r sig \u00f6ver stora omr\u00e5den, \u00e4ven \u00f6ver nationsgr\u00e4nserna. Att ocks\u00e5 polisen m\u00e5ste samarbeta \u00f6ver olika geografiska och organisatoriska gr\u00e4nser \u00e4r uppenbart.<\/p>\n<p>Inbrottstjuvar \u00e4r i regel \u00e5terfallsf\u00f6rbrytare. De d\u00f6ms i allm\u00e4nhet bara f\u00f6r enstaka brottstillf\u00e4llen, \u00e4ven om det finns bevisning f\u00f6r fler likartade brott. S\u00e5 borde det inte vara. Kristdemokraterna och \u00f6vriga Alliansen prioriterar kampen mot bostadsinbrott genom att skapa en ny brottsrubricering, inbrottsst\u00f6ld. F\u00f6r en inbrottsst\u00f6ld b\u00f6r minimistraffet vara f\u00e4ngelse ett \u00e5r. Det skulle medf\u00f6ra att f\u00e4ngelse v\u00e4ljs som p\u00e5f\u00f6ljd i betydligt st\u00f6rre omfattning \u00e4n i dag. Straffet ska helt enkelt st\u00e5 i b\u00e4ttre proportion till brottets allvar och till den kr\u00e4nkning som det inneb\u00e4r f\u00f6r brottsoffren.<\/p>\n<p>Bek\u00e4mpningen av den organiserade brottsligheten, b\u00e5de den lokala och den mobila, m\u00e5ste prioriteras om vi ska minska inbrotten. Idag \u00e4r bostadsinbrott en av de brottstyper som har l\u00e4gst uppklarningsgrad, endast 4 procent. Det \u00e4r uppenbart att polisen beh\u00f6ver samarbeta mer \u00f6ver geografiska och organisatoriska gr\u00e4nser. Parallellt beh\u00f6ver m\u00e5len f\u00f6r polisens arbete omformuleras. I dag \u00e4r det f\u00f6r stort fokus p\u00e5 m\u00e4tbara resultat, vilket kan leda till att l\u00e4ttare brott som ger h\u00f6g uppklarandeprocent prioriteras framf\u00f6r sv\u00e5ra.<br \/>\nVi anser att arbetet mot m\u00e4ngdbrott beh\u00f6ver vidareutvecklas. St\u00f6ld, skadeg\u00f6relse och andra vanliga brott drabbar m\u00e4nniskor i vardagen. Fler brott m\u00e5ste klaras upp och handl\u00e4ggningstiderna beh\u00f6ver bli kortare.<\/p>\n<p>\u00c4ven grannsamverkan kan minska brotten, de boende kan hj\u00e4lpas \u00e5t att h\u00e5lla uppsikt \u00f6ver varandras bost\u00e4der och n\u00e4romr\u00e5det. Sj\u00e4lvklart ska det frivilliga engagemanget inte inneb\u00e4ra att polisen drar ner p\u00e5 ambitionerna f\u00f6r den egna verksamheten. I och med att grannar l\u00e4r k\u00e4nna varandra och hj\u00e4lper varandra rent praktiskt, \u00f6kar ofta tryggheten f\u00f6r de boende i omr\u00e5det.<\/p>\n<p><strong>Caroline Szyber (KD)<\/strong><br \/>\nRiksdagsledamot och r\u00e4ttspolitisk talesperson<\/p>\n<p><strong>Anders Andersson (KD) J\u00e4rnforsen<\/strong><br \/>\nRiksdagsledamot f\u00f6r Kalmar l\u00e4n<\/p>\n<p><strong>Jimmy Loord (KD) Nybro<\/strong><br \/>\nRiksdagskandidat Kalmar l\u00e4n<\/p>\n","protected":false},"excerpt":{"rendered":"<p>Debattartikel: Bostadsinbrott \u00e4r det brott som flest m\u00e4nniskor oroar sig \u00f6ver att r\u00e5ka ut f\u00f6r. Samtidigt \u00e4r uppklarningsprocenten l\u00e4gre \u00e4n f\u00f6r andra brott. Det v\u00e4rsta med att uts\u00e4ttas f\u00f6r ett inbrott \u00e4r inte att ens saker f\u00f6rsvinner. Det v\u00e4rsta \u00e4r upplevelsen av kr\u00e4nkning. N\u00e5gon har varit inne i ditt hem utan att fr\u00e5ga om lov. <a class=\"read-more-link\" href=\"https:\/\/wp.kristdemokraterna.se\/kalmarlan\/villainbrott-ett-vaxande-hot-mot-tryggheten\/\">Read More<\/a><\/p>\n","protected":false},"author":417,"featured_media":0,"comment_status":"open","ping_status":"open","sticky":false,"template":"","format":"standard","meta":{"_acf_changed":false,"footnotes":""},"categories":[1],"tags":[],"class_list":["post-441","post","type-post","status-publish","format-standard","hentry","category-okategoriserade"],"acf":[],"yoast_head":"<!-- This site is optimized with the Yoast SEO plugin v27.4 - https:\/\/yoast.com\/product\/yoast-seo-wordpress\/ -->\n<title>Villainbrott \u2013 ett v\u00e4xande hot mot tryggheten - i Kalmar l\u00e4n<\/title>\n<meta name=\"robots\" content=\"index, follow, max-snippet:-1, max-image-preview:large, max-video-preview:-1\" \/>\n<link rel=\"canonical\" href=\"https:\/\/wp.kristdemokraterna.se\/kalmarlan\/villainbrott-ett-vaxande-hot-mot-tryggheten\/\" \/>\n<meta property=\"og:locale\" content=\"sv_SE\" \/>\n<meta property=\"og:type\" content=\"article\" \/>\n<meta property=\"og:title\" content=\"Villainbrott \u2013 ett v\u00e4xande hot mot tryggheten - i Kalmar l\u00e4n\" \/>\n<meta property=\"og:description\" content=\"Debattartikel: Bostadsinbrott \u00e4r det brott som flest m\u00e4nniskor oroar sig \u00f6ver att r\u00e5ka ut f\u00f6r. Samtidigt \u00e4r uppklarningsprocenten l\u00e4gre \u00e4n f\u00f6r andra brott. Det v\u00e4rsta med att uts\u00e4ttas f\u00f6r ett inbrott \u00e4r inte att ens saker f\u00f6rsvinner. Det v\u00e4rsta \u00e4r upplevelsen av kr\u00e4nkning. N\u00e5gon har varit inne i ditt hem utan att fr\u00e5ga om lov. Read More\" \/>\n<meta property=\"og:url\" content=\"https:\/\/wp.kristdemokraterna.se\/kalmarlan\/villainbrott-ett-vaxande-hot-mot-tryggheten\/\" \/>\n<meta property=\"og:site_name\" content=\"i Kalmar l\u00e4n\" \/>\n<meta property=\"article:published_time\" content=\"2014-08-06T20:03:35+00:00\" \/>\n<meta name=\"author\" content=\"kalmarlan\" \/>\n<meta name=\"twitter:card\" content=\"summary_large_image\" \/>\n<meta name=\"twitter:label1\" content=\"Skriven av\" \/>\n\t<meta name=\"twitter:data1\" content=\"kalmarlan\" \/>\n\t<meta name=\"twitter:label2\" content=\"Ber\u00e4knad l\u00e4stid\" \/>\n\t<meta name=\"twitter:data2\" content=\"3 minuter\" \/>\n<script type=\"application\/ld+json\" class=\"yoast-schema-graph\">{\"@context\":\"https:\\\/\\\/schema.org\",\"@graph\":[{\"@type\":\"Article\",\"@id\":\"https:\\\/\\\/wp.kristdemokraterna.se\\\/kalmarlan\\\/villainbrott-ett-vaxande-hot-mot-tryggheten\\\/#article\",\"isPartOf\":{\"@id\":\"https:\\\/\\\/wp.kristdemokraterna.se\\\/kalmarlan\\\/villainbrott-ett-vaxande-hot-mot-tryggheten\\\/\"},\"author\":{\"name\":\"kalmarlan\",\"@id\":\"https:\\\/\\\/wp.kristdemokraterna.se\\\/kalmarlan\\\/#\\\/schema\\\/person\\\/a1856739934bf9c6a11fb258646ea2a5\"},\"headline\":\"Villainbrott \u2013 ett v\u00e4xande hot mot tryggheten\",\"datePublished\":\"2014-08-06T20:03:35+00:00\",\"mainEntityOfPage\":{\"@id\":\"https:\\\/\\\/wp.kristdemokraterna.se\\\/kalmarlan\\\/villainbrott-ett-vaxande-hot-mot-tryggheten\\\/\"},\"wordCount\":573,\"commentCount\":0,\"inLanguage\":\"sv-SE\"},{\"@type\":\"WebPage\",\"@id\":\"https:\\\/\\\/wp.kristdemokraterna.se\\\/kalmarlan\\\/villainbrott-ett-vaxande-hot-mot-tryggheten\\\/\",\"url\":\"https:\\\/\\\/wp.kristdemokraterna.se\\\/kalmarlan\\\/villainbrott-ett-vaxande-hot-mot-tryggheten\\\/\",\"name\":\"Villainbrott \u2013 ett v\u00e4xande hot mot tryggheten - i Kalmar l\u00e4n\",\"isPartOf\":{\"@id\":\"https:\\\/\\\/wp.kristdemokraterna.se\\\/kalmarlan\\\/#website\"},\"datePublished\":\"2014-08-06T20:03:35+00:00\",\"author\":{\"@id\":\"https:\\\/\\\/wp.kristdemokraterna.se\\\/kalmarlan\\\/#\\\/schema\\\/person\\\/a1856739934bf9c6a11fb258646ea2a5\"},\"breadcrumb\":{\"@id\":\"https:\\\/\\\/wp.kristdemokraterna.se\\\/kalmarlan\\\/villainbrott-ett-vaxande-hot-mot-tryggheten\\\/#breadcrumb\"},\"inLanguage\":\"sv-SE\",\"potentialAction\":[{\"@type\":\"ReadAction\",\"target\":[\"https:\\\/\\\/wp.kristdemokraterna.se\\\/kalmarlan\\\/villainbrott-ett-vaxande-hot-mot-tryggheten\\\/\"]}]},{\"@type\":\"BreadcrumbList\",\"@id\":\"https:\\\/\\\/wp.kristdemokraterna.se\\\/kalmarlan\\\/villainbrott-ett-vaxande-hot-mot-tryggheten\\\/#breadcrumb\",\"itemListElement\":[{\"@type\":\"ListItem\",\"position\":1,\"name\":\"Hem\",\"item\":\"https:\\\/\\\/wp.kristdemokraterna.se\\\/kalmarlan\\\/\"},{\"@type\":\"ListItem\",\"position\":2,\"name\":\"Villainbrott \u2013 ett v\u00e4xande hot mot tryggheten\"}]},{\"@type\":\"WebSite\",\"@id\":\"https:\\\/\\\/wp.kristdemokraterna.se\\\/kalmarlan\\\/#website\",\"url\":\"https:\\\/\\\/wp.kristdemokraterna.se\\\/kalmarlan\\\/\",\"name\":\"i Kalmar l\u00e4n\",\"description\":\"\",\"inLanguage\":\"sv-SE\"},{\"@type\":\"Person\",\"@id\":\"https:\\\/\\\/wp.kristdemokraterna.se\\\/kalmarlan\\\/#\\\/schema\\\/person\\\/a1856739934bf9c6a11fb258646ea2a5\",\"name\":\"kalmarlan\",\"image\":{\"@type\":\"ImageObject\",\"inLanguage\":\"sv-SE\",\"@id\":\"https:\\\/\\\/secure.gravatar.com\\\/avatar\\\/ef1f7dcd1b21be34f0f3e58a032955c2de43794b20090a23118cd0e2a8964e6e?s=96&r=g\",\"url\":\"https:\\\/\\\/secure.gravatar.com\\\/avatar\\\/ef1f7dcd1b21be34f0f3e58a032955c2de43794b20090a23118cd0e2a8964e6e?s=96&r=g\",\"contentUrl\":\"https:\\\/\\\/secure.gravatar.com\\\/avatar\\\/ef1f7dcd1b21be34f0f3e58a032955c2de43794b20090a23118cd0e2a8964e6e?s=96&r=g\",\"caption\":\"kalmarlan\"},\"url\":\"https:\\\/\\\/wp.kristdemokraterna.se\\\/kalmarlan\\\/author\\\/kalmarlan\\\/\"}]}<\/script>\n<!-- \/ Yoast SEO plugin. -->","yoast_head_json":{"title":"Villainbrott \u2013 ett v\u00e4xande hot mot tryggheten - i Kalmar l\u00e4n","robots":{"index":"index","follow":"follow","max-snippet":"max-snippet:-1","max-image-preview":"max-image-preview:large","max-video-preview":"max-video-preview:-1"},"canonical":"https:\/\/wp.kristdemokraterna.se\/kalmarlan\/villainbrott-ett-vaxande-hot-mot-tryggheten\/","og_locale":"sv_SE","og_type":"article","og_title":"Villainbrott \u2013 ett v\u00e4xande hot mot tryggheten - i Kalmar l\u00e4n","og_description":"Debattartikel: Bostadsinbrott \u00e4r det brott som flest m\u00e4nniskor oroar sig \u00f6ver att r\u00e5ka ut f\u00f6r. Samtidigt \u00e4r uppklarningsprocenten l\u00e4gre \u00e4n f\u00f6r andra brott. Det v\u00e4rsta med att uts\u00e4ttas f\u00f6r ett inbrott \u00e4r inte att ens saker f\u00f6rsvinner. Det v\u00e4rsta \u00e4r upplevelsen av kr\u00e4nkning. N\u00e5gon har varit inne i ditt hem utan att fr\u00e5ga om lov. Read More","og_url":"https:\/\/wp.kristdemokraterna.se\/kalmarlan\/villainbrott-ett-vaxande-hot-mot-tryggheten\/","og_site_name":"i Kalmar l\u00e4n","article_published_time":"2014-08-06T20:03:35+00:00","author":"kalmarlan","twitter_card":"summary_large_image","twitter_misc":{"Skriven av":"kalmarlan","Ber\u00e4knad l\u00e4stid":"3 minuter"},"schema":{"@context":"https:\/\/schema.org","@graph":[{"@type":"Article","@id":"https:\/\/wp.kristdemokraterna.se\/kalmarlan\/villainbrott-ett-vaxande-hot-mot-tryggheten\/#article","isPartOf":{"@id":"https:\/\/wp.kristdemokraterna.se\/kalmarlan\/villainbrott-ett-vaxande-hot-mot-tryggheten\/"},"author":{"name":"kalmarlan","@id":"https:\/\/wp.kristdemokraterna.se\/kalmarlan\/#\/schema\/person\/a1856739934bf9c6a11fb258646ea2a5"},"headline":"Villainbrott \u2013 ett v\u00e4xande hot mot tryggheten","datePublished":"2014-08-06T20:03:35+00:00","mainEntityOfPage":{"@id":"https:\/\/wp.kristdemokraterna.se\/kalmarlan\/villainbrott-ett-vaxande-hot-mot-tryggheten\/"},"wordCount":573,"commentCount":0,"inLanguage":"sv-SE"},{"@type":"WebPage","@id":"https:\/\/wp.kristdemokraterna.se\/kalmarlan\/villainbrott-ett-vaxande-hot-mot-tryggheten\/","url":"https:\/\/wp.kristdemokraterna.se\/kalmarlan\/villainbrott-ett-vaxande-hot-mot-tryggheten\/","name":"Villainbrott \u2013 ett v\u00e4xande hot mot tryggheten - i Kalmar l\u00e4n","isPartOf":{"@id":"https:\/\/wp.kristdemokraterna.se\/kalmarlan\/#website"},"datePublished":"2014-08-06T20:03:35+00:00","author":{"@id":"https:\/\/wp.kristdemokraterna.se\/kalmarlan\/#\/schema\/person\/a1856739934bf9c6a11fb258646ea2a5"},"breadcrumb":{"@id":"https:\/\/wp.kristdemokraterna.se\/kalmarlan\/villainbrott-ett-vaxande-hot-mot-tryggheten\/#breadcrumb"},"inLanguage":"sv-SE","potentialAction":[{"@type":"ReadAction","target":["https:\/\/wp.kristdemokraterna.se\/kalmarlan\/villainbrott-ett-vaxande-hot-mot-tryggheten\/"]}]},{"@type":"BreadcrumbList","@id":"https:\/\/wp.kristdemokraterna.se\/kalmarlan\/villainbrott-ett-vaxande-hot-mot-tryggheten\/#breadcrumb","itemListElement":[{"@type":"ListItem","position":1,"name":"Hem","item":"https:\/\/wp.kristdemokraterna.se\/kalmarlan\/"},{"@type":"ListItem","position":2,"name":"Villainbrott \u2013 ett v\u00e4xande hot mot tryggheten"}]},{"@type":"WebSite","@id":"https:\/\/wp.kristdemokraterna.se\/kalmarlan\/#website","url":"https:\/\/wp.kristdemokraterna.se\/kalmarlan\/","name":"i Kalmar l\u00e4n","description":"","inLanguage":"sv-SE"},{"@type":"Person","@id":"https:\/\/wp.kristdemokraterna.se\/kalmarlan\/#\/schema\/person\/a1856739934bf9c6a11fb258646ea2a5","name":"kalmarlan","image":{"@type":"ImageObject","inLanguage":"sv-SE","@id":"https:\/\/secure.gravatar.com\/avatar\/ef1f7dcd1b21be34f0f3e58a032955c2de43794b20090a23118cd0e2a8964e6e?s=96&r=g","url":"https:\/\/secure.gravatar.com\/avatar\/ef1f7dcd1b21be34f0f3e58a032955c2de43794b20090a23118cd0e2a8964e6e?s=96&r=g","contentUrl":"https:\/\/secure.gravatar.com\/avatar\/ef1f7dcd1b21be34f0f3e58a032955c2de43794b20090a23118cd0e2a8964e6e?s=96&r=g","caption":"kalmarlan"},"url":"https:\/\/wp.kristdemokraterna.se\/kalmarlan\/author\/kalmarlan\/"}]}},"_links":{"self":[{"href":"https:\/\/wp.kristdemokraterna.se\/kalmarlan\/wp-json\/wp\/v2\/posts\/441","targetHints":{"allow":["GET"]}}],"collection":[{"href":"https:\/\/wp.kristdemokraterna.se\/kalmarlan\/wp-json\/wp\/v2\/posts"}],"about":[{"href":"https:\/\/wp.kristdemokraterna.se\/kalmarlan\/wp-json\/wp\/v2\/types\/post"}],"author":[{"embeddable":true,"href":"https:\/\/wp.kristdemokraterna.se\/kalmarlan\/wp-json\/wp\/v2\/users\/417"}],"replies":[{"embeddable":true,"href":"https:\/\/wp.kristdemokraterna.se\/kalmarlan\/wp-json\/wp\/v2\/comments?post=441"}],"version-history":[{"count":1,"href":"https:\/\/wp.kristdemokraterna.se\/kalmarlan\/wp-json\/wp\/v2\/posts\/441\/revisions"}],"predecessor-version":[{"id":442,"href":"https:\/\/wp.kristdemokraterna.se\/kalmarlan\/wp-json\/wp\/v2\/posts\/441\/revisions\/442"}],"wp:attachment":[{"href":"https:\/\/wp.kristdemokraterna.se\/kalmarlan\/wp-json\/wp\/v2\/media?parent=441"}],"wp:term":[{"taxonomy":"category","embeddable":true,"href":"https:\/\/wp.kristdemokraterna.se\/kalmarlan\/wp-json\/wp\/v2\/categories?post=441"},{"taxonomy":"post_tag","embeddable":true,"href":"https:\/\/wp.kristdemokraterna.se\/kalmarlan\/wp-json\/wp\/v2\/tags?post=441"}],"curies":[{"name":"wp","href":"https:\/\/api.w.org\/{rel}","templated":true}]}}