{"id":443,"date":"2014-08-11T14:26:07","date_gmt":"2014-08-11T12:26:07","guid":{"rendered":"http:\/\/wp.kristdemokraterna.se\/kalmarlan\/?p=443"},"modified":"2014-08-11T14:26:54","modified_gmt":"2014-08-11T12:26:54","slug":"nordiskt-sjukvardssamarbete","status":"publish","type":"post","link":"https:\/\/wp.kristdemokraterna.se\/kalmarlan\/nordiskt-sjukvardssamarbete\/","title":{"rendered":"Nordiskt sjukv\u00e5rdssamarbete!"},"content":{"rendered":"<p>Under m\u00e5ndagen bedriver riksdagsledamot Anders Andersson (KD) sin &#8221;valkampanj&#8221; fr\u00e5n K\u00f6penhamn.<br \/>\n\u00c4ven om det \u00e4r val\u00e5r s\u00e5 g\u00e4ller att fullf\u00f6lja de uppdrag man har och under m\u00e5ndagen \u00e4r det m\u00f6te med Mittengruppen i Nordiska r\u00e5det och d\u00e5 kommer Anders Andersson som utskottsordf\u00f6rande i Nordiska r\u00e5dets v\u00e4lf\u00e4rdsutskott att kommentera den rapport om det framtida nordiska h\u00e4lsosamarbetet som Bo K\u00f6nberg avl\u00e4mnat till Nordiska Ministerr\u00e5det.<\/p>\n<p>Mittengruppen i Nordiska r\u00e5det som best\u00e5r av &#8211; centern, folkpartiet, kristdemokraterna och milj\u00f6partiet &#8211; v\u00e4lkomnar Bo K\u00f6nbergs rapport till framtida nordiska sjukv\u00e5rdssamarbetet. Av de 14 f\u00f6rslagen i K\u00f6nberg-rapporten vill jag s\u00e4rskilt peka p\u00e5 tre, s\u00e4ger Anders Andersson (KD). Det g\u00e4ller samverkan runt s\u00e4llsynta diagnoser och ovanliga l\u00e4kemedel samt kraftfulla insatser mot den \u00f6kande antibiotikaresistensen. <\/p>\n<p>&#8211; M\u00f6jligheterna att utveckla kunskap kring s\u00e4llsynta diagnoser och v\u00e5rd till patienter med dessa s\u00e4llsynta sjukdoma \u00e4r f\u00f6r mig den viktigaste insatsen vi kan n\u00e5 genom ett ut\u00f6kat nordiskt samarbete s\u00e4ger Anders Andersson (KD), ordf\u00f6rande i Nordiska r\u00e5dets v\u00e4lf\u00e4rdsutskott, ledamot i socialutskottet i Sveriges riksdag och Mittengruppens talesperson f\u00f6r social- och h\u00e4lsov\u00e5rdsfr\u00e5gor. <\/p>\n<p>Varje enskilt nordiskt lands befolkning \u00e4r ett f\u00f6r litet underlag f\u00f6r att klara forskning och utveckling, diagnos och behandling av de m\u00e5nga s\u00e4llsynta diagnoserna. Tillsammans har de nordiska l\u00e4nderna cirka 26 miljoner inv\u00e5nare, och ett n\u00e4ra samarbete kan f\u00f6rb\u00e4ttra v\u00e5rden f\u00f6r m\u00e5nga drabbade.<\/p>\n<p>&#8211; \u00c4ven Bo K\u00f6nbergs f\u00f6rslag d\u00e4r han f\u00f6resl\u00e5r ett ut\u00f6kat samarbete om s\u00e4llsynta l\u00e4kemedel \u00e4r ett naturligt steg i str\u00e4van efter nytta f\u00f6r b\u00e5de patienten och sjukv\u00e5rdsutgifterna, Sj\u00e4lvklart kr\u00e4vs ocks\u00e5 kraftfulla insatser mot den \u00f6kande antibiotikaresistensen vilket framh\u00e5lls i rapporten, s\u00e4ger Anders Andersson (KD) n\u00e4r han p\u00e5 m\u00e5ndagen var i K\u00f6penhamn och tr\u00e4ffade Mittengruppens ledam\u00f6ter fr\u00e5n Island, Norge, Finland och Danmark. I m\u00f6tet deltar ocks\u00e5 Dagfinn H\u00f6ybr\u00e5ten, generalsekreterare i Nordiska Ministerr\u00e5det. <\/p>\n<p><a href=\"http:\/\/www.norden.org\/sv\/publikationer\/publikationer\/2014-730\">K\u00f6nberg-rapporte<\/a>n<\/p>\n","protected":false},"excerpt":{"rendered":"<p>Under m\u00e5ndagen bedriver riksdagsledamot Anders Andersson (KD) sin &#8221;valkampanj&#8221; fr\u00e5n K\u00f6penhamn. \u00c4ven om det \u00e4r val\u00e5r s\u00e5 g\u00e4ller att fullf\u00f6lja de uppdrag man har och under m\u00e5ndagen \u00e4r det m\u00f6te med Mittengruppen i Nordiska r\u00e5det och d\u00e5 kommer Anders Andersson som utskottsordf\u00f6rande i Nordiska r\u00e5dets v\u00e4lf\u00e4rdsutskott att kommentera den rapport om det framtida nordiska h\u00e4lsosamarbetet <a class=\"read-more-link\" href=\"https:\/\/wp.kristdemokraterna.se\/kalmarlan\/nordiskt-sjukvardssamarbete\/\">Read More<\/a><\/p>\n","protected":false},"author":417,"featured_media":0,"comment_status":"open","ping_status":"open","sticky":false,"template":"","format":"standard","meta":{"_acf_changed":false,"footnotes":""},"categories":[1],"tags":[],"class_list":["post-443","post","type-post","status-publish","format-standard","hentry","category-okategoriserade"],"acf":[],"yoast_head":"<!-- This site is optimized with the Yoast SEO plugin v27.4 - https:\/\/yoast.com\/product\/yoast-seo-wordpress\/ -->\n<title>Nordiskt sjukv\u00e5rdssamarbete! - i Kalmar l\u00e4n<\/title>\n<meta name=\"robots\" content=\"index, follow, max-snippet:-1, max-image-preview:large, max-video-preview:-1\" \/>\n<link rel=\"canonical\" href=\"https:\/\/wp.kristdemokraterna.se\/kalmarlan\/nordiskt-sjukvardssamarbete\/\" \/>\n<meta property=\"og:locale\" content=\"sv_SE\" \/>\n<meta property=\"og:type\" content=\"article\" \/>\n<meta property=\"og:title\" content=\"Nordiskt sjukv\u00e5rdssamarbete! - i Kalmar l\u00e4n\" \/>\n<meta property=\"og:description\" content=\"Under m\u00e5ndagen bedriver riksdagsledamot Anders Andersson (KD) sin &#8221;valkampanj&#8221; fr\u00e5n K\u00f6penhamn. \u00c4ven om det \u00e4r val\u00e5r s\u00e5 g\u00e4ller att fullf\u00f6lja de uppdrag man har och under m\u00e5ndagen \u00e4r det m\u00f6te med Mittengruppen i Nordiska r\u00e5det och d\u00e5 kommer Anders Andersson som utskottsordf\u00f6rande i Nordiska r\u00e5dets v\u00e4lf\u00e4rdsutskott att kommentera den rapport om det framtida nordiska h\u00e4lsosamarbetet Read More\" \/>\n<meta property=\"og:url\" content=\"https:\/\/wp.kristdemokraterna.se\/kalmarlan\/nordiskt-sjukvardssamarbete\/\" \/>\n<meta property=\"og:site_name\" content=\"i Kalmar l\u00e4n\" \/>\n<meta property=\"article:published_time\" content=\"2014-08-11T12:26:07+00:00\" \/>\n<meta property=\"article:modified_time\" content=\"2014-08-11T12:26:54+00:00\" \/>\n<meta name=\"author\" content=\"kalmarlan\" \/>\n<meta name=\"twitter:card\" content=\"summary_large_image\" \/>\n<meta name=\"twitter:label1\" content=\"Skriven av\" \/>\n\t<meta name=\"twitter:data1\" content=\"kalmarlan\" \/>\n\t<meta name=\"twitter:label2\" content=\"Ber\u00e4knad l\u00e4stid\" \/>\n\t<meta name=\"twitter:data2\" content=\"2 minuter\" \/>\n<script type=\"application\/ld+json\" class=\"yoast-schema-graph\">{\"@context\":\"https:\\\/\\\/schema.org\",\"@graph\":[{\"@type\":\"Article\",\"@id\":\"https:\\\/\\\/wp.kristdemokraterna.se\\\/kalmarlan\\\/nordiskt-sjukvardssamarbete\\\/#article\",\"isPartOf\":{\"@id\":\"https:\\\/\\\/wp.kristdemokraterna.se\\\/kalmarlan\\\/nordiskt-sjukvardssamarbete\\\/\"},\"author\":{\"name\":\"kalmarlan\",\"@id\":\"https:\\\/\\\/wp.kristdemokraterna.se\\\/kalmarlan\\\/#\\\/schema\\\/person\\\/a1856739934bf9c6a11fb258646ea2a5\"},\"headline\":\"Nordiskt sjukv\u00e5rdssamarbete!\",\"datePublished\":\"2014-08-11T12:26:07+00:00\",\"dateModified\":\"2014-08-11T12:26:54+00:00\",\"mainEntityOfPage\":{\"@id\":\"https:\\\/\\\/wp.kristdemokraterna.se\\\/kalmarlan\\\/nordiskt-sjukvardssamarbete\\\/\"},\"wordCount\":368,\"commentCount\":0,\"inLanguage\":\"sv-SE\"},{\"@type\":\"WebPage\",\"@id\":\"https:\\\/\\\/wp.kristdemokraterna.se\\\/kalmarlan\\\/nordiskt-sjukvardssamarbete\\\/\",\"url\":\"https:\\\/\\\/wp.kristdemokraterna.se\\\/kalmarlan\\\/nordiskt-sjukvardssamarbete\\\/\",\"name\":\"Nordiskt sjukv\u00e5rdssamarbete! - i Kalmar l\u00e4n\",\"isPartOf\":{\"@id\":\"https:\\\/\\\/wp.kristdemokraterna.se\\\/kalmarlan\\\/#website\"},\"datePublished\":\"2014-08-11T12:26:07+00:00\",\"dateModified\":\"2014-08-11T12:26:54+00:00\",\"author\":{\"@id\":\"https:\\\/\\\/wp.kristdemokraterna.se\\\/kalmarlan\\\/#\\\/schema\\\/person\\\/a1856739934bf9c6a11fb258646ea2a5\"},\"breadcrumb\":{\"@id\":\"https:\\\/\\\/wp.kristdemokraterna.se\\\/kalmarlan\\\/nordiskt-sjukvardssamarbete\\\/#breadcrumb\"},\"inLanguage\":\"sv-SE\",\"potentialAction\":[{\"@type\":\"ReadAction\",\"target\":[\"https:\\\/\\\/wp.kristdemokraterna.se\\\/kalmarlan\\\/nordiskt-sjukvardssamarbete\\\/\"]}]},{\"@type\":\"BreadcrumbList\",\"@id\":\"https:\\\/\\\/wp.kristdemokraterna.se\\\/kalmarlan\\\/nordiskt-sjukvardssamarbete\\\/#breadcrumb\",\"itemListElement\":[{\"@type\":\"ListItem\",\"position\":1,\"name\":\"Hem\",\"item\":\"https:\\\/\\\/wp.kristdemokraterna.se\\\/kalmarlan\\\/\"},{\"@type\":\"ListItem\",\"position\":2,\"name\":\"Nordiskt sjukv\u00e5rdssamarbete!\"}]},{\"@type\":\"WebSite\",\"@id\":\"https:\\\/\\\/wp.kristdemokraterna.se\\\/kalmarlan\\\/#website\",\"url\":\"https:\\\/\\\/wp.kristdemokraterna.se\\\/kalmarlan\\\/\",\"name\":\"i Kalmar l\u00e4n\",\"description\":\"\",\"inLanguage\":\"sv-SE\"},{\"@type\":\"Person\",\"@id\":\"https:\\\/\\\/wp.kristdemokraterna.se\\\/kalmarlan\\\/#\\\/schema\\\/person\\\/a1856739934bf9c6a11fb258646ea2a5\",\"name\":\"kalmarlan\",\"image\":{\"@type\":\"ImageObject\",\"inLanguage\":\"sv-SE\",\"@id\":\"https:\\\/\\\/secure.gravatar.com\\\/avatar\\\/ef1f7dcd1b21be34f0f3e58a032955c2de43794b20090a23118cd0e2a8964e6e?s=96&r=g\",\"url\":\"https:\\\/\\\/secure.gravatar.com\\\/avatar\\\/ef1f7dcd1b21be34f0f3e58a032955c2de43794b20090a23118cd0e2a8964e6e?s=96&r=g\",\"contentUrl\":\"https:\\\/\\\/secure.gravatar.com\\\/avatar\\\/ef1f7dcd1b21be34f0f3e58a032955c2de43794b20090a23118cd0e2a8964e6e?s=96&r=g\",\"caption\":\"kalmarlan\"},\"url\":\"https:\\\/\\\/wp.kristdemokraterna.se\\\/kalmarlan\\\/author\\\/kalmarlan\\\/\"}]}<\/script>\n<!-- \/ Yoast SEO plugin. -->","yoast_head_json":{"title":"Nordiskt sjukv\u00e5rdssamarbete! - i Kalmar l\u00e4n","robots":{"index":"index","follow":"follow","max-snippet":"max-snippet:-1","max-image-preview":"max-image-preview:large","max-video-preview":"max-video-preview:-1"},"canonical":"https:\/\/wp.kristdemokraterna.se\/kalmarlan\/nordiskt-sjukvardssamarbete\/","og_locale":"sv_SE","og_type":"article","og_title":"Nordiskt sjukv\u00e5rdssamarbete! - i Kalmar l\u00e4n","og_description":"Under m\u00e5ndagen bedriver riksdagsledamot Anders Andersson (KD) sin &#8221;valkampanj&#8221; fr\u00e5n K\u00f6penhamn. \u00c4ven om det \u00e4r val\u00e5r s\u00e5 g\u00e4ller att fullf\u00f6lja de uppdrag man har och under m\u00e5ndagen \u00e4r det m\u00f6te med Mittengruppen i Nordiska r\u00e5det och d\u00e5 kommer Anders Andersson som utskottsordf\u00f6rande i Nordiska r\u00e5dets v\u00e4lf\u00e4rdsutskott att kommentera den rapport om det framtida nordiska h\u00e4lsosamarbetet Read More","og_url":"https:\/\/wp.kristdemokraterna.se\/kalmarlan\/nordiskt-sjukvardssamarbete\/","og_site_name":"i Kalmar l\u00e4n","article_published_time":"2014-08-11T12:26:07+00:00","article_modified_time":"2014-08-11T12:26:54+00:00","author":"kalmarlan","twitter_card":"summary_large_image","twitter_misc":{"Skriven av":"kalmarlan","Ber\u00e4knad l\u00e4stid":"2 minuter"},"schema":{"@context":"https:\/\/schema.org","@graph":[{"@type":"Article","@id":"https:\/\/wp.kristdemokraterna.se\/kalmarlan\/nordiskt-sjukvardssamarbete\/#article","isPartOf":{"@id":"https:\/\/wp.kristdemokraterna.se\/kalmarlan\/nordiskt-sjukvardssamarbete\/"},"author":{"name":"kalmarlan","@id":"https:\/\/wp.kristdemokraterna.se\/kalmarlan\/#\/schema\/person\/a1856739934bf9c6a11fb258646ea2a5"},"headline":"Nordiskt sjukv\u00e5rdssamarbete!","datePublished":"2014-08-11T12:26:07+00:00","dateModified":"2014-08-11T12:26:54+00:00","mainEntityOfPage":{"@id":"https:\/\/wp.kristdemokraterna.se\/kalmarlan\/nordiskt-sjukvardssamarbete\/"},"wordCount":368,"commentCount":0,"inLanguage":"sv-SE"},{"@type":"WebPage","@id":"https:\/\/wp.kristdemokraterna.se\/kalmarlan\/nordiskt-sjukvardssamarbete\/","url":"https:\/\/wp.kristdemokraterna.se\/kalmarlan\/nordiskt-sjukvardssamarbete\/","name":"Nordiskt sjukv\u00e5rdssamarbete! - i Kalmar l\u00e4n","isPartOf":{"@id":"https:\/\/wp.kristdemokraterna.se\/kalmarlan\/#website"},"datePublished":"2014-08-11T12:26:07+00:00","dateModified":"2014-08-11T12:26:54+00:00","author":{"@id":"https:\/\/wp.kristdemokraterna.se\/kalmarlan\/#\/schema\/person\/a1856739934bf9c6a11fb258646ea2a5"},"breadcrumb":{"@id":"https:\/\/wp.kristdemokraterna.se\/kalmarlan\/nordiskt-sjukvardssamarbete\/#breadcrumb"},"inLanguage":"sv-SE","potentialAction":[{"@type":"ReadAction","target":["https:\/\/wp.kristdemokraterna.se\/kalmarlan\/nordiskt-sjukvardssamarbete\/"]}]},{"@type":"BreadcrumbList","@id":"https:\/\/wp.kristdemokraterna.se\/kalmarlan\/nordiskt-sjukvardssamarbete\/#breadcrumb","itemListElement":[{"@type":"ListItem","position":1,"name":"Hem","item":"https:\/\/wp.kristdemokraterna.se\/kalmarlan\/"},{"@type":"ListItem","position":2,"name":"Nordiskt sjukv\u00e5rdssamarbete!"}]},{"@type":"WebSite","@id":"https:\/\/wp.kristdemokraterna.se\/kalmarlan\/#website","url":"https:\/\/wp.kristdemokraterna.se\/kalmarlan\/","name":"i Kalmar l\u00e4n","description":"","inLanguage":"sv-SE"},{"@type":"Person","@id":"https:\/\/wp.kristdemokraterna.se\/kalmarlan\/#\/schema\/person\/a1856739934bf9c6a11fb258646ea2a5","name":"kalmarlan","image":{"@type":"ImageObject","inLanguage":"sv-SE","@id":"https:\/\/secure.gravatar.com\/avatar\/ef1f7dcd1b21be34f0f3e58a032955c2de43794b20090a23118cd0e2a8964e6e?s=96&r=g","url":"https:\/\/secure.gravatar.com\/avatar\/ef1f7dcd1b21be34f0f3e58a032955c2de43794b20090a23118cd0e2a8964e6e?s=96&r=g","contentUrl":"https:\/\/secure.gravatar.com\/avatar\/ef1f7dcd1b21be34f0f3e58a032955c2de43794b20090a23118cd0e2a8964e6e?s=96&r=g","caption":"kalmarlan"},"url":"https:\/\/wp.kristdemokraterna.se\/kalmarlan\/author\/kalmarlan\/"}]}},"_links":{"self":[{"href":"https:\/\/wp.kristdemokraterna.se\/kalmarlan\/wp-json\/wp\/v2\/posts\/443","targetHints":{"allow":["GET"]}}],"collection":[{"href":"https:\/\/wp.kristdemokraterna.se\/kalmarlan\/wp-json\/wp\/v2\/posts"}],"about":[{"href":"https:\/\/wp.kristdemokraterna.se\/kalmarlan\/wp-json\/wp\/v2\/types\/post"}],"author":[{"embeddable":true,"href":"https:\/\/wp.kristdemokraterna.se\/kalmarlan\/wp-json\/wp\/v2\/users\/417"}],"replies":[{"embeddable":true,"href":"https:\/\/wp.kristdemokraterna.se\/kalmarlan\/wp-json\/wp\/v2\/comments?post=443"}],"version-history":[{"count":1,"href":"https:\/\/wp.kristdemokraterna.se\/kalmarlan\/wp-json\/wp\/v2\/posts\/443\/revisions"}],"predecessor-version":[{"id":444,"href":"https:\/\/wp.kristdemokraterna.se\/kalmarlan\/wp-json\/wp\/v2\/posts\/443\/revisions\/444"}],"wp:attachment":[{"href":"https:\/\/wp.kristdemokraterna.se\/kalmarlan\/wp-json\/wp\/v2\/media?parent=443"}],"wp:term":[{"taxonomy":"category","embeddable":true,"href":"https:\/\/wp.kristdemokraterna.se\/kalmarlan\/wp-json\/wp\/v2\/categories?post=443"},{"taxonomy":"post_tag","embeddable":true,"href":"https:\/\/wp.kristdemokraterna.se\/kalmarlan\/wp-json\/wp\/v2\/tags?post=443"}],"curies":[{"name":"wp","href":"https:\/\/api.w.org\/{rel}","templated":true}]}}