{"id":446,"date":"2014-08-14T16:29:47","date_gmt":"2014-08-14T14:29:47","guid":{"rendered":"http:\/\/wp.kristdemokraterna.se\/kalmarlan\/?p=446"},"modified":"2014-08-14T16:29:47","modified_gmt":"2014-08-14T14:29:47","slug":"familjecentral-i-lindsdal-kd-fokus-infor-valet","status":"publish","type":"post","link":"https:\/\/wp.kristdemokraterna.se\/kalmarlan\/familjecentral-i-lindsdal-kd-fokus-infor-valet\/","title":{"rendered":"Familjecentral i Lindsdal KD-fokus inf\u00f6r valet"},"content":{"rendered":"<p><strong>&#8211; Alla sm\u00e5barnsf\u00f6r\u00e4ldrar i Lindsdal, L\u00e4ckeby och Rockneby borde ge socialdemokraterna underk\u00e4nt i b\u00e5de kommun- och landstingsvalet om en m\u00e5nad. Inf\u00f6r valet 2010 lovade de att det skulle finnas en familjecentral i Lindsdal redan 2011. Som synes \u00e4r den fortfarande inte ens p\u00e5b\u00f6rjad.<\/p>\n<p>Det s\u00e4ger landstingsr\u00e5det Gudrun Bruneg\u00e5rd vid en presstr\u00e4ff i anslutning till Lindsdals H\u00e4lsocentral p\u00e5 torsdagen, en m\u00e5nad f\u00f6re valet.<\/strong><\/p>\n<p>&#8211; F\u00f6r Kristdemokraterna \u00e4r familjen en viktig h\u00f6rnsten i samh\u00e4llsbygget. Barns uppv\u00e4xtvillkor \u00e4r partiets fr\u00e4msta fokusomr\u00e5de. Kristdemokraterna har pekat ut Lindsdal som n\u00e4sta plats d\u00e4r en familjecentral ska startas, s\u00e4ger Christopher Dywik, f\u00f6rstanamn i kommunvalet.<\/p>\n<p>&#8211; Familjecentraler \u00e4r en samverkan mellan \u00f6ppna f\u00f6rskolan och kommunens socialtj\u00e4nst respektive m\u00f6dra- och barnh\u00e4lsov\u00e5rden. Genom samarbetet kan alla familjer, oavsett hur de ser ut, f\u00e5 det st\u00f6d just de beh\u00f6ver, s\u00e4ger Arne Sj\u00f6berg, f\u00f6rstanamn p\u00e5 landstingsvalsedeln.<\/p>\n<p>&#8211; Vi kristdemokrater vill uppmuntra de insatser som g\u00f6rs av civilsamh\u00e4llet, f\u00f6reningsliv och kyrkorna. Vi vill d\u00e4rf\u00f6r st\u00e4rka samarbetet mellan den ideella sektorn och familjecentralen, men ocks\u00e5 med elevh\u00e4lsan. Ingen ska falla mellan stolarna, s\u00e4ger Tyra Graaf.<\/p>\n<p><a href=\"http:\/\/wp.kristdemokraterna.se\/kalmarlan\/files\/2014\/08\/img_1231.jpg\"><img decoding=\"async\" src=\"http:\/\/wp.kristdemokraterna.se\/kalmarlan\/files\/2014\/08\/img_1231.jpg\" alt=\"IMG_1231.JPG\" class=\"alignnone size-full\" \/><\/a><br \/>\nP\u00e5 bilden fr\u00e5n v\u00e4nster: Gudrun Bruneg\u00e5rd, Christopher Dywik, Tyra Graaf, Gerd Lansler, Arne Sj\u00f6berg och Karl-Gustav Kyrk.<\/p>\n","protected":false},"excerpt":{"rendered":"<p>&#8211; Alla sm\u00e5barnsf\u00f6r\u00e4ldrar i Lindsdal, L\u00e4ckeby och Rockneby borde ge socialdemokraterna underk\u00e4nt i b\u00e5de kommun- och landstingsvalet om en m\u00e5nad. Inf\u00f6r valet 2010 lovade de att det skulle finnas en familjecentral i Lindsdal redan 2011. Som synes \u00e4r den fortfarande inte ens p\u00e5b\u00f6rjad. Det s\u00e4ger landstingsr\u00e5det Gudrun Bruneg\u00e5rd vid en presstr\u00e4ff i anslutning till Lindsdals <a class=\"read-more-link\" href=\"https:\/\/wp.kristdemokraterna.se\/kalmarlan\/familjecentral-i-lindsdal-kd-fokus-infor-valet\/\">Read More<\/a><\/p>\n","protected":false},"author":417,"featured_media":0,"comment_status":"open","ping_status":"open","sticky":false,"template":"","format":"standard","meta":{"_acf_changed":false,"footnotes":""},"categories":[1],"tags":[],"class_list":["post-446","post","type-post","status-publish","format-standard","hentry","category-okategoriserade"],"acf":[],"yoast_head":"<!-- This site is optimized with the Yoast SEO plugin v27.4 - https:\/\/yoast.com\/product\/yoast-seo-wordpress\/ -->\n<title>Familjecentral i Lindsdal KD-fokus inf\u00f6r valet - i Kalmar l\u00e4n<\/title>\n<meta name=\"robots\" content=\"index, follow, max-snippet:-1, max-image-preview:large, max-video-preview:-1\" \/>\n<link rel=\"canonical\" href=\"https:\/\/wp.kristdemokraterna.se\/kalmarlan\/familjecentral-i-lindsdal-kd-fokus-infor-valet\/\" \/>\n<meta property=\"og:locale\" content=\"sv_SE\" \/>\n<meta property=\"og:type\" content=\"article\" \/>\n<meta property=\"og:title\" content=\"Familjecentral i Lindsdal KD-fokus inf\u00f6r valet - i Kalmar l\u00e4n\" \/>\n<meta property=\"og:description\" content=\"&#8211; Alla sm\u00e5barnsf\u00f6r\u00e4ldrar i Lindsdal, L\u00e4ckeby och Rockneby borde ge socialdemokraterna underk\u00e4nt i b\u00e5de kommun- och landstingsvalet om en m\u00e5nad. Inf\u00f6r valet 2010 lovade de att det skulle finnas en familjecentral i Lindsdal redan 2011. Som synes \u00e4r den fortfarande inte ens p\u00e5b\u00f6rjad. Det s\u00e4ger landstingsr\u00e5det Gudrun Bruneg\u00e5rd vid en presstr\u00e4ff i anslutning till Lindsdals Read More\" \/>\n<meta property=\"og:url\" content=\"https:\/\/wp.kristdemokraterna.se\/kalmarlan\/familjecentral-i-lindsdal-kd-fokus-infor-valet\/\" \/>\n<meta property=\"og:site_name\" content=\"i Kalmar l\u00e4n\" \/>\n<meta property=\"article:published_time\" content=\"2014-08-14T14:29:47+00:00\" \/>\n<meta property=\"og:image\" content=\"http:\/\/wp.kristdemokraterna.se\/kalmarlan\/files\/2014\/08\/img_1231.jpg\" \/>\n<meta name=\"author\" content=\"kalmarlan\" \/>\n<meta name=\"twitter:card\" content=\"summary_large_image\" \/>\n<meta name=\"twitter:label1\" content=\"Skriven av\" \/>\n\t<meta name=\"twitter:data1\" content=\"kalmarlan\" \/>\n\t<meta name=\"twitter:label2\" content=\"Ber\u00e4knad l\u00e4stid\" \/>\n\t<meta name=\"twitter:data2\" content=\"1 minut\" \/>\n<script type=\"application\/ld+json\" class=\"yoast-schema-graph\">{\"@context\":\"https:\\\/\\\/schema.org\",\"@graph\":[{\"@type\":\"Article\",\"@id\":\"https:\\\/\\\/wp.kristdemokraterna.se\\\/kalmarlan\\\/familjecentral-i-lindsdal-kd-fokus-infor-valet\\\/#article\",\"isPartOf\":{\"@id\":\"https:\\\/\\\/wp.kristdemokraterna.se\\\/kalmarlan\\\/familjecentral-i-lindsdal-kd-fokus-infor-valet\\\/\"},\"author\":{\"name\":\"kalmarlan\",\"@id\":\"https:\\\/\\\/wp.kristdemokraterna.se\\\/kalmarlan\\\/#\\\/schema\\\/person\\\/a1856739934bf9c6a11fb258646ea2a5\"},\"headline\":\"Familjecentral i Lindsdal KD-fokus inf\u00f6r valet\",\"datePublished\":\"2014-08-14T14:29:47+00:00\",\"mainEntityOfPage\":{\"@id\":\"https:\\\/\\\/wp.kristdemokraterna.se\\\/kalmarlan\\\/familjecentral-i-lindsdal-kd-fokus-infor-valet\\\/\"},\"wordCount\":242,\"commentCount\":0,\"image\":{\"@id\":\"https:\\\/\\\/wp.kristdemokraterna.se\\\/kalmarlan\\\/familjecentral-i-lindsdal-kd-fokus-infor-valet\\\/#primaryimage\"},\"thumbnailUrl\":\"http:\\\/\\\/wp.kristdemokraterna.se\\\/kalmarlan\\\/files\\\/2014\\\/08\\\/img_1231.jpg\",\"inLanguage\":\"sv-SE\"},{\"@type\":\"WebPage\",\"@id\":\"https:\\\/\\\/wp.kristdemokraterna.se\\\/kalmarlan\\\/familjecentral-i-lindsdal-kd-fokus-infor-valet\\\/\",\"url\":\"https:\\\/\\\/wp.kristdemokraterna.se\\\/kalmarlan\\\/familjecentral-i-lindsdal-kd-fokus-infor-valet\\\/\",\"name\":\"Familjecentral i Lindsdal KD-fokus inf\u00f6r valet - i Kalmar l\u00e4n\",\"isPartOf\":{\"@id\":\"https:\\\/\\\/wp.kristdemokraterna.se\\\/kalmarlan\\\/#website\"},\"primaryImageOfPage\":{\"@id\":\"https:\\\/\\\/wp.kristdemokraterna.se\\\/kalmarlan\\\/familjecentral-i-lindsdal-kd-fokus-infor-valet\\\/#primaryimage\"},\"image\":{\"@id\":\"https:\\\/\\\/wp.kristdemokraterna.se\\\/kalmarlan\\\/familjecentral-i-lindsdal-kd-fokus-infor-valet\\\/#primaryimage\"},\"thumbnailUrl\":\"http:\\\/\\\/wp.kristdemokraterna.se\\\/kalmarlan\\\/files\\\/2014\\\/08\\\/img_1231.jpg\",\"datePublished\":\"2014-08-14T14:29:47+00:00\",\"author\":{\"@id\":\"https:\\\/\\\/wp.kristdemokraterna.se\\\/kalmarlan\\\/#\\\/schema\\\/person\\\/a1856739934bf9c6a11fb258646ea2a5\"},\"breadcrumb\":{\"@id\":\"https:\\\/\\\/wp.kristdemokraterna.se\\\/kalmarlan\\\/familjecentral-i-lindsdal-kd-fokus-infor-valet\\\/#breadcrumb\"},\"inLanguage\":\"sv-SE\",\"potentialAction\":[{\"@type\":\"ReadAction\",\"target\":[\"https:\\\/\\\/wp.kristdemokraterna.se\\\/kalmarlan\\\/familjecentral-i-lindsdal-kd-fokus-infor-valet\\\/\"]}]},{\"@type\":\"ImageObject\",\"inLanguage\":\"sv-SE\",\"@id\":\"https:\\\/\\\/wp.kristdemokraterna.se\\\/kalmarlan\\\/familjecentral-i-lindsdal-kd-fokus-infor-valet\\\/#primaryimage\",\"url\":\"https:\\\/\\\/wp.kristdemokraterna.se\\\/kalmarlan\\\/files\\\/2014\\\/08\\\/img_1231.jpg\",\"contentUrl\":\"https:\\\/\\\/wp.kristdemokraterna.se\\\/kalmarlan\\\/files\\\/2014\\\/08\\\/img_1231.jpg\",\"width\":2048,\"height\":1536},{\"@type\":\"BreadcrumbList\",\"@id\":\"https:\\\/\\\/wp.kristdemokraterna.se\\\/kalmarlan\\\/familjecentral-i-lindsdal-kd-fokus-infor-valet\\\/#breadcrumb\",\"itemListElement\":[{\"@type\":\"ListItem\",\"position\":1,\"name\":\"Hem\",\"item\":\"https:\\\/\\\/wp.kristdemokraterna.se\\\/kalmarlan\\\/\"},{\"@type\":\"ListItem\",\"position\":2,\"name\":\"Familjecentral i Lindsdal KD-fokus inf\u00f6r valet\"}]},{\"@type\":\"WebSite\",\"@id\":\"https:\\\/\\\/wp.kristdemokraterna.se\\\/kalmarlan\\\/#website\",\"url\":\"https:\\\/\\\/wp.kristdemokraterna.se\\\/kalmarlan\\\/\",\"name\":\"i Kalmar l\u00e4n\",\"description\":\"\",\"inLanguage\":\"sv-SE\"},{\"@type\":\"Person\",\"@id\":\"https:\\\/\\\/wp.kristdemokraterna.se\\\/kalmarlan\\\/#\\\/schema\\\/person\\\/a1856739934bf9c6a11fb258646ea2a5\",\"name\":\"kalmarlan\",\"image\":{\"@type\":\"ImageObject\",\"inLanguage\":\"sv-SE\",\"@id\":\"https:\\\/\\\/secure.gravatar.com\\\/avatar\\\/ef1f7dcd1b21be34f0f3e58a032955c2de43794b20090a23118cd0e2a8964e6e?s=96&r=g\",\"url\":\"https:\\\/\\\/secure.gravatar.com\\\/avatar\\\/ef1f7dcd1b21be34f0f3e58a032955c2de43794b20090a23118cd0e2a8964e6e?s=96&r=g\",\"contentUrl\":\"https:\\\/\\\/secure.gravatar.com\\\/avatar\\\/ef1f7dcd1b21be34f0f3e58a032955c2de43794b20090a23118cd0e2a8964e6e?s=96&r=g\",\"caption\":\"kalmarlan\"},\"url\":\"https:\\\/\\\/wp.kristdemokraterna.se\\\/kalmarlan\\\/author\\\/kalmarlan\\\/\"}]}<\/script>\n<!-- \/ Yoast SEO plugin. -->","yoast_head_json":{"title":"Familjecentral i Lindsdal KD-fokus inf\u00f6r valet - i Kalmar l\u00e4n","robots":{"index":"index","follow":"follow","max-snippet":"max-snippet:-1","max-image-preview":"max-image-preview:large","max-video-preview":"max-video-preview:-1"},"canonical":"https:\/\/wp.kristdemokraterna.se\/kalmarlan\/familjecentral-i-lindsdal-kd-fokus-infor-valet\/","og_locale":"sv_SE","og_type":"article","og_title":"Familjecentral i Lindsdal KD-fokus inf\u00f6r valet - i Kalmar l\u00e4n","og_description":"&#8211; Alla sm\u00e5barnsf\u00f6r\u00e4ldrar i Lindsdal, L\u00e4ckeby och Rockneby borde ge socialdemokraterna underk\u00e4nt i b\u00e5de kommun- och landstingsvalet om en m\u00e5nad. Inf\u00f6r valet 2010 lovade de att det skulle finnas en familjecentral i Lindsdal redan 2011. Som synes \u00e4r den fortfarande inte ens p\u00e5b\u00f6rjad. Det s\u00e4ger landstingsr\u00e5det Gudrun Bruneg\u00e5rd vid en presstr\u00e4ff i anslutning till Lindsdals Read More","og_url":"https:\/\/wp.kristdemokraterna.se\/kalmarlan\/familjecentral-i-lindsdal-kd-fokus-infor-valet\/","og_site_name":"i Kalmar l\u00e4n","article_published_time":"2014-08-14T14:29:47+00:00","og_image":[{"url":"http:\/\/wp.kristdemokraterna.se\/kalmarlan\/files\/2014\/08\/img_1231.jpg","type":"","width":"","height":""}],"author":"kalmarlan","twitter_card":"summary_large_image","twitter_misc":{"Skriven av":"kalmarlan","Ber\u00e4knad l\u00e4stid":"1 minut"},"schema":{"@context":"https:\/\/schema.org","@graph":[{"@type":"Article","@id":"https:\/\/wp.kristdemokraterna.se\/kalmarlan\/familjecentral-i-lindsdal-kd-fokus-infor-valet\/#article","isPartOf":{"@id":"https:\/\/wp.kristdemokraterna.se\/kalmarlan\/familjecentral-i-lindsdal-kd-fokus-infor-valet\/"},"author":{"name":"kalmarlan","@id":"https:\/\/wp.kristdemokraterna.se\/kalmarlan\/#\/schema\/person\/a1856739934bf9c6a11fb258646ea2a5"},"headline":"Familjecentral i Lindsdal KD-fokus inf\u00f6r valet","datePublished":"2014-08-14T14:29:47+00:00","mainEntityOfPage":{"@id":"https:\/\/wp.kristdemokraterna.se\/kalmarlan\/familjecentral-i-lindsdal-kd-fokus-infor-valet\/"},"wordCount":242,"commentCount":0,"image":{"@id":"https:\/\/wp.kristdemokraterna.se\/kalmarlan\/familjecentral-i-lindsdal-kd-fokus-infor-valet\/#primaryimage"},"thumbnailUrl":"http:\/\/wp.kristdemokraterna.se\/kalmarlan\/files\/2014\/08\/img_1231.jpg","inLanguage":"sv-SE"},{"@type":"WebPage","@id":"https:\/\/wp.kristdemokraterna.se\/kalmarlan\/familjecentral-i-lindsdal-kd-fokus-infor-valet\/","url":"https:\/\/wp.kristdemokraterna.se\/kalmarlan\/familjecentral-i-lindsdal-kd-fokus-infor-valet\/","name":"Familjecentral i Lindsdal KD-fokus inf\u00f6r valet - i Kalmar l\u00e4n","isPartOf":{"@id":"https:\/\/wp.kristdemokraterna.se\/kalmarlan\/#website"},"primaryImageOfPage":{"@id":"https:\/\/wp.kristdemokraterna.se\/kalmarlan\/familjecentral-i-lindsdal-kd-fokus-infor-valet\/#primaryimage"},"image":{"@id":"https:\/\/wp.kristdemokraterna.se\/kalmarlan\/familjecentral-i-lindsdal-kd-fokus-infor-valet\/#primaryimage"},"thumbnailUrl":"http:\/\/wp.kristdemokraterna.se\/kalmarlan\/files\/2014\/08\/img_1231.jpg","datePublished":"2014-08-14T14:29:47+00:00","author":{"@id":"https:\/\/wp.kristdemokraterna.se\/kalmarlan\/#\/schema\/person\/a1856739934bf9c6a11fb258646ea2a5"},"breadcrumb":{"@id":"https:\/\/wp.kristdemokraterna.se\/kalmarlan\/familjecentral-i-lindsdal-kd-fokus-infor-valet\/#breadcrumb"},"inLanguage":"sv-SE","potentialAction":[{"@type":"ReadAction","target":["https:\/\/wp.kristdemokraterna.se\/kalmarlan\/familjecentral-i-lindsdal-kd-fokus-infor-valet\/"]}]},{"@type":"ImageObject","inLanguage":"sv-SE","@id":"https:\/\/wp.kristdemokraterna.se\/kalmarlan\/familjecentral-i-lindsdal-kd-fokus-infor-valet\/#primaryimage","url":"https:\/\/wp.kristdemokraterna.se\/kalmarlan\/files\/2014\/08\/img_1231.jpg","contentUrl":"https:\/\/wp.kristdemokraterna.se\/kalmarlan\/files\/2014\/08\/img_1231.jpg","width":2048,"height":1536},{"@type":"BreadcrumbList","@id":"https:\/\/wp.kristdemokraterna.se\/kalmarlan\/familjecentral-i-lindsdal-kd-fokus-infor-valet\/#breadcrumb","itemListElement":[{"@type":"ListItem","position":1,"name":"Hem","item":"https:\/\/wp.kristdemokraterna.se\/kalmarlan\/"},{"@type":"ListItem","position":2,"name":"Familjecentral i Lindsdal KD-fokus inf\u00f6r valet"}]},{"@type":"WebSite","@id":"https:\/\/wp.kristdemokraterna.se\/kalmarlan\/#website","url":"https:\/\/wp.kristdemokraterna.se\/kalmarlan\/","name":"i Kalmar l\u00e4n","description":"","inLanguage":"sv-SE"},{"@type":"Person","@id":"https:\/\/wp.kristdemokraterna.se\/kalmarlan\/#\/schema\/person\/a1856739934bf9c6a11fb258646ea2a5","name":"kalmarlan","image":{"@type":"ImageObject","inLanguage":"sv-SE","@id":"https:\/\/secure.gravatar.com\/avatar\/ef1f7dcd1b21be34f0f3e58a032955c2de43794b20090a23118cd0e2a8964e6e?s=96&r=g","url":"https:\/\/secure.gravatar.com\/avatar\/ef1f7dcd1b21be34f0f3e58a032955c2de43794b20090a23118cd0e2a8964e6e?s=96&r=g","contentUrl":"https:\/\/secure.gravatar.com\/avatar\/ef1f7dcd1b21be34f0f3e58a032955c2de43794b20090a23118cd0e2a8964e6e?s=96&r=g","caption":"kalmarlan"},"url":"https:\/\/wp.kristdemokraterna.se\/kalmarlan\/author\/kalmarlan\/"}]}},"_links":{"self":[{"href":"https:\/\/wp.kristdemokraterna.se\/kalmarlan\/wp-json\/wp\/v2\/posts\/446","targetHints":{"allow":["GET"]}}],"collection":[{"href":"https:\/\/wp.kristdemokraterna.se\/kalmarlan\/wp-json\/wp\/v2\/posts"}],"about":[{"href":"https:\/\/wp.kristdemokraterna.se\/kalmarlan\/wp-json\/wp\/v2\/types\/post"}],"author":[{"embeddable":true,"href":"https:\/\/wp.kristdemokraterna.se\/kalmarlan\/wp-json\/wp\/v2\/users\/417"}],"replies":[{"embeddable":true,"href":"https:\/\/wp.kristdemokraterna.se\/kalmarlan\/wp-json\/wp\/v2\/comments?post=446"}],"version-history":[{"count":1,"href":"https:\/\/wp.kristdemokraterna.se\/kalmarlan\/wp-json\/wp\/v2\/posts\/446\/revisions"}],"predecessor-version":[{"id":447,"href":"https:\/\/wp.kristdemokraterna.se\/kalmarlan\/wp-json\/wp\/v2\/posts\/446\/revisions\/447"}],"wp:attachment":[{"href":"https:\/\/wp.kristdemokraterna.se\/kalmarlan\/wp-json\/wp\/v2\/media?parent=446"}],"wp:term":[{"taxonomy":"category","embeddable":true,"href":"https:\/\/wp.kristdemokraterna.se\/kalmarlan\/wp-json\/wp\/v2\/categories?post=446"},{"taxonomy":"post_tag","embeddable":true,"href":"https:\/\/wp.kristdemokraterna.se\/kalmarlan\/wp-json\/wp\/v2\/tags?post=446"}],"curies":[{"name":"wp","href":"https:\/\/api.w.org\/{rel}","templated":true}]}}