{"id":458,"date":"2014-08-27T18:58:11","date_gmt":"2014-08-27T16:58:11","guid":{"rendered":"http:\/\/wp.kristdemokraterna.se\/kalmarlan\/?p=458"},"modified":"2014-08-27T18:58:11","modified_gmt":"2014-08-27T16:58:11","slug":"valplattform-med-manniskovarde-och-gratis-parkering","status":"publish","type":"post","link":"https:\/\/wp.kristdemokraterna.se\/kalmarlan\/valplattform-med-manniskovarde-och-gratis-parkering\/","title":{"rendered":"Valplattform med m\u00e4nniskov\u00e4rde och gratis parkering"},"content":{"rendered":"<p>V\u00e5r sjukv\u00e5rdspolitik bygger p\u00e5 v\u00e5r grundsyn att varje m\u00e4nniska \u00e4r en unik och oers\u00e4ttlig person och har samma absoluta och okr\u00e4nkbara v\u00e4rde oavsett k\u00f6n, \u00e5lder, social position, etnisk och religi\u00f6s tillh\u00f6righet, sexuell l\u00e4ggning eller k\u00f6nsidentitet. M\u00e4nniskan \u00e4r ett m\u00e5l i sig och ingen annan m\u00e4nniska f\u00e5r \u00e4ga henne eller anv\u00e4nda henne som ett medel.<br \/>\nI kontrast till denna m\u00e4nniskosyn<br \/>\noch etik hotar allt oftare inom h\u00e4lso- och sjukv\u00e5rden en materialistisk m\u00e4nniskosyn och utilitaristisk etik, d\u00e4r grunden f\u00f6r m\u00e4nniskov\u00e4rdet undergr\u00e4vs och den ekonomiska nyttan s\u00e4tts i fr\u00e4msta rummet.<br \/>\n<a href=\"http:\/\/wp.kristdemokraterna.se\/kalmarlan\/files\/2014\/08\/framsida.jpg\"><img loading=\"lazy\" decoding=\"async\" src=\"http:\/\/wp.kristdemokraterna.se\/kalmarlan\/files\/2014\/08\/framsida-212x300.jpg\" alt=\"\" width=\"212\" height=\"300\" class=\"alignright size-medium wp-image-455\" srcset=\"https:\/\/wp.kristdemokraterna.se\/kalmarlan\/files\/2014\/08\/framsida-212x300.jpg 212w, https:\/\/wp.kristdemokraterna.se\/kalmarlan\/files\/2014\/08\/framsida-381x540.jpg 381w, https:\/\/wp.kristdemokraterna.se\/kalmarlan\/files\/2014\/08\/framsida-244x346.jpg 244w, https:\/\/wp.kristdemokraterna.se\/kalmarlan\/files\/2014\/08\/framsida-79x112.jpg 79w\" sizes=\"auto, (max-width: 212px) 100vw, 212px\" \/><\/a><br \/>\nV\u00e5r vision f\u00f6r h\u00e4lso- och sjukv\u00e5rden vilar p\u00e5 centrala kristdemokratiska v\u00e4rden och principer och v\u00e5r politik utg\u00e5r fr\u00e5n det okr\u00e4nkbara m\u00e4nniskov\u00e4rdet. De som har de st\u00f6rsta behoven ska ges f\u00f6retr\u00e4de till v\u00e5rden. De grupper som har sv\u00e5rt att g\u00f6ra sina r\u00f6ster h\u00f6rda eller utnyttja sina r\u00e4ttigheter garanteras s\u00e4rskilt st\u00f6d. V\u00e5rden ska vara solidariskt finansierad. V\u00e5rden ska vara tillg\u00e4nglig p\u00e5 lika villkor f\u00f6r hela befolkningen. Beslut ska fattas p\u00e5 den mest \u00e4ndam\u00e5lsenliga niv\u00e5n \u2013 i enlighet med subsidiaritetsprincipen. Politiker ska vara patienternas och medborgarnas f\u00f6retr\u00e4dare och ska verka f\u00f6r att flytta makt fr\u00e5n \u201dsystemet till k\u00f6ksbordet\u201d.<br \/>\nMed dessa grundprinciper har vi tagit fram detta program f\u00f6r att utveckla h\u00e4lso- och sjukv\u00e5rden i Kalmar l\u00e4n p\u00e5 ett s\u00e4tt som f\u00f6rs\u00e4krar varje inv\u00e5nare och bes\u00f6kare m\u00e4nniskov\u00e4rde, trygghet, j\u00e4mlikhet och valfrihet.<\/p>\n<p>H\u00e4r hittar du v\u00e5r valplattform<br \/>\n<a href=\"http:\/\/wp.kristdemokraterna.se\/kalmarlan\/files\/2014\/08\/valplattform-ltg-kd-.pdf\">H\u00e4lso- och sjukv\u00e5rdspolitisk valplattform<\/a><\/p>\n","protected":false},"excerpt":{"rendered":"<p>V\u00e5r sjukv\u00e5rdspolitik bygger p\u00e5 v\u00e5r grundsyn att varje m\u00e4nniska \u00e4r en unik och oers\u00e4ttlig person och har samma absoluta och okr\u00e4nkbara v\u00e4rde oavsett k\u00f6n, \u00e5lder, social position, etnisk och religi\u00f6s tillh\u00f6righet, sexuell l\u00e4ggning eller k\u00f6nsidentitet. M\u00e4nniskan \u00e4r ett m\u00e5l i sig och ingen annan m\u00e4nniska f\u00e5r \u00e4ga henne eller anv\u00e4nda henne som ett medel. I <a class=\"read-more-link\" href=\"https:\/\/wp.kristdemokraterna.se\/kalmarlan\/valplattform-med-manniskovarde-och-gratis-parkering\/\">Read More<\/a><\/p>\n","protected":false},"author":417,"featured_media":0,"comment_status":"closed","ping_status":"closed","sticky":false,"template":"","format":"standard","meta":{"_acf_changed":false,"footnotes":""},"categories":[1],"tags":[],"class_list":["post-458","post","type-post","status-publish","format-standard","hentry","category-okategoriserade"],"acf":[],"yoast_head":"<!-- This site is optimized with the Yoast SEO plugin v27.4 - https:\/\/yoast.com\/product\/yoast-seo-wordpress\/ -->\n<title>Valplattform med m\u00e4nniskov\u00e4rde och gratis parkering - i Kalmar l\u00e4n<\/title>\n<meta name=\"robots\" content=\"index, follow, max-snippet:-1, max-image-preview:large, max-video-preview:-1\" \/>\n<link rel=\"canonical\" href=\"https:\/\/wp.kristdemokraterna.se\/kalmarlan\/valplattform-med-manniskovarde-och-gratis-parkering\/\" \/>\n<meta property=\"og:locale\" content=\"sv_SE\" \/>\n<meta property=\"og:type\" content=\"article\" \/>\n<meta property=\"og:title\" content=\"Valplattform med m\u00e4nniskov\u00e4rde och gratis parkering - i Kalmar l\u00e4n\" \/>\n<meta property=\"og:description\" content=\"V\u00e5r sjukv\u00e5rdspolitik bygger p\u00e5 v\u00e5r grundsyn att varje m\u00e4nniska \u00e4r en unik och oers\u00e4ttlig person och har samma absoluta och okr\u00e4nkbara v\u00e4rde oavsett k\u00f6n, \u00e5lder, social position, etnisk och religi\u00f6s tillh\u00f6righet, sexuell l\u00e4ggning eller k\u00f6nsidentitet. M\u00e4nniskan \u00e4r ett m\u00e5l i sig och ingen annan m\u00e4nniska f\u00e5r \u00e4ga henne eller anv\u00e4nda henne som ett medel. I Read More\" \/>\n<meta property=\"og:url\" content=\"https:\/\/wp.kristdemokraterna.se\/kalmarlan\/valplattform-med-manniskovarde-och-gratis-parkering\/\" \/>\n<meta property=\"og:site_name\" content=\"i Kalmar l\u00e4n\" \/>\n<meta property=\"article:published_time\" content=\"2014-08-27T16:58:11+00:00\" \/>\n<meta property=\"og:image\" content=\"http:\/\/wp.kristdemokraterna.se\/kalmarlan\/files\/2014\/08\/framsida-212x300.jpg\" \/>\n<meta name=\"author\" content=\"kalmarlan\" \/>\n<meta name=\"twitter:card\" content=\"summary_large_image\" \/>\n<meta name=\"twitter:label1\" content=\"Skriven av\" \/>\n\t<meta name=\"twitter:data1\" content=\"kalmarlan\" \/>\n\t<meta name=\"twitter:label2\" content=\"Ber\u00e4knad l\u00e4stid\" \/>\n\t<meta name=\"twitter:data2\" content=\"1 minut\" \/>\n<script type=\"application\/ld+json\" class=\"yoast-schema-graph\">{\"@context\":\"https:\\\/\\\/schema.org\",\"@graph\":[{\"@type\":\"Article\",\"@id\":\"https:\\\/\\\/wp.kristdemokraterna.se\\\/kalmarlan\\\/valplattform-med-manniskovarde-och-gratis-parkering\\\/#article\",\"isPartOf\":{\"@id\":\"https:\\\/\\\/wp.kristdemokraterna.se\\\/kalmarlan\\\/valplattform-med-manniskovarde-och-gratis-parkering\\\/\"},\"author\":{\"name\":\"kalmarlan\",\"@id\":\"https:\\\/\\\/wp.kristdemokraterna.se\\\/kalmarlan\\\/#\\\/schema\\\/person\\\/a1856739934bf9c6a11fb258646ea2a5\"},\"headline\":\"Valplattform med m\u00e4nniskov\u00e4rde och gratis parkering\",\"datePublished\":\"2014-08-27T16:58:11+00:00\",\"mainEntityOfPage\":{\"@id\":\"https:\\\/\\\/wp.kristdemokraterna.se\\\/kalmarlan\\\/valplattform-med-manniskovarde-och-gratis-parkering\\\/\"},\"wordCount\":307,\"image\":{\"@id\":\"https:\\\/\\\/wp.kristdemokraterna.se\\\/kalmarlan\\\/valplattform-med-manniskovarde-och-gratis-parkering\\\/#primaryimage\"},\"thumbnailUrl\":\"http:\\\/\\\/wp.kristdemokraterna.se\\\/kalmarlan\\\/files\\\/2014\\\/08\\\/framsida-212x300.jpg\",\"inLanguage\":\"sv-SE\"},{\"@type\":\"WebPage\",\"@id\":\"https:\\\/\\\/wp.kristdemokraterna.se\\\/kalmarlan\\\/valplattform-med-manniskovarde-och-gratis-parkering\\\/\",\"url\":\"https:\\\/\\\/wp.kristdemokraterna.se\\\/kalmarlan\\\/valplattform-med-manniskovarde-och-gratis-parkering\\\/\",\"name\":\"Valplattform med m\u00e4nniskov\u00e4rde och gratis parkering - i Kalmar l\u00e4n\",\"isPartOf\":{\"@id\":\"https:\\\/\\\/wp.kristdemokraterna.se\\\/kalmarlan\\\/#website\"},\"primaryImageOfPage\":{\"@id\":\"https:\\\/\\\/wp.kristdemokraterna.se\\\/kalmarlan\\\/valplattform-med-manniskovarde-och-gratis-parkering\\\/#primaryimage\"},\"image\":{\"@id\":\"https:\\\/\\\/wp.kristdemokraterna.se\\\/kalmarlan\\\/valplattform-med-manniskovarde-och-gratis-parkering\\\/#primaryimage\"},\"thumbnailUrl\":\"http:\\\/\\\/wp.kristdemokraterna.se\\\/kalmarlan\\\/files\\\/2014\\\/08\\\/framsida-212x300.jpg\",\"datePublished\":\"2014-08-27T16:58:11+00:00\",\"author\":{\"@id\":\"https:\\\/\\\/wp.kristdemokraterna.se\\\/kalmarlan\\\/#\\\/schema\\\/person\\\/a1856739934bf9c6a11fb258646ea2a5\"},\"breadcrumb\":{\"@id\":\"https:\\\/\\\/wp.kristdemokraterna.se\\\/kalmarlan\\\/valplattform-med-manniskovarde-och-gratis-parkering\\\/#breadcrumb\"},\"inLanguage\":\"sv-SE\",\"potentialAction\":[{\"@type\":\"ReadAction\",\"target\":[\"https:\\\/\\\/wp.kristdemokraterna.se\\\/kalmarlan\\\/valplattform-med-manniskovarde-och-gratis-parkering\\\/\"]}]},{\"@type\":\"ImageObject\",\"inLanguage\":\"sv-SE\",\"@id\":\"https:\\\/\\\/wp.kristdemokraterna.se\\\/kalmarlan\\\/valplattform-med-manniskovarde-och-gratis-parkering\\\/#primaryimage\",\"url\":\"https:\\\/\\\/wp.kristdemokraterna.se\\\/kalmarlan\\\/files\\\/2014\\\/08\\\/framsida.jpg\",\"contentUrl\":\"https:\\\/\\\/wp.kristdemokraterna.se\\\/kalmarlan\\\/files\\\/2014\\\/08\\\/framsida.jpg\",\"width\":2480,\"height\":3508},{\"@type\":\"BreadcrumbList\",\"@id\":\"https:\\\/\\\/wp.kristdemokraterna.se\\\/kalmarlan\\\/valplattform-med-manniskovarde-och-gratis-parkering\\\/#breadcrumb\",\"itemListElement\":[{\"@type\":\"ListItem\",\"position\":1,\"name\":\"Hem\",\"item\":\"https:\\\/\\\/wp.kristdemokraterna.se\\\/kalmarlan\\\/\"},{\"@type\":\"ListItem\",\"position\":2,\"name\":\"Valplattform med m\u00e4nniskov\u00e4rde och gratis parkering\"}]},{\"@type\":\"WebSite\",\"@id\":\"https:\\\/\\\/wp.kristdemokraterna.se\\\/kalmarlan\\\/#website\",\"url\":\"https:\\\/\\\/wp.kristdemokraterna.se\\\/kalmarlan\\\/\",\"name\":\"i Kalmar l\u00e4n\",\"description\":\"\",\"inLanguage\":\"sv-SE\"},{\"@type\":\"Person\",\"@id\":\"https:\\\/\\\/wp.kristdemokraterna.se\\\/kalmarlan\\\/#\\\/schema\\\/person\\\/a1856739934bf9c6a11fb258646ea2a5\",\"name\":\"kalmarlan\",\"image\":{\"@type\":\"ImageObject\",\"inLanguage\":\"sv-SE\",\"@id\":\"https:\\\/\\\/secure.gravatar.com\\\/avatar\\\/ef1f7dcd1b21be34f0f3e58a032955c2de43794b20090a23118cd0e2a8964e6e?s=96&r=g\",\"url\":\"https:\\\/\\\/secure.gravatar.com\\\/avatar\\\/ef1f7dcd1b21be34f0f3e58a032955c2de43794b20090a23118cd0e2a8964e6e?s=96&r=g\",\"contentUrl\":\"https:\\\/\\\/secure.gravatar.com\\\/avatar\\\/ef1f7dcd1b21be34f0f3e58a032955c2de43794b20090a23118cd0e2a8964e6e?s=96&r=g\",\"caption\":\"kalmarlan\"},\"url\":\"https:\\\/\\\/wp.kristdemokraterna.se\\\/kalmarlan\\\/author\\\/kalmarlan\\\/\"}]}<\/script>\n<!-- \/ Yoast SEO plugin. -->","yoast_head_json":{"title":"Valplattform med m\u00e4nniskov\u00e4rde och gratis parkering - i Kalmar l\u00e4n","robots":{"index":"index","follow":"follow","max-snippet":"max-snippet:-1","max-image-preview":"max-image-preview:large","max-video-preview":"max-video-preview:-1"},"canonical":"https:\/\/wp.kristdemokraterna.se\/kalmarlan\/valplattform-med-manniskovarde-och-gratis-parkering\/","og_locale":"sv_SE","og_type":"article","og_title":"Valplattform med m\u00e4nniskov\u00e4rde och gratis parkering - i Kalmar l\u00e4n","og_description":"V\u00e5r sjukv\u00e5rdspolitik bygger p\u00e5 v\u00e5r grundsyn att varje m\u00e4nniska \u00e4r en unik och oers\u00e4ttlig person och har samma absoluta och okr\u00e4nkbara v\u00e4rde oavsett k\u00f6n, \u00e5lder, social position, etnisk och religi\u00f6s tillh\u00f6righet, sexuell l\u00e4ggning eller k\u00f6nsidentitet. M\u00e4nniskan \u00e4r ett m\u00e5l i sig och ingen annan m\u00e4nniska f\u00e5r \u00e4ga henne eller anv\u00e4nda henne som ett medel. I Read More","og_url":"https:\/\/wp.kristdemokraterna.se\/kalmarlan\/valplattform-med-manniskovarde-och-gratis-parkering\/","og_site_name":"i Kalmar l\u00e4n","article_published_time":"2014-08-27T16:58:11+00:00","og_image":[{"url":"http:\/\/wp.kristdemokraterna.se\/kalmarlan\/files\/2014\/08\/framsida-212x300.jpg","type":"","width":"","height":""}],"author":"kalmarlan","twitter_card":"summary_large_image","twitter_misc":{"Skriven av":"kalmarlan","Ber\u00e4knad l\u00e4stid":"1 minut"},"schema":{"@context":"https:\/\/schema.org","@graph":[{"@type":"Article","@id":"https:\/\/wp.kristdemokraterna.se\/kalmarlan\/valplattform-med-manniskovarde-och-gratis-parkering\/#article","isPartOf":{"@id":"https:\/\/wp.kristdemokraterna.se\/kalmarlan\/valplattform-med-manniskovarde-och-gratis-parkering\/"},"author":{"name":"kalmarlan","@id":"https:\/\/wp.kristdemokraterna.se\/kalmarlan\/#\/schema\/person\/a1856739934bf9c6a11fb258646ea2a5"},"headline":"Valplattform med m\u00e4nniskov\u00e4rde och gratis parkering","datePublished":"2014-08-27T16:58:11+00:00","mainEntityOfPage":{"@id":"https:\/\/wp.kristdemokraterna.se\/kalmarlan\/valplattform-med-manniskovarde-och-gratis-parkering\/"},"wordCount":307,"image":{"@id":"https:\/\/wp.kristdemokraterna.se\/kalmarlan\/valplattform-med-manniskovarde-och-gratis-parkering\/#primaryimage"},"thumbnailUrl":"http:\/\/wp.kristdemokraterna.se\/kalmarlan\/files\/2014\/08\/framsida-212x300.jpg","inLanguage":"sv-SE"},{"@type":"WebPage","@id":"https:\/\/wp.kristdemokraterna.se\/kalmarlan\/valplattform-med-manniskovarde-och-gratis-parkering\/","url":"https:\/\/wp.kristdemokraterna.se\/kalmarlan\/valplattform-med-manniskovarde-och-gratis-parkering\/","name":"Valplattform med m\u00e4nniskov\u00e4rde och gratis parkering - i Kalmar l\u00e4n","isPartOf":{"@id":"https:\/\/wp.kristdemokraterna.se\/kalmarlan\/#website"},"primaryImageOfPage":{"@id":"https:\/\/wp.kristdemokraterna.se\/kalmarlan\/valplattform-med-manniskovarde-och-gratis-parkering\/#primaryimage"},"image":{"@id":"https:\/\/wp.kristdemokraterna.se\/kalmarlan\/valplattform-med-manniskovarde-och-gratis-parkering\/#primaryimage"},"thumbnailUrl":"http:\/\/wp.kristdemokraterna.se\/kalmarlan\/files\/2014\/08\/framsida-212x300.jpg","datePublished":"2014-08-27T16:58:11+00:00","author":{"@id":"https:\/\/wp.kristdemokraterna.se\/kalmarlan\/#\/schema\/person\/a1856739934bf9c6a11fb258646ea2a5"},"breadcrumb":{"@id":"https:\/\/wp.kristdemokraterna.se\/kalmarlan\/valplattform-med-manniskovarde-och-gratis-parkering\/#breadcrumb"},"inLanguage":"sv-SE","potentialAction":[{"@type":"ReadAction","target":["https:\/\/wp.kristdemokraterna.se\/kalmarlan\/valplattform-med-manniskovarde-och-gratis-parkering\/"]}]},{"@type":"ImageObject","inLanguage":"sv-SE","@id":"https:\/\/wp.kristdemokraterna.se\/kalmarlan\/valplattform-med-manniskovarde-och-gratis-parkering\/#primaryimage","url":"https:\/\/wp.kristdemokraterna.se\/kalmarlan\/files\/2014\/08\/framsida.jpg","contentUrl":"https:\/\/wp.kristdemokraterna.se\/kalmarlan\/files\/2014\/08\/framsida.jpg","width":2480,"height":3508},{"@type":"BreadcrumbList","@id":"https:\/\/wp.kristdemokraterna.se\/kalmarlan\/valplattform-med-manniskovarde-och-gratis-parkering\/#breadcrumb","itemListElement":[{"@type":"ListItem","position":1,"name":"Hem","item":"https:\/\/wp.kristdemokraterna.se\/kalmarlan\/"},{"@type":"ListItem","position":2,"name":"Valplattform med m\u00e4nniskov\u00e4rde och gratis parkering"}]},{"@type":"WebSite","@id":"https:\/\/wp.kristdemokraterna.se\/kalmarlan\/#website","url":"https:\/\/wp.kristdemokraterna.se\/kalmarlan\/","name":"i Kalmar l\u00e4n","description":"","inLanguage":"sv-SE"},{"@type":"Person","@id":"https:\/\/wp.kristdemokraterna.se\/kalmarlan\/#\/schema\/person\/a1856739934bf9c6a11fb258646ea2a5","name":"kalmarlan","image":{"@type":"ImageObject","inLanguage":"sv-SE","@id":"https:\/\/secure.gravatar.com\/avatar\/ef1f7dcd1b21be34f0f3e58a032955c2de43794b20090a23118cd0e2a8964e6e?s=96&r=g","url":"https:\/\/secure.gravatar.com\/avatar\/ef1f7dcd1b21be34f0f3e58a032955c2de43794b20090a23118cd0e2a8964e6e?s=96&r=g","contentUrl":"https:\/\/secure.gravatar.com\/avatar\/ef1f7dcd1b21be34f0f3e58a032955c2de43794b20090a23118cd0e2a8964e6e?s=96&r=g","caption":"kalmarlan"},"url":"https:\/\/wp.kristdemokraterna.se\/kalmarlan\/author\/kalmarlan\/"}]}},"_links":{"self":[{"href":"https:\/\/wp.kristdemokraterna.se\/kalmarlan\/wp-json\/wp\/v2\/posts\/458","targetHints":{"allow":["GET"]}}],"collection":[{"href":"https:\/\/wp.kristdemokraterna.se\/kalmarlan\/wp-json\/wp\/v2\/posts"}],"about":[{"href":"https:\/\/wp.kristdemokraterna.se\/kalmarlan\/wp-json\/wp\/v2\/types\/post"}],"author":[{"embeddable":true,"href":"https:\/\/wp.kristdemokraterna.se\/kalmarlan\/wp-json\/wp\/v2\/users\/417"}],"replies":[{"embeddable":true,"href":"https:\/\/wp.kristdemokraterna.se\/kalmarlan\/wp-json\/wp\/v2\/comments?post=458"}],"version-history":[{"count":2,"href":"https:\/\/wp.kristdemokraterna.se\/kalmarlan\/wp-json\/wp\/v2\/posts\/458\/revisions"}],"predecessor-version":[{"id":460,"href":"https:\/\/wp.kristdemokraterna.se\/kalmarlan\/wp-json\/wp\/v2\/posts\/458\/revisions\/460"}],"wp:attachment":[{"href":"https:\/\/wp.kristdemokraterna.se\/kalmarlan\/wp-json\/wp\/v2\/media?parent=458"}],"wp:term":[{"taxonomy":"category","embeddable":true,"href":"https:\/\/wp.kristdemokraterna.se\/kalmarlan\/wp-json\/wp\/v2\/categories?post=458"},{"taxonomy":"post_tag","embeddable":true,"href":"https:\/\/wp.kristdemokraterna.se\/kalmarlan\/wp-json\/wp\/v2\/tags?post=458"}],"curies":[{"name":"wp","href":"https:\/\/api.w.org\/{rel}","templated":true}]}}