{"id":463,"date":"2014-09-09T11:35:56","date_gmt":"2014-09-09T09:35:56","guid":{"rendered":"http:\/\/wp.kristdemokraterna.se\/kalmarlan\/?p=463"},"modified":"2014-09-09T11:35:56","modified_gmt":"2014-09-09T09:35:56","slug":"anders-andersson-kd-vid-besok-i-nybro-nationell-demensplan","status":"publish","type":"post","link":"https:\/\/wp.kristdemokraterna.se\/kalmarlan\/anders-andersson-kd-vid-besok-i-nybro-nationell-demensplan\/","title":{"rendered":"Anders Andersson (KD) vid bes\u00f6k i Nybro Nationell demensplan!"},"content":{"rendered":"<p><em>Pressmeddelande<br \/>\n2014-09-09<\/em><\/p>\n<p>Som riksdagsledamot \u00e4r jag glad f\u00f6r att vi kristdemokrater tillsammans med \u00f6vriga partier i Alliansen f\u00e5tt med v\u00e5rden av demenssjuka i Alliansens valmanifest som g\u00e4ller f\u00f6r kommande fyra \u00e5r, s\u00e4ger Anders Andersson (KD) n\u00e4r han p\u00e5 tisdagen bes\u00f6kte Nybro tillsammans med lokala partiv\u00e4nner.<\/p>\n<p>Socialstyrelsen ber\u00e4knar att det finns 158 000 personer med demenssjukdom i Sverige i dag (2012). Demenssjukdomarna har stora konsekvenser f\u00f6r ett stort antal som drabbas direkt och f\u00f6r deras familjer och andra n\u00e4rst\u00e5ende.<\/p>\n<p>De sammantagna samh\u00e4llskostnaderna f\u00f6r demenssjukdomarna har Socialstyrelsen ber\u00e4knat till 63 miljarder kronor per \u00e5r (2012 \u00e5rs kostnadsl\u00e4ge). 49 miljarder eller 78 % av dessa kostnader faller p\u00e5 kommunerna.<\/p>\n<p>Det finns nu flera svenska och internationella studier som tyder p\u00e5 att f\u00f6rekomst och nyinsjukande i demens i olika \u00e5ldersklasser h\u00e5ller p\u00e5 att f\u00f6r\u00e4ndras. De flesta studierna indikerar en minskning, men enligt vissa studier finns ocks\u00e5 en tendens till \u00f6kning. F\u00f6r\u00e4ndringar i antalet insjuknade har stor betydelse f\u00f6r samh\u00e4llsekonomin och m\u00e5ste d\u00e4rf\u00f6r f\u00f6ljas mycket noggrant.<br \/>\nVad inneh\u00e5ller den nationella demensplanen?<br \/>\nGenom den nationella demensplanen ska sambanden mellan forskningens kunskaps- och metodutveckling samt utveckling av nya behandlingsformer och verksamheternas erfarenhetsbaserade utvecklingsarbete knytas n\u00e4rmare samman. Genom det arbetet kan fler utv\u00e4rderingar g\u00f6ras och utvecklingen f\u00f6ljas b\u00e4ttre t.ex. s\u00e5 att:<br \/>\n\u2022 omotiverade skillnader i vilka utredningsmetoder som anv\u00e4nds minskar,<br \/>\n\u2022 l\u00e4kemedelsf\u00f6rskrivning och anv\u00e4ndning blir mer evidensbaserad,<br \/>\n\u2022 personcentrerad omv\u00e5rdnad forts\u00e4tter att utvecklas,<br \/>\n\u2022 utbyggnaden och anv\u00e4ndningen av kvalitetsregistren forts\u00e4tter, samt att<br \/>\n\u2022 kunskaper om preventiva insatser kan spridas.<br \/>\n&#8211;  En v\u00e4lfungerande demensv\u00e5rd \u00e4r en grundf\u00f6ruts\u00e4ttning f\u00f6r en fungerande \u00e4ldreomsorg, s\u00e4ger riksdagsledamot Anders Andersson (KD). Detta kr\u00e4ver i sin tur kompetent, v\u00e4lutbildad och v\u00e4lmotiverad personal. Forskning p\u00e5 demensomr\u00e5det har visat att relationen till v\u00e5rdpersonalen \u00e4r bland det allra viktigaste i v\u00e5rden av demenssjuka. D\u00e4rf\u00f6r b\u00f6r medarbetarna i v\u00e5rd och omsorg ges b\u00e5de tid och resurser och specifik kunskap om demenssjukdomar f\u00f6r att de ska kunna skapa en s\u00e5 bra demensv\u00e5rd som m\u00f6jligt.<\/p>\n<p><a href=\"http:\/\/wp.kristdemokraterna.se\/kalmarlan\/files\/2014\/09\/img_1648.jpg\"><img decoding=\"async\" src=\"http:\/\/wp.kristdemokraterna.se\/kalmarlan\/files\/2014\/09\/img_1648.jpg\" alt=\"IMG_1648.JPG\" class=\"alignnone size-full\" \/><\/a><\/p>\n","protected":false},"excerpt":{"rendered":"<p>Pressmeddelande 2014-09-09 Som riksdagsledamot \u00e4r jag glad f\u00f6r att vi kristdemokrater tillsammans med \u00f6vriga partier i Alliansen f\u00e5tt med v\u00e5rden av demenssjuka i Alliansens valmanifest som g\u00e4ller f\u00f6r kommande fyra \u00e5r, s\u00e4ger Anders Andersson (KD) n\u00e4r han p\u00e5 tisdagen bes\u00f6kte Nybro tillsammans med lokala partiv\u00e4nner. Socialstyrelsen ber\u00e4knar att det finns 158 000 personer med demenssjukdom <a class=\"read-more-link\" href=\"https:\/\/wp.kristdemokraterna.se\/kalmarlan\/anders-andersson-kd-vid-besok-i-nybro-nationell-demensplan\/\">Read More<\/a><\/p>\n","protected":false},"author":417,"featured_media":0,"comment_status":"open","ping_status":"open","sticky":false,"template":"","format":"standard","meta":{"_acf_changed":false,"footnotes":""},"categories":[1],"tags":[],"class_list":["post-463","post","type-post","status-publish","format-standard","hentry","category-okategoriserade"],"acf":[],"yoast_head":"<!-- This site is optimized with the Yoast SEO plugin v27.4 - https:\/\/yoast.com\/product\/yoast-seo-wordpress\/ -->\n<title>Anders Andersson (KD) vid bes\u00f6k i Nybro Nationell demensplan! - i Kalmar l\u00e4n<\/title>\n<meta name=\"robots\" content=\"index, follow, max-snippet:-1, max-image-preview:large, max-video-preview:-1\" \/>\n<link rel=\"canonical\" href=\"https:\/\/wp.kristdemokraterna.se\/kalmarlan\/anders-andersson-kd-vid-besok-i-nybro-nationell-demensplan\/\" \/>\n<meta property=\"og:locale\" content=\"sv_SE\" \/>\n<meta property=\"og:type\" content=\"article\" \/>\n<meta property=\"og:title\" content=\"Anders Andersson (KD) vid bes\u00f6k i Nybro Nationell demensplan! - i Kalmar l\u00e4n\" \/>\n<meta property=\"og:description\" content=\"Pressmeddelande 2014-09-09 Som riksdagsledamot \u00e4r jag glad f\u00f6r att vi kristdemokrater tillsammans med \u00f6vriga partier i Alliansen f\u00e5tt med v\u00e5rden av demenssjuka i Alliansens valmanifest som g\u00e4ller f\u00f6r kommande fyra \u00e5r, s\u00e4ger Anders Andersson (KD) n\u00e4r han p\u00e5 tisdagen bes\u00f6kte Nybro tillsammans med lokala partiv\u00e4nner. Socialstyrelsen ber\u00e4knar att det finns 158 000 personer med demenssjukdom Read More\" \/>\n<meta property=\"og:url\" content=\"https:\/\/wp.kristdemokraterna.se\/kalmarlan\/anders-andersson-kd-vid-besok-i-nybro-nationell-demensplan\/\" \/>\n<meta property=\"og:site_name\" content=\"i Kalmar l\u00e4n\" \/>\n<meta property=\"article:published_time\" content=\"2014-09-09T09:35:56+00:00\" \/>\n<meta property=\"og:image\" content=\"http:\/\/wp.kristdemokraterna.se\/kalmarlan\/files\/2014\/09\/img_1648.jpg\" \/>\n<meta name=\"author\" content=\"kalmarlan\" \/>\n<meta name=\"twitter:card\" content=\"summary_large_image\" \/>\n<meta name=\"twitter:label1\" content=\"Skriven av\" \/>\n\t<meta name=\"twitter:data1\" content=\"kalmarlan\" \/>\n\t<meta name=\"twitter:label2\" content=\"Ber\u00e4knad l\u00e4stid\" \/>\n\t<meta name=\"twitter:data2\" content=\"2 minuter\" \/>\n<script type=\"application\/ld+json\" class=\"yoast-schema-graph\">{\"@context\":\"https:\\\/\\\/schema.org\",\"@graph\":[{\"@type\":\"Article\",\"@id\":\"https:\\\/\\\/wp.kristdemokraterna.se\\\/kalmarlan\\\/anders-andersson-kd-vid-besok-i-nybro-nationell-demensplan\\\/#article\",\"isPartOf\":{\"@id\":\"https:\\\/\\\/wp.kristdemokraterna.se\\\/kalmarlan\\\/anders-andersson-kd-vid-besok-i-nybro-nationell-demensplan\\\/\"},\"author\":{\"name\":\"kalmarlan\",\"@id\":\"https:\\\/\\\/wp.kristdemokraterna.se\\\/kalmarlan\\\/#\\\/schema\\\/person\\\/a1856739934bf9c6a11fb258646ea2a5\"},\"headline\":\"Anders Andersson (KD) vid bes\u00f6k i Nybro Nationell demensplan!\",\"datePublished\":\"2014-09-09T09:35:56+00:00\",\"mainEntityOfPage\":{\"@id\":\"https:\\\/\\\/wp.kristdemokraterna.se\\\/kalmarlan\\\/anders-andersson-kd-vid-besok-i-nybro-nationell-demensplan\\\/\"},\"wordCount\":377,\"commentCount\":0,\"image\":{\"@id\":\"https:\\\/\\\/wp.kristdemokraterna.se\\\/kalmarlan\\\/anders-andersson-kd-vid-besok-i-nybro-nationell-demensplan\\\/#primaryimage\"},\"thumbnailUrl\":\"http:\\\/\\\/wp.kristdemokraterna.se\\\/kalmarlan\\\/files\\\/2014\\\/09\\\/img_1648.jpg\",\"inLanguage\":\"sv-SE\"},{\"@type\":\"WebPage\",\"@id\":\"https:\\\/\\\/wp.kristdemokraterna.se\\\/kalmarlan\\\/anders-andersson-kd-vid-besok-i-nybro-nationell-demensplan\\\/\",\"url\":\"https:\\\/\\\/wp.kristdemokraterna.se\\\/kalmarlan\\\/anders-andersson-kd-vid-besok-i-nybro-nationell-demensplan\\\/\",\"name\":\"Anders Andersson (KD) vid bes\u00f6k i Nybro Nationell demensplan! - i Kalmar l\u00e4n\",\"isPartOf\":{\"@id\":\"https:\\\/\\\/wp.kristdemokraterna.se\\\/kalmarlan\\\/#website\"},\"primaryImageOfPage\":{\"@id\":\"https:\\\/\\\/wp.kristdemokraterna.se\\\/kalmarlan\\\/anders-andersson-kd-vid-besok-i-nybro-nationell-demensplan\\\/#primaryimage\"},\"image\":{\"@id\":\"https:\\\/\\\/wp.kristdemokraterna.se\\\/kalmarlan\\\/anders-andersson-kd-vid-besok-i-nybro-nationell-demensplan\\\/#primaryimage\"},\"thumbnailUrl\":\"http:\\\/\\\/wp.kristdemokraterna.se\\\/kalmarlan\\\/files\\\/2014\\\/09\\\/img_1648.jpg\",\"datePublished\":\"2014-09-09T09:35:56+00:00\",\"author\":{\"@id\":\"https:\\\/\\\/wp.kristdemokraterna.se\\\/kalmarlan\\\/#\\\/schema\\\/person\\\/a1856739934bf9c6a11fb258646ea2a5\"},\"breadcrumb\":{\"@id\":\"https:\\\/\\\/wp.kristdemokraterna.se\\\/kalmarlan\\\/anders-andersson-kd-vid-besok-i-nybro-nationell-demensplan\\\/#breadcrumb\"},\"inLanguage\":\"sv-SE\",\"potentialAction\":[{\"@type\":\"ReadAction\",\"target\":[\"https:\\\/\\\/wp.kristdemokraterna.se\\\/kalmarlan\\\/anders-andersson-kd-vid-besok-i-nybro-nationell-demensplan\\\/\"]}]},{\"@type\":\"ImageObject\",\"inLanguage\":\"sv-SE\",\"@id\":\"https:\\\/\\\/wp.kristdemokraterna.se\\\/kalmarlan\\\/anders-andersson-kd-vid-besok-i-nybro-nationell-demensplan\\\/#primaryimage\",\"url\":\"https:\\\/\\\/wp.kristdemokraterna.se\\\/kalmarlan\\\/files\\\/2014\\\/09\\\/img_1648.jpg\",\"contentUrl\":\"https:\\\/\\\/wp.kristdemokraterna.se\\\/kalmarlan\\\/files\\\/2014\\\/09\\\/img_1648.jpg\",\"width\":2048,\"height\":2048},{\"@type\":\"BreadcrumbList\",\"@id\":\"https:\\\/\\\/wp.kristdemokraterna.se\\\/kalmarlan\\\/anders-andersson-kd-vid-besok-i-nybro-nationell-demensplan\\\/#breadcrumb\",\"itemListElement\":[{\"@type\":\"ListItem\",\"position\":1,\"name\":\"Hem\",\"item\":\"https:\\\/\\\/wp.kristdemokraterna.se\\\/kalmarlan\\\/\"},{\"@type\":\"ListItem\",\"position\":2,\"name\":\"Anders Andersson (KD) vid bes\u00f6k i Nybro Nationell demensplan!\"}]},{\"@type\":\"WebSite\",\"@id\":\"https:\\\/\\\/wp.kristdemokraterna.se\\\/kalmarlan\\\/#website\",\"url\":\"https:\\\/\\\/wp.kristdemokraterna.se\\\/kalmarlan\\\/\",\"name\":\"i Kalmar l\u00e4n\",\"description\":\"\",\"inLanguage\":\"sv-SE\"},{\"@type\":\"Person\",\"@id\":\"https:\\\/\\\/wp.kristdemokraterna.se\\\/kalmarlan\\\/#\\\/schema\\\/person\\\/a1856739934bf9c6a11fb258646ea2a5\",\"name\":\"kalmarlan\",\"image\":{\"@type\":\"ImageObject\",\"inLanguage\":\"sv-SE\",\"@id\":\"https:\\\/\\\/secure.gravatar.com\\\/avatar\\\/ef1f7dcd1b21be34f0f3e58a032955c2de43794b20090a23118cd0e2a8964e6e?s=96&r=g\",\"url\":\"https:\\\/\\\/secure.gravatar.com\\\/avatar\\\/ef1f7dcd1b21be34f0f3e58a032955c2de43794b20090a23118cd0e2a8964e6e?s=96&r=g\",\"contentUrl\":\"https:\\\/\\\/secure.gravatar.com\\\/avatar\\\/ef1f7dcd1b21be34f0f3e58a032955c2de43794b20090a23118cd0e2a8964e6e?s=96&r=g\",\"caption\":\"kalmarlan\"},\"url\":\"https:\\\/\\\/wp.kristdemokraterna.se\\\/kalmarlan\\\/author\\\/kalmarlan\\\/\"}]}<\/script>\n<!-- \/ Yoast SEO plugin. -->","yoast_head_json":{"title":"Anders Andersson (KD) vid bes\u00f6k i Nybro Nationell demensplan! - i Kalmar l\u00e4n","robots":{"index":"index","follow":"follow","max-snippet":"max-snippet:-1","max-image-preview":"max-image-preview:large","max-video-preview":"max-video-preview:-1"},"canonical":"https:\/\/wp.kristdemokraterna.se\/kalmarlan\/anders-andersson-kd-vid-besok-i-nybro-nationell-demensplan\/","og_locale":"sv_SE","og_type":"article","og_title":"Anders Andersson (KD) vid bes\u00f6k i Nybro Nationell demensplan! - i Kalmar l\u00e4n","og_description":"Pressmeddelande 2014-09-09 Som riksdagsledamot \u00e4r jag glad f\u00f6r att vi kristdemokrater tillsammans med \u00f6vriga partier i Alliansen f\u00e5tt med v\u00e5rden av demenssjuka i Alliansens valmanifest som g\u00e4ller f\u00f6r kommande fyra \u00e5r, s\u00e4ger Anders Andersson (KD) n\u00e4r han p\u00e5 tisdagen bes\u00f6kte Nybro tillsammans med lokala partiv\u00e4nner. Socialstyrelsen ber\u00e4knar att det finns 158 000 personer med demenssjukdom Read More","og_url":"https:\/\/wp.kristdemokraterna.se\/kalmarlan\/anders-andersson-kd-vid-besok-i-nybro-nationell-demensplan\/","og_site_name":"i Kalmar l\u00e4n","article_published_time":"2014-09-09T09:35:56+00:00","og_image":[{"url":"http:\/\/wp.kristdemokraterna.se\/kalmarlan\/files\/2014\/09\/img_1648.jpg","type":"","width":"","height":""}],"author":"kalmarlan","twitter_card":"summary_large_image","twitter_misc":{"Skriven av":"kalmarlan","Ber\u00e4knad l\u00e4stid":"2 minuter"},"schema":{"@context":"https:\/\/schema.org","@graph":[{"@type":"Article","@id":"https:\/\/wp.kristdemokraterna.se\/kalmarlan\/anders-andersson-kd-vid-besok-i-nybro-nationell-demensplan\/#article","isPartOf":{"@id":"https:\/\/wp.kristdemokraterna.se\/kalmarlan\/anders-andersson-kd-vid-besok-i-nybro-nationell-demensplan\/"},"author":{"name":"kalmarlan","@id":"https:\/\/wp.kristdemokraterna.se\/kalmarlan\/#\/schema\/person\/a1856739934bf9c6a11fb258646ea2a5"},"headline":"Anders Andersson (KD) vid bes\u00f6k i Nybro Nationell demensplan!","datePublished":"2014-09-09T09:35:56+00:00","mainEntityOfPage":{"@id":"https:\/\/wp.kristdemokraterna.se\/kalmarlan\/anders-andersson-kd-vid-besok-i-nybro-nationell-demensplan\/"},"wordCount":377,"commentCount":0,"image":{"@id":"https:\/\/wp.kristdemokraterna.se\/kalmarlan\/anders-andersson-kd-vid-besok-i-nybro-nationell-demensplan\/#primaryimage"},"thumbnailUrl":"http:\/\/wp.kristdemokraterna.se\/kalmarlan\/files\/2014\/09\/img_1648.jpg","inLanguage":"sv-SE"},{"@type":"WebPage","@id":"https:\/\/wp.kristdemokraterna.se\/kalmarlan\/anders-andersson-kd-vid-besok-i-nybro-nationell-demensplan\/","url":"https:\/\/wp.kristdemokraterna.se\/kalmarlan\/anders-andersson-kd-vid-besok-i-nybro-nationell-demensplan\/","name":"Anders Andersson (KD) vid bes\u00f6k i Nybro Nationell demensplan! - i Kalmar l\u00e4n","isPartOf":{"@id":"https:\/\/wp.kristdemokraterna.se\/kalmarlan\/#website"},"primaryImageOfPage":{"@id":"https:\/\/wp.kristdemokraterna.se\/kalmarlan\/anders-andersson-kd-vid-besok-i-nybro-nationell-demensplan\/#primaryimage"},"image":{"@id":"https:\/\/wp.kristdemokraterna.se\/kalmarlan\/anders-andersson-kd-vid-besok-i-nybro-nationell-demensplan\/#primaryimage"},"thumbnailUrl":"http:\/\/wp.kristdemokraterna.se\/kalmarlan\/files\/2014\/09\/img_1648.jpg","datePublished":"2014-09-09T09:35:56+00:00","author":{"@id":"https:\/\/wp.kristdemokraterna.se\/kalmarlan\/#\/schema\/person\/a1856739934bf9c6a11fb258646ea2a5"},"breadcrumb":{"@id":"https:\/\/wp.kristdemokraterna.se\/kalmarlan\/anders-andersson-kd-vid-besok-i-nybro-nationell-demensplan\/#breadcrumb"},"inLanguage":"sv-SE","potentialAction":[{"@type":"ReadAction","target":["https:\/\/wp.kristdemokraterna.se\/kalmarlan\/anders-andersson-kd-vid-besok-i-nybro-nationell-demensplan\/"]}]},{"@type":"ImageObject","inLanguage":"sv-SE","@id":"https:\/\/wp.kristdemokraterna.se\/kalmarlan\/anders-andersson-kd-vid-besok-i-nybro-nationell-demensplan\/#primaryimage","url":"https:\/\/wp.kristdemokraterna.se\/kalmarlan\/files\/2014\/09\/img_1648.jpg","contentUrl":"https:\/\/wp.kristdemokraterna.se\/kalmarlan\/files\/2014\/09\/img_1648.jpg","width":2048,"height":2048},{"@type":"BreadcrumbList","@id":"https:\/\/wp.kristdemokraterna.se\/kalmarlan\/anders-andersson-kd-vid-besok-i-nybro-nationell-demensplan\/#breadcrumb","itemListElement":[{"@type":"ListItem","position":1,"name":"Hem","item":"https:\/\/wp.kristdemokraterna.se\/kalmarlan\/"},{"@type":"ListItem","position":2,"name":"Anders Andersson (KD) vid bes\u00f6k i Nybro Nationell demensplan!"}]},{"@type":"WebSite","@id":"https:\/\/wp.kristdemokraterna.se\/kalmarlan\/#website","url":"https:\/\/wp.kristdemokraterna.se\/kalmarlan\/","name":"i Kalmar l\u00e4n","description":"","inLanguage":"sv-SE"},{"@type":"Person","@id":"https:\/\/wp.kristdemokraterna.se\/kalmarlan\/#\/schema\/person\/a1856739934bf9c6a11fb258646ea2a5","name":"kalmarlan","image":{"@type":"ImageObject","inLanguage":"sv-SE","@id":"https:\/\/secure.gravatar.com\/avatar\/ef1f7dcd1b21be34f0f3e58a032955c2de43794b20090a23118cd0e2a8964e6e?s=96&r=g","url":"https:\/\/secure.gravatar.com\/avatar\/ef1f7dcd1b21be34f0f3e58a032955c2de43794b20090a23118cd0e2a8964e6e?s=96&r=g","contentUrl":"https:\/\/secure.gravatar.com\/avatar\/ef1f7dcd1b21be34f0f3e58a032955c2de43794b20090a23118cd0e2a8964e6e?s=96&r=g","caption":"kalmarlan"},"url":"https:\/\/wp.kristdemokraterna.se\/kalmarlan\/author\/kalmarlan\/"}]}},"_links":{"self":[{"href":"https:\/\/wp.kristdemokraterna.se\/kalmarlan\/wp-json\/wp\/v2\/posts\/463","targetHints":{"allow":["GET"]}}],"collection":[{"href":"https:\/\/wp.kristdemokraterna.se\/kalmarlan\/wp-json\/wp\/v2\/posts"}],"about":[{"href":"https:\/\/wp.kristdemokraterna.se\/kalmarlan\/wp-json\/wp\/v2\/types\/post"}],"author":[{"embeddable":true,"href":"https:\/\/wp.kristdemokraterna.se\/kalmarlan\/wp-json\/wp\/v2\/users\/417"}],"replies":[{"embeddable":true,"href":"https:\/\/wp.kristdemokraterna.se\/kalmarlan\/wp-json\/wp\/v2\/comments?post=463"}],"version-history":[{"count":1,"href":"https:\/\/wp.kristdemokraterna.se\/kalmarlan\/wp-json\/wp\/v2\/posts\/463\/revisions"}],"predecessor-version":[{"id":464,"href":"https:\/\/wp.kristdemokraterna.se\/kalmarlan\/wp-json\/wp\/v2\/posts\/463\/revisions\/464"}],"wp:attachment":[{"href":"https:\/\/wp.kristdemokraterna.se\/kalmarlan\/wp-json\/wp\/v2\/media?parent=463"}],"wp:term":[{"taxonomy":"category","embeddable":true,"href":"https:\/\/wp.kristdemokraterna.se\/kalmarlan\/wp-json\/wp\/v2\/categories?post=463"},{"taxonomy":"post_tag","embeddable":true,"href":"https:\/\/wp.kristdemokraterna.se\/kalmarlan\/wp-json\/wp\/v2\/tags?post=463"}],"curies":[{"name":"wp","href":"https:\/\/api.w.org\/{rel}","templated":true}]}}