{"id":466,"date":"2014-09-12T15:33:43","date_gmt":"2014-09-12T13:33:43","guid":{"rendered":"http:\/\/wp.kristdemokraterna.se\/kalmarlan\/?p=466"},"modified":"2014-09-12T15:33:43","modified_gmt":"2014-09-12T13:33:43","slug":"daglig-fysisk-aktivitet-i-alla-aldrar","status":"publish","type":"post","link":"https:\/\/wp.kristdemokraterna.se\/kalmarlan\/daglig-fysisk-aktivitet-i-alla-aldrar\/","title":{"rendered":"Daglig fysisk aktivitet i alla \u00e5ldrar"},"content":{"rendered":"<p><em>Landstingsfullm\u00e4ktige<br \/>\nLandstinget i Kalmar l\u00e4n<\/p>\n<p>Motion<\/em><\/p>\n<p> Det \u00e4r numera v\u00e4l belagt att daglig fysisk aktivitet har en rad goda effekter p\u00e5 b\u00e5de kropp och sj\u00e4l. \u00d6kad bent\u00e4thet, som minskar risken f\u00f6r benbrott. Minskad risk f\u00f6r eller b\u00e4ttre kontroll p\u00e5 hj\u00e4rt-k\u00e4rlsjukdomar och diabetes. B\u00e4ttre matsm\u00e4ltning och s\u00e5 vidare. Ny forskning visar dessutom att stillasittande \u00f6kar risken f\u00f6r vissa cancerformer.<\/p>\n<p>Att hos barn grundl\u00e4gga vanan till daglig fysisk aktivitet och att stimulera vuxna att forts\u00e4tta att r\u00f6ra sig skulle inneb\u00e4ra stora h\u00e4lsovinster f\u00f6r var och en, men ocks\u00e5 f\u00f6r samh\u00e4llet i stort.<\/p>\n<p>Landstinget har sedan m\u00e5nga \u00e5r ett l\u00e4ns\u00f6vergripande folkh\u00e4lsoansvar, med st\u00f6d till kommunernas folkh\u00e4lsoarbete. Det skulle d\u00e4rf\u00f6r vara av strategisk betydelse att fr\u00e5n landstingets sida initiera ett strukturerat samarbete med kommuner, arbetsgivare och f\u00f6reningsliv, f\u00f6r att stimulera barn, vuxna och \u00e4ldre till daglig fysisk aktivitet.<\/p>\n<p>Landstinget ska, enligt den folkh\u00e4lsopolitiska planen, verka f\u00f6r en j\u00e4mlik och j\u00e4mst\u00e4lld v\u00e5rd. Genom Folkh\u00e4lsocentrum har Landstinget i Kalmar l\u00e4n ett kunskaps- och resurscenter, som ska kunna st\u00f6dja s\u00e5v\u00e4l Landstingets som kommunernas folkh\u00e4lsoarbete samt kunna bidra till samverkan\/samordning av folkh\u00e4lsofr\u00e5gor p\u00e5 l\u00e4nsniv\u00e5.<\/p>\n<p>Fysisk aktivitet \u00e4r ett av landstingets fyra prioriterade m\u00e5lomr\u00e5den. Bland l\u00e4nsinv\u00e5narna finns flera enskilda grupper med betydande \u00f6vervikt. Andelen med hj\u00e4rt- och k\u00e4rlsjukdomar samt diabetes \u00e4r h\u00f6gre bland befolkningen i l\u00e4net j\u00e4mf\u00f6rt med riksgenom-snittet. Dessa sjukdomar kan i h\u00f6g grad p\u00e5verkas av f\u00f6rebyggande\/h\u00e4lsofr\u00e4mjande insatser. Det finns ett tydligt samband mellan individens h\u00e4lsa och fysiska aktivitet, oberoende av individens \u00e5lder.<\/p>\n<p>Kristdemokraterna i Landstinget i Kalmar l\u00e4n f\u00f6resl\u00e5r d\u00e4rf\u00f6r fullm\u00e4ktige beslut:<\/p>\n<p>Att \u200bLandstinget i Kalmar l\u00e4n initierar samarbete med kommuner, skolor, arbetsgivare<br \/>\n\u200boch f\u00f6reningsliv f\u00f6r att stimulera l\u00e4nets inv\u00e5nare till daglig fysisk aktivitet i alla \u200b\u00e5ldrar.<\/p>\n<p>Kalmar den 12 september 2014<\/p>\n<p>Gudrun Bruneg\u00e5rd\u200b<br \/>\nJimmy Loord<br \/>\n\u200bEric Dickson<\/p>\n<p><a href=\"http:\/\/wp.kristdemokraterna.se\/kalmarlan\/files\/2014\/09\/img_1726.jpg\"><img decoding=\"async\" src=\"http:\/\/wp.kristdemokraterna.se\/kalmarlan\/files\/2014\/09\/img_1726.jpg\" alt=\"IMG_1726.JPG\" class=\"alignnone size-full\" \/><\/a><\/p>\n","protected":false},"excerpt":{"rendered":"<p>Landstingsfullm\u00e4ktige Landstinget i Kalmar l\u00e4n Motion Det \u00e4r numera v\u00e4l belagt att daglig fysisk aktivitet har en rad goda effekter p\u00e5 b\u00e5de kropp och sj\u00e4l. \u00d6kad bent\u00e4thet, som minskar risken f\u00f6r benbrott. Minskad risk f\u00f6r eller b\u00e4ttre kontroll p\u00e5 hj\u00e4rt-k\u00e4rlsjukdomar och diabetes. B\u00e4ttre matsm\u00e4ltning och s\u00e5 vidare. Ny forskning visar dessutom att stillasittande \u00f6kar risken <a class=\"read-more-link\" href=\"https:\/\/wp.kristdemokraterna.se\/kalmarlan\/daglig-fysisk-aktivitet-i-alla-aldrar\/\">Read More<\/a><\/p>\n","protected":false},"author":417,"featured_media":0,"comment_status":"open","ping_status":"open","sticky":false,"template":"","format":"standard","meta":{"_acf_changed":false,"footnotes":""},"categories":[1],"tags":[],"class_list":["post-466","post","type-post","status-publish","format-standard","hentry","category-okategoriserade"],"acf":[],"yoast_head":"<!-- This site is optimized with the Yoast SEO plugin v27.4 - https:\/\/yoast.com\/product\/yoast-seo-wordpress\/ -->\n<title>Daglig fysisk aktivitet i alla \u00e5ldrar - i Kalmar l\u00e4n<\/title>\n<meta name=\"robots\" content=\"index, follow, max-snippet:-1, max-image-preview:large, max-video-preview:-1\" \/>\n<link rel=\"canonical\" href=\"https:\/\/wp.kristdemokraterna.se\/kalmarlan\/daglig-fysisk-aktivitet-i-alla-aldrar\/\" \/>\n<meta property=\"og:locale\" content=\"sv_SE\" \/>\n<meta property=\"og:type\" content=\"article\" \/>\n<meta property=\"og:title\" content=\"Daglig fysisk aktivitet i alla \u00e5ldrar - i Kalmar l\u00e4n\" \/>\n<meta property=\"og:description\" content=\"Landstingsfullm\u00e4ktige Landstinget i Kalmar l\u00e4n Motion Det \u00e4r numera v\u00e4l belagt att daglig fysisk aktivitet har en rad goda effekter p\u00e5 b\u00e5de kropp och sj\u00e4l. \u00d6kad bent\u00e4thet, som minskar risken f\u00f6r benbrott. Minskad risk f\u00f6r eller b\u00e4ttre kontroll p\u00e5 hj\u00e4rt-k\u00e4rlsjukdomar och diabetes. B\u00e4ttre matsm\u00e4ltning och s\u00e5 vidare. Ny forskning visar dessutom att stillasittande \u00f6kar risken Read More\" \/>\n<meta property=\"og:url\" content=\"https:\/\/wp.kristdemokraterna.se\/kalmarlan\/daglig-fysisk-aktivitet-i-alla-aldrar\/\" \/>\n<meta property=\"og:site_name\" content=\"i Kalmar l\u00e4n\" \/>\n<meta property=\"article:published_time\" content=\"2014-09-12T13:33:43+00:00\" \/>\n<meta property=\"og:image\" content=\"http:\/\/wp.kristdemokraterna.se\/kalmarlan\/files\/2014\/09\/img_1726.jpg\" \/>\n<meta name=\"author\" content=\"kalmarlan\" \/>\n<meta name=\"twitter:card\" content=\"summary_large_image\" \/>\n<meta name=\"twitter:label1\" content=\"Skriven av\" \/>\n\t<meta name=\"twitter:data1\" content=\"kalmarlan\" \/>\n\t<meta name=\"twitter:label2\" content=\"Ber\u00e4knad l\u00e4stid\" \/>\n\t<meta name=\"twitter:data2\" content=\"2 minuter\" \/>\n<script type=\"application\/ld+json\" class=\"yoast-schema-graph\">{\"@context\":\"https:\\\/\\\/schema.org\",\"@graph\":[{\"@type\":\"Article\",\"@id\":\"https:\\\/\\\/wp.kristdemokraterna.se\\\/kalmarlan\\\/daglig-fysisk-aktivitet-i-alla-aldrar\\\/#article\",\"isPartOf\":{\"@id\":\"https:\\\/\\\/wp.kristdemokraterna.se\\\/kalmarlan\\\/daglig-fysisk-aktivitet-i-alla-aldrar\\\/\"},\"author\":{\"name\":\"kalmarlan\",\"@id\":\"https:\\\/\\\/wp.kristdemokraterna.se\\\/kalmarlan\\\/#\\\/schema\\\/person\\\/a1856739934bf9c6a11fb258646ea2a5\"},\"headline\":\"Daglig fysisk aktivitet i alla \u00e5ldrar\",\"datePublished\":\"2014-09-12T13:33:43+00:00\",\"mainEntityOfPage\":{\"@id\":\"https:\\\/\\\/wp.kristdemokraterna.se\\\/kalmarlan\\\/daglig-fysisk-aktivitet-i-alla-aldrar\\\/\"},\"wordCount\":363,\"commentCount\":0,\"image\":{\"@id\":\"https:\\\/\\\/wp.kristdemokraterna.se\\\/kalmarlan\\\/daglig-fysisk-aktivitet-i-alla-aldrar\\\/#primaryimage\"},\"thumbnailUrl\":\"http:\\\/\\\/wp.kristdemokraterna.se\\\/kalmarlan\\\/files\\\/2014\\\/09\\\/img_1726.jpg\",\"inLanguage\":\"sv-SE\"},{\"@type\":\"WebPage\",\"@id\":\"https:\\\/\\\/wp.kristdemokraterna.se\\\/kalmarlan\\\/daglig-fysisk-aktivitet-i-alla-aldrar\\\/\",\"url\":\"https:\\\/\\\/wp.kristdemokraterna.se\\\/kalmarlan\\\/daglig-fysisk-aktivitet-i-alla-aldrar\\\/\",\"name\":\"Daglig fysisk aktivitet i alla \u00e5ldrar - i Kalmar l\u00e4n\",\"isPartOf\":{\"@id\":\"https:\\\/\\\/wp.kristdemokraterna.se\\\/kalmarlan\\\/#website\"},\"primaryImageOfPage\":{\"@id\":\"https:\\\/\\\/wp.kristdemokraterna.se\\\/kalmarlan\\\/daglig-fysisk-aktivitet-i-alla-aldrar\\\/#primaryimage\"},\"image\":{\"@id\":\"https:\\\/\\\/wp.kristdemokraterna.se\\\/kalmarlan\\\/daglig-fysisk-aktivitet-i-alla-aldrar\\\/#primaryimage\"},\"thumbnailUrl\":\"http:\\\/\\\/wp.kristdemokraterna.se\\\/kalmarlan\\\/files\\\/2014\\\/09\\\/img_1726.jpg\",\"datePublished\":\"2014-09-12T13:33:43+00:00\",\"author\":{\"@id\":\"https:\\\/\\\/wp.kristdemokraterna.se\\\/kalmarlan\\\/#\\\/schema\\\/person\\\/a1856739934bf9c6a11fb258646ea2a5\"},\"breadcrumb\":{\"@id\":\"https:\\\/\\\/wp.kristdemokraterna.se\\\/kalmarlan\\\/daglig-fysisk-aktivitet-i-alla-aldrar\\\/#breadcrumb\"},\"inLanguage\":\"sv-SE\",\"potentialAction\":[{\"@type\":\"ReadAction\",\"target\":[\"https:\\\/\\\/wp.kristdemokraterna.se\\\/kalmarlan\\\/daglig-fysisk-aktivitet-i-alla-aldrar\\\/\"]}]},{\"@type\":\"ImageObject\",\"inLanguage\":\"sv-SE\",\"@id\":\"https:\\\/\\\/wp.kristdemokraterna.se\\\/kalmarlan\\\/daglig-fysisk-aktivitet-i-alla-aldrar\\\/#primaryimage\",\"url\":\"https:\\\/\\\/wp.kristdemokraterna.se\\\/kalmarlan\\\/files\\\/2014\\\/09\\\/img_1726.jpg\",\"contentUrl\":\"https:\\\/\\\/wp.kristdemokraterna.se\\\/kalmarlan\\\/files\\\/2014\\\/09\\\/img_1726.jpg\",\"width\":2048,\"height\":1536},{\"@type\":\"BreadcrumbList\",\"@id\":\"https:\\\/\\\/wp.kristdemokraterna.se\\\/kalmarlan\\\/daglig-fysisk-aktivitet-i-alla-aldrar\\\/#breadcrumb\",\"itemListElement\":[{\"@type\":\"ListItem\",\"position\":1,\"name\":\"Hem\",\"item\":\"https:\\\/\\\/wp.kristdemokraterna.se\\\/kalmarlan\\\/\"},{\"@type\":\"ListItem\",\"position\":2,\"name\":\"Daglig fysisk aktivitet i alla \u00e5ldrar\"}]},{\"@type\":\"WebSite\",\"@id\":\"https:\\\/\\\/wp.kristdemokraterna.se\\\/kalmarlan\\\/#website\",\"url\":\"https:\\\/\\\/wp.kristdemokraterna.se\\\/kalmarlan\\\/\",\"name\":\"i Kalmar l\u00e4n\",\"description\":\"\",\"inLanguage\":\"sv-SE\"},{\"@type\":\"Person\",\"@id\":\"https:\\\/\\\/wp.kristdemokraterna.se\\\/kalmarlan\\\/#\\\/schema\\\/person\\\/a1856739934bf9c6a11fb258646ea2a5\",\"name\":\"kalmarlan\",\"image\":{\"@type\":\"ImageObject\",\"inLanguage\":\"sv-SE\",\"@id\":\"https:\\\/\\\/secure.gravatar.com\\\/avatar\\\/ef1f7dcd1b21be34f0f3e58a032955c2de43794b20090a23118cd0e2a8964e6e?s=96&r=g\",\"url\":\"https:\\\/\\\/secure.gravatar.com\\\/avatar\\\/ef1f7dcd1b21be34f0f3e58a032955c2de43794b20090a23118cd0e2a8964e6e?s=96&r=g\",\"contentUrl\":\"https:\\\/\\\/secure.gravatar.com\\\/avatar\\\/ef1f7dcd1b21be34f0f3e58a032955c2de43794b20090a23118cd0e2a8964e6e?s=96&r=g\",\"caption\":\"kalmarlan\"},\"url\":\"https:\\\/\\\/wp.kristdemokraterna.se\\\/kalmarlan\\\/author\\\/kalmarlan\\\/\"}]}<\/script>\n<!-- \/ Yoast SEO plugin. -->","yoast_head_json":{"title":"Daglig fysisk aktivitet i alla \u00e5ldrar - i Kalmar l\u00e4n","robots":{"index":"index","follow":"follow","max-snippet":"max-snippet:-1","max-image-preview":"max-image-preview:large","max-video-preview":"max-video-preview:-1"},"canonical":"https:\/\/wp.kristdemokraterna.se\/kalmarlan\/daglig-fysisk-aktivitet-i-alla-aldrar\/","og_locale":"sv_SE","og_type":"article","og_title":"Daglig fysisk aktivitet i alla \u00e5ldrar - i Kalmar l\u00e4n","og_description":"Landstingsfullm\u00e4ktige Landstinget i Kalmar l\u00e4n Motion Det \u00e4r numera v\u00e4l belagt att daglig fysisk aktivitet har en rad goda effekter p\u00e5 b\u00e5de kropp och sj\u00e4l. \u00d6kad bent\u00e4thet, som minskar risken f\u00f6r benbrott. Minskad risk f\u00f6r eller b\u00e4ttre kontroll p\u00e5 hj\u00e4rt-k\u00e4rlsjukdomar och diabetes. B\u00e4ttre matsm\u00e4ltning och s\u00e5 vidare. Ny forskning visar dessutom att stillasittande \u00f6kar risken Read More","og_url":"https:\/\/wp.kristdemokraterna.se\/kalmarlan\/daglig-fysisk-aktivitet-i-alla-aldrar\/","og_site_name":"i Kalmar l\u00e4n","article_published_time":"2014-09-12T13:33:43+00:00","og_image":[{"url":"http:\/\/wp.kristdemokraterna.se\/kalmarlan\/files\/2014\/09\/img_1726.jpg","type":"","width":"","height":""}],"author":"kalmarlan","twitter_card":"summary_large_image","twitter_misc":{"Skriven av":"kalmarlan","Ber\u00e4knad l\u00e4stid":"2 minuter"},"schema":{"@context":"https:\/\/schema.org","@graph":[{"@type":"Article","@id":"https:\/\/wp.kristdemokraterna.se\/kalmarlan\/daglig-fysisk-aktivitet-i-alla-aldrar\/#article","isPartOf":{"@id":"https:\/\/wp.kristdemokraterna.se\/kalmarlan\/daglig-fysisk-aktivitet-i-alla-aldrar\/"},"author":{"name":"kalmarlan","@id":"https:\/\/wp.kristdemokraterna.se\/kalmarlan\/#\/schema\/person\/a1856739934bf9c6a11fb258646ea2a5"},"headline":"Daglig fysisk aktivitet i alla \u00e5ldrar","datePublished":"2014-09-12T13:33:43+00:00","mainEntityOfPage":{"@id":"https:\/\/wp.kristdemokraterna.se\/kalmarlan\/daglig-fysisk-aktivitet-i-alla-aldrar\/"},"wordCount":363,"commentCount":0,"image":{"@id":"https:\/\/wp.kristdemokraterna.se\/kalmarlan\/daglig-fysisk-aktivitet-i-alla-aldrar\/#primaryimage"},"thumbnailUrl":"http:\/\/wp.kristdemokraterna.se\/kalmarlan\/files\/2014\/09\/img_1726.jpg","inLanguage":"sv-SE"},{"@type":"WebPage","@id":"https:\/\/wp.kristdemokraterna.se\/kalmarlan\/daglig-fysisk-aktivitet-i-alla-aldrar\/","url":"https:\/\/wp.kristdemokraterna.se\/kalmarlan\/daglig-fysisk-aktivitet-i-alla-aldrar\/","name":"Daglig fysisk aktivitet i alla \u00e5ldrar - i Kalmar l\u00e4n","isPartOf":{"@id":"https:\/\/wp.kristdemokraterna.se\/kalmarlan\/#website"},"primaryImageOfPage":{"@id":"https:\/\/wp.kristdemokraterna.se\/kalmarlan\/daglig-fysisk-aktivitet-i-alla-aldrar\/#primaryimage"},"image":{"@id":"https:\/\/wp.kristdemokraterna.se\/kalmarlan\/daglig-fysisk-aktivitet-i-alla-aldrar\/#primaryimage"},"thumbnailUrl":"http:\/\/wp.kristdemokraterna.se\/kalmarlan\/files\/2014\/09\/img_1726.jpg","datePublished":"2014-09-12T13:33:43+00:00","author":{"@id":"https:\/\/wp.kristdemokraterna.se\/kalmarlan\/#\/schema\/person\/a1856739934bf9c6a11fb258646ea2a5"},"breadcrumb":{"@id":"https:\/\/wp.kristdemokraterna.se\/kalmarlan\/daglig-fysisk-aktivitet-i-alla-aldrar\/#breadcrumb"},"inLanguage":"sv-SE","potentialAction":[{"@type":"ReadAction","target":["https:\/\/wp.kristdemokraterna.se\/kalmarlan\/daglig-fysisk-aktivitet-i-alla-aldrar\/"]}]},{"@type":"ImageObject","inLanguage":"sv-SE","@id":"https:\/\/wp.kristdemokraterna.se\/kalmarlan\/daglig-fysisk-aktivitet-i-alla-aldrar\/#primaryimage","url":"https:\/\/wp.kristdemokraterna.se\/kalmarlan\/files\/2014\/09\/img_1726.jpg","contentUrl":"https:\/\/wp.kristdemokraterna.se\/kalmarlan\/files\/2014\/09\/img_1726.jpg","width":2048,"height":1536},{"@type":"BreadcrumbList","@id":"https:\/\/wp.kristdemokraterna.se\/kalmarlan\/daglig-fysisk-aktivitet-i-alla-aldrar\/#breadcrumb","itemListElement":[{"@type":"ListItem","position":1,"name":"Hem","item":"https:\/\/wp.kristdemokraterna.se\/kalmarlan\/"},{"@type":"ListItem","position":2,"name":"Daglig fysisk aktivitet i alla \u00e5ldrar"}]},{"@type":"WebSite","@id":"https:\/\/wp.kristdemokraterna.se\/kalmarlan\/#website","url":"https:\/\/wp.kristdemokraterna.se\/kalmarlan\/","name":"i Kalmar l\u00e4n","description":"","inLanguage":"sv-SE"},{"@type":"Person","@id":"https:\/\/wp.kristdemokraterna.se\/kalmarlan\/#\/schema\/person\/a1856739934bf9c6a11fb258646ea2a5","name":"kalmarlan","image":{"@type":"ImageObject","inLanguage":"sv-SE","@id":"https:\/\/secure.gravatar.com\/avatar\/ef1f7dcd1b21be34f0f3e58a032955c2de43794b20090a23118cd0e2a8964e6e?s=96&r=g","url":"https:\/\/secure.gravatar.com\/avatar\/ef1f7dcd1b21be34f0f3e58a032955c2de43794b20090a23118cd0e2a8964e6e?s=96&r=g","contentUrl":"https:\/\/secure.gravatar.com\/avatar\/ef1f7dcd1b21be34f0f3e58a032955c2de43794b20090a23118cd0e2a8964e6e?s=96&r=g","caption":"kalmarlan"},"url":"https:\/\/wp.kristdemokraterna.se\/kalmarlan\/author\/kalmarlan\/"}]}},"_links":{"self":[{"href":"https:\/\/wp.kristdemokraterna.se\/kalmarlan\/wp-json\/wp\/v2\/posts\/466","targetHints":{"allow":["GET"]}}],"collection":[{"href":"https:\/\/wp.kristdemokraterna.se\/kalmarlan\/wp-json\/wp\/v2\/posts"}],"about":[{"href":"https:\/\/wp.kristdemokraterna.se\/kalmarlan\/wp-json\/wp\/v2\/types\/post"}],"author":[{"embeddable":true,"href":"https:\/\/wp.kristdemokraterna.se\/kalmarlan\/wp-json\/wp\/v2\/users\/417"}],"replies":[{"embeddable":true,"href":"https:\/\/wp.kristdemokraterna.se\/kalmarlan\/wp-json\/wp\/v2\/comments?post=466"}],"version-history":[{"count":1,"href":"https:\/\/wp.kristdemokraterna.se\/kalmarlan\/wp-json\/wp\/v2\/posts\/466\/revisions"}],"predecessor-version":[{"id":467,"href":"https:\/\/wp.kristdemokraterna.se\/kalmarlan\/wp-json\/wp\/v2\/posts\/466\/revisions\/467"}],"wp:attachment":[{"href":"https:\/\/wp.kristdemokraterna.se\/kalmarlan\/wp-json\/wp\/v2\/media?parent=466"}],"wp:term":[{"taxonomy":"category","embeddable":true,"href":"https:\/\/wp.kristdemokraterna.se\/kalmarlan\/wp-json\/wp\/v2\/categories?post=466"},{"taxonomy":"post_tag","embeddable":true,"href":"https:\/\/wp.kristdemokraterna.se\/kalmarlan\/wp-json\/wp\/v2\/tags?post=466"}],"curies":[{"name":"wp","href":"https:\/\/api.w.org\/{rel}","templated":true}]}}