{"id":469,"date":"2014-10-02T08:48:08","date_gmt":"2014-10-02T06:48:08","guid":{"rendered":"http:\/\/wp.kristdemokraterna.se\/kalmarlan\/?p=469"},"modified":"2014-10-02T08:48:08","modified_gmt":"2014-10-02T06:48:08","slug":"ny-kd-landstingsgrupp-med-sikte-pa-2018","status":"publish","type":"post","link":"https:\/\/wp.kristdemokraterna.se\/kalmarlan\/ny-kd-landstingsgrupp-med-sikte-pa-2018\/","title":{"rendered":"Ny KD-landstingsgrupp med sikte p\u00e5 2018"},"content":{"rendered":"<p><em>Pressmeddelande<\/em><\/p>\n<p>&#8211; Valet \u00e4r avklarat. Arbetet inf\u00f6r den nya mandatperioden kan b\u00f6rja. Valresultatet gav kristdemokraterna en ny, breddad landstingsgrupp, d\u00e4r vi nu \u00e5terf\u00e5tt representation fr\u00e5n V\u00e4stervik och Nybro-Emmaboda-Tors\u00e5s. Vi beh\u00e5ller v\u00e5ra fem mandat och beh\u00e5ller \u00e4ven positionen som landets n\u00e4st starkaste KD-landsting.<\/p>\n<p>Det s\u00e4ger Gudrun Bruneg\u00e5rd, Kristdemokraterna, med anledning av landstingsgruppens f\u00f6rsta m\u00f6te efter valet. <\/p>\n<p>&#8211; Den valplattform som arbetades fram kommer att ligga till grund f\u00f6r arbetet under den kommande mandatperioden, s\u00e4ger Gudrun Bruneg\u00e5rd<\/p>\n<p>V\u00e5rd n\u00e4ra och tillg\u00e4ngligt efter patientens behov, Sveriges b\u00e4sta \u00e4ldrev\u00e5rd, cancersjukv\u00e5rd i toppklass, tandv\u00e5rd f\u00f6r alla och krafttag mot psykisk oh\u00e4lsa hos barn och unga. Detta \u00e4r fr\u00e5gor som b\u00e4r tydligt kristdemokratiskt signum. Men \u00e4ven konkreta fr\u00e5gor, som gratis glas\u00f6gon till barn, avgiftsfri parkering f\u00f6r patienter och anh\u00f6riga vid sjukhusen, ambulanshelikopter, \u00e4r s\u00e5dant som landstingsgruppen profilerat sig med. Till de kanske mer ov\u00e4ntade inslagen h\u00f6r f\u00f6rslaget om h\u00e4lsofr\u00e4mjande kultur med kulturcheckar som l\u00f6nef\u00f6rm\u00e5n och att landstinget ska ha Sveriges b\u00e4sta sjukhushygien.<\/p>\n<p>&#8211; Nu b\u00f6rjar valr\u00f6relsen inf\u00f6r 2018 \u00e5rs val. Vi har en god grund att st\u00e5 p\u00e5 och ett slagkraftigt arbetslag. Siktet \u00e4r ett maktskifte i landstinget 2018, med Kristdemokraterna som en stark kraft, s\u00e4ger Gudrun Bruneg\u00e5rd<\/p>\n<p>Kristdemokraternas representanter i landstingsfullm\u00e4ktige, och ers\u00e4ttare fr\u00e5n respektive valkrets ser ut s\u00e5 h\u00e4r:<br \/>\nV\u00e4stervik: Kerstin Lahi. Maud \u00c4rlebrant, Ingrid Juthe, Jorge Ch\u00e1vez<br \/>\nHultsfred-Vimmerby: Gudrun Bruneg\u00e5rd. Anders Andersson, \u00c5ke Nilsson, Elisabeth Lago Nilsson.<br \/>\nOskarshamn-M\u00f6nster\u00e5s-H\u00f6gsby: Chatrine P\u00e5lsson Ahlgren. Per-Eric Ohlsson, Madeleine Rosenqvist, Elisabeth Englund.<br \/>\nNybro-Emmaboda-Tors\u00e5s: Jimmy Loord. Gull-Britt Hellborg, Mats Ohlsson, Monica Franz\u00e9n.<br \/>\nKalmar: Arne Sj\u00f6berg. Tyra Graaf, Gerd Lansler, Karl-Gustav Kyrk.<\/p>\n<div id=\"attachment_470\" style=\"width: 550px\" class=\"wp-caption aligncenter\"><a href=\"http:\/\/wp.kristdemokraterna.se\/kalmarlan\/files\/2014\/10\/landstingsfullmaktige.jpg\"><img loading=\"lazy\" decoding=\"async\" aria-describedby=\"caption-attachment-470\" src=\"http:\/\/wp.kristdemokraterna.se\/kalmarlan\/files\/2014\/10\/landstingsfullmaktige-540x303.jpg\" alt=\"Fr.v: Arne Sj\u00f6berg, Chatrine P\u00e5lsson Ahlgren, Gudrun Bruneg\u00e5rd, Kerstin Lahi och Jimmy Loord\" width=\"540\" height=\"303\" class=\"size-large wp-image-470\" srcset=\"https:\/\/wp.kristdemokraterna.se\/kalmarlan\/files\/2014\/10\/landstingsfullmaktige-540x303.jpg 540w, https:\/\/wp.kristdemokraterna.se\/kalmarlan\/files\/2014\/10\/landstingsfullmaktige-300x168.jpg 300w, https:\/\/wp.kristdemokraterna.se\/kalmarlan\/files\/2014\/10\/landstingsfullmaktige-576x324.jpg 576w, https:\/\/wp.kristdemokraterna.se\/kalmarlan\/files\/2014\/10\/landstingsfullmaktige-186x104.jpg 186w, https:\/\/wp.kristdemokraterna.se\/kalmarlan\/files\/2014\/10\/landstingsfullmaktige.jpg 1632w\" sizes=\"auto, (max-width: 540px) 100vw, 540px\" \/><\/a><p id=\"caption-attachment-470\" class=\"wp-caption-text\">Fr.v: Arne Sj\u00f6berg, Chatrine P\u00e5lsson Ahlgren, Gudrun Bruneg\u00e5rd, Kerstin Lahi och Jimmy Loord<\/p><\/div>\n","protected":false},"excerpt":{"rendered":"<p>Pressmeddelande &#8211; Valet \u00e4r avklarat. Arbetet inf\u00f6r den nya mandatperioden kan b\u00f6rja. Valresultatet gav kristdemokraterna en ny, breddad landstingsgrupp, d\u00e4r vi nu \u00e5terf\u00e5tt representation fr\u00e5n V\u00e4stervik och Nybro-Emmaboda-Tors\u00e5s. Vi beh\u00e5ller v\u00e5ra fem mandat och beh\u00e5ller \u00e4ven positionen som landets n\u00e4st starkaste KD-landsting. Det s\u00e4ger Gudrun Bruneg\u00e5rd, Kristdemokraterna, med anledning av landstingsgruppens f\u00f6rsta m\u00f6te efter valet. <a class=\"read-more-link\" href=\"https:\/\/wp.kristdemokraterna.se\/kalmarlan\/ny-kd-landstingsgrupp-med-sikte-pa-2018\/\">Read More<\/a><\/p>\n","protected":false},"author":417,"featured_media":0,"comment_status":"closed","ping_status":"closed","sticky":false,"template":"","format":"standard","meta":{"_acf_changed":false,"footnotes":""},"categories":[1],"tags":[],"class_list":["post-469","post","type-post","status-publish","format-standard","hentry","category-okategoriserade"],"acf":[],"yoast_head":"<!-- This site is optimized with the Yoast SEO plugin v27.4 - https:\/\/yoast.com\/product\/yoast-seo-wordpress\/ -->\n<title>Ny KD-landstingsgrupp med sikte p\u00e5 2018 - i Kalmar l\u00e4n<\/title>\n<meta name=\"robots\" content=\"index, follow, max-snippet:-1, max-image-preview:large, max-video-preview:-1\" \/>\n<link rel=\"canonical\" href=\"https:\/\/wp.kristdemokraterna.se\/kalmarlan\/ny-kd-landstingsgrupp-med-sikte-pa-2018\/\" \/>\n<meta property=\"og:locale\" content=\"sv_SE\" \/>\n<meta property=\"og:type\" content=\"article\" \/>\n<meta property=\"og:title\" content=\"Ny KD-landstingsgrupp med sikte p\u00e5 2018 - i Kalmar l\u00e4n\" \/>\n<meta property=\"og:description\" content=\"Pressmeddelande &#8211; Valet \u00e4r avklarat. Arbetet inf\u00f6r den nya mandatperioden kan b\u00f6rja. Valresultatet gav kristdemokraterna en ny, breddad landstingsgrupp, d\u00e4r vi nu \u00e5terf\u00e5tt representation fr\u00e5n V\u00e4stervik och Nybro-Emmaboda-Tors\u00e5s. Vi beh\u00e5ller v\u00e5ra fem mandat och beh\u00e5ller \u00e4ven positionen som landets n\u00e4st starkaste KD-landsting. Det s\u00e4ger Gudrun Bruneg\u00e5rd, Kristdemokraterna, med anledning av landstingsgruppens f\u00f6rsta m\u00f6te efter valet. Read More\" \/>\n<meta property=\"og:url\" content=\"https:\/\/wp.kristdemokraterna.se\/kalmarlan\/ny-kd-landstingsgrupp-med-sikte-pa-2018\/\" \/>\n<meta property=\"og:site_name\" content=\"i Kalmar l\u00e4n\" \/>\n<meta property=\"article:published_time\" content=\"2014-10-02T06:48:08+00:00\" \/>\n<meta property=\"og:image\" content=\"http:\/\/wp.kristdemokraterna.se\/kalmarlan\/files\/2014\/10\/landstingsfullmaktige-540x303.jpg\" \/>\n<meta name=\"author\" content=\"kalmarlan\" \/>\n<meta name=\"twitter:card\" content=\"summary_large_image\" \/>\n<meta name=\"twitter:label1\" content=\"Skriven av\" \/>\n\t<meta name=\"twitter:data1\" content=\"kalmarlan\" \/>\n\t<meta name=\"twitter:label2\" content=\"Ber\u00e4knad l\u00e4stid\" \/>\n\t<meta name=\"twitter:data2\" content=\"2 minuter\" \/>\n<script type=\"application\/ld+json\" class=\"yoast-schema-graph\">{\"@context\":\"https:\\\/\\\/schema.org\",\"@graph\":[{\"@type\":\"Article\",\"@id\":\"https:\\\/\\\/wp.kristdemokraterna.se\\\/kalmarlan\\\/ny-kd-landstingsgrupp-med-sikte-pa-2018\\\/#article\",\"isPartOf\":{\"@id\":\"https:\\\/\\\/wp.kristdemokraterna.se\\\/kalmarlan\\\/ny-kd-landstingsgrupp-med-sikte-pa-2018\\\/\"},\"author\":{\"name\":\"kalmarlan\",\"@id\":\"https:\\\/\\\/wp.kristdemokraterna.se\\\/kalmarlan\\\/#\\\/schema\\\/person\\\/a1856739934bf9c6a11fb258646ea2a5\"},\"headline\":\"Ny KD-landstingsgrupp med sikte p\u00e5 2018\",\"datePublished\":\"2014-10-02T06:48:08+00:00\",\"mainEntityOfPage\":{\"@id\":\"https:\\\/\\\/wp.kristdemokraterna.se\\\/kalmarlan\\\/ny-kd-landstingsgrupp-med-sikte-pa-2018\\\/\"},\"wordCount\":341,\"image\":{\"@id\":\"https:\\\/\\\/wp.kristdemokraterna.se\\\/kalmarlan\\\/ny-kd-landstingsgrupp-med-sikte-pa-2018\\\/#primaryimage\"},\"thumbnailUrl\":\"http:\\\/\\\/wp.kristdemokraterna.se\\\/kalmarlan\\\/files\\\/2014\\\/10\\\/landstingsfullmaktige-540x303.jpg\",\"inLanguage\":\"sv-SE\"},{\"@type\":\"WebPage\",\"@id\":\"https:\\\/\\\/wp.kristdemokraterna.se\\\/kalmarlan\\\/ny-kd-landstingsgrupp-med-sikte-pa-2018\\\/\",\"url\":\"https:\\\/\\\/wp.kristdemokraterna.se\\\/kalmarlan\\\/ny-kd-landstingsgrupp-med-sikte-pa-2018\\\/\",\"name\":\"Ny KD-landstingsgrupp med sikte p\u00e5 2018 - i Kalmar l\u00e4n\",\"isPartOf\":{\"@id\":\"https:\\\/\\\/wp.kristdemokraterna.se\\\/kalmarlan\\\/#website\"},\"primaryImageOfPage\":{\"@id\":\"https:\\\/\\\/wp.kristdemokraterna.se\\\/kalmarlan\\\/ny-kd-landstingsgrupp-med-sikte-pa-2018\\\/#primaryimage\"},\"image\":{\"@id\":\"https:\\\/\\\/wp.kristdemokraterna.se\\\/kalmarlan\\\/ny-kd-landstingsgrupp-med-sikte-pa-2018\\\/#primaryimage\"},\"thumbnailUrl\":\"http:\\\/\\\/wp.kristdemokraterna.se\\\/kalmarlan\\\/files\\\/2014\\\/10\\\/landstingsfullmaktige-540x303.jpg\",\"datePublished\":\"2014-10-02T06:48:08+00:00\",\"author\":{\"@id\":\"https:\\\/\\\/wp.kristdemokraterna.se\\\/kalmarlan\\\/#\\\/schema\\\/person\\\/a1856739934bf9c6a11fb258646ea2a5\"},\"breadcrumb\":{\"@id\":\"https:\\\/\\\/wp.kristdemokraterna.se\\\/kalmarlan\\\/ny-kd-landstingsgrupp-med-sikte-pa-2018\\\/#breadcrumb\"},\"inLanguage\":\"sv-SE\",\"potentialAction\":[{\"@type\":\"ReadAction\",\"target\":[\"https:\\\/\\\/wp.kristdemokraterna.se\\\/kalmarlan\\\/ny-kd-landstingsgrupp-med-sikte-pa-2018\\\/\"]}]},{\"@type\":\"ImageObject\",\"inLanguage\":\"sv-SE\",\"@id\":\"https:\\\/\\\/wp.kristdemokraterna.se\\\/kalmarlan\\\/ny-kd-landstingsgrupp-med-sikte-pa-2018\\\/#primaryimage\",\"url\":\"https:\\\/\\\/wp.kristdemokraterna.se\\\/kalmarlan\\\/files\\\/2014\\\/10\\\/landstingsfullmaktige.jpg\",\"contentUrl\":\"https:\\\/\\\/wp.kristdemokraterna.se\\\/kalmarlan\\\/files\\\/2014\\\/10\\\/landstingsfullmaktige.jpg\",\"width\":1632,\"height\":918,\"caption\":\"Gudrun tillsammans med de nya ledam\u00f6terna i landstingsfullm\u00e4ktige.\"},{\"@type\":\"BreadcrumbList\",\"@id\":\"https:\\\/\\\/wp.kristdemokraterna.se\\\/kalmarlan\\\/ny-kd-landstingsgrupp-med-sikte-pa-2018\\\/#breadcrumb\",\"itemListElement\":[{\"@type\":\"ListItem\",\"position\":1,\"name\":\"Hem\",\"item\":\"https:\\\/\\\/wp.kristdemokraterna.se\\\/kalmarlan\\\/\"},{\"@type\":\"ListItem\",\"position\":2,\"name\":\"Ny KD-landstingsgrupp med sikte p\u00e5 2018\"}]},{\"@type\":\"WebSite\",\"@id\":\"https:\\\/\\\/wp.kristdemokraterna.se\\\/kalmarlan\\\/#website\",\"url\":\"https:\\\/\\\/wp.kristdemokraterna.se\\\/kalmarlan\\\/\",\"name\":\"i Kalmar l\u00e4n\",\"description\":\"\",\"inLanguage\":\"sv-SE\"},{\"@type\":\"Person\",\"@id\":\"https:\\\/\\\/wp.kristdemokraterna.se\\\/kalmarlan\\\/#\\\/schema\\\/person\\\/a1856739934bf9c6a11fb258646ea2a5\",\"name\":\"kalmarlan\",\"image\":{\"@type\":\"ImageObject\",\"inLanguage\":\"sv-SE\",\"@id\":\"https:\\\/\\\/secure.gravatar.com\\\/avatar\\\/ef1f7dcd1b21be34f0f3e58a032955c2de43794b20090a23118cd0e2a8964e6e?s=96&r=g\",\"url\":\"https:\\\/\\\/secure.gravatar.com\\\/avatar\\\/ef1f7dcd1b21be34f0f3e58a032955c2de43794b20090a23118cd0e2a8964e6e?s=96&r=g\",\"contentUrl\":\"https:\\\/\\\/secure.gravatar.com\\\/avatar\\\/ef1f7dcd1b21be34f0f3e58a032955c2de43794b20090a23118cd0e2a8964e6e?s=96&r=g\",\"caption\":\"kalmarlan\"},\"url\":\"https:\\\/\\\/wp.kristdemokraterna.se\\\/kalmarlan\\\/author\\\/kalmarlan\\\/\"}]}<\/script>\n<!-- \/ Yoast SEO plugin. -->","yoast_head_json":{"title":"Ny KD-landstingsgrupp med sikte p\u00e5 2018 - i Kalmar l\u00e4n","robots":{"index":"index","follow":"follow","max-snippet":"max-snippet:-1","max-image-preview":"max-image-preview:large","max-video-preview":"max-video-preview:-1"},"canonical":"https:\/\/wp.kristdemokraterna.se\/kalmarlan\/ny-kd-landstingsgrupp-med-sikte-pa-2018\/","og_locale":"sv_SE","og_type":"article","og_title":"Ny KD-landstingsgrupp med sikte p\u00e5 2018 - i Kalmar l\u00e4n","og_description":"Pressmeddelande &#8211; Valet \u00e4r avklarat. Arbetet inf\u00f6r den nya mandatperioden kan b\u00f6rja. Valresultatet gav kristdemokraterna en ny, breddad landstingsgrupp, d\u00e4r vi nu \u00e5terf\u00e5tt representation fr\u00e5n V\u00e4stervik och Nybro-Emmaboda-Tors\u00e5s. Vi beh\u00e5ller v\u00e5ra fem mandat och beh\u00e5ller \u00e4ven positionen som landets n\u00e4st starkaste KD-landsting. Det s\u00e4ger Gudrun Bruneg\u00e5rd, Kristdemokraterna, med anledning av landstingsgruppens f\u00f6rsta m\u00f6te efter valet. Read More","og_url":"https:\/\/wp.kristdemokraterna.se\/kalmarlan\/ny-kd-landstingsgrupp-med-sikte-pa-2018\/","og_site_name":"i Kalmar l\u00e4n","article_published_time":"2014-10-02T06:48:08+00:00","og_image":[{"url":"http:\/\/wp.kristdemokraterna.se\/kalmarlan\/files\/2014\/10\/landstingsfullmaktige-540x303.jpg","type":"","width":"","height":""}],"author":"kalmarlan","twitter_card":"summary_large_image","twitter_misc":{"Skriven av":"kalmarlan","Ber\u00e4knad l\u00e4stid":"2 minuter"},"schema":{"@context":"https:\/\/schema.org","@graph":[{"@type":"Article","@id":"https:\/\/wp.kristdemokraterna.se\/kalmarlan\/ny-kd-landstingsgrupp-med-sikte-pa-2018\/#article","isPartOf":{"@id":"https:\/\/wp.kristdemokraterna.se\/kalmarlan\/ny-kd-landstingsgrupp-med-sikte-pa-2018\/"},"author":{"name":"kalmarlan","@id":"https:\/\/wp.kristdemokraterna.se\/kalmarlan\/#\/schema\/person\/a1856739934bf9c6a11fb258646ea2a5"},"headline":"Ny KD-landstingsgrupp med sikte p\u00e5 2018","datePublished":"2014-10-02T06:48:08+00:00","mainEntityOfPage":{"@id":"https:\/\/wp.kristdemokraterna.se\/kalmarlan\/ny-kd-landstingsgrupp-med-sikte-pa-2018\/"},"wordCount":341,"image":{"@id":"https:\/\/wp.kristdemokraterna.se\/kalmarlan\/ny-kd-landstingsgrupp-med-sikte-pa-2018\/#primaryimage"},"thumbnailUrl":"http:\/\/wp.kristdemokraterna.se\/kalmarlan\/files\/2014\/10\/landstingsfullmaktige-540x303.jpg","inLanguage":"sv-SE"},{"@type":"WebPage","@id":"https:\/\/wp.kristdemokraterna.se\/kalmarlan\/ny-kd-landstingsgrupp-med-sikte-pa-2018\/","url":"https:\/\/wp.kristdemokraterna.se\/kalmarlan\/ny-kd-landstingsgrupp-med-sikte-pa-2018\/","name":"Ny KD-landstingsgrupp med sikte p\u00e5 2018 - i Kalmar l\u00e4n","isPartOf":{"@id":"https:\/\/wp.kristdemokraterna.se\/kalmarlan\/#website"},"primaryImageOfPage":{"@id":"https:\/\/wp.kristdemokraterna.se\/kalmarlan\/ny-kd-landstingsgrupp-med-sikte-pa-2018\/#primaryimage"},"image":{"@id":"https:\/\/wp.kristdemokraterna.se\/kalmarlan\/ny-kd-landstingsgrupp-med-sikte-pa-2018\/#primaryimage"},"thumbnailUrl":"http:\/\/wp.kristdemokraterna.se\/kalmarlan\/files\/2014\/10\/landstingsfullmaktige-540x303.jpg","datePublished":"2014-10-02T06:48:08+00:00","author":{"@id":"https:\/\/wp.kristdemokraterna.se\/kalmarlan\/#\/schema\/person\/a1856739934bf9c6a11fb258646ea2a5"},"breadcrumb":{"@id":"https:\/\/wp.kristdemokraterna.se\/kalmarlan\/ny-kd-landstingsgrupp-med-sikte-pa-2018\/#breadcrumb"},"inLanguage":"sv-SE","potentialAction":[{"@type":"ReadAction","target":["https:\/\/wp.kristdemokraterna.se\/kalmarlan\/ny-kd-landstingsgrupp-med-sikte-pa-2018\/"]}]},{"@type":"ImageObject","inLanguage":"sv-SE","@id":"https:\/\/wp.kristdemokraterna.se\/kalmarlan\/ny-kd-landstingsgrupp-med-sikte-pa-2018\/#primaryimage","url":"https:\/\/wp.kristdemokraterna.se\/kalmarlan\/files\/2014\/10\/landstingsfullmaktige.jpg","contentUrl":"https:\/\/wp.kristdemokraterna.se\/kalmarlan\/files\/2014\/10\/landstingsfullmaktige.jpg","width":1632,"height":918,"caption":"Gudrun tillsammans med de nya ledam\u00f6terna i landstingsfullm\u00e4ktige."},{"@type":"BreadcrumbList","@id":"https:\/\/wp.kristdemokraterna.se\/kalmarlan\/ny-kd-landstingsgrupp-med-sikte-pa-2018\/#breadcrumb","itemListElement":[{"@type":"ListItem","position":1,"name":"Hem","item":"https:\/\/wp.kristdemokraterna.se\/kalmarlan\/"},{"@type":"ListItem","position":2,"name":"Ny KD-landstingsgrupp med sikte p\u00e5 2018"}]},{"@type":"WebSite","@id":"https:\/\/wp.kristdemokraterna.se\/kalmarlan\/#website","url":"https:\/\/wp.kristdemokraterna.se\/kalmarlan\/","name":"i Kalmar l\u00e4n","description":"","inLanguage":"sv-SE"},{"@type":"Person","@id":"https:\/\/wp.kristdemokraterna.se\/kalmarlan\/#\/schema\/person\/a1856739934bf9c6a11fb258646ea2a5","name":"kalmarlan","image":{"@type":"ImageObject","inLanguage":"sv-SE","@id":"https:\/\/secure.gravatar.com\/avatar\/ef1f7dcd1b21be34f0f3e58a032955c2de43794b20090a23118cd0e2a8964e6e?s=96&r=g","url":"https:\/\/secure.gravatar.com\/avatar\/ef1f7dcd1b21be34f0f3e58a032955c2de43794b20090a23118cd0e2a8964e6e?s=96&r=g","contentUrl":"https:\/\/secure.gravatar.com\/avatar\/ef1f7dcd1b21be34f0f3e58a032955c2de43794b20090a23118cd0e2a8964e6e?s=96&r=g","caption":"kalmarlan"},"url":"https:\/\/wp.kristdemokraterna.se\/kalmarlan\/author\/kalmarlan\/"}]}},"_links":{"self":[{"href":"https:\/\/wp.kristdemokraterna.se\/kalmarlan\/wp-json\/wp\/v2\/posts\/469","targetHints":{"allow":["GET"]}}],"collection":[{"href":"https:\/\/wp.kristdemokraterna.se\/kalmarlan\/wp-json\/wp\/v2\/posts"}],"about":[{"href":"https:\/\/wp.kristdemokraterna.se\/kalmarlan\/wp-json\/wp\/v2\/types\/post"}],"author":[{"embeddable":true,"href":"https:\/\/wp.kristdemokraterna.se\/kalmarlan\/wp-json\/wp\/v2\/users\/417"}],"replies":[{"embeddable":true,"href":"https:\/\/wp.kristdemokraterna.se\/kalmarlan\/wp-json\/wp\/v2\/comments?post=469"}],"version-history":[{"count":2,"href":"https:\/\/wp.kristdemokraterna.se\/kalmarlan\/wp-json\/wp\/v2\/posts\/469\/revisions"}],"predecessor-version":[{"id":472,"href":"https:\/\/wp.kristdemokraterna.se\/kalmarlan\/wp-json\/wp\/v2\/posts\/469\/revisions\/472"}],"wp:attachment":[{"href":"https:\/\/wp.kristdemokraterna.se\/kalmarlan\/wp-json\/wp\/v2\/media?parent=469"}],"wp:term":[{"taxonomy":"category","embeddable":true,"href":"https:\/\/wp.kristdemokraterna.se\/kalmarlan\/wp-json\/wp\/v2\/categories?post=469"},{"taxonomy":"post_tag","embeddable":true,"href":"https:\/\/wp.kristdemokraterna.se\/kalmarlan\/wp-json\/wp\/v2\/tags?post=469"}],"curies":[{"name":"wp","href":"https:\/\/api.w.org\/{rel}","templated":true}]}}