{"id":474,"date":"2014-10-13T16:02:16","date_gmt":"2014-10-13T14:02:16","guid":{"rendered":"http:\/\/wp.kristdemokraterna.se\/kalmarlan\/?p=474"},"modified":"2014-10-13T16:02:16","modified_gmt":"2014-10-13T14:02:16","slug":"anders-andersson-talar-ut-om-sin-politisk-framtid","status":"publish","type":"post","link":"https:\/\/wp.kristdemokraterna.se\/kalmarlan\/anders-andersson-talar-ut-om-sin-politisk-framtid\/","title":{"rendered":"Anders Andersson talar ut om sin politisk framtid."},"content":{"rendered":"<p><strong>Valet 2014 resulterade i f\u00f6r\u00e4ndringar. F\u00f6r en del politiskt valda blev dessa st\u00f6rre \u00e4n f\u00f6r andra. F\u00f6r mig som Kristdemokraternas ledare i l\u00e4net, som varit aktiv p\u00e5 alla politiska niv\u00e5er under mycket l\u00e5ng tid, blev valresultatet en blixtstopp, eftersom riksdagsmandatet f\u00f6r Kalmar l\u00e4n<br \/>\nf\u00f6rlorades. S\u00e5 \u00e4r det politiska livet. Oavsett om marginalerna \u00e4r stora eller sm\u00e5. Uppdragen i kommun, landsting och riksdag \u00e4r ett f\u00f6rtroendeuppdrag p\u00e5 fyra \u00e5r och d\u00e4refter inga garantier f\u00f6r n\u00e5gon.<\/strong><\/p>\n<p><a href=\"http:\/\/wp.kristdemokraterna.se\/kalmarlan\/files\/2014\/10\/img_2073.jpg\"><img decoding=\"async\" src=\"http:\/\/wp.kristdemokraterna.se\/kalmarlan\/files\/2014\/10\/img_2073.jpg\" alt=\"IMG_2073.JPG\" class=\"alignnone size-full\" \/><\/a><br \/>\n&#8211; Jag \u00e4r mycket tacksam och glad, s\u00e4ger Anders Andersson, f\u00f6r att jag under flera mandatperioder f\u00e5tt v\u00e4ljarnas f\u00f6rtroende och mitt partis st\u00f6d f\u00f6r att inneha ledande uppdrag som ordf\u00f6rande i socialn\u00e4mnden i min hemkommun, ordf\u00f6rande i landstingets prim\u00e4rv\u00e5rdsn\u00e4mnd och dessutom landstingsr\u00e5d och ordf\u00f6rande i landstingsstyrelsen, ledamot i styrelsen och arbetsutskottet f\u00f6r Sveriges kommuner och landsting och nu senast under fem \u00e5r varit riksdagsledamot och ledamot i socialutskottet samt ordf\u00f6rande i Nordiska r\u00e5dets v\u00e4lf\u00e4rdsutskott.<br \/>\nDe senaste fem \u00e5ren har varit en intensiv period i mitt politiska liv. Politiskt arbete varje vecka och ofta l\u00e5nga och kr\u00e4vande arbetsdagar. Jag \u00e4r glad \u00f6ver att ha f\u00e5tt vara med och p\u00e5 n\u00e5gra omr\u00e5den g\u00f6ra avtryck ocks\u00e5 i det politiska arbetet p\u00e5 nationell niv\u00e5 och ser bland annat fram mot den nya patientlag som tr\u00e4der i kraft vid kommande ny\u00e5r. Valr\u00f6relsen 2014 var ocks\u00e5 en period d\u00e5 varje minut nyttjades f\u00f6r att bedriva kampanj, skapa opinion och n\u00e5 politiska resultat.<br \/>\nAllt mitt omfattande politiska arbete har vid n\u00e5gra tillf\u00e4llen gett mig p\u00e5minnelse om att vi har bara ett liv och den personliga h\u00e4lsan p\u00e5verkas och tar stryk av st\u00e4ndigt h\u00f6gt tempo. Jag erk\u00e4nner att jag haft sv\u00e5rt att ta till mig detta faktum. Tyv\u00e4rr fick jag en ny p\u00e5minnelse n\u00e5gra veckor efter valet d\u00e5 jag p\u00e5 grund av akuta hj\u00e4rtproblem blev behandlad f\u00f6r en ny hj\u00e4rtinfarkt. Allt har s\u00e5 h\u00e4r l\u00e5ngt g\u00e5tt v\u00e4l och jag har f\u00e5tt en ny chans.<br \/>\nEfter samr\u00e5d med partiv\u00e4nner i Kristdemokraternas distriktsledning om min politiska framtid har jag d\u00e4rf\u00f6r tacksamt mottagit erbjudandet om att finnas med p\u00e5 ett antal f\u00f6rtroendeuppdrag i l\u00e4net, men p\u00e5 i en helt annan omfattning \u00e4n vad som g\u00e4llt tills nu.<br \/>\nJag tror att jag har n\u00e5got att bidra med utifr\u00e5n erfarenheter jag f\u00e5tt och hoppas att jag p\u00e5 de uppdrag jag nu kommer att g\u00e5 in i kan st\u00f6dja partikollegor i v\u00e5rt gemensamma kristdemokratiska arbete. Det g\u00e5r inte exakt att se hur uppdrag kommer att utvecklas i framtiden och f\u00f6r\u00e4ndringar kan intr\u00e4ffa under en mandatperiod. Men i starten av den nya mandatperioden kommer jag i de f\u00f6rslag som nu f\u00f6religger att fortsatt vara med i landstingsgruppens arbete som ers\u00e4ttare i landstingsstyrelsen, ers\u00e4ttare i regionstyrelsen och ledamot i trafikstyrelsen i l\u00e4net. D\u00e4rut\u00f6ver kommer jag att nomineras som ordf\u00f6rande eller vice ordf\u00f6rande i Samordningsf\u00f6rbundet f\u00f6r Kalmar l\u00e4n.<br \/>\nF\u00f6rutom de regionala uppdragen f\u00f6r Kristdemokraterna \u00e4r det fortfarande en \u00f6ppen fr\u00e5ga om jag som ledamot i Hultsfreds kommunfullm\u00e4ktige ocks\u00e5 kommer att nomineras f\u00f6r n\u00e5gra fler uppgifter i fullm\u00e4ktige och de kommunala n\u00e4mnderna.<br \/>\nTill denna rad av uppdrag d\u00e4r jag hoppas kunna st\u00f6dja mina partiv\u00e4nner och d\u00e4r vi tillsammans kan utg\u00f6ra ett starkt politiskt lag i l\u00e4net har jag ocks\u00e5 f\u00f6rtroendet att vara distriktsordf\u00f6rande f\u00f6r Kristdemokraterna i Kalmar l\u00e4n. Ett uppdrag som jag alltid har framh\u00e5llit som ett av de finaste jag har. D\u00e4rf\u00f6r \u00e4r min ambition att tillsammans med \u00f6vriga i distriktsledningen ytterligare utveckla denna ledaruppgift och f\u00f6rhoppningsvis kunna vara en inspirat\u00f6r och r\u00e5dgivare till partiets lokalavdelningar och kommunalt f\u00f6rtroendevalda i l\u00e4net, s\u00e4ger Anders Andersson.  Slutligen \u00e4r min f\u00f6rhoppning att mitt nya liv ska ge chans till mer tid tillsammans med min familj, min fru, mina barn och barnbarn d\u00e5 almanackan inte \u00e4r \u00f6verfylld varje dag i veckan. Jag ser fram mot ett lugnare och n\u00e5got h\u00e4lsosammare liv, s\u00e4ger Anders Andersson (KD), J\u00e4rnforsen.<\/p>\n<p>\u2013 \u2013 \u2013 \u2013 \u2013<br \/>\nBilligare tandv\u00e5rd, j\u00e4mlik h\u00e4lso- och sjukv\u00e5rd och en levande landsbygd \u00e4r tre fokus omr\u00e5den som jag envist kommer att h\u00e5lla fast vid ocks\u00e5 under kommande mandatperiod i de f\u00f6rtroendeuppdrag som jag tilldelas.<\/p>\n","protected":false},"excerpt":{"rendered":"<p>Valet 2014 resulterade i f\u00f6r\u00e4ndringar. F\u00f6r en del politiskt valda blev dessa st\u00f6rre \u00e4n f\u00f6r andra. F\u00f6r mig som Kristdemokraternas ledare i l\u00e4net, som varit aktiv p\u00e5 alla politiska niv\u00e5er under mycket l\u00e5ng tid, blev valresultatet en blixtstopp, eftersom riksdagsmandatet f\u00f6r Kalmar l\u00e4n f\u00f6rlorades. S\u00e5 \u00e4r det politiska livet. Oavsett om marginalerna \u00e4r stora eller <a class=\"read-more-link\" href=\"https:\/\/wp.kristdemokraterna.se\/kalmarlan\/anders-andersson-talar-ut-om-sin-politisk-framtid\/\">Read More<\/a><\/p>\n","protected":false},"author":417,"featured_media":0,"comment_status":"open","ping_status":"open","sticky":false,"template":"","format":"standard","meta":{"_acf_changed":false,"footnotes":""},"categories":[1],"tags":[],"class_list":["post-474","post","type-post","status-publish","format-standard","hentry","category-okategoriserade"],"acf":[],"yoast_head":"<!-- This site is optimized with the Yoast SEO plugin v27.4 - https:\/\/yoast.com\/product\/yoast-seo-wordpress\/ -->\n<title>Anders Andersson talar ut om sin politisk framtid. - i Kalmar l\u00e4n<\/title>\n<meta name=\"robots\" content=\"index, follow, max-snippet:-1, max-image-preview:large, max-video-preview:-1\" \/>\n<link rel=\"canonical\" href=\"https:\/\/wp.kristdemokraterna.se\/kalmarlan\/anders-andersson-talar-ut-om-sin-politisk-framtid\/\" \/>\n<meta property=\"og:locale\" content=\"sv_SE\" \/>\n<meta property=\"og:type\" content=\"article\" \/>\n<meta property=\"og:title\" content=\"Anders Andersson talar ut om sin politisk framtid. - i Kalmar l\u00e4n\" \/>\n<meta property=\"og:description\" content=\"Valet 2014 resulterade i f\u00f6r\u00e4ndringar. F\u00f6r en del politiskt valda blev dessa st\u00f6rre \u00e4n f\u00f6r andra. F\u00f6r mig som Kristdemokraternas ledare i l\u00e4net, som varit aktiv p\u00e5 alla politiska niv\u00e5er under mycket l\u00e5ng tid, blev valresultatet en blixtstopp, eftersom riksdagsmandatet f\u00f6r Kalmar l\u00e4n f\u00f6rlorades. S\u00e5 \u00e4r det politiska livet. Oavsett om marginalerna \u00e4r stora eller Read More\" \/>\n<meta property=\"og:url\" content=\"https:\/\/wp.kristdemokraterna.se\/kalmarlan\/anders-andersson-talar-ut-om-sin-politisk-framtid\/\" \/>\n<meta property=\"og:site_name\" content=\"i Kalmar l\u00e4n\" \/>\n<meta property=\"article:published_time\" content=\"2014-10-13T14:02:16+00:00\" \/>\n<meta property=\"og:image\" content=\"http:\/\/wp.kristdemokraterna.se\/kalmarlan\/files\/2014\/10\/img_2073.jpg\" \/>\n<meta name=\"author\" content=\"kalmarlan\" \/>\n<meta name=\"twitter:card\" content=\"summary_large_image\" \/>\n<meta name=\"twitter:label1\" content=\"Skriven av\" \/>\n\t<meta name=\"twitter:data1\" content=\"kalmarlan\" \/>\n\t<meta name=\"twitter:label2\" content=\"Ber\u00e4knad l\u00e4stid\" \/>\n\t<meta name=\"twitter:data2\" content=\"4 minuter\" \/>\n<script type=\"application\/ld+json\" class=\"yoast-schema-graph\">{\"@context\":\"https:\\\/\\\/schema.org\",\"@graph\":[{\"@type\":\"Article\",\"@id\":\"https:\\\/\\\/wp.kristdemokraterna.se\\\/kalmarlan\\\/anders-andersson-talar-ut-om-sin-politisk-framtid\\\/#article\",\"isPartOf\":{\"@id\":\"https:\\\/\\\/wp.kristdemokraterna.se\\\/kalmarlan\\\/anders-andersson-talar-ut-om-sin-politisk-framtid\\\/\"},\"author\":{\"name\":\"kalmarlan\",\"@id\":\"https:\\\/\\\/wp.kristdemokraterna.se\\\/kalmarlan\\\/#\\\/schema\\\/person\\\/a1856739934bf9c6a11fb258646ea2a5\"},\"headline\":\"Anders Andersson talar ut om sin politisk framtid.\",\"datePublished\":\"2014-10-13T14:02:16+00:00\",\"mainEntityOfPage\":{\"@id\":\"https:\\\/\\\/wp.kristdemokraterna.se\\\/kalmarlan\\\/anders-andersson-talar-ut-om-sin-politisk-framtid\\\/\"},\"wordCount\":790,\"commentCount\":0,\"image\":{\"@id\":\"https:\\\/\\\/wp.kristdemokraterna.se\\\/kalmarlan\\\/anders-andersson-talar-ut-om-sin-politisk-framtid\\\/#primaryimage\"},\"thumbnailUrl\":\"http:\\\/\\\/wp.kristdemokraterna.se\\\/kalmarlan\\\/files\\\/2014\\\/10\\\/img_2073.jpg\",\"inLanguage\":\"sv-SE\"},{\"@type\":\"WebPage\",\"@id\":\"https:\\\/\\\/wp.kristdemokraterna.se\\\/kalmarlan\\\/anders-andersson-talar-ut-om-sin-politisk-framtid\\\/\",\"url\":\"https:\\\/\\\/wp.kristdemokraterna.se\\\/kalmarlan\\\/anders-andersson-talar-ut-om-sin-politisk-framtid\\\/\",\"name\":\"Anders Andersson talar ut om sin politisk framtid. - i Kalmar l\u00e4n\",\"isPartOf\":{\"@id\":\"https:\\\/\\\/wp.kristdemokraterna.se\\\/kalmarlan\\\/#website\"},\"primaryImageOfPage\":{\"@id\":\"https:\\\/\\\/wp.kristdemokraterna.se\\\/kalmarlan\\\/anders-andersson-talar-ut-om-sin-politisk-framtid\\\/#primaryimage\"},\"image\":{\"@id\":\"https:\\\/\\\/wp.kristdemokraterna.se\\\/kalmarlan\\\/anders-andersson-talar-ut-om-sin-politisk-framtid\\\/#primaryimage\"},\"thumbnailUrl\":\"http:\\\/\\\/wp.kristdemokraterna.se\\\/kalmarlan\\\/files\\\/2014\\\/10\\\/img_2073.jpg\",\"datePublished\":\"2014-10-13T14:02:16+00:00\",\"author\":{\"@id\":\"https:\\\/\\\/wp.kristdemokraterna.se\\\/kalmarlan\\\/#\\\/schema\\\/person\\\/a1856739934bf9c6a11fb258646ea2a5\"},\"breadcrumb\":{\"@id\":\"https:\\\/\\\/wp.kristdemokraterna.se\\\/kalmarlan\\\/anders-andersson-talar-ut-om-sin-politisk-framtid\\\/#breadcrumb\"},\"inLanguage\":\"sv-SE\",\"potentialAction\":[{\"@type\":\"ReadAction\",\"target\":[\"https:\\\/\\\/wp.kristdemokraterna.se\\\/kalmarlan\\\/anders-andersson-talar-ut-om-sin-politisk-framtid\\\/\"]}]},{\"@type\":\"ImageObject\",\"inLanguage\":\"sv-SE\",\"@id\":\"https:\\\/\\\/wp.kristdemokraterna.se\\\/kalmarlan\\\/anders-andersson-talar-ut-om-sin-politisk-framtid\\\/#primaryimage\",\"url\":\"https:\\\/\\\/wp.kristdemokraterna.se\\\/kalmarlan\\\/files\\\/2014\\\/10\\\/img_2073.jpg\",\"contentUrl\":\"https:\\\/\\\/wp.kristdemokraterna.se\\\/kalmarlan\\\/files\\\/2014\\\/10\\\/img_2073.jpg\",\"width\":720,\"height\":540},{\"@type\":\"BreadcrumbList\",\"@id\":\"https:\\\/\\\/wp.kristdemokraterna.se\\\/kalmarlan\\\/anders-andersson-talar-ut-om-sin-politisk-framtid\\\/#breadcrumb\",\"itemListElement\":[{\"@type\":\"ListItem\",\"position\":1,\"name\":\"Hem\",\"item\":\"https:\\\/\\\/wp.kristdemokraterna.se\\\/kalmarlan\\\/\"},{\"@type\":\"ListItem\",\"position\":2,\"name\":\"Anders Andersson talar ut om sin politisk framtid.\"}]},{\"@type\":\"WebSite\",\"@id\":\"https:\\\/\\\/wp.kristdemokraterna.se\\\/kalmarlan\\\/#website\",\"url\":\"https:\\\/\\\/wp.kristdemokraterna.se\\\/kalmarlan\\\/\",\"name\":\"i Kalmar l\u00e4n\",\"description\":\"\",\"inLanguage\":\"sv-SE\"},{\"@type\":\"Person\",\"@id\":\"https:\\\/\\\/wp.kristdemokraterna.se\\\/kalmarlan\\\/#\\\/schema\\\/person\\\/a1856739934bf9c6a11fb258646ea2a5\",\"name\":\"kalmarlan\",\"image\":{\"@type\":\"ImageObject\",\"inLanguage\":\"sv-SE\",\"@id\":\"https:\\\/\\\/secure.gravatar.com\\\/avatar\\\/ef1f7dcd1b21be34f0f3e58a032955c2de43794b20090a23118cd0e2a8964e6e?s=96&r=g\",\"url\":\"https:\\\/\\\/secure.gravatar.com\\\/avatar\\\/ef1f7dcd1b21be34f0f3e58a032955c2de43794b20090a23118cd0e2a8964e6e?s=96&r=g\",\"contentUrl\":\"https:\\\/\\\/secure.gravatar.com\\\/avatar\\\/ef1f7dcd1b21be34f0f3e58a032955c2de43794b20090a23118cd0e2a8964e6e?s=96&r=g\",\"caption\":\"kalmarlan\"},\"url\":\"https:\\\/\\\/wp.kristdemokraterna.se\\\/kalmarlan\\\/author\\\/kalmarlan\\\/\"}]}<\/script>\n<!-- \/ Yoast SEO plugin. -->","yoast_head_json":{"title":"Anders Andersson talar ut om sin politisk framtid. - i Kalmar l\u00e4n","robots":{"index":"index","follow":"follow","max-snippet":"max-snippet:-1","max-image-preview":"max-image-preview:large","max-video-preview":"max-video-preview:-1"},"canonical":"https:\/\/wp.kristdemokraterna.se\/kalmarlan\/anders-andersson-talar-ut-om-sin-politisk-framtid\/","og_locale":"sv_SE","og_type":"article","og_title":"Anders Andersson talar ut om sin politisk framtid. - i Kalmar l\u00e4n","og_description":"Valet 2014 resulterade i f\u00f6r\u00e4ndringar. F\u00f6r en del politiskt valda blev dessa st\u00f6rre \u00e4n f\u00f6r andra. F\u00f6r mig som Kristdemokraternas ledare i l\u00e4net, som varit aktiv p\u00e5 alla politiska niv\u00e5er under mycket l\u00e5ng tid, blev valresultatet en blixtstopp, eftersom riksdagsmandatet f\u00f6r Kalmar l\u00e4n f\u00f6rlorades. S\u00e5 \u00e4r det politiska livet. Oavsett om marginalerna \u00e4r stora eller Read More","og_url":"https:\/\/wp.kristdemokraterna.se\/kalmarlan\/anders-andersson-talar-ut-om-sin-politisk-framtid\/","og_site_name":"i Kalmar l\u00e4n","article_published_time":"2014-10-13T14:02:16+00:00","og_image":[{"url":"http:\/\/wp.kristdemokraterna.se\/kalmarlan\/files\/2014\/10\/img_2073.jpg","type":"","width":"","height":""}],"author":"kalmarlan","twitter_card":"summary_large_image","twitter_misc":{"Skriven av":"kalmarlan","Ber\u00e4knad l\u00e4stid":"4 minuter"},"schema":{"@context":"https:\/\/schema.org","@graph":[{"@type":"Article","@id":"https:\/\/wp.kristdemokraterna.se\/kalmarlan\/anders-andersson-talar-ut-om-sin-politisk-framtid\/#article","isPartOf":{"@id":"https:\/\/wp.kristdemokraterna.se\/kalmarlan\/anders-andersson-talar-ut-om-sin-politisk-framtid\/"},"author":{"name":"kalmarlan","@id":"https:\/\/wp.kristdemokraterna.se\/kalmarlan\/#\/schema\/person\/a1856739934bf9c6a11fb258646ea2a5"},"headline":"Anders Andersson talar ut om sin politisk framtid.","datePublished":"2014-10-13T14:02:16+00:00","mainEntityOfPage":{"@id":"https:\/\/wp.kristdemokraterna.se\/kalmarlan\/anders-andersson-talar-ut-om-sin-politisk-framtid\/"},"wordCount":790,"commentCount":0,"image":{"@id":"https:\/\/wp.kristdemokraterna.se\/kalmarlan\/anders-andersson-talar-ut-om-sin-politisk-framtid\/#primaryimage"},"thumbnailUrl":"http:\/\/wp.kristdemokraterna.se\/kalmarlan\/files\/2014\/10\/img_2073.jpg","inLanguage":"sv-SE"},{"@type":"WebPage","@id":"https:\/\/wp.kristdemokraterna.se\/kalmarlan\/anders-andersson-talar-ut-om-sin-politisk-framtid\/","url":"https:\/\/wp.kristdemokraterna.se\/kalmarlan\/anders-andersson-talar-ut-om-sin-politisk-framtid\/","name":"Anders Andersson talar ut om sin politisk framtid. - i Kalmar l\u00e4n","isPartOf":{"@id":"https:\/\/wp.kristdemokraterna.se\/kalmarlan\/#website"},"primaryImageOfPage":{"@id":"https:\/\/wp.kristdemokraterna.se\/kalmarlan\/anders-andersson-talar-ut-om-sin-politisk-framtid\/#primaryimage"},"image":{"@id":"https:\/\/wp.kristdemokraterna.se\/kalmarlan\/anders-andersson-talar-ut-om-sin-politisk-framtid\/#primaryimage"},"thumbnailUrl":"http:\/\/wp.kristdemokraterna.se\/kalmarlan\/files\/2014\/10\/img_2073.jpg","datePublished":"2014-10-13T14:02:16+00:00","author":{"@id":"https:\/\/wp.kristdemokraterna.se\/kalmarlan\/#\/schema\/person\/a1856739934bf9c6a11fb258646ea2a5"},"breadcrumb":{"@id":"https:\/\/wp.kristdemokraterna.se\/kalmarlan\/anders-andersson-talar-ut-om-sin-politisk-framtid\/#breadcrumb"},"inLanguage":"sv-SE","potentialAction":[{"@type":"ReadAction","target":["https:\/\/wp.kristdemokraterna.se\/kalmarlan\/anders-andersson-talar-ut-om-sin-politisk-framtid\/"]}]},{"@type":"ImageObject","inLanguage":"sv-SE","@id":"https:\/\/wp.kristdemokraterna.se\/kalmarlan\/anders-andersson-talar-ut-om-sin-politisk-framtid\/#primaryimage","url":"https:\/\/wp.kristdemokraterna.se\/kalmarlan\/files\/2014\/10\/img_2073.jpg","contentUrl":"https:\/\/wp.kristdemokraterna.se\/kalmarlan\/files\/2014\/10\/img_2073.jpg","width":720,"height":540},{"@type":"BreadcrumbList","@id":"https:\/\/wp.kristdemokraterna.se\/kalmarlan\/anders-andersson-talar-ut-om-sin-politisk-framtid\/#breadcrumb","itemListElement":[{"@type":"ListItem","position":1,"name":"Hem","item":"https:\/\/wp.kristdemokraterna.se\/kalmarlan\/"},{"@type":"ListItem","position":2,"name":"Anders Andersson talar ut om sin politisk framtid."}]},{"@type":"WebSite","@id":"https:\/\/wp.kristdemokraterna.se\/kalmarlan\/#website","url":"https:\/\/wp.kristdemokraterna.se\/kalmarlan\/","name":"i Kalmar l\u00e4n","description":"","inLanguage":"sv-SE"},{"@type":"Person","@id":"https:\/\/wp.kristdemokraterna.se\/kalmarlan\/#\/schema\/person\/a1856739934bf9c6a11fb258646ea2a5","name":"kalmarlan","image":{"@type":"ImageObject","inLanguage":"sv-SE","@id":"https:\/\/secure.gravatar.com\/avatar\/ef1f7dcd1b21be34f0f3e58a032955c2de43794b20090a23118cd0e2a8964e6e?s=96&r=g","url":"https:\/\/secure.gravatar.com\/avatar\/ef1f7dcd1b21be34f0f3e58a032955c2de43794b20090a23118cd0e2a8964e6e?s=96&r=g","contentUrl":"https:\/\/secure.gravatar.com\/avatar\/ef1f7dcd1b21be34f0f3e58a032955c2de43794b20090a23118cd0e2a8964e6e?s=96&r=g","caption":"kalmarlan"},"url":"https:\/\/wp.kristdemokraterna.se\/kalmarlan\/author\/kalmarlan\/"}]}},"_links":{"self":[{"href":"https:\/\/wp.kristdemokraterna.se\/kalmarlan\/wp-json\/wp\/v2\/posts\/474","targetHints":{"allow":["GET"]}}],"collection":[{"href":"https:\/\/wp.kristdemokraterna.se\/kalmarlan\/wp-json\/wp\/v2\/posts"}],"about":[{"href":"https:\/\/wp.kristdemokraterna.se\/kalmarlan\/wp-json\/wp\/v2\/types\/post"}],"author":[{"embeddable":true,"href":"https:\/\/wp.kristdemokraterna.se\/kalmarlan\/wp-json\/wp\/v2\/users\/417"}],"replies":[{"embeddable":true,"href":"https:\/\/wp.kristdemokraterna.se\/kalmarlan\/wp-json\/wp\/v2\/comments?post=474"}],"version-history":[{"count":1,"href":"https:\/\/wp.kristdemokraterna.se\/kalmarlan\/wp-json\/wp\/v2\/posts\/474\/revisions"}],"predecessor-version":[{"id":475,"href":"https:\/\/wp.kristdemokraterna.se\/kalmarlan\/wp-json\/wp\/v2\/posts\/474\/revisions\/475"}],"wp:attachment":[{"href":"https:\/\/wp.kristdemokraterna.se\/kalmarlan\/wp-json\/wp\/v2\/media?parent=474"}],"wp:term":[{"taxonomy":"category","embeddable":true,"href":"https:\/\/wp.kristdemokraterna.se\/kalmarlan\/wp-json\/wp\/v2\/categories?post=474"},{"taxonomy":"post_tag","embeddable":true,"href":"https:\/\/wp.kristdemokraterna.se\/kalmarlan\/wp-json\/wp\/v2\/tags?post=474"}],"curies":[{"name":"wp","href":"https:\/\/api.w.org\/{rel}","templated":true}]}}