{"id":478,"date":"2014-10-20T11:22:32","date_gmt":"2014-10-20T09:22:32","guid":{"rendered":"http:\/\/wp.kristdemokraterna.se\/kalmarlan\/?p=478"},"modified":"2014-10-20T11:22:32","modified_gmt":"2014-10-20T09:22:32","slug":"gudrun-far-fortsatt-fortroende-som-landstingsrad","status":"publish","type":"post","link":"https:\/\/wp.kristdemokraterna.se\/kalmarlan\/gudrun-far-fortsatt-fortroende-som-landstingsrad\/","title":{"rendered":"Gudrun f\u00e5r fortsatt f\u00f6rtroende som landstingsr\u00e5d"},"content":{"rendered":"<p>Nu \u00e4r det klart. Landstingsgruppen f\u00f6rordade Gudrun som gruppledare och landstingsr\u00e5d f\u00f6r \u00e4nnu en mandatperiod. N\u00e4r distriktsstyrelsen samlades i fredags kv\u00e4ll beslutade de enligt f\u00f6rslaget.<br \/>\n<div id=\"attachment_470\" style=\"width: 550px\" class=\"wp-caption aligncenter\"><a href=\"http:\/\/wp.kristdemokraterna.se\/kalmarlan\/files\/2014\/10\/landstingsfullmaktige.jpg\"><img loading=\"lazy\" decoding=\"async\" aria-describedby=\"caption-attachment-470\" src=\"http:\/\/wp.kristdemokraterna.se\/kalmarlan\/files\/2014\/10\/landstingsfullmaktige-540x303.jpg\" alt=\"Gudrun tillsammans med de nya ledam\u00f6terna i landstingsfullm\u00e4ktige.\" width=\"540\" height=\"303\" class=\"size-large wp-image-470\" srcset=\"https:\/\/wp.kristdemokraterna.se\/kalmarlan\/files\/2014\/10\/landstingsfullmaktige-540x303.jpg 540w, https:\/\/wp.kristdemokraterna.se\/kalmarlan\/files\/2014\/10\/landstingsfullmaktige-300x168.jpg 300w, https:\/\/wp.kristdemokraterna.se\/kalmarlan\/files\/2014\/10\/landstingsfullmaktige-576x324.jpg 576w, https:\/\/wp.kristdemokraterna.se\/kalmarlan\/files\/2014\/10\/landstingsfullmaktige-186x104.jpg 186w, https:\/\/wp.kristdemokraterna.se\/kalmarlan\/files\/2014\/10\/landstingsfullmaktige.jpg 1632w\" sizes=\"auto, (max-width: 540px) 100vw, 540px\" \/><\/a><p id=\"caption-attachment-470\" class=\"wp-caption-text\">Gudrun tillsammans med de nya ledam\u00f6terna i landstingsfullm\u00e4ktige.<\/p><\/div><br \/>\nJag \u00e4r sj\u00e4lvklart mycket glad och hedrad \u00f6ver att ha f\u00e5tt b\u00e5de v\u00e4ljarnas och partiets f\u00f6rtroende att forts\u00e4tta som landstingsr\u00e5d en mandatperiod till, s\u00e4ger Gudrun<\/p>\n<p>\u2013 Gudrun Bruneg\u00e5rd har i och med valet st\u00e4rkt sin position som ledande f\u00f6retr\u00e4dare f\u00f6r Kristdemokraterna i landstinget. Hon \u00e4r det landstingsr\u00e5d som fick st\u00f6rst andel personkryss i sin hemmavalkrets och blev personvald i tv\u00e5 valkretsar. Hon har visat stor kompetens och engagemang i h\u00e4lso- och sjukv\u00e5rdsfr\u00e5gorna, s\u00e4ger Anders Andersson, distriktsordf\u00f6rande.<\/p>\n<p>\u2013 Jag kommer att forts\u00e4tta g\u00f6ra mitt b\u00e4sta f\u00f6r att f\u00f6ra talan f\u00f6r grupper som kan ha sv\u00e5rt att sj\u00e4lva komma till tals gentemot dem som styr i det r\u00f6dgr\u00f6na landstinget. Det g\u00e4ller allas r\u00e4tt till j\u00e4mlik v\u00e5rd, oavsett var i l\u00e4net man bor. Man ska inte missgynnas av att bo l\u00e5ngt fr\u00e5n sjukhusorterna. Det g\u00e4ller de mest sk\u00f6ra \u00e4ldre, som ska behandlas som v\u00e5rdens VIP-kunder. Det g\u00e4ller barn \u00f6ver 7 \u00e5r, som borde f\u00e5 glas\u00f6gon som kostnadsfritt hj\u00e4lpmedel. Och det g\u00e4ller personer med akuta, livshotande tillst\u00e5nd som beh\u00f6ver snabb transport med ambulanshelikopter. Dessa fr\u00e5gor kommer jag och landstingsgruppen att forts\u00e4tta driva under mandatperioden, s\u00e4ger Gudrun Bruneg\u00e5rd.<\/p>\n<p>Beslutet att omnominera Gudrun Bruneg\u00e5rd som landstingsr\u00e5d och gruppledare var enh\u00e4lligt, b\u00e5de i landstingsgruppen och slutligen i distriktsstyrelsen. Samtidigt valdes Anders Andersson, J\u00e4rnforsen, till vice gruppledare och Chatrine P\u00e5lsson Ahlgren, M\u00f6nster\u00e5s, till gruppm\u00f6tesordf\u00f6rande.<\/p>\n","protected":false},"excerpt":{"rendered":"<p>Nu \u00e4r det klart. Landstingsgruppen f\u00f6rordade Gudrun som gruppledare och landstingsr\u00e5d f\u00f6r \u00e4nnu en mandatperiod. N\u00e4r distriktsstyrelsen samlades i fredags kv\u00e4ll beslutade de enligt f\u00f6rslaget. Jag \u00e4r sj\u00e4lvklart mycket glad och hedrad \u00f6ver att ha f\u00e5tt b\u00e5de v\u00e4ljarnas och partiets f\u00f6rtroende att forts\u00e4tta som landstingsr\u00e5d en mandatperiod till, s\u00e4ger Gudrun \u2013 Gudrun Bruneg\u00e5rd har i <a class=\"read-more-link\" href=\"https:\/\/wp.kristdemokraterna.se\/kalmarlan\/gudrun-far-fortsatt-fortroende-som-landstingsrad\/\">Read More<\/a><\/p>\n","protected":false},"author":417,"featured_media":0,"comment_status":"closed","ping_status":"closed","sticky":false,"template":"","format":"standard","meta":{"_acf_changed":false,"footnotes":""},"categories":[1],"tags":[],"class_list":["post-478","post","type-post","status-publish","format-standard","hentry","category-okategoriserade"],"acf":[],"yoast_head":"<!-- This site is optimized with the Yoast SEO plugin v27.4 - https:\/\/yoast.com\/product\/yoast-seo-wordpress\/ -->\n<title>Gudrun f\u00e5r fortsatt f\u00f6rtroende som landstingsr\u00e5d - i Kalmar l\u00e4n<\/title>\n<meta name=\"robots\" content=\"index, follow, max-snippet:-1, max-image-preview:large, max-video-preview:-1\" \/>\n<link rel=\"canonical\" href=\"https:\/\/wp.kristdemokraterna.se\/kalmarlan\/gudrun-far-fortsatt-fortroende-som-landstingsrad\/\" \/>\n<meta property=\"og:locale\" content=\"sv_SE\" \/>\n<meta property=\"og:type\" content=\"article\" \/>\n<meta property=\"og:title\" content=\"Gudrun f\u00e5r fortsatt f\u00f6rtroende som landstingsr\u00e5d - i Kalmar l\u00e4n\" \/>\n<meta property=\"og:description\" content=\"Nu \u00e4r det klart. Landstingsgruppen f\u00f6rordade Gudrun som gruppledare och landstingsr\u00e5d f\u00f6r \u00e4nnu en mandatperiod. N\u00e4r distriktsstyrelsen samlades i fredags kv\u00e4ll beslutade de enligt f\u00f6rslaget. Jag \u00e4r sj\u00e4lvklart mycket glad och hedrad \u00f6ver att ha f\u00e5tt b\u00e5de v\u00e4ljarnas och partiets f\u00f6rtroende att forts\u00e4tta som landstingsr\u00e5d en mandatperiod till, s\u00e4ger Gudrun \u2013 Gudrun Bruneg\u00e5rd har i Read More\" \/>\n<meta property=\"og:url\" content=\"https:\/\/wp.kristdemokraterna.se\/kalmarlan\/gudrun-far-fortsatt-fortroende-som-landstingsrad\/\" \/>\n<meta property=\"og:site_name\" content=\"i Kalmar l\u00e4n\" \/>\n<meta property=\"article:published_time\" content=\"2014-10-20T09:22:32+00:00\" \/>\n<meta property=\"og:image\" content=\"http:\/\/wp.kristdemokraterna.se\/kalmarlan\/files\/2014\/10\/landstingsfullmaktige-540x303.jpg\" \/>\n<meta name=\"author\" content=\"kalmarlan\" \/>\n<meta name=\"twitter:card\" content=\"summary_large_image\" \/>\n<meta name=\"twitter:label1\" content=\"Skriven av\" \/>\n\t<meta name=\"twitter:data1\" content=\"kalmarlan\" \/>\n\t<meta name=\"twitter:label2\" content=\"Ber\u00e4knad l\u00e4stid\" \/>\n\t<meta name=\"twitter:data2\" content=\"2 minuter\" \/>\n<script type=\"application\/ld+json\" class=\"yoast-schema-graph\">{\"@context\":\"https:\\\/\\\/schema.org\",\"@graph\":[{\"@type\":\"Article\",\"@id\":\"https:\\\/\\\/wp.kristdemokraterna.se\\\/kalmarlan\\\/gudrun-far-fortsatt-fortroende-som-landstingsrad\\\/#article\",\"isPartOf\":{\"@id\":\"https:\\\/\\\/wp.kristdemokraterna.se\\\/kalmarlan\\\/gudrun-far-fortsatt-fortroende-som-landstingsrad\\\/\"},\"author\":{\"name\":\"kalmarlan\",\"@id\":\"https:\\\/\\\/wp.kristdemokraterna.se\\\/kalmarlan\\\/#\\\/schema\\\/person\\\/a1856739934bf9c6a11fb258646ea2a5\"},\"headline\":\"Gudrun f\u00e5r fortsatt f\u00f6rtroende som landstingsr\u00e5d\",\"datePublished\":\"2014-10-20T09:22:32+00:00\",\"mainEntityOfPage\":{\"@id\":\"https:\\\/\\\/wp.kristdemokraterna.se\\\/kalmarlan\\\/gudrun-far-fortsatt-fortroende-som-landstingsrad\\\/\"},\"wordCount\":330,\"image\":{\"@id\":\"https:\\\/\\\/wp.kristdemokraterna.se\\\/kalmarlan\\\/gudrun-far-fortsatt-fortroende-som-landstingsrad\\\/#primaryimage\"},\"thumbnailUrl\":\"http:\\\/\\\/wp.kristdemokraterna.se\\\/kalmarlan\\\/files\\\/2014\\\/10\\\/landstingsfullmaktige-540x303.jpg\",\"inLanguage\":\"sv-SE\"},{\"@type\":\"WebPage\",\"@id\":\"https:\\\/\\\/wp.kristdemokraterna.se\\\/kalmarlan\\\/gudrun-far-fortsatt-fortroende-som-landstingsrad\\\/\",\"url\":\"https:\\\/\\\/wp.kristdemokraterna.se\\\/kalmarlan\\\/gudrun-far-fortsatt-fortroende-som-landstingsrad\\\/\",\"name\":\"Gudrun f\u00e5r fortsatt f\u00f6rtroende som landstingsr\u00e5d - i Kalmar l\u00e4n\",\"isPartOf\":{\"@id\":\"https:\\\/\\\/wp.kristdemokraterna.se\\\/kalmarlan\\\/#website\"},\"primaryImageOfPage\":{\"@id\":\"https:\\\/\\\/wp.kristdemokraterna.se\\\/kalmarlan\\\/gudrun-far-fortsatt-fortroende-som-landstingsrad\\\/#primaryimage\"},\"image\":{\"@id\":\"https:\\\/\\\/wp.kristdemokraterna.se\\\/kalmarlan\\\/gudrun-far-fortsatt-fortroende-som-landstingsrad\\\/#primaryimage\"},\"thumbnailUrl\":\"http:\\\/\\\/wp.kristdemokraterna.se\\\/kalmarlan\\\/files\\\/2014\\\/10\\\/landstingsfullmaktige-540x303.jpg\",\"datePublished\":\"2014-10-20T09:22:32+00:00\",\"author\":{\"@id\":\"https:\\\/\\\/wp.kristdemokraterna.se\\\/kalmarlan\\\/#\\\/schema\\\/person\\\/a1856739934bf9c6a11fb258646ea2a5\"},\"breadcrumb\":{\"@id\":\"https:\\\/\\\/wp.kristdemokraterna.se\\\/kalmarlan\\\/gudrun-far-fortsatt-fortroende-som-landstingsrad\\\/#breadcrumb\"},\"inLanguage\":\"sv-SE\",\"potentialAction\":[{\"@type\":\"ReadAction\",\"target\":[\"https:\\\/\\\/wp.kristdemokraterna.se\\\/kalmarlan\\\/gudrun-far-fortsatt-fortroende-som-landstingsrad\\\/\"]}]},{\"@type\":\"ImageObject\",\"inLanguage\":\"sv-SE\",\"@id\":\"https:\\\/\\\/wp.kristdemokraterna.se\\\/kalmarlan\\\/gudrun-far-fortsatt-fortroende-som-landstingsrad\\\/#primaryimage\",\"url\":\"https:\\\/\\\/wp.kristdemokraterna.se\\\/kalmarlan\\\/files\\\/2014\\\/10\\\/landstingsfullmaktige.jpg\",\"contentUrl\":\"https:\\\/\\\/wp.kristdemokraterna.se\\\/kalmarlan\\\/files\\\/2014\\\/10\\\/landstingsfullmaktige.jpg\",\"width\":1632,\"height\":918,\"caption\":\"Gudrun tillsammans med de nya ledam\u00f6terna i landstingsfullm\u00e4ktige.\"},{\"@type\":\"BreadcrumbList\",\"@id\":\"https:\\\/\\\/wp.kristdemokraterna.se\\\/kalmarlan\\\/gudrun-far-fortsatt-fortroende-som-landstingsrad\\\/#breadcrumb\",\"itemListElement\":[{\"@type\":\"ListItem\",\"position\":1,\"name\":\"Hem\",\"item\":\"https:\\\/\\\/wp.kristdemokraterna.se\\\/kalmarlan\\\/\"},{\"@type\":\"ListItem\",\"position\":2,\"name\":\"Gudrun f\u00e5r fortsatt f\u00f6rtroende som landstingsr\u00e5d\"}]},{\"@type\":\"WebSite\",\"@id\":\"https:\\\/\\\/wp.kristdemokraterna.se\\\/kalmarlan\\\/#website\",\"url\":\"https:\\\/\\\/wp.kristdemokraterna.se\\\/kalmarlan\\\/\",\"name\":\"i Kalmar l\u00e4n\",\"description\":\"\",\"inLanguage\":\"sv-SE\"},{\"@type\":\"Person\",\"@id\":\"https:\\\/\\\/wp.kristdemokraterna.se\\\/kalmarlan\\\/#\\\/schema\\\/person\\\/a1856739934bf9c6a11fb258646ea2a5\",\"name\":\"kalmarlan\",\"image\":{\"@type\":\"ImageObject\",\"inLanguage\":\"sv-SE\",\"@id\":\"https:\\\/\\\/secure.gravatar.com\\\/avatar\\\/ef1f7dcd1b21be34f0f3e58a032955c2de43794b20090a23118cd0e2a8964e6e?s=96&r=g\",\"url\":\"https:\\\/\\\/secure.gravatar.com\\\/avatar\\\/ef1f7dcd1b21be34f0f3e58a032955c2de43794b20090a23118cd0e2a8964e6e?s=96&r=g\",\"contentUrl\":\"https:\\\/\\\/secure.gravatar.com\\\/avatar\\\/ef1f7dcd1b21be34f0f3e58a032955c2de43794b20090a23118cd0e2a8964e6e?s=96&r=g\",\"caption\":\"kalmarlan\"},\"url\":\"https:\\\/\\\/wp.kristdemokraterna.se\\\/kalmarlan\\\/author\\\/kalmarlan\\\/\"}]}<\/script>\n<!-- \/ Yoast SEO plugin. -->","yoast_head_json":{"title":"Gudrun f\u00e5r fortsatt f\u00f6rtroende som landstingsr\u00e5d - i Kalmar l\u00e4n","robots":{"index":"index","follow":"follow","max-snippet":"max-snippet:-1","max-image-preview":"max-image-preview:large","max-video-preview":"max-video-preview:-1"},"canonical":"https:\/\/wp.kristdemokraterna.se\/kalmarlan\/gudrun-far-fortsatt-fortroende-som-landstingsrad\/","og_locale":"sv_SE","og_type":"article","og_title":"Gudrun f\u00e5r fortsatt f\u00f6rtroende som landstingsr\u00e5d - i Kalmar l\u00e4n","og_description":"Nu \u00e4r det klart. Landstingsgruppen f\u00f6rordade Gudrun som gruppledare och landstingsr\u00e5d f\u00f6r \u00e4nnu en mandatperiod. N\u00e4r distriktsstyrelsen samlades i fredags kv\u00e4ll beslutade de enligt f\u00f6rslaget. Jag \u00e4r sj\u00e4lvklart mycket glad och hedrad \u00f6ver att ha f\u00e5tt b\u00e5de v\u00e4ljarnas och partiets f\u00f6rtroende att forts\u00e4tta som landstingsr\u00e5d en mandatperiod till, s\u00e4ger Gudrun \u2013 Gudrun Bruneg\u00e5rd har i Read More","og_url":"https:\/\/wp.kristdemokraterna.se\/kalmarlan\/gudrun-far-fortsatt-fortroende-som-landstingsrad\/","og_site_name":"i Kalmar l\u00e4n","article_published_time":"2014-10-20T09:22:32+00:00","og_image":[{"url":"http:\/\/wp.kristdemokraterna.se\/kalmarlan\/files\/2014\/10\/landstingsfullmaktige-540x303.jpg","type":"","width":"","height":""}],"author":"kalmarlan","twitter_card":"summary_large_image","twitter_misc":{"Skriven av":"kalmarlan","Ber\u00e4knad l\u00e4stid":"2 minuter"},"schema":{"@context":"https:\/\/schema.org","@graph":[{"@type":"Article","@id":"https:\/\/wp.kristdemokraterna.se\/kalmarlan\/gudrun-far-fortsatt-fortroende-som-landstingsrad\/#article","isPartOf":{"@id":"https:\/\/wp.kristdemokraterna.se\/kalmarlan\/gudrun-far-fortsatt-fortroende-som-landstingsrad\/"},"author":{"name":"kalmarlan","@id":"https:\/\/wp.kristdemokraterna.se\/kalmarlan\/#\/schema\/person\/a1856739934bf9c6a11fb258646ea2a5"},"headline":"Gudrun f\u00e5r fortsatt f\u00f6rtroende som landstingsr\u00e5d","datePublished":"2014-10-20T09:22:32+00:00","mainEntityOfPage":{"@id":"https:\/\/wp.kristdemokraterna.se\/kalmarlan\/gudrun-far-fortsatt-fortroende-som-landstingsrad\/"},"wordCount":330,"image":{"@id":"https:\/\/wp.kristdemokraterna.se\/kalmarlan\/gudrun-far-fortsatt-fortroende-som-landstingsrad\/#primaryimage"},"thumbnailUrl":"http:\/\/wp.kristdemokraterna.se\/kalmarlan\/files\/2014\/10\/landstingsfullmaktige-540x303.jpg","inLanguage":"sv-SE"},{"@type":"WebPage","@id":"https:\/\/wp.kristdemokraterna.se\/kalmarlan\/gudrun-far-fortsatt-fortroende-som-landstingsrad\/","url":"https:\/\/wp.kristdemokraterna.se\/kalmarlan\/gudrun-far-fortsatt-fortroende-som-landstingsrad\/","name":"Gudrun f\u00e5r fortsatt f\u00f6rtroende som landstingsr\u00e5d - i Kalmar l\u00e4n","isPartOf":{"@id":"https:\/\/wp.kristdemokraterna.se\/kalmarlan\/#website"},"primaryImageOfPage":{"@id":"https:\/\/wp.kristdemokraterna.se\/kalmarlan\/gudrun-far-fortsatt-fortroende-som-landstingsrad\/#primaryimage"},"image":{"@id":"https:\/\/wp.kristdemokraterna.se\/kalmarlan\/gudrun-far-fortsatt-fortroende-som-landstingsrad\/#primaryimage"},"thumbnailUrl":"http:\/\/wp.kristdemokraterna.se\/kalmarlan\/files\/2014\/10\/landstingsfullmaktige-540x303.jpg","datePublished":"2014-10-20T09:22:32+00:00","author":{"@id":"https:\/\/wp.kristdemokraterna.se\/kalmarlan\/#\/schema\/person\/a1856739934bf9c6a11fb258646ea2a5"},"breadcrumb":{"@id":"https:\/\/wp.kristdemokraterna.se\/kalmarlan\/gudrun-far-fortsatt-fortroende-som-landstingsrad\/#breadcrumb"},"inLanguage":"sv-SE","potentialAction":[{"@type":"ReadAction","target":["https:\/\/wp.kristdemokraterna.se\/kalmarlan\/gudrun-far-fortsatt-fortroende-som-landstingsrad\/"]}]},{"@type":"ImageObject","inLanguage":"sv-SE","@id":"https:\/\/wp.kristdemokraterna.se\/kalmarlan\/gudrun-far-fortsatt-fortroende-som-landstingsrad\/#primaryimage","url":"https:\/\/wp.kristdemokraterna.se\/kalmarlan\/files\/2014\/10\/landstingsfullmaktige.jpg","contentUrl":"https:\/\/wp.kristdemokraterna.se\/kalmarlan\/files\/2014\/10\/landstingsfullmaktige.jpg","width":1632,"height":918,"caption":"Gudrun tillsammans med de nya ledam\u00f6terna i landstingsfullm\u00e4ktige."},{"@type":"BreadcrumbList","@id":"https:\/\/wp.kristdemokraterna.se\/kalmarlan\/gudrun-far-fortsatt-fortroende-som-landstingsrad\/#breadcrumb","itemListElement":[{"@type":"ListItem","position":1,"name":"Hem","item":"https:\/\/wp.kristdemokraterna.se\/kalmarlan\/"},{"@type":"ListItem","position":2,"name":"Gudrun f\u00e5r fortsatt f\u00f6rtroende som landstingsr\u00e5d"}]},{"@type":"WebSite","@id":"https:\/\/wp.kristdemokraterna.se\/kalmarlan\/#website","url":"https:\/\/wp.kristdemokraterna.se\/kalmarlan\/","name":"i Kalmar l\u00e4n","description":"","inLanguage":"sv-SE"},{"@type":"Person","@id":"https:\/\/wp.kristdemokraterna.se\/kalmarlan\/#\/schema\/person\/a1856739934bf9c6a11fb258646ea2a5","name":"kalmarlan","image":{"@type":"ImageObject","inLanguage":"sv-SE","@id":"https:\/\/secure.gravatar.com\/avatar\/ef1f7dcd1b21be34f0f3e58a032955c2de43794b20090a23118cd0e2a8964e6e?s=96&r=g","url":"https:\/\/secure.gravatar.com\/avatar\/ef1f7dcd1b21be34f0f3e58a032955c2de43794b20090a23118cd0e2a8964e6e?s=96&r=g","contentUrl":"https:\/\/secure.gravatar.com\/avatar\/ef1f7dcd1b21be34f0f3e58a032955c2de43794b20090a23118cd0e2a8964e6e?s=96&r=g","caption":"kalmarlan"},"url":"https:\/\/wp.kristdemokraterna.se\/kalmarlan\/author\/kalmarlan\/"}]}},"_links":{"self":[{"href":"https:\/\/wp.kristdemokraterna.se\/kalmarlan\/wp-json\/wp\/v2\/posts\/478","targetHints":{"allow":["GET"]}}],"collection":[{"href":"https:\/\/wp.kristdemokraterna.se\/kalmarlan\/wp-json\/wp\/v2\/posts"}],"about":[{"href":"https:\/\/wp.kristdemokraterna.se\/kalmarlan\/wp-json\/wp\/v2\/types\/post"}],"author":[{"embeddable":true,"href":"https:\/\/wp.kristdemokraterna.se\/kalmarlan\/wp-json\/wp\/v2\/users\/417"}],"replies":[{"embeddable":true,"href":"https:\/\/wp.kristdemokraterna.se\/kalmarlan\/wp-json\/wp\/v2\/comments?post=478"}],"version-history":[{"count":1,"href":"https:\/\/wp.kristdemokraterna.se\/kalmarlan\/wp-json\/wp\/v2\/posts\/478\/revisions"}],"predecessor-version":[{"id":479,"href":"https:\/\/wp.kristdemokraterna.se\/kalmarlan\/wp-json\/wp\/v2\/posts\/478\/revisions\/479"}],"wp:attachment":[{"href":"https:\/\/wp.kristdemokraterna.se\/kalmarlan\/wp-json\/wp\/v2\/media?parent=478"}],"wp:term":[{"taxonomy":"category","embeddable":true,"href":"https:\/\/wp.kristdemokraterna.se\/kalmarlan\/wp-json\/wp\/v2\/categories?post=478"},{"taxonomy":"post_tag","embeddable":true,"href":"https:\/\/wp.kristdemokraterna.se\/kalmarlan\/wp-json\/wp\/v2\/tags?post=478"}],"curies":[{"name":"wp","href":"https:\/\/api.w.org\/{rel}","templated":true}]}}