{"id":480,"date":"2014-10-21T14:45:07","date_gmt":"2014-10-21T12:45:07","guid":{"rendered":"http:\/\/wp.kristdemokraterna.se\/kalmarlan\/?p=480"},"modified":"2014-10-21T14:45:07","modified_gmt":"2014-10-21T12:45:07","slug":"hoj-attraktiviteten-inom-primarvarden","status":"publish","type":"post","link":"https:\/\/wp.kristdemokraterna.se\/kalmarlan\/hoj-attraktiviteten-inom-primarvarden\/","title":{"rendered":"H\u00f6j attraktiviteten inom prim\u00e4rv\u00e5rden"},"content":{"rendered":"<p><em>Motion inl\u00e4mnad idag<\/em><\/p>\n<p>Prim\u00e4rv\u00e5rden ska vara basen i h\u00e4lso- och sjukv\u00e5rden. Rent geografiskt finns prim\u00e4rv\u00e5rden n\u00e4rmast befolkningen, med minst en h\u00e4lsocentral i varje kommun. De allm\u00e4nmedicinska specialistl\u00e4karna, distriktsl\u00e4karna, \u00e4r utbildade f\u00f6r att kunna m\u00f6ta och g\u00f6ra en f\u00f6rsta bed\u00f6mning och sortering av hela bredden i befolkningens sjukdomspanorama, fr\u00e5n vaggan till graven. <\/p>\n<p>Trots denna nyckelroll r\u00e5der det stor brist p\u00e5 distriktsl\u00e4kare i hela landet. Sverige har numera fler l\u00e4kare \u00e4n n\u00e5gonsin tidigare. Vi har st\u00f6rst andel sjukhusl\u00e4kare i f\u00f6rh\u00e5llande till folkm\u00e4ngden, men l\u00e4gre andel l\u00e4kare i prim\u00e4rv\u00e5rden \u00e4n i j\u00e4mf\u00f6rbara l\u00e4nder. I b\u00e5de Danmark och Norge finns ett mer helt\u00e4ckande n\u00e4t av allm\u00e4nmedicinare \u00e4ven ute p\u00e5 landsorten. <\/p>\n<p>Den st\u00f6rsta andelen patienter i sjukv\u00e5rden \u00e4r \u00e4ldre. M\u00e5nga av dem har uppn\u00e5tt h\u00f6g \u00e5lder och har flera samtidiga diagnoser, som g\u00f6r patienterna s\u00e4rskilt sk\u00f6ra och s\u00e5rbara. F\u00f6r dem \u00e4r kontakten med den fasta v\u00e5rdkontakten och l\u00e4karen i prim\u00e4rv\u00e5rden avg\u00f6rande. I dagens situation, d\u00e4r en stor del av alla distriktsl\u00e4kartj\u00e4nster \u00e4r vakanta, haltar v\u00e5rdkedjan. I brist p\u00e5 l\u00e4kare i prim\u00e4rv\u00e5rden riskerar patienter skickas till sjukhuset i on\u00f6dan \u2013 eller inte skickas, p\u00e5 grund av att den l\u00e4kare som ordinerade en unders\u00f6kning inte l\u00e4ngre finns p\u00e5 plats f\u00f6r att ta emot och ta st\u00e4llning till provsvaret. Inte heller kan man vara s\u00e4ker p\u00e5 att uppf\u00f6ljning efter sjukhusvistelse blir korrekt genomf\u00f6rd, om det inte finns n\u00e5gon l\u00e4kare p\u00e5 plats. <\/p>\n<p>M\u00e5nga f\u00f6rs\u00f6k att locka l\u00e4kare att specialisera sig inom allm\u00e4nmedicin misslyckas tyv\u00e4rr. M\u00e5nga l\u00e4kare uppger att allm\u00e4nmedicin \u00e4r den mest intressanta specialiteten, just genom sin bredd. \u00c4nd\u00e5 \u00e4r det inte ovanligt att man s\u00f6ker sig till andra specialiteter, som \u00e4r mer avgr\u00e4nsade och d\u00e4r patienternas sammansatta problematik kanske inte \u00e4r lika tung. <\/p>\n<p>H\u00e4lso- och sjukv\u00e5rden st\u00e5r allts\u00e5 inf\u00f6r en gigantisk utmaning. Hur ska man kunna ge b\u00e4sta m\u00f6jliga v\u00e5rd till de mest sk\u00f6ra, s\u00e5v\u00e4l som till den stora m\u00e4ngden patienter med mer vardagliga symptom, som likv\u00e4l beh\u00f6ver bed\u00f6mas och behandlas, n\u00e4r det finns f\u00f6r f\u00e5 allm\u00e4nmedicinare?<\/p>\n<p>En l\u00f6sning kan best\u00e5 av flera olika \u00e5tg\u00e4rder. En del kan l\u00f6sas lokalt-regionalt, andra kr\u00e4ver nationella beslut och samordning:<\/p>\n<p>Det m\u00e5ste framf\u00f6r allt bli mer attraktivt att jobba i prim\u00e4rv\u00e5rden. Det kan handla om ett kraftigt h\u00f6jt l\u00f6nel\u00e4ge, s\u00e4rskilt p\u00e5 orter dit det idag \u00e4r sv\u00e5rt att rekrytera l\u00e4kare. Ett glesbygdstill\u00e4gg skulle kunna inneb\u00e4ra att fler s\u00f6kte sig till prim\u00e4rv\u00e5rden ist\u00e4llet f\u00f6r till bemanningsf\u00f6retag eller till h\u00f6gavl\u00f6nade tj\u00e4nster utomlands. Samtidigt kan man konstatera att l\u00f6nel\u00e4get inom prim\u00e4rv\u00e5rden redan \u00e4r avsev\u00e4rt h\u00f6gre \u00e4n inom slutenv\u00e5rden. D\u00e4rf\u00f6r \u00e4r det n\u00f6dv\u00e4ndigt med \u00e5tg\u00e4rder p\u00e5 bred front. <\/p>\n<p>I Sk\u00e5ne har man satsat p\u00e5 \u00e4ldremottagningar, d\u00e4r \u00e4ldre f\u00e5r s\u00e4rskild omsorg, personligt bem\u00f6tande, avskilt och anpassat v\u00e4ntrum samt mer tid med l\u00e4karen. Denna patientgrupp f\u00e5r s\u00e4llan den tids\u00e5tg\u00e5ng som beh\u00f6vs p\u00e5 en vanlig mottagning. Ett s\u00e5dant arbetss\u00e4tt skulle s\u00e4kert kunna inrymmas p\u00e5 h\u00e4lsocentraler i v\u00e5rt l\u00e4n, d\u00e4r det finns l\u00e4kare som k\u00e4nner speciellt f\u00f6r dessa patienter. <\/p>\n<p>En del av problematiken kan ligga i behovet av att vara en del i ett st\u00f6rre arbetslag, med flera olika professioner och med en blandning av mer och mindre erfarna kollegor. B\u00e5de rent socialt, men ocks\u00e5 kollegialt och f\u00f6r att kunna s\u00f6ka r\u00e5d och st\u00f6d. P\u00e5 mindre h\u00e4lsocentraler p\u00e5 landsorten kan detta vara sv\u00e5rt att uppn\u00e5. <\/p>\n<p>Det beh\u00f6ver finnas en medicinsk back-upp att r\u00e5dg\u00f6ra med vid komplicerade fall. Varf\u00f6r inte bygga upp ett system med senior consultant doctors, som kan finnas till hands via telefon eller videokonferens? Det skulle minska otryggheten hos yngre kollegor p\u00e5 mindre h\u00e4lsocentraler. <\/p>\n<p>Ett s\u00e4tt att f\u00f6rb\u00e4ttra f\u00f6ruts\u00e4ttningarna att rekrytera l\u00e4kare till mindre h\u00e4lsocentraler kan vara att kombinera tj\u00e4nster, d\u00e4r l\u00e4karen v\u00e4xelvis tj\u00e4nstg\u00f6r n\u00e5gon eller n\u00e5gra dagar i veckan p\u00e5 en st\u00f6rre mottagning och n\u00e5gon eller n\u00e5gra dagar p\u00e5 en mindre. P\u00e5 s\u00e5 s\u00e4tt skulle man kunna \u00f6ka l\u00e5ngsiktigheten p\u00e5 den mindre enheten. \u00c4ven individuella \u00f6nskem\u00e5l om st\u00f6rre kulturellt utbud \u00e4n vad som kan erbjudas p\u00e5 en mindre ort skulle d\u00e5 kunna tillgodoses. <\/p>\n<p>Med tanke p\u00e5 den stora andelen sjukhusl\u00e4kare i Sverige m\u00e5ste det ocks\u00e5 bli mer naturligt f\u00f6r l\u00e4kare med olika sjukhusspecialiteter att arbeta i prim\u00e4rv\u00e5rden p\u00e5 heltid eller under del av sin arbetstid. Till att b\u00f6rja med borde alla specialistl\u00e4karutbildningar kompletteras med en viss tids praktik inom prim\u00e4rv\u00e5rden. Det skulle dessutom bidra till att h\u00f6ja kompetensen och f\u00f6rst\u00e5elsen sinsemellan olika specialiteter. Landstinget ska underl\u00e4tta f\u00f6r dem som visar intresse f\u00f6r att skaffa en dubbel specialistkompetens, med allm\u00e4nmedicin som en del. Likas\u00e5 skulle det kunna vara en f\u00f6rdel om allm\u00e4nl\u00e4kare hade naturligt och regelbundet \u00e5terkommande perioder med hospitering eller tj\u00e4nstg\u00f6ring p\u00e5 sjukhuskliniker.<\/p>\n<p>En del l\u00e4kare har intresse av forskning. Det beh\u00f6ver d\u00e4rf\u00f6r byggas upp en allm\u00e4nmedicinsk forskningsenhet i l\u00e4net. Det finns redan ett antal exempel p\u00e5 l\u00e4kare i l\u00e4net som kombinerat forskning med deltidstj\u00e4nstg\u00f6ring i prim\u00e4rv\u00e5rden, men det kan beh\u00f6va aktivt skapas s\u00e4rskilda kombinationstj\u00e4nster. <\/p>\n<p>Prim\u00e4rv\u00e5rden bygger p\u00e5 kontinuitet, att man ska f\u00e5 tr\u00e4ffa \u201dsin\u201d l\u00e4kare, helst vid varje bes\u00f6k. Om det byggs upp en resurspool inom prim\u00e4rv\u00e5rden \u00e4r det d\u00e4rf\u00f6r viktigt att man planerar s\u00e5 att samma l\u00e4kare \u00e5terkommer regelbundet. <\/p>\n<p>I N\u00e4ssj\u00f6 finns ett utbildningscenter inom prim\u00e4rv\u00e5rden, d\u00e4r man kompletterar kompetensen hos utl\u00e4ndska l\u00e4kare och svenska l\u00e4kare med utl\u00e4ndsk l\u00e4karexamen. Man f\u00e5r d\u00e4r ocks\u00e5 praktik med kompetent och erfaren handledning, f\u00f6r att man ska k\u00e4nna sig trygg medan man l\u00e4r sig arbetsmetoder och f\u00f6rh\u00e5llningss\u00e4tt inom prim\u00e4rv\u00e5rden. Det \u00e4r ett gott exempel att l\u00e4ra ifr\u00e5n. <\/p>\n<p>M\u00e5nga av de h\u00e4r \u00e5tg\u00e4rderna inneb\u00e4r kostnader. Hyrl\u00e4karkostnaderna vid alla nuvarande vakanser \u00e4r dock f\u00f6rmodligen l\u00e5ngt st\u00f6rre. Hyrl\u00e4kare \u00e4r dyra i sig, men dessutom riskerar de mest sjuka \u00e4ldre och patienter i behov av omfattande utredningar att f\u00e5 s\u00e4mre v\u00e5rd och s\u00e4mre kontinuitet. D\u00e4rmed \u00f6kar risken f\u00f6r fel- och \u00f6verbelastning av andra delar av sjukv\u00e5rden. \u00c4ven det f\u00f6rorsakar h\u00f6gre kostnader, men framf\u00f6r allt ett \u00f6kat och f\u00f6rl\u00e4ngt lidande och minskad trygghet f\u00f6r patienten. <\/p>\n<p>Kristdemokraterna f\u00f6resl\u00e5r d\u00e4rf\u00f6r <\/p>\n<p>att landstingsdirekt\u00f6ren ges i uppdrag att vidta l\u00e4mpliga \u00e5tg\u00e4rder f\u00f6r att \u00f6ka attraktiviteten i prim\u00e4rv\u00e5rden och utreda m\u00f6jligheten till omf\u00f6rdelning av landstingets ekonomiska utrymme, enligt ovanst\u00e5ende tankar.<\/p>\n<p>Kalmar den 21 oktober 2014<\/p>\n<p>Gudrun Bruneg\u00e5rd<\/p>\n","protected":false},"excerpt":{"rendered":"<p>Motion inl\u00e4mnad idag Prim\u00e4rv\u00e5rden ska vara basen i h\u00e4lso- och sjukv\u00e5rden. Rent geografiskt finns prim\u00e4rv\u00e5rden n\u00e4rmast befolkningen, med minst en h\u00e4lsocentral i varje kommun. De allm\u00e4nmedicinska specialistl\u00e4karna, distriktsl\u00e4karna, \u00e4r utbildade f\u00f6r att kunna m\u00f6ta och g\u00f6ra en f\u00f6rsta bed\u00f6mning och sortering av hela bredden i befolkningens sjukdomspanorama, fr\u00e5n vaggan till graven. Trots denna nyckelroll r\u00e5der <a class=\"read-more-link\" href=\"https:\/\/wp.kristdemokraterna.se\/kalmarlan\/hoj-attraktiviteten-inom-primarvarden\/\">Read More<\/a><\/p>\n","protected":false},"author":417,"featured_media":0,"comment_status":"closed","ping_status":"closed","sticky":false,"template":"","format":"standard","meta":{"_acf_changed":false,"footnotes":""},"categories":[1],"tags":[],"class_list":["post-480","post","type-post","status-publish","format-standard","hentry","category-okategoriserade"],"acf":[],"yoast_head":"<!-- This site is optimized with the Yoast SEO plugin v27.4 - https:\/\/yoast.com\/product\/yoast-seo-wordpress\/ -->\n<title>H\u00f6j attraktiviteten inom prim\u00e4rv\u00e5rden - i Kalmar l\u00e4n<\/title>\n<meta name=\"robots\" content=\"index, follow, max-snippet:-1, max-image-preview:large, max-video-preview:-1\" \/>\n<link rel=\"canonical\" href=\"https:\/\/wp.kristdemokraterna.se\/kalmarlan\/hoj-attraktiviteten-inom-primarvarden\/\" \/>\n<meta property=\"og:locale\" content=\"sv_SE\" \/>\n<meta property=\"og:type\" content=\"article\" \/>\n<meta property=\"og:title\" content=\"H\u00f6j attraktiviteten inom prim\u00e4rv\u00e5rden - i Kalmar l\u00e4n\" \/>\n<meta property=\"og:description\" content=\"Motion inl\u00e4mnad idag Prim\u00e4rv\u00e5rden ska vara basen i h\u00e4lso- och sjukv\u00e5rden. Rent geografiskt finns prim\u00e4rv\u00e5rden n\u00e4rmast befolkningen, med minst en h\u00e4lsocentral i varje kommun. De allm\u00e4nmedicinska specialistl\u00e4karna, distriktsl\u00e4karna, \u00e4r utbildade f\u00f6r att kunna m\u00f6ta och g\u00f6ra en f\u00f6rsta bed\u00f6mning och sortering av hela bredden i befolkningens sjukdomspanorama, fr\u00e5n vaggan till graven. Trots denna nyckelroll r\u00e5der Read More\" \/>\n<meta property=\"og:url\" content=\"https:\/\/wp.kristdemokraterna.se\/kalmarlan\/hoj-attraktiviteten-inom-primarvarden\/\" \/>\n<meta property=\"og:site_name\" content=\"i Kalmar l\u00e4n\" \/>\n<meta property=\"article:published_time\" content=\"2014-10-21T12:45:07+00:00\" \/>\n<meta name=\"author\" content=\"kalmarlan\" \/>\n<meta name=\"twitter:card\" content=\"summary_large_image\" \/>\n<meta name=\"twitter:label1\" content=\"Skriven av\" \/>\n\t<meta name=\"twitter:data1\" content=\"kalmarlan\" \/>\n\t<meta name=\"twitter:label2\" content=\"Ber\u00e4knad l\u00e4stid\" \/>\n\t<meta name=\"twitter:data2\" content=\"6 minuter\" \/>\n<script type=\"application\/ld+json\" class=\"yoast-schema-graph\">{\"@context\":\"https:\\\/\\\/schema.org\",\"@graph\":[{\"@type\":\"Article\",\"@id\":\"https:\\\/\\\/wp.kristdemokraterna.se\\\/kalmarlan\\\/hoj-attraktiviteten-inom-primarvarden\\\/#article\",\"isPartOf\":{\"@id\":\"https:\\\/\\\/wp.kristdemokraterna.se\\\/kalmarlan\\\/hoj-attraktiviteten-inom-primarvarden\\\/\"},\"author\":{\"name\":\"kalmarlan\",\"@id\":\"https:\\\/\\\/wp.kristdemokraterna.se\\\/kalmarlan\\\/#\\\/schema\\\/person\\\/a1856739934bf9c6a11fb258646ea2a5\"},\"headline\":\"H\u00f6j attraktiviteten inom prim\u00e4rv\u00e5rden\",\"datePublished\":\"2014-10-21T12:45:07+00:00\",\"mainEntityOfPage\":{\"@id\":\"https:\\\/\\\/wp.kristdemokraterna.se\\\/kalmarlan\\\/hoj-attraktiviteten-inom-primarvarden\\\/\"},\"wordCount\":1279,\"inLanguage\":\"sv-SE\"},{\"@type\":\"WebPage\",\"@id\":\"https:\\\/\\\/wp.kristdemokraterna.se\\\/kalmarlan\\\/hoj-attraktiviteten-inom-primarvarden\\\/\",\"url\":\"https:\\\/\\\/wp.kristdemokraterna.se\\\/kalmarlan\\\/hoj-attraktiviteten-inom-primarvarden\\\/\",\"name\":\"H\u00f6j attraktiviteten inom prim\u00e4rv\u00e5rden - i Kalmar l\u00e4n\",\"isPartOf\":{\"@id\":\"https:\\\/\\\/wp.kristdemokraterna.se\\\/kalmarlan\\\/#website\"},\"datePublished\":\"2014-10-21T12:45:07+00:00\",\"author\":{\"@id\":\"https:\\\/\\\/wp.kristdemokraterna.se\\\/kalmarlan\\\/#\\\/schema\\\/person\\\/a1856739934bf9c6a11fb258646ea2a5\"},\"breadcrumb\":{\"@id\":\"https:\\\/\\\/wp.kristdemokraterna.se\\\/kalmarlan\\\/hoj-attraktiviteten-inom-primarvarden\\\/#breadcrumb\"},\"inLanguage\":\"sv-SE\",\"potentialAction\":[{\"@type\":\"ReadAction\",\"target\":[\"https:\\\/\\\/wp.kristdemokraterna.se\\\/kalmarlan\\\/hoj-attraktiviteten-inom-primarvarden\\\/\"]}]},{\"@type\":\"BreadcrumbList\",\"@id\":\"https:\\\/\\\/wp.kristdemokraterna.se\\\/kalmarlan\\\/hoj-attraktiviteten-inom-primarvarden\\\/#breadcrumb\",\"itemListElement\":[{\"@type\":\"ListItem\",\"position\":1,\"name\":\"Hem\",\"item\":\"https:\\\/\\\/wp.kristdemokraterna.se\\\/kalmarlan\\\/\"},{\"@type\":\"ListItem\",\"position\":2,\"name\":\"H\u00f6j attraktiviteten inom prim\u00e4rv\u00e5rden\"}]},{\"@type\":\"WebSite\",\"@id\":\"https:\\\/\\\/wp.kristdemokraterna.se\\\/kalmarlan\\\/#website\",\"url\":\"https:\\\/\\\/wp.kristdemokraterna.se\\\/kalmarlan\\\/\",\"name\":\"i Kalmar l\u00e4n\",\"description\":\"\",\"inLanguage\":\"sv-SE\"},{\"@type\":\"Person\",\"@id\":\"https:\\\/\\\/wp.kristdemokraterna.se\\\/kalmarlan\\\/#\\\/schema\\\/person\\\/a1856739934bf9c6a11fb258646ea2a5\",\"name\":\"kalmarlan\",\"image\":{\"@type\":\"ImageObject\",\"inLanguage\":\"sv-SE\",\"@id\":\"https:\\\/\\\/secure.gravatar.com\\\/avatar\\\/ef1f7dcd1b21be34f0f3e58a032955c2de43794b20090a23118cd0e2a8964e6e?s=96&r=g\",\"url\":\"https:\\\/\\\/secure.gravatar.com\\\/avatar\\\/ef1f7dcd1b21be34f0f3e58a032955c2de43794b20090a23118cd0e2a8964e6e?s=96&r=g\",\"contentUrl\":\"https:\\\/\\\/secure.gravatar.com\\\/avatar\\\/ef1f7dcd1b21be34f0f3e58a032955c2de43794b20090a23118cd0e2a8964e6e?s=96&r=g\",\"caption\":\"kalmarlan\"},\"url\":\"https:\\\/\\\/wp.kristdemokraterna.se\\\/kalmarlan\\\/author\\\/kalmarlan\\\/\"}]}<\/script>\n<!-- \/ Yoast SEO plugin. -->","yoast_head_json":{"title":"H\u00f6j attraktiviteten inom prim\u00e4rv\u00e5rden - i Kalmar l\u00e4n","robots":{"index":"index","follow":"follow","max-snippet":"max-snippet:-1","max-image-preview":"max-image-preview:large","max-video-preview":"max-video-preview:-1"},"canonical":"https:\/\/wp.kristdemokraterna.se\/kalmarlan\/hoj-attraktiviteten-inom-primarvarden\/","og_locale":"sv_SE","og_type":"article","og_title":"H\u00f6j attraktiviteten inom prim\u00e4rv\u00e5rden - i Kalmar l\u00e4n","og_description":"Motion inl\u00e4mnad idag Prim\u00e4rv\u00e5rden ska vara basen i h\u00e4lso- och sjukv\u00e5rden. Rent geografiskt finns prim\u00e4rv\u00e5rden n\u00e4rmast befolkningen, med minst en h\u00e4lsocentral i varje kommun. De allm\u00e4nmedicinska specialistl\u00e4karna, distriktsl\u00e4karna, \u00e4r utbildade f\u00f6r att kunna m\u00f6ta och g\u00f6ra en f\u00f6rsta bed\u00f6mning och sortering av hela bredden i befolkningens sjukdomspanorama, fr\u00e5n vaggan till graven. Trots denna nyckelroll r\u00e5der Read More","og_url":"https:\/\/wp.kristdemokraterna.se\/kalmarlan\/hoj-attraktiviteten-inom-primarvarden\/","og_site_name":"i Kalmar l\u00e4n","article_published_time":"2014-10-21T12:45:07+00:00","author":"kalmarlan","twitter_card":"summary_large_image","twitter_misc":{"Skriven av":"kalmarlan","Ber\u00e4knad l\u00e4stid":"6 minuter"},"schema":{"@context":"https:\/\/schema.org","@graph":[{"@type":"Article","@id":"https:\/\/wp.kristdemokraterna.se\/kalmarlan\/hoj-attraktiviteten-inom-primarvarden\/#article","isPartOf":{"@id":"https:\/\/wp.kristdemokraterna.se\/kalmarlan\/hoj-attraktiviteten-inom-primarvarden\/"},"author":{"name":"kalmarlan","@id":"https:\/\/wp.kristdemokraterna.se\/kalmarlan\/#\/schema\/person\/a1856739934bf9c6a11fb258646ea2a5"},"headline":"H\u00f6j attraktiviteten inom prim\u00e4rv\u00e5rden","datePublished":"2014-10-21T12:45:07+00:00","mainEntityOfPage":{"@id":"https:\/\/wp.kristdemokraterna.se\/kalmarlan\/hoj-attraktiviteten-inom-primarvarden\/"},"wordCount":1279,"inLanguage":"sv-SE"},{"@type":"WebPage","@id":"https:\/\/wp.kristdemokraterna.se\/kalmarlan\/hoj-attraktiviteten-inom-primarvarden\/","url":"https:\/\/wp.kristdemokraterna.se\/kalmarlan\/hoj-attraktiviteten-inom-primarvarden\/","name":"H\u00f6j attraktiviteten inom prim\u00e4rv\u00e5rden - i Kalmar l\u00e4n","isPartOf":{"@id":"https:\/\/wp.kristdemokraterna.se\/kalmarlan\/#website"},"datePublished":"2014-10-21T12:45:07+00:00","author":{"@id":"https:\/\/wp.kristdemokraterna.se\/kalmarlan\/#\/schema\/person\/a1856739934bf9c6a11fb258646ea2a5"},"breadcrumb":{"@id":"https:\/\/wp.kristdemokraterna.se\/kalmarlan\/hoj-attraktiviteten-inom-primarvarden\/#breadcrumb"},"inLanguage":"sv-SE","potentialAction":[{"@type":"ReadAction","target":["https:\/\/wp.kristdemokraterna.se\/kalmarlan\/hoj-attraktiviteten-inom-primarvarden\/"]}]},{"@type":"BreadcrumbList","@id":"https:\/\/wp.kristdemokraterna.se\/kalmarlan\/hoj-attraktiviteten-inom-primarvarden\/#breadcrumb","itemListElement":[{"@type":"ListItem","position":1,"name":"Hem","item":"https:\/\/wp.kristdemokraterna.se\/kalmarlan\/"},{"@type":"ListItem","position":2,"name":"H\u00f6j attraktiviteten inom prim\u00e4rv\u00e5rden"}]},{"@type":"WebSite","@id":"https:\/\/wp.kristdemokraterna.se\/kalmarlan\/#website","url":"https:\/\/wp.kristdemokraterna.se\/kalmarlan\/","name":"i Kalmar l\u00e4n","description":"","inLanguage":"sv-SE"},{"@type":"Person","@id":"https:\/\/wp.kristdemokraterna.se\/kalmarlan\/#\/schema\/person\/a1856739934bf9c6a11fb258646ea2a5","name":"kalmarlan","image":{"@type":"ImageObject","inLanguage":"sv-SE","@id":"https:\/\/secure.gravatar.com\/avatar\/ef1f7dcd1b21be34f0f3e58a032955c2de43794b20090a23118cd0e2a8964e6e?s=96&r=g","url":"https:\/\/secure.gravatar.com\/avatar\/ef1f7dcd1b21be34f0f3e58a032955c2de43794b20090a23118cd0e2a8964e6e?s=96&r=g","contentUrl":"https:\/\/secure.gravatar.com\/avatar\/ef1f7dcd1b21be34f0f3e58a032955c2de43794b20090a23118cd0e2a8964e6e?s=96&r=g","caption":"kalmarlan"},"url":"https:\/\/wp.kristdemokraterna.se\/kalmarlan\/author\/kalmarlan\/"}]}},"_links":{"self":[{"href":"https:\/\/wp.kristdemokraterna.se\/kalmarlan\/wp-json\/wp\/v2\/posts\/480","targetHints":{"allow":["GET"]}}],"collection":[{"href":"https:\/\/wp.kristdemokraterna.se\/kalmarlan\/wp-json\/wp\/v2\/posts"}],"about":[{"href":"https:\/\/wp.kristdemokraterna.se\/kalmarlan\/wp-json\/wp\/v2\/types\/post"}],"author":[{"embeddable":true,"href":"https:\/\/wp.kristdemokraterna.se\/kalmarlan\/wp-json\/wp\/v2\/users\/417"}],"replies":[{"embeddable":true,"href":"https:\/\/wp.kristdemokraterna.se\/kalmarlan\/wp-json\/wp\/v2\/comments?post=480"}],"version-history":[{"count":1,"href":"https:\/\/wp.kristdemokraterna.se\/kalmarlan\/wp-json\/wp\/v2\/posts\/480\/revisions"}],"predecessor-version":[{"id":481,"href":"https:\/\/wp.kristdemokraterna.se\/kalmarlan\/wp-json\/wp\/v2\/posts\/480\/revisions\/481"}],"wp:attachment":[{"href":"https:\/\/wp.kristdemokraterna.se\/kalmarlan\/wp-json\/wp\/v2\/media?parent=480"}],"wp:term":[{"taxonomy":"category","embeddable":true,"href":"https:\/\/wp.kristdemokraterna.se\/kalmarlan\/wp-json\/wp\/v2\/categories?post=480"},{"taxonomy":"post_tag","embeddable":true,"href":"https:\/\/wp.kristdemokraterna.se\/kalmarlan\/wp-json\/wp\/v2\/tags?post=480"}],"curies":[{"name":"wp","href":"https:\/\/api.w.org\/{rel}","templated":true}]}}