{"id":483,"date":"2014-12-01T09:18:06","date_gmt":"2014-12-01T08:18:06","guid":{"rendered":"http:\/\/wp.kristdemokraterna.se\/kalmarlan\/?p=483"},"modified":"2014-12-01T09:18:06","modified_gmt":"2014-12-01T08:18:06","slug":"landstingsvalet-for-kd-skiljer-ut-sig-markant-hela-7-7-procent","status":"publish","type":"post","link":"https:\/\/wp.kristdemokraterna.se\/kalmarlan\/landstingsvalet-for-kd-skiljer-ut-sig-markant-hela-7-7-procent\/","title":{"rendered":"Landstingsvalet f\u00f6r KD skiljer ut sig markant \u2013 hela 7,7 procent!"},"content":{"rendered":"<p>Under l\u00f6rdagen h\u00f6ll Kristdemokraterna i Kalmar l\u00e4n h\u00f6stst\u00e4mma.  Det var 55 valda ombud fr\u00e5n l\u00e4net samt ytterligare ett antal deltagare som var samlade i kommunhuset i H\u00f6gsby f\u00f6r att analysera valet och dra upp riktlinjer f\u00f6r den nya mandatperioden.<br \/>\n<a href=\"http:\/\/wp.kristdemokraterna.se\/kalmarlan\/files\/2014\/12\/img_9935.jpg\"><img loading=\"lazy\" decoding=\"async\" src=\"http:\/\/wp.kristdemokraterna.se\/kalmarlan\/files\/2014\/12\/img_9935-300x200.jpg\" alt=\"IMG_9935\" width=\"300\" height=\"200\" class=\"alignleft size-medium wp-image-486\" srcset=\"https:\/\/wp.kristdemokraterna.se\/kalmarlan\/files\/2014\/12\/img_9935-300x200.jpg 300w, https:\/\/wp.kristdemokraterna.se\/kalmarlan\/files\/2014\/12\/img_9935-540x360.jpg 540w, https:\/\/wp.kristdemokraterna.se\/kalmarlan\/files\/2014\/12\/img_9935-519x346.jpg 519w, https:\/\/wp.kristdemokraterna.se\/kalmarlan\/files\/2014\/12\/img_9935-168x112.jpg 168w\" sizes=\"auto, (max-width: 300px) 100vw, 300px\" \/><\/a><br \/>\nInbjuden talare var Aron Modig, G\u00f6teborg, tidigare KDU-ledare och nu ny riksdagsledamot f\u00f6r Kristdemokraterna. I sitt anf\u00f6rande pekade han p\u00e5 styrkor och svagheter i v\u00e5r opinionsbildning och att partiet lyckades bra i EU-valet och beh\u00f6ll st\u00e4llningen i Riksdagen. Men han tvekade inte att s\u00e4tta fingret p\u00e5 det faktum att detta val var \u00e4nnu ett val d\u00e4r partiet f\u00f6rlorade v\u00e4ljare och dessutom f\u00f6rlorade vi tillsammans med Alliansen regeringsst\u00e4llningen. D\u00e4rf\u00f6r m\u00e5ste partiet nu v\u00e5ga analyser och agera p\u00e5 ett s\u00e4tt som g\u00f6r Kristdemokraterna synliga i fr\u00e5gor som finns i den allm\u00e4nna debattens centrum. Valf\u00f6rlusten 2014 kan v\u00e4ndas till en m\u00f6jlighet d\u00e4r vi som parti \u00e4r starkare och tydligare n\u00e4sta g\u00e5ng. Profilering av partiet nu de n\u00e4rmaste \u00e5ren \u00e4r viktigt. Men tydlig samverkan inom Alliansen inf\u00f6r n\u00e4sta val \u00e4r det som ger trov\u00e4rdighet och har stora chanser att ge oss en ny Alliansregering 2018, sa Aron Modig i sitt tal inf\u00f6r h\u00f6stst\u00e4mman.<br \/>\n<div id=\"attachment_484\" style=\"width: 310px\" class=\"wp-caption alignleft\"><a href=\"http:\/\/wp.kristdemokraterna.se\/kalmarlan\/files\/2014\/12\/10687068_10202981277880472_907127275475873471_n.jpg\"><img loading=\"lazy\" decoding=\"async\" aria-describedby=\"caption-attachment-484\" src=\"http:\/\/wp.kristdemokraterna.se\/kalmarlan\/files\/2014\/12\/10687068_10202981277880472_907127275475873471_n-300x227.jpg\" alt=\"Anders Andersson, Gudrun Bruneg\u00e5rd och Aron Modig\" width=\"300\" height=\"227\" class=\"size-medium wp-image-484\" srcset=\"https:\/\/wp.kristdemokraterna.se\/kalmarlan\/files\/2014\/12\/10687068_10202981277880472_907127275475873471_n-300x227.jpg 300w, https:\/\/wp.kristdemokraterna.se\/kalmarlan\/files\/2014\/12\/10687068_10202981277880472_907127275475873471_n-540x409.jpg 540w, https:\/\/wp.kristdemokraterna.se\/kalmarlan\/files\/2014\/12\/10687068_10202981277880472_907127275475873471_n-456x346.jpg 456w, https:\/\/wp.kristdemokraterna.se\/kalmarlan\/files\/2014\/12\/10687068_10202981277880472_907127275475873471_n-147x112.jpg 147w, https:\/\/wp.kristdemokraterna.se\/kalmarlan\/files\/2014\/12\/10687068_10202981277880472_907127275475873471_n.jpg 960w\" sizes=\"auto, (max-width: 300px) 100vw, 300px\" \/><\/a><p id=\"caption-attachment-484\" class=\"wp-caption-text\">Anders Andersson, Gudrun Bruneg\u00e5rd och Aron Modig<\/p><\/div><br \/>\nValresultatet i riksdagsvalet stannade p\u00e5 4,6 % och blev en tiondel mer i v\u00e5rt l\u00e4n. Sett utifr\u00e5n hela opinionsl\u00e4get inf\u00f6r valet d\u00e4r vi hade mycket s\u00e4mre siffor kan man se det som en framg\u00e5ng, men inget vi kan vara n\u00f6jda med, sa distriktsordf\u00f6rande Anders Andersson n\u00e4r han \u00f6ppnade h\u00f6stst\u00e4mman. Samtidigt g\u00e4ller det att inte h\u00e4nga l\u00e4pp och beklaga sig. V\u00e4ljarna har r\u00f6stat och vi finns kvar i Riksdagen med en engagerad och offensiv riksdagsgrupp.<br \/>\nIntressant att notera f\u00f6r Kalmar l\u00e4n \u00e4r hur landstingsvalet skiljer sig markant fr\u00e5n s\u00e5v\u00e4l kommunvalen i l\u00e4net som riksdagsvalet. Hela 7,7 % r\u00f6stade p\u00e5 oss och vi fick 11.968 r\u00f6ster i l\u00e4net. V\u00e5rt starka valresultat i Kalmar l\u00e4n \u00e4r ett kvitto p\u00e5 att v\u00e5rt landstingsr\u00e5d Gudrun Bruneg\u00e5rd och \u00f6vriga landstingskandidater inger f\u00f6rtroende bland breda grupper i v\u00e5rt l\u00e4n, sa Anders Andersson. Resultaten i de olika valkretsarna g\u00e5r fr\u00e5n 5,5 % och upp till hela 14,7 % i andra delar av l\u00e4net.<br \/>\nKommunvalet i l\u00e4net inneh\u00e5ller b\u00e5de gl\u00e4dje och besvikelser, konstaterade distriktsordf\u00f6randen i sin inledning. H\u00f6gsby sticker ut p\u00e5 ett positivt s\u00e4tt. H\u00e4r backade alla \u00f6vriga Allianspartier. Men KD gick mot str\u00f6mmen och \u00f6kade fr\u00e5n 6.2 till 7,7 % vilket \u00e4r ett bra resultat.<br \/>\nF\u00f6rutom H\u00f6gsby \u2013 som kanske liknar Markaryd d\u00e4r KD fick hela 45 % &#8211; s\u00e5 vill jag lyfta fram Kalmar kommun som kan s\u00e4gas likna Stockholm d\u00e4r vi ocks\u00e5 \u00f6kade. P\u00e5 samma s\u00e4tt som vi lyckas vinna nya v\u00e4ljare i en del sm\u00e5kommuner s\u00e5 lyckas vi ocks\u00e5 i storst\u00e4der, sa Anders Andersson. I Kalmar fick vi 50 nya r\u00f6ster och samlade 1.603 v\u00e4ljare i kommunvalet. Bland \u00f6vriga kommuner kan vi se ganska stora variationer.<br \/>\n<div id=\"attachment_485\" style=\"width: 550px\" class=\"wp-caption aligncenter\"><a href=\"http:\/\/wp.kristdemokraterna.se\/kalmarlan\/files\/2014\/12\/img_9894.jpg\"><img loading=\"lazy\" decoding=\"async\" aria-describedby=\"caption-attachment-485\" src=\"http:\/\/wp.kristdemokraterna.se\/kalmarlan\/files\/2014\/12\/img_9894-540x360.jpg\" alt=\"Marita Bj\u00f6rkvall h\u00e4lsade alla v\u00e4lkomna till H\u00f6gsby\" width=\"540\" height=\"360\" class=\"size-large wp-image-485\" srcset=\"https:\/\/wp.kristdemokraterna.se\/kalmarlan\/files\/2014\/12\/img_9894-540x360.jpg 540w, https:\/\/wp.kristdemokraterna.se\/kalmarlan\/files\/2014\/12\/img_9894-300x200.jpg 300w, https:\/\/wp.kristdemokraterna.se\/kalmarlan\/files\/2014\/12\/img_9894-519x346.jpg 519w, https:\/\/wp.kristdemokraterna.se\/kalmarlan\/files\/2014\/12\/img_9894-168x112.jpg 168w\" sizes=\"auto, (max-width: 540px) 100vw, 540px\" \/><\/a><p id=\"caption-attachment-485\" class=\"wp-caption-text\">Marita Bj\u00f6rkvall h\u00e4lsade alla v\u00e4lkomna till H\u00f6gsby<\/p><\/div><br \/>\nUnder st\u00e4mman medverkade Martilda W\u00e4rnlund med uppskattad s\u00e5ng till eget gitarrarangemang. Martia Bj\u00f6rkvall presenterade H\u00f6gsby f\u00f6r deltagarna. Landstingsrapport l\u00e4mnades av Gudrun Bruneg\u00e5rd, ombudsman Madeleine Rosenqvist gav information om kampanjer och aktiviteter i partiet och vice ordf\u00f6randen Jimmy Loord avslutade st\u00e4mma.  <\/p>\n","protected":false},"excerpt":{"rendered":"<p>Under l\u00f6rdagen h\u00f6ll Kristdemokraterna i Kalmar l\u00e4n h\u00f6stst\u00e4mma. Det var 55 valda ombud fr\u00e5n l\u00e4net samt ytterligare ett antal deltagare som var samlade i kommunhuset i H\u00f6gsby f\u00f6r att analysera valet och dra upp riktlinjer f\u00f6r den nya mandatperioden. Inbjuden talare var Aron Modig, G\u00f6teborg, tidigare KDU-ledare och nu ny riksdagsledamot f\u00f6r Kristdemokraterna. I sitt <a class=\"read-more-link\" href=\"https:\/\/wp.kristdemokraterna.se\/kalmarlan\/landstingsvalet-for-kd-skiljer-ut-sig-markant-hela-7-7-procent\/\">Read More<\/a><\/p>\n","protected":false},"author":417,"featured_media":0,"comment_status":"closed","ping_status":"closed","sticky":false,"template":"","format":"standard","meta":{"_acf_changed":false,"footnotes":""},"categories":[1],"tags":[],"class_list":["post-483","post","type-post","status-publish","format-standard","hentry","category-okategoriserade"],"acf":[],"yoast_head":"<!-- This site is optimized with the Yoast SEO plugin v27.4 - https:\/\/yoast.com\/product\/yoast-seo-wordpress\/ -->\n<title>Landstingsvalet f\u00f6r KD skiljer ut sig markant \u2013 hela 7,7 procent! - i Kalmar l\u00e4n<\/title>\n<meta name=\"robots\" content=\"index, follow, max-snippet:-1, max-image-preview:large, max-video-preview:-1\" \/>\n<link rel=\"canonical\" href=\"https:\/\/wp.kristdemokraterna.se\/kalmarlan\/landstingsvalet-for-kd-skiljer-ut-sig-markant-hela-7-7-procent\/\" \/>\n<meta property=\"og:locale\" content=\"sv_SE\" \/>\n<meta property=\"og:type\" content=\"article\" \/>\n<meta property=\"og:title\" content=\"Landstingsvalet f\u00f6r KD skiljer ut sig markant \u2013 hela 7,7 procent! - i Kalmar l\u00e4n\" \/>\n<meta property=\"og:description\" content=\"Under l\u00f6rdagen h\u00f6ll Kristdemokraterna i Kalmar l\u00e4n h\u00f6stst\u00e4mma. Det var 55 valda ombud fr\u00e5n l\u00e4net samt ytterligare ett antal deltagare som var samlade i kommunhuset i H\u00f6gsby f\u00f6r att analysera valet och dra upp riktlinjer f\u00f6r den nya mandatperioden. Inbjuden talare var Aron Modig, G\u00f6teborg, tidigare KDU-ledare och nu ny riksdagsledamot f\u00f6r Kristdemokraterna. I sitt Read More\" \/>\n<meta property=\"og:url\" content=\"https:\/\/wp.kristdemokraterna.se\/kalmarlan\/landstingsvalet-for-kd-skiljer-ut-sig-markant-hela-7-7-procent\/\" \/>\n<meta property=\"og:site_name\" content=\"i Kalmar l\u00e4n\" \/>\n<meta property=\"article:published_time\" content=\"2014-12-01T08:18:06+00:00\" \/>\n<meta property=\"og:image\" content=\"http:\/\/wp.kristdemokraterna.se\/kalmarlan\/files\/2014\/12\/img_9935-300x200.jpg\" \/>\n<meta name=\"author\" content=\"kalmarlan\" \/>\n<meta name=\"twitter:card\" content=\"summary_large_image\" \/>\n<meta name=\"twitter:label1\" content=\"Skriven av\" \/>\n\t<meta name=\"twitter:data1\" content=\"kalmarlan\" \/>\n\t<meta name=\"twitter:label2\" content=\"Ber\u00e4knad l\u00e4stid\" \/>\n\t<meta name=\"twitter:data2\" content=\"3 minuter\" \/>\n<script type=\"application\/ld+json\" class=\"yoast-schema-graph\">{\"@context\":\"https:\\\/\\\/schema.org\",\"@graph\":[{\"@type\":\"Article\",\"@id\":\"https:\\\/\\\/wp.kristdemokraterna.se\\\/kalmarlan\\\/landstingsvalet-for-kd-skiljer-ut-sig-markant-hela-7-7-procent\\\/#article\",\"isPartOf\":{\"@id\":\"https:\\\/\\\/wp.kristdemokraterna.se\\\/kalmarlan\\\/landstingsvalet-for-kd-skiljer-ut-sig-markant-hela-7-7-procent\\\/\"},\"author\":{\"name\":\"kalmarlan\",\"@id\":\"https:\\\/\\\/wp.kristdemokraterna.se\\\/kalmarlan\\\/#\\\/schema\\\/person\\\/a1856739934bf9c6a11fb258646ea2a5\"},\"headline\":\"Landstingsvalet f\u00f6r KD skiljer ut sig markant \u2013 hela 7,7 procent!\",\"datePublished\":\"2014-12-01T08:18:06+00:00\",\"mainEntityOfPage\":{\"@id\":\"https:\\\/\\\/wp.kristdemokraterna.se\\\/kalmarlan\\\/landstingsvalet-for-kd-skiljer-ut-sig-markant-hela-7-7-procent\\\/\"},\"wordCount\":634,\"image\":{\"@id\":\"https:\\\/\\\/wp.kristdemokraterna.se\\\/kalmarlan\\\/landstingsvalet-for-kd-skiljer-ut-sig-markant-hela-7-7-procent\\\/#primaryimage\"},\"thumbnailUrl\":\"http:\\\/\\\/wp.kristdemokraterna.se\\\/kalmarlan\\\/files\\\/2014\\\/12\\\/img_9935-300x200.jpg\",\"inLanguage\":\"sv-SE\"},{\"@type\":\"WebPage\",\"@id\":\"https:\\\/\\\/wp.kristdemokraterna.se\\\/kalmarlan\\\/landstingsvalet-for-kd-skiljer-ut-sig-markant-hela-7-7-procent\\\/\",\"url\":\"https:\\\/\\\/wp.kristdemokraterna.se\\\/kalmarlan\\\/landstingsvalet-for-kd-skiljer-ut-sig-markant-hela-7-7-procent\\\/\",\"name\":\"Landstingsvalet f\u00f6r KD skiljer ut sig markant \u2013 hela 7,7 procent! - i Kalmar l\u00e4n\",\"isPartOf\":{\"@id\":\"https:\\\/\\\/wp.kristdemokraterna.se\\\/kalmarlan\\\/#website\"},\"primaryImageOfPage\":{\"@id\":\"https:\\\/\\\/wp.kristdemokraterna.se\\\/kalmarlan\\\/landstingsvalet-for-kd-skiljer-ut-sig-markant-hela-7-7-procent\\\/#primaryimage\"},\"image\":{\"@id\":\"https:\\\/\\\/wp.kristdemokraterna.se\\\/kalmarlan\\\/landstingsvalet-for-kd-skiljer-ut-sig-markant-hela-7-7-procent\\\/#primaryimage\"},\"thumbnailUrl\":\"http:\\\/\\\/wp.kristdemokraterna.se\\\/kalmarlan\\\/files\\\/2014\\\/12\\\/img_9935-300x200.jpg\",\"datePublished\":\"2014-12-01T08:18:06+00:00\",\"author\":{\"@id\":\"https:\\\/\\\/wp.kristdemokraterna.se\\\/kalmarlan\\\/#\\\/schema\\\/person\\\/a1856739934bf9c6a11fb258646ea2a5\"},\"breadcrumb\":{\"@id\":\"https:\\\/\\\/wp.kristdemokraterna.se\\\/kalmarlan\\\/landstingsvalet-for-kd-skiljer-ut-sig-markant-hela-7-7-procent\\\/#breadcrumb\"},\"inLanguage\":\"sv-SE\",\"potentialAction\":[{\"@type\":\"ReadAction\",\"target\":[\"https:\\\/\\\/wp.kristdemokraterna.se\\\/kalmarlan\\\/landstingsvalet-for-kd-skiljer-ut-sig-markant-hela-7-7-procent\\\/\"]}]},{\"@type\":\"ImageObject\",\"inLanguage\":\"sv-SE\",\"@id\":\"https:\\\/\\\/wp.kristdemokraterna.se\\\/kalmarlan\\\/landstingsvalet-for-kd-skiljer-ut-sig-markant-hela-7-7-procent\\\/#primaryimage\",\"url\":\"https:\\\/\\\/wp.kristdemokraterna.se\\\/kalmarlan\\\/files\\\/2014\\\/12\\\/img_9935.jpg\",\"contentUrl\":\"https:\\\/\\\/wp.kristdemokraterna.se\\\/kalmarlan\\\/files\\\/2014\\\/12\\\/img_9935.jpg\",\"width\":4272,\"height\":2848},{\"@type\":\"BreadcrumbList\",\"@id\":\"https:\\\/\\\/wp.kristdemokraterna.se\\\/kalmarlan\\\/landstingsvalet-for-kd-skiljer-ut-sig-markant-hela-7-7-procent\\\/#breadcrumb\",\"itemListElement\":[{\"@type\":\"ListItem\",\"position\":1,\"name\":\"Hem\",\"item\":\"https:\\\/\\\/wp.kristdemokraterna.se\\\/kalmarlan\\\/\"},{\"@type\":\"ListItem\",\"position\":2,\"name\":\"Landstingsvalet f\u00f6r KD skiljer ut sig markant \u2013 hela 7,7 procent!\"}]},{\"@type\":\"WebSite\",\"@id\":\"https:\\\/\\\/wp.kristdemokraterna.se\\\/kalmarlan\\\/#website\",\"url\":\"https:\\\/\\\/wp.kristdemokraterna.se\\\/kalmarlan\\\/\",\"name\":\"i Kalmar l\u00e4n\",\"description\":\"\",\"inLanguage\":\"sv-SE\"},{\"@type\":\"Person\",\"@id\":\"https:\\\/\\\/wp.kristdemokraterna.se\\\/kalmarlan\\\/#\\\/schema\\\/person\\\/a1856739934bf9c6a11fb258646ea2a5\",\"name\":\"kalmarlan\",\"image\":{\"@type\":\"ImageObject\",\"inLanguage\":\"sv-SE\",\"@id\":\"https:\\\/\\\/secure.gravatar.com\\\/avatar\\\/ef1f7dcd1b21be34f0f3e58a032955c2de43794b20090a23118cd0e2a8964e6e?s=96&r=g\",\"url\":\"https:\\\/\\\/secure.gravatar.com\\\/avatar\\\/ef1f7dcd1b21be34f0f3e58a032955c2de43794b20090a23118cd0e2a8964e6e?s=96&r=g\",\"contentUrl\":\"https:\\\/\\\/secure.gravatar.com\\\/avatar\\\/ef1f7dcd1b21be34f0f3e58a032955c2de43794b20090a23118cd0e2a8964e6e?s=96&r=g\",\"caption\":\"kalmarlan\"},\"url\":\"https:\\\/\\\/wp.kristdemokraterna.se\\\/kalmarlan\\\/author\\\/kalmarlan\\\/\"}]}<\/script>\n<!-- \/ Yoast SEO plugin. -->","yoast_head_json":{"title":"Landstingsvalet f\u00f6r KD skiljer ut sig markant \u2013 hela 7,7 procent! - i Kalmar l\u00e4n","robots":{"index":"index","follow":"follow","max-snippet":"max-snippet:-1","max-image-preview":"max-image-preview:large","max-video-preview":"max-video-preview:-1"},"canonical":"https:\/\/wp.kristdemokraterna.se\/kalmarlan\/landstingsvalet-for-kd-skiljer-ut-sig-markant-hela-7-7-procent\/","og_locale":"sv_SE","og_type":"article","og_title":"Landstingsvalet f\u00f6r KD skiljer ut sig markant \u2013 hela 7,7 procent! - i Kalmar l\u00e4n","og_description":"Under l\u00f6rdagen h\u00f6ll Kristdemokraterna i Kalmar l\u00e4n h\u00f6stst\u00e4mma. Det var 55 valda ombud fr\u00e5n l\u00e4net samt ytterligare ett antal deltagare som var samlade i kommunhuset i H\u00f6gsby f\u00f6r att analysera valet och dra upp riktlinjer f\u00f6r den nya mandatperioden. Inbjuden talare var Aron Modig, G\u00f6teborg, tidigare KDU-ledare och nu ny riksdagsledamot f\u00f6r Kristdemokraterna. I sitt Read More","og_url":"https:\/\/wp.kristdemokraterna.se\/kalmarlan\/landstingsvalet-for-kd-skiljer-ut-sig-markant-hela-7-7-procent\/","og_site_name":"i Kalmar l\u00e4n","article_published_time":"2014-12-01T08:18:06+00:00","og_image":[{"url":"http:\/\/wp.kristdemokraterna.se\/kalmarlan\/files\/2014\/12\/img_9935-300x200.jpg","type":"","width":"","height":""}],"author":"kalmarlan","twitter_card":"summary_large_image","twitter_misc":{"Skriven av":"kalmarlan","Ber\u00e4knad l\u00e4stid":"3 minuter"},"schema":{"@context":"https:\/\/schema.org","@graph":[{"@type":"Article","@id":"https:\/\/wp.kristdemokraterna.se\/kalmarlan\/landstingsvalet-for-kd-skiljer-ut-sig-markant-hela-7-7-procent\/#article","isPartOf":{"@id":"https:\/\/wp.kristdemokraterna.se\/kalmarlan\/landstingsvalet-for-kd-skiljer-ut-sig-markant-hela-7-7-procent\/"},"author":{"name":"kalmarlan","@id":"https:\/\/wp.kristdemokraterna.se\/kalmarlan\/#\/schema\/person\/a1856739934bf9c6a11fb258646ea2a5"},"headline":"Landstingsvalet f\u00f6r KD skiljer ut sig markant \u2013 hela 7,7 procent!","datePublished":"2014-12-01T08:18:06+00:00","mainEntityOfPage":{"@id":"https:\/\/wp.kristdemokraterna.se\/kalmarlan\/landstingsvalet-for-kd-skiljer-ut-sig-markant-hela-7-7-procent\/"},"wordCount":634,"image":{"@id":"https:\/\/wp.kristdemokraterna.se\/kalmarlan\/landstingsvalet-for-kd-skiljer-ut-sig-markant-hela-7-7-procent\/#primaryimage"},"thumbnailUrl":"http:\/\/wp.kristdemokraterna.se\/kalmarlan\/files\/2014\/12\/img_9935-300x200.jpg","inLanguage":"sv-SE"},{"@type":"WebPage","@id":"https:\/\/wp.kristdemokraterna.se\/kalmarlan\/landstingsvalet-for-kd-skiljer-ut-sig-markant-hela-7-7-procent\/","url":"https:\/\/wp.kristdemokraterna.se\/kalmarlan\/landstingsvalet-for-kd-skiljer-ut-sig-markant-hela-7-7-procent\/","name":"Landstingsvalet f\u00f6r KD skiljer ut sig markant \u2013 hela 7,7 procent! - i Kalmar l\u00e4n","isPartOf":{"@id":"https:\/\/wp.kristdemokraterna.se\/kalmarlan\/#website"},"primaryImageOfPage":{"@id":"https:\/\/wp.kristdemokraterna.se\/kalmarlan\/landstingsvalet-for-kd-skiljer-ut-sig-markant-hela-7-7-procent\/#primaryimage"},"image":{"@id":"https:\/\/wp.kristdemokraterna.se\/kalmarlan\/landstingsvalet-for-kd-skiljer-ut-sig-markant-hela-7-7-procent\/#primaryimage"},"thumbnailUrl":"http:\/\/wp.kristdemokraterna.se\/kalmarlan\/files\/2014\/12\/img_9935-300x200.jpg","datePublished":"2014-12-01T08:18:06+00:00","author":{"@id":"https:\/\/wp.kristdemokraterna.se\/kalmarlan\/#\/schema\/person\/a1856739934bf9c6a11fb258646ea2a5"},"breadcrumb":{"@id":"https:\/\/wp.kristdemokraterna.se\/kalmarlan\/landstingsvalet-for-kd-skiljer-ut-sig-markant-hela-7-7-procent\/#breadcrumb"},"inLanguage":"sv-SE","potentialAction":[{"@type":"ReadAction","target":["https:\/\/wp.kristdemokraterna.se\/kalmarlan\/landstingsvalet-for-kd-skiljer-ut-sig-markant-hela-7-7-procent\/"]}]},{"@type":"ImageObject","inLanguage":"sv-SE","@id":"https:\/\/wp.kristdemokraterna.se\/kalmarlan\/landstingsvalet-for-kd-skiljer-ut-sig-markant-hela-7-7-procent\/#primaryimage","url":"https:\/\/wp.kristdemokraterna.se\/kalmarlan\/files\/2014\/12\/img_9935.jpg","contentUrl":"https:\/\/wp.kristdemokraterna.se\/kalmarlan\/files\/2014\/12\/img_9935.jpg","width":4272,"height":2848},{"@type":"BreadcrumbList","@id":"https:\/\/wp.kristdemokraterna.se\/kalmarlan\/landstingsvalet-for-kd-skiljer-ut-sig-markant-hela-7-7-procent\/#breadcrumb","itemListElement":[{"@type":"ListItem","position":1,"name":"Hem","item":"https:\/\/wp.kristdemokraterna.se\/kalmarlan\/"},{"@type":"ListItem","position":2,"name":"Landstingsvalet f\u00f6r KD skiljer ut sig markant \u2013 hela 7,7 procent!"}]},{"@type":"WebSite","@id":"https:\/\/wp.kristdemokraterna.se\/kalmarlan\/#website","url":"https:\/\/wp.kristdemokraterna.se\/kalmarlan\/","name":"i Kalmar l\u00e4n","description":"","inLanguage":"sv-SE"},{"@type":"Person","@id":"https:\/\/wp.kristdemokraterna.se\/kalmarlan\/#\/schema\/person\/a1856739934bf9c6a11fb258646ea2a5","name":"kalmarlan","image":{"@type":"ImageObject","inLanguage":"sv-SE","@id":"https:\/\/secure.gravatar.com\/avatar\/ef1f7dcd1b21be34f0f3e58a032955c2de43794b20090a23118cd0e2a8964e6e?s=96&r=g","url":"https:\/\/secure.gravatar.com\/avatar\/ef1f7dcd1b21be34f0f3e58a032955c2de43794b20090a23118cd0e2a8964e6e?s=96&r=g","contentUrl":"https:\/\/secure.gravatar.com\/avatar\/ef1f7dcd1b21be34f0f3e58a032955c2de43794b20090a23118cd0e2a8964e6e?s=96&r=g","caption":"kalmarlan"},"url":"https:\/\/wp.kristdemokraterna.se\/kalmarlan\/author\/kalmarlan\/"}]}},"_links":{"self":[{"href":"https:\/\/wp.kristdemokraterna.se\/kalmarlan\/wp-json\/wp\/v2\/posts\/483","targetHints":{"allow":["GET"]}}],"collection":[{"href":"https:\/\/wp.kristdemokraterna.se\/kalmarlan\/wp-json\/wp\/v2\/posts"}],"about":[{"href":"https:\/\/wp.kristdemokraterna.se\/kalmarlan\/wp-json\/wp\/v2\/types\/post"}],"author":[{"embeddable":true,"href":"https:\/\/wp.kristdemokraterna.se\/kalmarlan\/wp-json\/wp\/v2\/users\/417"}],"replies":[{"embeddable":true,"href":"https:\/\/wp.kristdemokraterna.se\/kalmarlan\/wp-json\/wp\/v2\/comments?post=483"}],"version-history":[{"count":2,"href":"https:\/\/wp.kristdemokraterna.se\/kalmarlan\/wp-json\/wp\/v2\/posts\/483\/revisions"}],"predecessor-version":[{"id":488,"href":"https:\/\/wp.kristdemokraterna.se\/kalmarlan\/wp-json\/wp\/v2\/posts\/483\/revisions\/488"}],"wp:attachment":[{"href":"https:\/\/wp.kristdemokraterna.se\/kalmarlan\/wp-json\/wp\/v2\/media?parent=483"}],"wp:term":[{"taxonomy":"category","embeddable":true,"href":"https:\/\/wp.kristdemokraterna.se\/kalmarlan\/wp-json\/wp\/v2\/categories?post=483"},{"taxonomy":"post_tag","embeddable":true,"href":"https:\/\/wp.kristdemokraterna.se\/kalmarlan\/wp-json\/wp\/v2\/tags?post=483"}],"curies":[{"name":"wp","href":"https:\/\/api.w.org\/{rel}","templated":true}]}}